{"id":1433,"date":"2025-09-18T01:42:02","date_gmt":"2025-09-18T01:42:02","guid":{"rendered":"https:\/\/turadio.com.co\/?p=1433"},"modified":"2025-09-18T01:42:05","modified_gmt":"2025-09-18T01:42:05","slug":"adulta-mayor-de-62-anos-fue-asesinada-durante-un-presunto-intento-de-atraco-en-monteria","status":"publish","type":"post","link":"https:\/\/turadio.com.co\/?p=1433","title":{"rendered":"*ADULTA MAYOR DE 62 A\u00d1OS FUE ASESINADA DURANTE UN PRESUNTO INTENTO DE ATRACO EN MONTER\u00cdA*"},"content":{"rendered":"\n<p><a><\/a>Una mujer adulta mayor de 62 a\u00f1os, identificada como Elvia Esther Racinis Ramos, fue brutalmente asesinada en el barrio Villa Roc\u00edo, al sur de Monter\u00eda, durante un intento de atraco en su propia vivienda. El tr\u00e1gico suceso ha alarmado a la comunidad del sector.<\/p>\n\n\n\n<p>Seg\u00fan el testimonio de vecinos y testigos presenciales, Racinis Ramos fue interceptada por delincuentes en su domicilio. Al intentar resistirse al robo, fue atacada con un arma blanca por los asaltantes.<\/p>\n\n\n\n<figure class=\"wp-block-embed is-type-video is-provider-youtube wp-block-embed-youtube wp-embed-aspect-16-9 wp-has-aspect-ratio\"><div class=\"wp-block-embed__wrapper\">\n<iframe loading=\"lazy\" title=\"Asesinato adulta mayor en Monter\u00eda\" width=\"640\" height=\"360\" src=\"https:\/\/www.youtube.com\/embed\/PFXrXBhM2i8?feature=oembed\" frameborder=\"0\" allow=\"accelerometer; autoplay; clipboard-write; encrypted-media; gyroscope; picture-in-picture; web-share\" referrerpolicy=\"strict-origin-when-cross-origin\" allowfullscreen><\/iframe>\n<\/div><\/figure>\n\n\n\n<p>La v\u00edctima fue trasladada de urgencia al Hospital San Jer\u00f3nimo de Monter\u00eda. A pesar de los esfuerzos del personal m\u00e9dico por salvarle la vida, las graves heridas sufridas resultaron fatales, confirmaron fuentes judiciales.<\/p>\n\n\n\n<p>Las autoridades han iniciado de inmediato una investigaci\u00f3n para dar con el paradero de los responsables, quienes huyeron del lugar tras cometer el crimen. Este lamentable hecho pone de manifiesto la creciente preocupaci\u00f3n por la seguridad en la capital cordobesa.<\/p>\n","protected":false},"excerpt":{"rendered":"<p>Una mujer adulta mayor de 62 a\u00f1os, identificada como Elvia Esther Racinis Ramos, fue brutalmente asesinada en el barrio Villa Roc\u00edo, al sur de Monter\u00eda, durante un intento de atraco en su propia vivienda. El tr\u00e1gico suceso ha alarmado a la comunidad del sector. Seg\u00fan el testimonio de vecinos y testigos presenciales, Racinis Ramos fue&#8230;<\/p>\n","protected":false},"author":1,"featured_media":1434,"comment_status":"open","ping_status":"open","sticky":false,"template":"","format":"standard","meta":{"footnotes":""},"categories":[12],"tags":[],"class_list":["post-1433","post","type-post","status-publish","format-standard","has-post-thumbnail","hentry","category-judiciales"],"yoast_head":"<!-- This site is optimized with the Yoast SEO plugin v27.5 - https:\/\/yoast.com\/product\/yoast-seo-wordpress\/ -->\n<title>*ADULTA MAYOR DE 62 A\u00d1OS FUE ASESINADA DURANTE UN PRESUNTO INTENTO DE ATRACO EN MONTER\u00cdA* - Tu Radio<\/title>\n<meta name=\"robots\" content=\"index, follow, max-snippet:-1, max-image-preview:large, max-video-preview:-1\" \/>\n<link rel=\"canonical\" href=\"https:\/\/turadio.com.co\/?p=1433\" \/>\n<meta property=\"og:locale\" content=\"es_ES\" \/>\n<meta property=\"og:type\" content=\"article\" \/>\n<meta property=\"og:title\" content=\"*ADULTA MAYOR DE 62 A\u00d1OS FUE ASESINADA DURANTE UN PRESUNTO INTENTO DE ATRACO EN MONTER\u00cdA* - Tu Radio\" \/>\n<meta property=\"og:description\" content=\"Una mujer adulta mayor de 62 a\u00f1os, identificada como Elvia Esther Racinis Ramos, fue brutalmente asesinada en el barrio Villa Roc\u00edo, al sur de Monter\u00eda, durante un intento de atraco en su propia vivienda. El tr\u00e1gico suceso ha alarmado a la comunidad del sector. Seg\u00fan el testimonio de vecinos y testigos presenciales, Racinis Ramos fue...\" \/>\n<meta property=\"og:url\" content=\"https:\/\/turadio.com.co\/?p=1433\" \/>\n<meta property=\"og:site_name\" content=\"Tu Radio\" \/>\n<meta property=\"article:author\" content=\"https:\/\/www.facebook.com\/profile.php?id=100086306444643\" \/>\n<meta property=\"article:published_time\" content=\"2025-09-18T01:42:02+00:00\" \/>\n<meta property=\"article:modified_time\" content=\"2025-09-18T01:42:05+00:00\" \/>\n<meta property=\"og:image\" content=\"https:\/\/turadio.com.co\/wp-content\/uploads\/2025\/09\/548989448_122100337743021965_3381133946784280318_n.jpg\" \/>\n\t<meta property=\"og:image:width\" content=\"1134\" \/>\n\t<meta property=\"og:image:height\" content=\"565\" \/>\n\t<meta property=\"og:image:type\" content=\"image\/jpeg\" \/>\n<meta name=\"author\" content=\"turadio\" \/>\n<meta name=\"twitter:card\" content=\"summary_large_image\" \/>\n<meta name=\"twitter:label1\" content=\"Escrito por\" \/>\n\t<meta name=\"twitter:data1\" content=\"turadio\" \/>\n\t<meta name=\"twitter:label2\" content=\"Tiempo de lectura\" \/>\n\t<meta name=\"twitter:data2\" content=\"1 minuto\" \/>\n<script type=\"application\/ld+json\" class=\"yoast-schema-graph\">{\"@context\":\"https:\\\/\\\/schema.org\",\"@graph\":[{\"@type\":\"Article\",\"@id\":\"https:\\\/\\\/turadio.com.co\\\/?p=1433#article\",\"isPartOf\":{\"@id\":\"https:\\\/\\\/turadio.com.co\\\/?p=1433\"},\"author\":{\"name\":\"turadio\",\"@id\":\"https:\\\/\\\/turadio.com.co\\\/#\\\/schema\\\/person\\\/a336ad8dcc0120ef37278ad35b4f64fe\"},\"headline\":\"*ADULTA MAYOR DE 62 A\u00d1OS FUE ASESINADA DURANTE UN PRESUNTO INTENTO DE ATRACO EN MONTER\u00cdA*\",\"datePublished\":\"2025-09-18T01:42:02+00:00\",\"dateModified\":\"2025-09-18T01:42:05+00:00\",\"mainEntityOfPage\":{\"@id\":\"https:\\\/\\\/turadio.com.co\\\/?p=1433\"},\"wordCount\":179,\"commentCount\":0,\"publisher\":{\"@id\":\"https:\\\/\\\/turadio.com.co\\\/#organization\"},\"image\":{\"@id\":\"https:\\\/\\\/turadio.com.co\\\/?p=1433#primaryimage\"},\"thumbnailUrl\":\"https:\\\/\\\/turadio.com.co\\\/wp-content\\\/uploads\\\/2025\\\/09\\\/548989448_122100337743021965_3381133946784280318_n.jpg\",\"articleSection\":[\"Judiciales\"],\"inLanguage\":\"es\",\"potentialAction\":[{\"@type\":\"CommentAction\",\"name\":\"Comment\",\"target\":[\"https:\\\/\\\/turadio.com.co\\\/?p=1433#respond\"]}]},{\"@type\":\"WebPage\",\"@id\":\"https:\\\/\\\/turadio.com.co\\\/?p=1433\",\"url\":\"https:\\\/\\\/turadio.com.co\\\/?p=1433\",\"name\":\"*ADULTA MAYOR DE 62 A\u00d1OS FUE ASESINADA DURANTE UN PRESUNTO INTENTO DE ATRACO EN MONTER\u00cdA* - Tu Radio\",\"isPartOf\":{\"@id\":\"https:\\\/\\\/turadio.com.co\\\/#website\"},\"primaryImageOfPage\":{\"@id\":\"https:\\\/\\\/turadio.com.co\\\/?p=1433#primaryimage\"},\"image\":{\"@id\":\"https:\\\/\\\/turadio.com.co\\\/?p=1433#primaryimage\"},\"thumbnailUrl\":\"https:\\\/\\\/turadio.com.co\\\/wp-content\\\/uploads\\\/2025\\\/09\\\/548989448_122100337743021965_3381133946784280318_n.jpg\",\"datePublished\":\"2025-09-18T01:42:02+00:00\",\"dateModified\":\"2025-09-18T01:42:05+00:00\",\"breadcrumb\":{\"@id\":\"https:\\\/\\\/turadio.com.co\\\/?p=1433#breadcrumb\"},\"inLanguage\":\"es\",\"potentialAction\":[{\"@type\":\"ReadAction\",\"target\":[\"https:\\\/\\\/turadio.com.co\\\/?p=1433\"]}]},{\"@type\":\"ImageObject\",\"inLanguage\":\"es\",\"@id\":\"https:\\\/\\\/turadio.com.co\\\/?p=1433#primaryimage\",\"url\":\"https:\\\/\\\/turadio.com.co\\\/wp-content\\\/uploads\\\/2025\\\/09\\\/548989448_122100337743021965_3381133946784280318_n.jpg\",\"contentUrl\":\"https:\\\/\\\/turadio.com.co\\\/wp-content\\\/uploads\\\/2025\\\/09\\\/548989448_122100337743021965_3381133946784280318_n.jpg\",\"width\":1134,\"height\":565},{\"@type\":\"BreadcrumbList\",\"@id\":\"https:\\\/\\\/turadio.com.co\\\/?p=1433#breadcrumb\",\"itemListElement\":[{\"@type\":\"ListItem\",\"position\":1,\"name\":\"Portada\",\"item\":\"https:\\\/\\\/turadio.com.co\\\/\"},{\"@type\":\"ListItem\",\"position\":2,\"name\":\"*ADULTA MAYOR DE 62 A\u00d1OS FUE ASESINADA DURANTE UN PRESUNTO INTENTO DE ATRACO EN MONTER\u00cdA*\"}]},{\"@type\":\"WebSite\",\"@id\":\"https:\\\/\\\/turadio.com.co\\\/#website\",\"url\":\"https:\\\/\\\/turadio.com.co\\\/\",\"name\":\"Tu Radio\",\"description\":\"\",\"publisher\":{\"@id\":\"https:\\\/\\\/turadio.com.co\\\/#organization\"},\"potentialAction\":[{\"@type\":\"SearchAction\",\"target\":{\"@type\":\"EntryPoint\",\"urlTemplate\":\"https:\\\/\\\/turadio.com.co\\\/?s={search_term_string}\"},\"query-input\":{\"@type\":\"PropertyValueSpecification\",\"valueRequired\":true,\"valueName\":\"search_term_string\"}}],\"inLanguage\":\"es\"},{\"@type\":\"Organization\",\"@id\":\"https:\\\/\\\/turadio.com.co\\\/#organization\",\"name\":\"Tu Radio\",\"url\":\"https:\\\/\\\/turadio.com.co\\\/\",\"logo\":{\"@type\":\"ImageObject\",\"inLanguage\":\"es\",\"@id\":\"https:\\\/\\\/turadio.com.co\\\/#\\\/schema\\\/logo\\\/image\\\/\",\"url\":\"https:\\\/\\\/turadio.com.co\\\/wp-content\\\/uploads\\\/2025\\\/07\\\/logo.png\",\"contentUrl\":\"https:\\\/\\\/turadio.com.co\\\/wp-content\\\/uploads\\\/2025\\\/07\\\/logo.png\",\"width\":366,\"height\":91,\"caption\":\"Tu Radio\"},\"image\":{\"@id\":\"https:\\\/\\\/turadio.com.co\\\/#\\\/schema\\\/logo\\\/image\\\/\"}},{\"@type\":\"Person\",\"@id\":\"https:\\\/\\\/turadio.com.co\\\/#\\\/schema\\\/person\\\/a336ad8dcc0120ef37278ad35b4f64fe\",\"name\":\"turadio\",\"image\":{\"@type\":\"ImageObject\",\"inLanguage\":\"es\",\"@id\":\"https:\\\/\\\/secure.gravatar.com\\\/avatar\\\/e905fb228be0ae401b494278f04ccb4a7d2e839822ca560083e0b3a15f6c8669?s=96&d=mm&r=g\",\"url\":\"https:\\\/\\\/secure.gravatar.com\\\/avatar\\\/e905fb228be0ae401b494278f04ccb4a7d2e839822ca560083e0b3a15f6c8669?s=96&d=mm&r=g\",\"contentUrl\":\"https:\\\/\\\/secure.gravatar.com\\\/avatar\\\/e905fb228be0ae401b494278f04ccb4a7d2e839822ca560083e0b3a15f6c8669?s=96&d=mm&r=g\",\"caption\":\"turadio\"},\"sameAs\":[\"https:\\\/\\\/turadio.com.co\",\"https:\\\/\\\/www.facebook.com\\\/profile.php?id=100086306444643\",\"https:\\\/\\\/www.instagram.com\\\/turadio23\\\/\",\"https:\\\/\\\/www.youtube.com\\\/@TuRadiomonteria\"],\"url\":\"https:\\\/\\\/turadio.com.co\\\/?author=1\"}]}<\/script>\n<!-- \/ Yoast SEO plugin. -->","yoast_head_json":{"title":"*ADULTA MAYOR DE 62 A\u00d1OS FUE ASESINADA DURANTE UN PRESUNTO INTENTO DE ATRACO EN MONTER\u00cdA* - Tu Radio","robots":{"index":"index","follow":"follow","max-snippet":"max-snippet:-1","max-image-preview":"max-image-preview:large","max-video-preview":"max-video-preview:-1"},"canonical":"https:\/\/turadio.com.co\/?p=1433","og_locale":"es_ES","og_type":"article","og_title":"*ADULTA MAYOR DE 62 A\u00d1OS FUE ASESINADA DURANTE UN PRESUNTO INTENTO DE ATRACO EN MONTER\u00cdA* - Tu Radio","og_description":"Una mujer adulta mayor de 62 a\u00f1os, identificada como Elvia Esther Racinis Ramos, fue brutalmente asesinada en el barrio Villa Roc\u00edo, al sur de Monter\u00eda, durante un intento de atraco en su propia vivienda. El tr\u00e1gico suceso ha alarmado a la comunidad del sector. Seg\u00fan el testimonio de vecinos y testigos presenciales, Racinis Ramos fue...","og_url":"https:\/\/turadio.com.co\/?p=1433","og_site_name":"Tu Radio","article_author":"https:\/\/www.facebook.com\/profile.php?id=100086306444643","article_published_time":"2025-09-18T01:42:02+00:00","article_modified_time":"2025-09-18T01:42:05+00:00","og_image":[{"width":1134,"height":565,"url":"https:\/\/turadio.com.co\/wp-content\/uploads\/2025\/09\/548989448_122100337743021965_3381133946784280318_n.jpg","type":"image\/jpeg"}],"author":"turadio","twitter_card":"summary_large_image","twitter_misc":{"Escrito por":"turadio","Tiempo de lectura":"1 minuto"},"schema":{"@context":"https:\/\/schema.org","@graph":[{"@type":"Article","@id":"https:\/\/turadio.com.co\/?p=1433#article","isPartOf":{"@id":"https:\/\/turadio.com.co\/?p=1433"},"author":{"name":"turadio","@id":"https:\/\/turadio.com.co\/#\/schema\/person\/a336ad8dcc0120ef37278ad35b4f64fe"},"headline":"*ADULTA MAYOR DE 62 A\u00d1OS FUE ASESINADA DURANTE UN PRESUNTO INTENTO DE ATRACO EN MONTER\u00cdA*","datePublished":"2025-09-18T01:42:02+00:00","dateModified":"2025-09-18T01:42:05+00:00","mainEntityOfPage":{"@id":"https:\/\/turadio.com.co\/?p=1433"},"wordCount":179,"commentCount":0,"publisher":{"@id":"https:\/\/turadio.com.co\/#organization"},"image":{"@id":"https:\/\/turadio.com.co\/?p=1433#primaryimage"},"thumbnailUrl":"https:\/\/turadio.com.co\/wp-content\/uploads\/2025\/09\/548989448_122100337743021965_3381133946784280318_n.jpg","articleSection":["Judiciales"],"inLanguage":"es","potentialAction":[{"@type":"CommentAction","name":"Comment","target":["https:\/\/turadio.com.co\/?p=1433#respond"]}]},{"@type":"WebPage","@id":"https:\/\/turadio.com.co\/?p=1433","url":"https:\/\/turadio.com.co\/?p=1433","name":"*ADULTA MAYOR DE 62 A\u00d1OS FUE ASESINADA DURANTE UN PRESUNTO INTENTO DE ATRACO EN MONTER\u00cdA* - Tu Radio","isPartOf":{"@id":"https:\/\/turadio.com.co\/#website"},"primaryImageOfPage":{"@id":"https:\/\/turadio.com.co\/?p=1433#primaryimage"},"image":{"@id":"https:\/\/turadio.com.co\/?p=1433#primaryimage"},"thumbnailUrl":"https:\/\/turadio.com.co\/wp-content\/uploads\/2025\/09\/548989448_122100337743021965_3381133946784280318_n.jpg","datePublished":"2025-09-18T01:42:02+00:00","dateModified":"2025-09-18T01:42:05+00:00","breadcrumb":{"@id":"https:\/\/turadio.com.co\/?p=1433#breadcrumb"},"inLanguage":"es","potentialAction":[{"@type":"ReadAction","target":["https:\/\/turadio.com.co\/?p=1433"]}]},{"@type":"ImageObject","inLanguage":"es","@id":"https:\/\/turadio.com.co\/?p=1433#primaryimage","url":"https:\/\/turadio.com.co\/wp-content\/uploads\/2025\/09\/548989448_122100337743021965_3381133946784280318_n.jpg","contentUrl":"https:\/\/turadio.com.co\/wp-content\/uploads\/2025\/09\/548989448_122100337743021965_3381133946784280318_n.jpg","width":1134,"height":565},{"@type":"BreadcrumbList","@id":"https:\/\/turadio.com.co\/?p=1433#breadcrumb","itemListElement":[{"@type":"ListItem","position":1,"name":"Portada","item":"https:\/\/turadio.com.co\/"},{"@type":"ListItem","position":2,"name":"*ADULTA MAYOR DE 62 A\u00d1OS FUE ASESINADA DURANTE UN PRESUNTO INTENTO DE ATRACO EN MONTER\u00cdA*"}]},{"@type":"WebSite","@id":"https:\/\/turadio.com.co\/#website","url":"https:\/\/turadio.com.co\/","name":"Tu Radio","description":"","publisher":{"@id":"https:\/\/turadio.com.co\/#organization"},"potentialAction":[{"@type":"SearchAction","target":{"@type":"EntryPoint","urlTemplate":"https:\/\/turadio.com.co\/?s={search_term_string}"},"query-input":{"@type":"PropertyValueSpecification","valueRequired":true,"valueName":"search_term_string"}}],"inLanguage":"es"},{"@type":"Organization","@id":"https:\/\/turadio.com.co\/#organization","name":"Tu Radio","url":"https:\/\/turadio.com.co\/","logo":{"@type":"ImageObject","inLanguage":"es","@id":"https:\/\/turadio.com.co\/#\/schema\/logo\/image\/","url":"https:\/\/turadio.com.co\/wp-content\/uploads\/2025\/07\/logo.png","contentUrl":"https:\/\/turadio.com.co\/wp-content\/uploads\/2025\/07\/logo.png","width":366,"height":91,"caption":"Tu Radio"},"image":{"@id":"https:\/\/turadio.com.co\/#\/schema\/logo\/image\/"}},{"@type":"Person","@id":"https:\/\/turadio.com.co\/#\/schema\/person\/a336ad8dcc0120ef37278ad35b4f64fe","name":"turadio","image":{"@type":"ImageObject","inLanguage":"es","@id":"https:\/\/secure.gravatar.com\/avatar\/e905fb228be0ae401b494278f04ccb4a7d2e839822ca560083e0b3a15f6c8669?s=96&d=mm&r=g","url":"https:\/\/secure.gravatar.com\/avatar\/e905fb228be0ae401b494278f04ccb4a7d2e839822ca560083e0b3a15f6c8669?s=96&d=mm&r=g","contentUrl":"https:\/\/secure.gravatar.com\/avatar\/e905fb228be0ae401b494278f04ccb4a7d2e839822ca560083e0b3a15f6c8669?s=96&d=mm&r=g","caption":"turadio"},"sameAs":["https:\/\/turadio.com.co","https:\/\/www.facebook.com\/profile.php?id=100086306444643","https:\/\/www.instagram.com\/turadio23\/","https:\/\/www.youtube.com\/@TuRadiomonteria"],"url":"https:\/\/turadio.com.co\/?author=1"}]}},"_links":{"self":[{"href":"https:\/\/turadio.com.co\/index.php?rest_route=\/wp\/v2\/posts\/1433","targetHints":{"allow":["GET"]}}],"collection":[{"href":"https:\/\/turadio.com.co\/index.php?rest_route=\/wp\/v2\/posts"}],"about":[{"href":"https:\/\/turadio.com.co\/index.php?rest_route=\/wp\/v2\/types\/post"}],"author":[{"embeddable":true,"href":"https:\/\/turadio.com.co\/index.php?rest_route=\/wp\/v2\/users\/1"}],"replies":[{"embeddable":true,"href":"https:\/\/turadio.com.co\/index.php?rest_route=%2Fwp%2Fv2%2Fcomments&post=1433"}],"version-history":[{"count":1,"href":"https:\/\/turadio.com.co\/index.php?rest_route=\/wp\/v2\/posts\/1433\/revisions"}],"predecessor-version":[{"id":1435,"href":"https:\/\/turadio.com.co\/index.php?rest_route=\/wp\/v2\/posts\/1433\/revisions\/1435"}],"wp:featuredmedia":[{"embeddable":true,"href":"https:\/\/turadio.com.co\/index.php?rest_route=\/wp\/v2\/media\/1434"}],"wp:attachment":[{"href":"https:\/\/turadio.com.co\/index.php?rest_route=%2Fwp%2Fv2%2Fmedia&parent=1433"}],"wp:term":[{"taxonomy":"category","embeddable":true,"href":"https:\/\/turadio.com.co\/index.php?rest_route=%2Fwp%2Fv2%2Fcategories&post=1433"},{"taxonomy":"post_tag","embeddable":true,"href":"https:\/\/turadio.com.co\/index.php?rest_route=%2Fwp%2Fv2%2Ftags&post=1433"}],"curies":[{"name":"wp","href":"https:\/\/api.w.org\/{rel}","templated":true}]}}