{"id":1436,"date":"2025-09-18T02:01:49","date_gmt":"2025-09-18T02:01:49","guid":{"rendered":"https:\/\/turadio.com.co\/?p=1436"},"modified":"2025-09-18T02:01:53","modified_gmt":"2025-09-18T02:01:53","slug":"ballesteros-sigue-firme-su-camino-con-unidad-hacia-la-consulta-con-la-mira-puesta-en-representar-al-pueblo-en-la-camara-de-representantes","status":"publish","type":"post","link":"https:\/\/turadio.com.co\/?p=1436","title":{"rendered":"*BALLESTEROS SIGUE FIRME SU CAMINO CON UNIDAD HACIA LA CONSULTA, CON LA MIRA PUESTA EN REPRESENTAR AL PUEBLO EN LA C\u00c1MARA DE REPRESENTANTES*"},"content":{"rendered":"\n<p><a><\/a>El precandidato a la C\u00e1mara de Representantes, Luis Fernando Ballesteros, se dirigi\u00f3 a la opini\u00f3n p\u00fablica para aclarar su situaci\u00f3n respecto a su alistamiento en la consulta programada para octubre. En un mensaje directo a sus seguidores en C\u00f3rdoba, Ballesteros desminti\u00f3 rumores circulantes sobre su exclusi\u00f3n del Pacto Hist\u00f3rico, atribuidos a un problema en su inscripci\u00f3n.<\/p>\n\n\n\n<p>\u00abQuiero hablarles con total claridad. En los \u00faltimos d\u00edas circul\u00f3 un video donde se afirmaba que qued\u00e9 por fuera del Pacto Hist\u00f3rico por un problema en la inscripci\u00f3n. Eso es falso\u00bb, afirm\u00f3.<\/p>\n\n\n\n<p>El precandidato explic\u00f3 que hubo un requerimiento t\u00e9cnico que ya ha sido subsanado dentro de los plazos legales, reafirmando que su candidatura se mantiene firme y leg\u00edtima gracias al respaldo de la comunidad.<\/p>\n\n\n\n<figure class=\"wp-block-embed is-type-video is-provider-youtube wp-block-embed-youtube wp-embed-aspect-9-16 wp-has-aspect-ratio\"><div class=\"wp-block-embed__wrapper\">\n<iframe loading=\"lazy\" title=\"Ballesteros sigue Firme.\" width=\"540\" height=\"960\" src=\"https:\/\/www.youtube.com\/embed\/aZxYwz2CUb4?feature=oembed\" frameborder=\"0\" allow=\"accelerometer; autoplay; clipboard-write; encrypted-media; gyroscope; picture-in-picture; web-share\" referrerpolicy=\"strict-origin-when-cross-origin\" allowfullscreen><\/iframe>\n<\/div><\/figure>\n\n\n\n<p>\u00abEsta campa\u00f1a no se detiene. Estamos aqu\u00ed para representar la voz de las comunidades, de los barrios, de los vecinos y de quienes siempre han sido olvidados\u00bb, agreg\u00f3 Ballesteros, subrayando la importancia de su proyecto pol\u00edtico.<\/p>\n\n\n\n<p>Con un mensaje de gratitud hacia sus seguidores, concluy\u00f3: \u00abSeguimos adelante con m\u00e1s fuerza que nunca, porque este proyecto pol\u00edtico no lo define nadie m\u00e1s que ustedes: la gente es la que manda y la que decide. Un abrazo fraterno. Nos vemos en cada municipio, en cada vereda, caminando juntos hacia la victoria.\u00bb<\/p>\n","protected":false},"excerpt":{"rendered":"<p>El precandidato a la C\u00e1mara de Representantes, Luis Fernando Ballesteros, se dirigi\u00f3 a la opini\u00f3n p\u00fablica para aclarar su situaci\u00f3n respecto a su alistamiento en la consulta programada para octubre. En un mensaje directo a sus seguidores en C\u00f3rdoba, Ballesteros desminti\u00f3 rumores circulantes sobre su exclusi\u00f3n del Pacto Hist\u00f3rico, atribuidos a un problema en su&#8230;<\/p>\n","protected":false},"author":1,"featured_media":1437,"comment_status":"open","ping_status":"open","sticky":false,"template":"","format":"standard","meta":{"footnotes":""},"categories":[13],"tags":[],"class_list":["post-1436","post","type-post","status-publish","format-standard","has-post-thumbnail","hentry","category-cordoba"],"yoast_head":"<!-- This site is optimized with the Yoast SEO plugin v27.5 - https:\/\/yoast.com\/product\/yoast-seo-wordpress\/ -->\n<title>*BALLESTEROS SIGUE FIRME SU CAMINO CON UNIDAD HACIA LA CONSULTA, CON LA MIRA PUESTA EN REPRESENTAR AL PUEBLO EN LA C\u00c1MARA DE REPRESENTANTES* - Tu Radio<\/title>\n<meta name=\"robots\" content=\"index, follow, max-snippet:-1, max-image-preview:large, max-video-preview:-1\" \/>\n<link rel=\"canonical\" href=\"https:\/\/turadio.com.co\/?p=1436\" \/>\n<meta property=\"og:locale\" content=\"es_ES\" \/>\n<meta property=\"og:type\" content=\"article\" \/>\n<meta property=\"og:title\" content=\"*BALLESTEROS SIGUE FIRME SU CAMINO CON UNIDAD HACIA LA CONSULTA, CON LA MIRA PUESTA EN REPRESENTAR AL PUEBLO EN LA C\u00c1MARA DE REPRESENTANTES* - Tu Radio\" \/>\n<meta property=\"og:description\" content=\"El precandidato a la C\u00e1mara de Representantes, Luis Fernando Ballesteros, se dirigi\u00f3 a la opini\u00f3n p\u00fablica para aclarar su situaci\u00f3n respecto a su alistamiento en la consulta programada para octubre. En un mensaje directo a sus seguidores en C\u00f3rdoba, Ballesteros desminti\u00f3 rumores circulantes sobre su exclusi\u00f3n del Pacto Hist\u00f3rico, atribuidos a un problema en su...\" \/>\n<meta property=\"og:url\" content=\"https:\/\/turadio.com.co\/?p=1436\" \/>\n<meta property=\"og:site_name\" content=\"Tu Radio\" \/>\n<meta property=\"article:author\" content=\"https:\/\/www.facebook.com\/profile.php?id=100086306444643\" \/>\n<meta property=\"article:published_time\" content=\"2025-09-18T02:01:49+00:00\" \/>\n<meta property=\"article:modified_time\" content=\"2025-09-18T02:01:53+00:00\" \/>\n<meta property=\"og:image\" content=\"https:\/\/turadio.com.co\/wp-content\/uploads\/2025\/09\/545846576_122223774242138172_1669002708392585759_n.jpg\" \/>\n\t<meta property=\"og:image:width\" content=\"1046\" \/>\n\t<meta property=\"og:image:height\" content=\"633\" \/>\n\t<meta property=\"og:image:type\" content=\"image\/jpeg\" \/>\n<meta name=\"author\" content=\"turadio\" \/>\n<meta name=\"twitter:card\" content=\"summary_large_image\" \/>\n<meta name=\"twitter:label1\" content=\"Escrito por\" \/>\n\t<meta name=\"twitter:data1\" content=\"turadio\" \/>\n\t<meta name=\"twitter:label2\" content=\"Tiempo de lectura\" \/>\n\t<meta name=\"twitter:data2\" content=\"2 minutos\" \/>\n<script type=\"application\/ld+json\" class=\"yoast-schema-graph\">{\"@context\":\"https:\\\/\\\/schema.org\",\"@graph\":[{\"@type\":\"Article\",\"@id\":\"https:\\\/\\\/turadio.com.co\\\/?p=1436#article\",\"isPartOf\":{\"@id\":\"https:\\\/\\\/turadio.com.co\\\/?p=1436\"},\"author\":{\"name\":\"turadio\",\"@id\":\"https:\\\/\\\/turadio.com.co\\\/#\\\/schema\\\/person\\\/a336ad8dcc0120ef37278ad35b4f64fe\"},\"headline\":\"*BALLESTEROS SIGUE FIRME SU CAMINO CON UNIDAD HACIA LA CONSULTA, CON LA MIRA PUESTA EN REPRESENTAR AL PUEBLO EN LA C\u00c1MARA DE REPRESENTANTES*\",\"datePublished\":\"2025-09-18T02:01:49+00:00\",\"dateModified\":\"2025-09-18T02:01:53+00:00\",\"mainEntityOfPage\":{\"@id\":\"https:\\\/\\\/turadio.com.co\\\/?p=1436\"},\"wordCount\":260,\"commentCount\":0,\"publisher\":{\"@id\":\"https:\\\/\\\/turadio.com.co\\\/#organization\"},\"image\":{\"@id\":\"https:\\\/\\\/turadio.com.co\\\/?p=1436#primaryimage\"},\"thumbnailUrl\":\"https:\\\/\\\/turadio.com.co\\\/wp-content\\\/uploads\\\/2025\\\/09\\\/545846576_122223774242138172_1669002708392585759_n.jpg\",\"articleSection\":[\"C\u00f3rdoba\"],\"inLanguage\":\"es\",\"potentialAction\":[{\"@type\":\"CommentAction\",\"name\":\"Comment\",\"target\":[\"https:\\\/\\\/turadio.com.co\\\/?p=1436#respond\"]}]},{\"@type\":\"WebPage\",\"@id\":\"https:\\\/\\\/turadio.com.co\\\/?p=1436\",\"url\":\"https:\\\/\\\/turadio.com.co\\\/?p=1436\",\"name\":\"*BALLESTEROS SIGUE FIRME SU CAMINO CON UNIDAD HACIA LA CONSULTA, CON LA MIRA PUESTA EN REPRESENTAR AL PUEBLO EN LA C\u00c1MARA DE REPRESENTANTES* - Tu Radio\",\"isPartOf\":{\"@id\":\"https:\\\/\\\/turadio.com.co\\\/#website\"},\"primaryImageOfPage\":{\"@id\":\"https:\\\/\\\/turadio.com.co\\\/?p=1436#primaryimage\"},\"image\":{\"@id\":\"https:\\\/\\\/turadio.com.co\\\/?p=1436#primaryimage\"},\"thumbnailUrl\":\"https:\\\/\\\/turadio.com.co\\\/wp-content\\\/uploads\\\/2025\\\/09\\\/545846576_122223774242138172_1669002708392585759_n.jpg\",\"datePublished\":\"2025-09-18T02:01:49+00:00\",\"dateModified\":\"2025-09-18T02:01:53+00:00\",\"breadcrumb\":{\"@id\":\"https:\\\/\\\/turadio.com.co\\\/?p=1436#breadcrumb\"},\"inLanguage\":\"es\",\"potentialAction\":[{\"@type\":\"ReadAction\",\"target\":[\"https:\\\/\\\/turadio.com.co\\\/?p=1436\"]}]},{\"@type\":\"ImageObject\",\"inLanguage\":\"es\",\"@id\":\"https:\\\/\\\/turadio.com.co\\\/?p=1436#primaryimage\",\"url\":\"https:\\\/\\\/turadio.com.co\\\/wp-content\\\/uploads\\\/2025\\\/09\\\/545846576_122223774242138172_1669002708392585759_n.jpg\",\"contentUrl\":\"https:\\\/\\\/turadio.com.co\\\/wp-content\\\/uploads\\\/2025\\\/09\\\/545846576_122223774242138172_1669002708392585759_n.jpg\",\"width\":1046,\"height\":633},{\"@type\":\"BreadcrumbList\",\"@id\":\"https:\\\/\\\/turadio.com.co\\\/?p=1436#breadcrumb\",\"itemListElement\":[{\"@type\":\"ListItem\",\"position\":1,\"name\":\"Portada\",\"item\":\"https:\\\/\\\/turadio.com.co\\\/\"},{\"@type\":\"ListItem\",\"position\":2,\"name\":\"*BALLESTEROS SIGUE FIRME SU CAMINO CON UNIDAD HACIA LA CONSULTA, CON LA MIRA PUESTA EN REPRESENTAR AL PUEBLO EN LA C\u00c1MARA DE REPRESENTANTES*\"}]},{\"@type\":\"WebSite\",\"@id\":\"https:\\\/\\\/turadio.com.co\\\/#website\",\"url\":\"https:\\\/\\\/turadio.com.co\\\/\",\"name\":\"Tu Radio\",\"description\":\"\",\"publisher\":{\"@id\":\"https:\\\/\\\/turadio.com.co\\\/#organization\"},\"potentialAction\":[{\"@type\":\"SearchAction\",\"target\":{\"@type\":\"EntryPoint\",\"urlTemplate\":\"https:\\\/\\\/turadio.com.co\\\/?s={search_term_string}\"},\"query-input\":{\"@type\":\"PropertyValueSpecification\",\"valueRequired\":true,\"valueName\":\"search_term_string\"}}],\"inLanguage\":\"es\"},{\"@type\":\"Organization\",\"@id\":\"https:\\\/\\\/turadio.com.co\\\/#organization\",\"name\":\"Tu Radio\",\"url\":\"https:\\\/\\\/turadio.com.co\\\/\",\"logo\":{\"@type\":\"ImageObject\",\"inLanguage\":\"es\",\"@id\":\"https:\\\/\\\/turadio.com.co\\\/#\\\/schema\\\/logo\\\/image\\\/\",\"url\":\"https:\\\/\\\/turadio.com.co\\\/wp-content\\\/uploads\\\/2025\\\/07\\\/logo.png\",\"contentUrl\":\"https:\\\/\\\/turadio.com.co\\\/wp-content\\\/uploads\\\/2025\\\/07\\\/logo.png\",\"width\":366,\"height\":91,\"caption\":\"Tu Radio\"},\"image\":{\"@id\":\"https:\\\/\\\/turadio.com.co\\\/#\\\/schema\\\/logo\\\/image\\\/\"}},{\"@type\":\"Person\",\"@id\":\"https:\\\/\\\/turadio.com.co\\\/#\\\/schema\\\/person\\\/a336ad8dcc0120ef37278ad35b4f64fe\",\"name\":\"turadio\",\"image\":{\"@type\":\"ImageObject\",\"inLanguage\":\"es\",\"@id\":\"https:\\\/\\\/secure.gravatar.com\\\/avatar\\\/e905fb228be0ae401b494278f04ccb4a7d2e839822ca560083e0b3a15f6c8669?s=96&d=mm&r=g\",\"url\":\"https:\\\/\\\/secure.gravatar.com\\\/avatar\\\/e905fb228be0ae401b494278f04ccb4a7d2e839822ca560083e0b3a15f6c8669?s=96&d=mm&r=g\",\"contentUrl\":\"https:\\\/\\\/secure.gravatar.com\\\/avatar\\\/e905fb228be0ae401b494278f04ccb4a7d2e839822ca560083e0b3a15f6c8669?s=96&d=mm&r=g\",\"caption\":\"turadio\"},\"sameAs\":[\"https:\\\/\\\/turadio.com.co\",\"https:\\\/\\\/www.facebook.com\\\/profile.php?id=100086306444643\",\"https:\\\/\\\/www.instagram.com\\\/turadio23\\\/\",\"https:\\\/\\\/www.youtube.com\\\/@TuRadiomonteria\"],\"url\":\"https:\\\/\\\/turadio.com.co\\\/?author=1\"}]}<\/script>\n<!-- \/ Yoast SEO plugin. -->","yoast_head_json":{"title":"*BALLESTEROS SIGUE FIRME SU CAMINO CON UNIDAD HACIA LA CONSULTA, CON LA MIRA PUESTA EN REPRESENTAR AL PUEBLO EN LA C\u00c1MARA DE REPRESENTANTES* - Tu Radio","robots":{"index":"index","follow":"follow","max-snippet":"max-snippet:-1","max-image-preview":"max-image-preview:large","max-video-preview":"max-video-preview:-1"},"canonical":"https:\/\/turadio.com.co\/?p=1436","og_locale":"es_ES","og_type":"article","og_title":"*BALLESTEROS SIGUE FIRME SU CAMINO CON UNIDAD HACIA LA CONSULTA, CON LA MIRA PUESTA EN REPRESENTAR AL PUEBLO EN LA C\u00c1MARA DE REPRESENTANTES* - Tu Radio","og_description":"El precandidato a la C\u00e1mara de Representantes, Luis Fernando Ballesteros, se dirigi\u00f3 a la opini\u00f3n p\u00fablica para aclarar su situaci\u00f3n respecto a su alistamiento en la consulta programada para octubre. En un mensaje directo a sus seguidores en C\u00f3rdoba, Ballesteros desminti\u00f3 rumores circulantes sobre su exclusi\u00f3n del Pacto Hist\u00f3rico, atribuidos a un problema en su...","og_url":"https:\/\/turadio.com.co\/?p=1436","og_site_name":"Tu Radio","article_author":"https:\/\/www.facebook.com\/profile.php?id=100086306444643","article_published_time":"2025-09-18T02:01:49+00:00","article_modified_time":"2025-09-18T02:01:53+00:00","og_image":[{"width":1046,"height":633,"url":"https:\/\/turadio.com.co\/wp-content\/uploads\/2025\/09\/545846576_122223774242138172_1669002708392585759_n.jpg","type":"image\/jpeg"}],"author":"turadio","twitter_card":"summary_large_image","twitter_misc":{"Escrito por":"turadio","Tiempo de lectura":"2 minutos"},"schema":{"@context":"https:\/\/schema.org","@graph":[{"@type":"Article","@id":"https:\/\/turadio.com.co\/?p=1436#article","isPartOf":{"@id":"https:\/\/turadio.com.co\/?p=1436"},"author":{"name":"turadio","@id":"https:\/\/turadio.com.co\/#\/schema\/person\/a336ad8dcc0120ef37278ad35b4f64fe"},"headline":"*BALLESTEROS SIGUE FIRME SU CAMINO CON UNIDAD HACIA LA CONSULTA, CON LA MIRA PUESTA EN REPRESENTAR AL PUEBLO EN LA C\u00c1MARA DE REPRESENTANTES*","datePublished":"2025-09-18T02:01:49+00:00","dateModified":"2025-09-18T02:01:53+00:00","mainEntityOfPage":{"@id":"https:\/\/turadio.com.co\/?p=1436"},"wordCount":260,"commentCount":0,"publisher":{"@id":"https:\/\/turadio.com.co\/#organization"},"image":{"@id":"https:\/\/turadio.com.co\/?p=1436#primaryimage"},"thumbnailUrl":"https:\/\/turadio.com.co\/wp-content\/uploads\/2025\/09\/545846576_122223774242138172_1669002708392585759_n.jpg","articleSection":["C\u00f3rdoba"],"inLanguage":"es","potentialAction":[{"@type":"CommentAction","name":"Comment","target":["https:\/\/turadio.com.co\/?p=1436#respond"]}]},{"@type":"WebPage","@id":"https:\/\/turadio.com.co\/?p=1436","url":"https:\/\/turadio.com.co\/?p=1436","name":"*BALLESTEROS SIGUE FIRME SU CAMINO CON UNIDAD HACIA LA CONSULTA, CON LA MIRA PUESTA EN REPRESENTAR AL PUEBLO EN LA C\u00c1MARA DE REPRESENTANTES* - Tu Radio","isPartOf":{"@id":"https:\/\/turadio.com.co\/#website"},"primaryImageOfPage":{"@id":"https:\/\/turadio.com.co\/?p=1436#primaryimage"},"image":{"@id":"https:\/\/turadio.com.co\/?p=1436#primaryimage"},"thumbnailUrl":"https:\/\/turadio.com.co\/wp-content\/uploads\/2025\/09\/545846576_122223774242138172_1669002708392585759_n.jpg","datePublished":"2025-09-18T02:01:49+00:00","dateModified":"2025-09-18T02:01:53+00:00","breadcrumb":{"@id":"https:\/\/turadio.com.co\/?p=1436#breadcrumb"},"inLanguage":"es","potentialAction":[{"@type":"ReadAction","target":["https:\/\/turadio.com.co\/?p=1436"]}]},{"@type":"ImageObject","inLanguage":"es","@id":"https:\/\/turadio.com.co\/?p=1436#primaryimage","url":"https:\/\/turadio.com.co\/wp-content\/uploads\/2025\/09\/545846576_122223774242138172_1669002708392585759_n.jpg","contentUrl":"https:\/\/turadio.com.co\/wp-content\/uploads\/2025\/09\/545846576_122223774242138172_1669002708392585759_n.jpg","width":1046,"height":633},{"@type":"BreadcrumbList","@id":"https:\/\/turadio.com.co\/?p=1436#breadcrumb","itemListElement":[{"@type":"ListItem","position":1,"name":"Portada","item":"https:\/\/turadio.com.co\/"},{"@type":"ListItem","position":2,"name":"*BALLESTEROS SIGUE FIRME SU CAMINO CON UNIDAD HACIA LA CONSULTA, CON LA MIRA PUESTA EN REPRESENTAR AL PUEBLO EN LA C\u00c1MARA DE REPRESENTANTES*"}]},{"@type":"WebSite","@id":"https:\/\/turadio.com.co\/#website","url":"https:\/\/turadio.com.co\/","name":"Tu Radio","description":"","publisher":{"@id":"https:\/\/turadio.com.co\/#organization"},"potentialAction":[{"@type":"SearchAction","target":{"@type":"EntryPoint","urlTemplate":"https:\/\/turadio.com.co\/?s={search_term_string}"},"query-input":{"@type":"PropertyValueSpecification","valueRequired":true,"valueName":"search_term_string"}}],"inLanguage":"es"},{"@type":"Organization","@id":"https:\/\/turadio.com.co\/#organization","name":"Tu Radio","url":"https:\/\/turadio.com.co\/","logo":{"@type":"ImageObject","inLanguage":"es","@id":"https:\/\/turadio.com.co\/#\/schema\/logo\/image\/","url":"https:\/\/turadio.com.co\/wp-content\/uploads\/2025\/07\/logo.png","contentUrl":"https:\/\/turadio.com.co\/wp-content\/uploads\/2025\/07\/logo.png","width":366,"height":91,"caption":"Tu Radio"},"image":{"@id":"https:\/\/turadio.com.co\/#\/schema\/logo\/image\/"}},{"@type":"Person","@id":"https:\/\/turadio.com.co\/#\/schema\/person\/a336ad8dcc0120ef37278ad35b4f64fe","name":"turadio","image":{"@type":"ImageObject","inLanguage":"es","@id":"https:\/\/secure.gravatar.com\/avatar\/e905fb228be0ae401b494278f04ccb4a7d2e839822ca560083e0b3a15f6c8669?s=96&d=mm&r=g","url":"https:\/\/secure.gravatar.com\/avatar\/e905fb228be0ae401b494278f04ccb4a7d2e839822ca560083e0b3a15f6c8669?s=96&d=mm&r=g","contentUrl":"https:\/\/secure.gravatar.com\/avatar\/e905fb228be0ae401b494278f04ccb4a7d2e839822ca560083e0b3a15f6c8669?s=96&d=mm&r=g","caption":"turadio"},"sameAs":["https:\/\/turadio.com.co","https:\/\/www.facebook.com\/profile.php?id=100086306444643","https:\/\/www.instagram.com\/turadio23\/","https:\/\/www.youtube.com\/@TuRadiomonteria"],"url":"https:\/\/turadio.com.co\/?author=1"}]}},"_links":{"self":[{"href":"https:\/\/turadio.com.co\/index.php?rest_route=\/wp\/v2\/posts\/1436","targetHints":{"allow":["GET"]}}],"collection":[{"href":"https:\/\/turadio.com.co\/index.php?rest_route=\/wp\/v2\/posts"}],"about":[{"href":"https:\/\/turadio.com.co\/index.php?rest_route=\/wp\/v2\/types\/post"}],"author":[{"embeddable":true,"href":"https:\/\/turadio.com.co\/index.php?rest_route=\/wp\/v2\/users\/1"}],"replies":[{"embeddable":true,"href":"https:\/\/turadio.com.co\/index.php?rest_route=%2Fwp%2Fv2%2Fcomments&post=1436"}],"version-history":[{"count":1,"href":"https:\/\/turadio.com.co\/index.php?rest_route=\/wp\/v2\/posts\/1436\/revisions"}],"predecessor-version":[{"id":1438,"href":"https:\/\/turadio.com.co\/index.php?rest_route=\/wp\/v2\/posts\/1436\/revisions\/1438"}],"wp:featuredmedia":[{"embeddable":true,"href":"https:\/\/turadio.com.co\/index.php?rest_route=\/wp\/v2\/media\/1437"}],"wp:attachment":[{"href":"https:\/\/turadio.com.co\/index.php?rest_route=%2Fwp%2Fv2%2Fmedia&parent=1436"}],"wp:term":[{"taxonomy":"category","embeddable":true,"href":"https:\/\/turadio.com.co\/index.php?rest_route=%2Fwp%2Fv2%2Fcategories&post=1436"},{"taxonomy":"post_tag","embeddable":true,"href":"https:\/\/turadio.com.co\/index.php?rest_route=%2Fwp%2Fv2%2Ftags&post=1436"}],"curies":[{"name":"wp","href":"https:\/\/api.w.org\/{rel}","templated":true}]}}