{"id":1439,"date":"2025-09-18T02:09:58","date_gmt":"2025-09-18T02:09:58","guid":{"rendered":"https:\/\/turadio.com.co\/?p=1439"},"modified":"2025-09-18T02:10:01","modified_gmt":"2025-09-18T02:10:01","slug":"soldado-se-destaca-en-el-boxeo-su-sueno-es-competir-en-los-juegos-olimpicos-2028","status":"publish","type":"post","link":"https:\/\/turadio.com.co\/?p=1439","title":{"rendered":"*SOLDADO SE DESTACA EN EL BOXEO: SU SUE\u00d1O ES COMPETIR EN LOS JUEGOS OL\u00cdMPICOS 2028*"},"content":{"rendered":"\n<p><a><\/a>Se trata del soldado profesional Luis Mario Bonolis, quien integra la Liga de Boxeo de las Fuerzas Armadas de la D\u00e9cima Primera Brigada.<\/p>\n\n\n\n<p>Los hombres y mujeres que hacen parte de las Fuerzas Armadas de Colombia no solo son h\u00e9roes en el campo de batalla, sino que tambi\u00e9n sobresalen en el \u00e1mbito deportivo. Tal es el ejemplo de la Liga de Boxeo de las Fuerzas Armadas, la cual es liderada por la Federaci\u00f3n Deportiva Militar y el Batall\u00f3n de Apoyo y Servicios para el Combate N\u00b0 11, de la D\u00e9cima Primera Brigada del Ej\u00e9rcito. Esta liga deportiva re\u00fane a los mejores boxeadores de las Fuerzas Militares y la Polic\u00eda Nacional.<\/p>\n\n\n\n<figure class=\"wp-block-image size-large\"><img loading=\"lazy\" decoding=\"async\" width=\"1024\" height=\"682\" src=\"https:\/\/turadio.com.co\/wp-content\/uploads\/2025\/09\/WhatsApp-Image-2025-09-17-at-10.57.01-AM-1024x682.jpeg\" alt=\"\" class=\"wp-image-1441\" srcset=\"https:\/\/turadio.com.co\/wp-content\/uploads\/2025\/09\/WhatsApp-Image-2025-09-17-at-10.57.01-AM-1024x682.jpeg 1024w, https:\/\/turadio.com.co\/wp-content\/uploads\/2025\/09\/WhatsApp-Image-2025-09-17-at-10.57.01-AM-300x200.jpeg 300w, https:\/\/turadio.com.co\/wp-content\/uploads\/2025\/09\/WhatsApp-Image-2025-09-17-at-10.57.01-AM-768x512.jpeg 768w, https:\/\/turadio.com.co\/wp-content\/uploads\/2025\/09\/WhatsApp-Image-2025-09-17-at-10.57.01-AM-1536x1023.jpeg 1536w, https:\/\/turadio.com.co\/wp-content\/uploads\/2025\/09\/WhatsApp-Image-2025-09-17-at-10.57.01-AM-820x545.jpeg 820w, https:\/\/turadio.com.co\/wp-content\/uploads\/2025\/09\/WhatsApp-Image-2025-09-17-at-10.57.01-AM-600x400.jpeg 600w, https:\/\/turadio.com.co\/wp-content\/uploads\/2025\/09\/WhatsApp-Image-2025-09-17-at-10.57.01-AM.jpeg 1600w\" sizes=\"auto, (max-width: 1024px) 100vw, 1024px\" \/><\/figure>\n\n\n\n<p>Uno de los deportistas que se destaca en este selecto grupo es el soldado profesional Luis Mario Bonolis Padilla, un joven de 25 a\u00f1os de edad, oriundo del municipio de San Juan de Urab\u00e1, Antioquia, y quien integra esta liga de boxeo desde hace 5 a\u00f1os.<\/p>\n\n\n\n<p>Bonolis Padilla descubri\u00f3 el gusto por esta disciplina deportiva desde hace aproximadamente 13 a\u00f1os, y, aunque intent\u00f3 practicar otros deportes, su mayor anhelo siempre fue ser boxeador y dejar en alto el nombre de Colombia ante el mundo.<\/p>\n\n\n\n<p>Tras dedicarse a la carrera de las armas como soldado profesional, lleg\u00f3 a la ciudad de Monter\u00eda para hacer parte de la Liga de Boxeo de las Fuerzas Armadas, donde gracias a su empe\u00f1o, esfuerzo y disciplina ha logrado sobresalir y, en esa misma medida, participar en seis competencias nacionales y un torneo internacional.<\/p>\n\n\n\n<p>Su excelente desempe\u00f1o en estos eventos deportivos lo han hecho merecedor de tres medallas de oro, una de plata y dos de bronce. Bonolis Padilla compite en la categor\u00eda mayores, divisi\u00f3n 65 kilogramos, y desde ya se prepara con entrega y esmero para lograr su m\u00e1ximo sue\u00f1o como boxeador: representar al pa\u00eds y al Ej\u00e9rcito Nacional en los Juegos Ol\u00edmpicos de Los \u00c1ngeles 2028.<\/p>\n\n\n\n<figure class=\"wp-block-image size-large\"><img loading=\"lazy\" decoding=\"async\" width=\"1024\" height=\"958\" src=\"https:\/\/turadio.com.co\/wp-content\/uploads\/2025\/09\/WhatsApp-Image-2025-09-17-at-10.57.01-AM-1-1024x958.jpeg\" alt=\"\" class=\"wp-image-1442\" srcset=\"https:\/\/turadio.com.co\/wp-content\/uploads\/2025\/09\/WhatsApp-Image-2025-09-17-at-10.57.01-AM-1-1024x958.jpeg 1024w, https:\/\/turadio.com.co\/wp-content\/uploads\/2025\/09\/WhatsApp-Image-2025-09-17-at-10.57.01-AM-1-300x281.jpeg 300w, https:\/\/turadio.com.co\/wp-content\/uploads\/2025\/09\/WhatsApp-Image-2025-09-17-at-10.57.01-AM-1-768x718.jpeg 768w, https:\/\/turadio.com.co\/wp-content\/uploads\/2025\/09\/WhatsApp-Image-2025-09-17-at-10.57.01-AM-1.jpeg 1140w\" sizes=\"auto, (max-width: 1024px) 100vw, 1024px\" \/><\/figure>\n\n\n\n<p>Cabe mencionar que el apoyo y acompa\u00f1amiento de la Liga de Boxeo de las Fuerzas Armadas ha sido fundamental para su desarrollo en este deporte. Actualmente, la coordinaci\u00f3n de la Liga est\u00e1 a cargo del sargento segundo Marlon Rangel Morales, quien describe al soldado Bonolis como un deportista disciplinado y con proyecci\u00f3n, que cuenta con capacidades t\u00e9cnicas y t\u00e1cticas que lo hacen destacar.<\/p>\n\n\n\n<p>Una de las experiencias m\u00e1s enriquecedoras e importantes para el joven deportista fue su participaci\u00f3n en el I Gran Prix-Brasil en la ciudad de R\u00edo de Janeiro, evento box\u00edstico que se llev\u00f3 a cabo en el a\u00f1o 2022, donde obtuvo el segundo lugar entre aproximadamente 150 competidores de Ecuador, M\u00e9xico, Argentina, Colombia, Panam\u00e1, Paraguay y Brasil.<\/p>\n\n\n\n<figure class=\"wp-block-image size-full\"><img loading=\"lazy\" decoding=\"async\" width=\"720\" height=\"480\" src=\"https:\/\/turadio.com.co\/wp-content\/uploads\/2025\/09\/WhatsApp-Image-2025-09-17-at-10.57.02-AM.jpeg\" alt=\"\" class=\"wp-image-1443\" srcset=\"https:\/\/turadio.com.co\/wp-content\/uploads\/2025\/09\/WhatsApp-Image-2025-09-17-at-10.57.02-AM.jpeg 720w, https:\/\/turadio.com.co\/wp-content\/uploads\/2025\/09\/WhatsApp-Image-2025-09-17-at-10.57.02-AM-300x200.jpeg 300w, https:\/\/turadio.com.co\/wp-content\/uploads\/2025\/09\/WhatsApp-Image-2025-09-17-at-10.57.02-AM-600x400.jpeg 600w\" sizes=\"auto, (max-width: 720px) 100vw, 720px\" \/><\/figure>\n\n\n\n<p>El soldado Bonolis se perfila como una promesa del boxeo nacional, por ello, continuar\u00e1 forjando su talento, aptitudes y destrezas, con el prop\u00f3sito de seguir cosechando triunfos que dejen en alto el nombre del pa\u00eds y del Ej\u00e9rcito Nacional en futuros encuentros deportivos.<\/p>\n","protected":false},"excerpt":{"rendered":"<p>Se trata del soldado profesional Luis Mario Bonolis, quien integra la Liga de Boxeo de las Fuerzas Armadas de la D\u00e9cima Primera Brigada. Los hombres y mujeres que hacen parte de las Fuerzas Armadas de Colombia no solo son h\u00e9roes en el campo de batalla, sino que tambi\u00e9n sobresalen en el \u00e1mbito deportivo. Tal es&#8230;<\/p>\n","protected":false},"author":1,"featured_media":1440,"comment_status":"open","ping_status":"open","sticky":false,"template":"","format":"standard","meta":{"footnotes":""},"categories":[4],"tags":[],"class_list":["post-1439","post","type-post","status-publish","format-standard","has-post-thumbnail","hentry","category-sports"],"yoast_head":"<!-- This site is optimized with the Yoast SEO plugin v27.5 - https:\/\/yoast.com\/product\/yoast-seo-wordpress\/ -->\n<title>*SOLDADO SE DESTACA EN EL BOXEO: SU SUE\u00d1O ES COMPETIR EN LOS JUEGOS OL\u00cdMPICOS 2028* - Tu Radio<\/title>\n<meta name=\"robots\" content=\"index, follow, max-snippet:-1, max-image-preview:large, max-video-preview:-1\" \/>\n<link rel=\"canonical\" href=\"https:\/\/turadio.com.co\/?p=1439\" \/>\n<meta property=\"og:locale\" content=\"es_ES\" \/>\n<meta property=\"og:type\" content=\"article\" \/>\n<meta property=\"og:title\" content=\"*SOLDADO SE DESTACA EN EL BOXEO: SU SUE\u00d1O ES COMPETIR EN LOS JUEGOS OL\u00cdMPICOS 2028* - Tu Radio\" \/>\n<meta property=\"og:description\" content=\"Se trata del soldado profesional Luis Mario Bonolis, quien integra la Liga de Boxeo de las Fuerzas Armadas de la D\u00e9cima Primera Brigada. Los hombres y mujeres que hacen parte de las Fuerzas Armadas de Colombia no solo son h\u00e9roes en el campo de batalla, sino que tambi\u00e9n sobresalen en el \u00e1mbito deportivo. Tal es...\" \/>\n<meta property=\"og:url\" content=\"https:\/\/turadio.com.co\/?p=1439\" \/>\n<meta property=\"og:site_name\" content=\"Tu Radio\" \/>\n<meta property=\"article:author\" content=\"https:\/\/www.facebook.com\/profile.php?id=100086306444643\" \/>\n<meta property=\"article:published_time\" content=\"2025-09-18T02:09:58+00:00\" \/>\n<meta property=\"article:modified_time\" content=\"2025-09-18T02:10:01+00:00\" \/>\n<meta property=\"og:image\" content=\"https:\/\/turadio.com.co\/wp-content\/uploads\/2025\/09\/WhatsApp-Image-2025-09-17-at-10.57.01-AM-3.jpeg\" \/>\n\t<meta property=\"og:image:width\" content=\"1600\" \/>\n\t<meta property=\"og:image:height\" content=\"1200\" \/>\n\t<meta property=\"og:image:type\" content=\"image\/jpeg\" \/>\n<meta name=\"author\" content=\"turadio\" \/>\n<meta name=\"twitter:card\" content=\"summary_large_image\" \/>\n<meta name=\"twitter:label1\" content=\"Escrito por\" \/>\n\t<meta name=\"twitter:data1\" content=\"turadio\" \/>\n\t<meta name=\"twitter:label2\" content=\"Tiempo de lectura\" \/>\n\t<meta name=\"twitter:data2\" content=\"3 minutos\" \/>\n<script type=\"application\/ld+json\" class=\"yoast-schema-graph\">{\"@context\":\"https:\\\/\\\/schema.org\",\"@graph\":[{\"@type\":\"Article\",\"@id\":\"https:\\\/\\\/turadio.com.co\\\/?p=1439#article\",\"isPartOf\":{\"@id\":\"https:\\\/\\\/turadio.com.co\\\/?p=1439\"},\"author\":{\"name\":\"turadio\",\"@id\":\"https:\\\/\\\/turadio.com.co\\\/#\\\/schema\\\/person\\\/a336ad8dcc0120ef37278ad35b4f64fe\"},\"headline\":\"*SOLDADO SE DESTACA EN EL BOXEO: SU SUE\u00d1O ES COMPETIR EN LOS JUEGOS OL\u00cdMPICOS 2028*\",\"datePublished\":\"2025-09-18T02:09:58+00:00\",\"dateModified\":\"2025-09-18T02:10:01+00:00\",\"mainEntityOfPage\":{\"@id\":\"https:\\\/\\\/turadio.com.co\\\/?p=1439\"},\"wordCount\":518,\"commentCount\":0,\"publisher\":{\"@id\":\"https:\\\/\\\/turadio.com.co\\\/#organization\"},\"image\":{\"@id\":\"https:\\\/\\\/turadio.com.co\\\/?p=1439#primaryimage\"},\"thumbnailUrl\":\"https:\\\/\\\/turadio.com.co\\\/wp-content\\\/uploads\\\/2025\\\/09\\\/WhatsApp-Image-2025-09-17-at-10.57.01-AM-3.jpeg\",\"articleSection\":[\"Deportes\"],\"inLanguage\":\"es\",\"potentialAction\":[{\"@type\":\"CommentAction\",\"name\":\"Comment\",\"target\":[\"https:\\\/\\\/turadio.com.co\\\/?p=1439#respond\"]}]},{\"@type\":\"WebPage\",\"@id\":\"https:\\\/\\\/turadio.com.co\\\/?p=1439\",\"url\":\"https:\\\/\\\/turadio.com.co\\\/?p=1439\",\"name\":\"*SOLDADO SE DESTACA EN EL BOXEO: SU SUE\u00d1O ES COMPETIR EN LOS JUEGOS OL\u00cdMPICOS 2028* - Tu Radio\",\"isPartOf\":{\"@id\":\"https:\\\/\\\/turadio.com.co\\\/#website\"},\"primaryImageOfPage\":{\"@id\":\"https:\\\/\\\/turadio.com.co\\\/?p=1439#primaryimage\"},\"image\":{\"@id\":\"https:\\\/\\\/turadio.com.co\\\/?p=1439#primaryimage\"},\"thumbnailUrl\":\"https:\\\/\\\/turadio.com.co\\\/wp-content\\\/uploads\\\/2025\\\/09\\\/WhatsApp-Image-2025-09-17-at-10.57.01-AM-3.jpeg\",\"datePublished\":\"2025-09-18T02:09:58+00:00\",\"dateModified\":\"2025-09-18T02:10:01+00:00\",\"breadcrumb\":{\"@id\":\"https:\\\/\\\/turadio.com.co\\\/?p=1439#breadcrumb\"},\"inLanguage\":\"es\",\"potentialAction\":[{\"@type\":\"ReadAction\",\"target\":[\"https:\\\/\\\/turadio.com.co\\\/?p=1439\"]}]},{\"@type\":\"ImageObject\",\"inLanguage\":\"es\",\"@id\":\"https:\\\/\\\/turadio.com.co\\\/?p=1439#primaryimage\",\"url\":\"https:\\\/\\\/turadio.com.co\\\/wp-content\\\/uploads\\\/2025\\\/09\\\/WhatsApp-Image-2025-09-17-at-10.57.01-AM-3.jpeg\",\"contentUrl\":\"https:\\\/\\\/turadio.com.co\\\/wp-content\\\/uploads\\\/2025\\\/09\\\/WhatsApp-Image-2025-09-17-at-10.57.01-AM-3.jpeg\",\"width\":1600,\"height\":1200},{\"@type\":\"BreadcrumbList\",\"@id\":\"https:\\\/\\\/turadio.com.co\\\/?p=1439#breadcrumb\",\"itemListElement\":[{\"@type\":\"ListItem\",\"position\":1,\"name\":\"Portada\",\"item\":\"https:\\\/\\\/turadio.com.co\\\/\"},{\"@type\":\"ListItem\",\"position\":2,\"name\":\"*SOLDADO SE DESTACA EN EL BOXEO: SU SUE\u00d1O ES COMPETIR EN LOS JUEGOS OL\u00cdMPICOS 2028*\"}]},{\"@type\":\"WebSite\",\"@id\":\"https:\\\/\\\/turadio.com.co\\\/#website\",\"url\":\"https:\\\/\\\/turadio.com.co\\\/\",\"name\":\"Tu Radio\",\"description\":\"\",\"publisher\":{\"@id\":\"https:\\\/\\\/turadio.com.co\\\/#organization\"},\"potentialAction\":[{\"@type\":\"SearchAction\",\"target\":{\"@type\":\"EntryPoint\",\"urlTemplate\":\"https:\\\/\\\/turadio.com.co\\\/?s={search_term_string}\"},\"query-input\":{\"@type\":\"PropertyValueSpecification\",\"valueRequired\":true,\"valueName\":\"search_term_string\"}}],\"inLanguage\":\"es\"},{\"@type\":\"Organization\",\"@id\":\"https:\\\/\\\/turadio.com.co\\\/#organization\",\"name\":\"Tu Radio\",\"url\":\"https:\\\/\\\/turadio.com.co\\\/\",\"logo\":{\"@type\":\"ImageObject\",\"inLanguage\":\"es\",\"@id\":\"https:\\\/\\\/turadio.com.co\\\/#\\\/schema\\\/logo\\\/image\\\/\",\"url\":\"https:\\\/\\\/turadio.com.co\\\/wp-content\\\/uploads\\\/2025\\\/07\\\/logo.png\",\"contentUrl\":\"https:\\\/\\\/turadio.com.co\\\/wp-content\\\/uploads\\\/2025\\\/07\\\/logo.png\",\"width\":366,\"height\":91,\"caption\":\"Tu Radio\"},\"image\":{\"@id\":\"https:\\\/\\\/turadio.com.co\\\/#\\\/schema\\\/logo\\\/image\\\/\"}},{\"@type\":\"Person\",\"@id\":\"https:\\\/\\\/turadio.com.co\\\/#\\\/schema\\\/person\\\/a336ad8dcc0120ef37278ad35b4f64fe\",\"name\":\"turadio\",\"image\":{\"@type\":\"ImageObject\",\"inLanguage\":\"es\",\"@id\":\"https:\\\/\\\/secure.gravatar.com\\\/avatar\\\/e905fb228be0ae401b494278f04ccb4a7d2e839822ca560083e0b3a15f6c8669?s=96&d=mm&r=g\",\"url\":\"https:\\\/\\\/secure.gravatar.com\\\/avatar\\\/e905fb228be0ae401b494278f04ccb4a7d2e839822ca560083e0b3a15f6c8669?s=96&d=mm&r=g\",\"contentUrl\":\"https:\\\/\\\/secure.gravatar.com\\\/avatar\\\/e905fb228be0ae401b494278f04ccb4a7d2e839822ca560083e0b3a15f6c8669?s=96&d=mm&r=g\",\"caption\":\"turadio\"},\"sameAs\":[\"https:\\\/\\\/turadio.com.co\",\"https:\\\/\\\/www.facebook.com\\\/profile.php?id=100086306444643\",\"https:\\\/\\\/www.instagram.com\\\/turadio23\\\/\",\"https:\\\/\\\/www.youtube.com\\\/@TuRadiomonteria\"],\"url\":\"https:\\\/\\\/turadio.com.co\\\/?author=1\"}]}<\/script>\n<!-- \/ Yoast SEO plugin. -->","yoast_head_json":{"title":"*SOLDADO SE DESTACA EN EL BOXEO: SU SUE\u00d1O ES COMPETIR EN LOS JUEGOS OL\u00cdMPICOS 2028* - Tu Radio","robots":{"index":"index","follow":"follow","max-snippet":"max-snippet:-1","max-image-preview":"max-image-preview:large","max-video-preview":"max-video-preview:-1"},"canonical":"https:\/\/turadio.com.co\/?p=1439","og_locale":"es_ES","og_type":"article","og_title":"*SOLDADO SE DESTACA EN EL BOXEO: SU SUE\u00d1O ES COMPETIR EN LOS JUEGOS OL\u00cdMPICOS 2028* - Tu Radio","og_description":"Se trata del soldado profesional Luis Mario Bonolis, quien integra la Liga de Boxeo de las Fuerzas Armadas de la D\u00e9cima Primera Brigada. Los hombres y mujeres que hacen parte de las Fuerzas Armadas de Colombia no solo son h\u00e9roes en el campo de batalla, sino que tambi\u00e9n sobresalen en el \u00e1mbito deportivo. Tal es...","og_url":"https:\/\/turadio.com.co\/?p=1439","og_site_name":"Tu Radio","article_author":"https:\/\/www.facebook.com\/profile.php?id=100086306444643","article_published_time":"2025-09-18T02:09:58+00:00","article_modified_time":"2025-09-18T02:10:01+00:00","og_image":[{"width":1600,"height":1200,"url":"https:\/\/turadio.com.co\/wp-content\/uploads\/2025\/09\/WhatsApp-Image-2025-09-17-at-10.57.01-AM-3.jpeg","type":"image\/jpeg"}],"author":"turadio","twitter_card":"summary_large_image","twitter_misc":{"Escrito por":"turadio","Tiempo de lectura":"3 minutos"},"schema":{"@context":"https:\/\/schema.org","@graph":[{"@type":"Article","@id":"https:\/\/turadio.com.co\/?p=1439#article","isPartOf":{"@id":"https:\/\/turadio.com.co\/?p=1439"},"author":{"name":"turadio","@id":"https:\/\/turadio.com.co\/#\/schema\/person\/a336ad8dcc0120ef37278ad35b4f64fe"},"headline":"*SOLDADO SE DESTACA EN EL BOXEO: SU SUE\u00d1O ES COMPETIR EN LOS JUEGOS OL\u00cdMPICOS 2028*","datePublished":"2025-09-18T02:09:58+00:00","dateModified":"2025-09-18T02:10:01+00:00","mainEntityOfPage":{"@id":"https:\/\/turadio.com.co\/?p=1439"},"wordCount":518,"commentCount":0,"publisher":{"@id":"https:\/\/turadio.com.co\/#organization"},"image":{"@id":"https:\/\/turadio.com.co\/?p=1439#primaryimage"},"thumbnailUrl":"https:\/\/turadio.com.co\/wp-content\/uploads\/2025\/09\/WhatsApp-Image-2025-09-17-at-10.57.01-AM-3.jpeg","articleSection":["Deportes"],"inLanguage":"es","potentialAction":[{"@type":"CommentAction","name":"Comment","target":["https:\/\/turadio.com.co\/?p=1439#respond"]}]},{"@type":"WebPage","@id":"https:\/\/turadio.com.co\/?p=1439","url":"https:\/\/turadio.com.co\/?p=1439","name":"*SOLDADO SE DESTACA EN EL BOXEO: SU SUE\u00d1O ES COMPETIR EN LOS JUEGOS OL\u00cdMPICOS 2028* - Tu Radio","isPartOf":{"@id":"https:\/\/turadio.com.co\/#website"},"primaryImageOfPage":{"@id":"https:\/\/turadio.com.co\/?p=1439#primaryimage"},"image":{"@id":"https:\/\/turadio.com.co\/?p=1439#primaryimage"},"thumbnailUrl":"https:\/\/turadio.com.co\/wp-content\/uploads\/2025\/09\/WhatsApp-Image-2025-09-17-at-10.57.01-AM-3.jpeg","datePublished":"2025-09-18T02:09:58+00:00","dateModified":"2025-09-18T02:10:01+00:00","breadcrumb":{"@id":"https:\/\/turadio.com.co\/?p=1439#breadcrumb"},"inLanguage":"es","potentialAction":[{"@type":"ReadAction","target":["https:\/\/turadio.com.co\/?p=1439"]}]},{"@type":"ImageObject","inLanguage":"es","@id":"https:\/\/turadio.com.co\/?p=1439#primaryimage","url":"https:\/\/turadio.com.co\/wp-content\/uploads\/2025\/09\/WhatsApp-Image-2025-09-17-at-10.57.01-AM-3.jpeg","contentUrl":"https:\/\/turadio.com.co\/wp-content\/uploads\/2025\/09\/WhatsApp-Image-2025-09-17-at-10.57.01-AM-3.jpeg","width":1600,"height":1200},{"@type":"BreadcrumbList","@id":"https:\/\/turadio.com.co\/?p=1439#breadcrumb","itemListElement":[{"@type":"ListItem","position":1,"name":"Portada","item":"https:\/\/turadio.com.co\/"},{"@type":"ListItem","position":2,"name":"*SOLDADO SE DESTACA EN EL BOXEO: SU SUE\u00d1O ES COMPETIR EN LOS JUEGOS OL\u00cdMPICOS 2028*"}]},{"@type":"WebSite","@id":"https:\/\/turadio.com.co\/#website","url":"https:\/\/turadio.com.co\/","name":"Tu Radio","description":"","publisher":{"@id":"https:\/\/turadio.com.co\/#organization"},"potentialAction":[{"@type":"SearchAction","target":{"@type":"EntryPoint","urlTemplate":"https:\/\/turadio.com.co\/?s={search_term_string}"},"query-input":{"@type":"PropertyValueSpecification","valueRequired":true,"valueName":"search_term_string"}}],"inLanguage":"es"},{"@type":"Organization","@id":"https:\/\/turadio.com.co\/#organization","name":"Tu Radio","url":"https:\/\/turadio.com.co\/","logo":{"@type":"ImageObject","inLanguage":"es","@id":"https:\/\/turadio.com.co\/#\/schema\/logo\/image\/","url":"https:\/\/turadio.com.co\/wp-content\/uploads\/2025\/07\/logo.png","contentUrl":"https:\/\/turadio.com.co\/wp-content\/uploads\/2025\/07\/logo.png","width":366,"height":91,"caption":"Tu Radio"},"image":{"@id":"https:\/\/turadio.com.co\/#\/schema\/logo\/image\/"}},{"@type":"Person","@id":"https:\/\/turadio.com.co\/#\/schema\/person\/a336ad8dcc0120ef37278ad35b4f64fe","name":"turadio","image":{"@type":"ImageObject","inLanguage":"es","@id":"https:\/\/secure.gravatar.com\/avatar\/e905fb228be0ae401b494278f04ccb4a7d2e839822ca560083e0b3a15f6c8669?s=96&d=mm&r=g","url":"https:\/\/secure.gravatar.com\/avatar\/e905fb228be0ae401b494278f04ccb4a7d2e839822ca560083e0b3a15f6c8669?s=96&d=mm&r=g","contentUrl":"https:\/\/secure.gravatar.com\/avatar\/e905fb228be0ae401b494278f04ccb4a7d2e839822ca560083e0b3a15f6c8669?s=96&d=mm&r=g","caption":"turadio"},"sameAs":["https:\/\/turadio.com.co","https:\/\/www.facebook.com\/profile.php?id=100086306444643","https:\/\/www.instagram.com\/turadio23\/","https:\/\/www.youtube.com\/@TuRadiomonteria"],"url":"https:\/\/turadio.com.co\/?author=1"}]}},"_links":{"self":[{"href":"https:\/\/turadio.com.co\/index.php?rest_route=\/wp\/v2\/posts\/1439","targetHints":{"allow":["GET"]}}],"collection":[{"href":"https:\/\/turadio.com.co\/index.php?rest_route=\/wp\/v2\/posts"}],"about":[{"href":"https:\/\/turadio.com.co\/index.php?rest_route=\/wp\/v2\/types\/post"}],"author":[{"embeddable":true,"href":"https:\/\/turadio.com.co\/index.php?rest_route=\/wp\/v2\/users\/1"}],"replies":[{"embeddable":true,"href":"https:\/\/turadio.com.co\/index.php?rest_route=%2Fwp%2Fv2%2Fcomments&post=1439"}],"version-history":[{"count":1,"href":"https:\/\/turadio.com.co\/index.php?rest_route=\/wp\/v2\/posts\/1439\/revisions"}],"predecessor-version":[{"id":1444,"href":"https:\/\/turadio.com.co\/index.php?rest_route=\/wp\/v2\/posts\/1439\/revisions\/1444"}],"wp:featuredmedia":[{"embeddable":true,"href":"https:\/\/turadio.com.co\/index.php?rest_route=\/wp\/v2\/media\/1440"}],"wp:attachment":[{"href":"https:\/\/turadio.com.co\/index.php?rest_route=%2Fwp%2Fv2%2Fmedia&parent=1439"}],"wp:term":[{"taxonomy":"category","embeddable":true,"href":"https:\/\/turadio.com.co\/index.php?rest_route=%2Fwp%2Fv2%2Fcategories&post=1439"},{"taxonomy":"post_tag","embeddable":true,"href":"https:\/\/turadio.com.co\/index.php?rest_route=%2Fwp%2Fv2%2Ftags&post=1439"}],"curies":[{"name":"wp","href":"https:\/\/api.w.org\/{rel}","templated":true}]}}