{"id":1682,"date":"2025-09-30T02:19:47","date_gmt":"2025-09-30T02:19:47","guid":{"rendered":"https:\/\/turadio.com.co\/?p=1682"},"modified":"2025-09-30T02:19:51","modified_gmt":"2025-09-30T02:19:51","slug":"presidente-gustavo-petro-propuso-cambiar-la-sede-de-la-onu-luego-de-que-su-visa-de-estados-unidos-fue-revocada","status":"publish","type":"post","link":"https:\/\/turadio.com.co\/?p=1682","title":{"rendered":"*PRESIDENTE GUSTAVO PETRO PROPUSO CAMBIAR LA SEDE DE LA ONU LUEGO DE QUE SU VISA DE ESTADOS UNIDOS FUE REVOCADA*"},"content":{"rendered":"\n<p>De acuerdo con el mandatario, la nueva sede deber\u00eda establecerse en la capital de Catar.<\/p>\n\n\n\n<p>Luego de que le revocaran la visa al presidente Gustavo Petro, tras su discurso en Times Square, el mandatario, por medio de su cuenta de X (antes Twitter),&nbsp;<strong>propuso cambiar la sede de la Organizaci\u00f3n de las Naciones Unidas (ONU).<\/strong><\/p>\n\n\n\n<p>La medida del Departamento de Estado se produjo luego de que el mandatario convocara protestas en Nueva York e instara a los soldado<strong>s estadounidenses a \u201cdesobedecer las \u00f3rdenes de Donald Trump\u201d.<\/strong><\/p>\n\n\n\n<p>\u201cComo presidente de Colombia, en la Asamblea General de las Naciones que<strong>&nbsp;fundamos en la ONU, expreso mis opiniones libremente<\/strong>\u201d, dijo el presidente Petro.<\/p>\n\n\n\n<p>De acuerdo con el presidente, el genocidio no solo es un crimen contra la humanidad, sino que debe ser castigado; por ello, la sede de la Organizaci\u00f3n de las Naciones Unidas no deber\u00eda seguir en Estados Unidos.<\/p>\n\n\n\n<p>\u201cEl derecho internacional es la sabidur\u00eda de la humanidad y me protege.&nbsp;<strong>El genocidio es un crimen contra la humanidad y la humanidad debe responder, juzgar y castigar<\/strong>\u201d, agreg\u00f3.<\/p>\n\n\n\n<p>Para el presidente Petro, el lugar m\u00e1s indicado para esta nueva sede ser\u00eda Doha, capital de Catar, ya que esta organizaci\u00f3n debe estar en un sitio \u201cm\u00e1s democr\u00e1tico\u201d.<\/p>\n\n\n\n<p>\u201cEl se\u00f1or Trump ha violado los principios fundantes de la ONU.&nbsp;<strong>Hora de irse a un lugar m\u00e1s democr\u00e1tico. <\/strong><strong>Propongo Doha como sede de las Naciones Unidas<\/strong>\u201d, dijo.<\/p>\n","protected":false},"excerpt":{"rendered":"<p>De acuerdo con el mandatario, la nueva sede deber\u00eda establecerse en la capital de Catar. Luego de que le revocaran la visa al presidente Gustavo Petro, tras su discurso en Times Square, el mandatario, por medio de su cuenta de X (antes Twitter),&nbsp;propuso cambiar la sede de la Organizaci\u00f3n de las Naciones Unidas (ONU). La&#8230;<\/p>\n","protected":false},"author":1,"featured_media":1683,"comment_status":"open","ping_status":"open","sticky":false,"template":"","format":"standard","meta":{"footnotes":""},"categories":[24],"tags":[],"class_list":["post-1682","post","type-post","status-publish","format-standard","has-post-thumbnail","hentry","category-internacionales"],"yoast_head":"<!-- This site is optimized with the Yoast SEO plugin v27.5 - https:\/\/yoast.com\/product\/yoast-seo-wordpress\/ -->\n<title>*PRESIDENTE GUSTAVO PETRO PROPUSO CAMBIAR LA SEDE DE LA ONU LUEGO DE QUE SU VISA DE ESTADOS UNIDOS FUE REVOCADA* - Tu Radio<\/title>\n<meta name=\"robots\" content=\"index, follow, max-snippet:-1, max-image-preview:large, max-video-preview:-1\" \/>\n<link rel=\"canonical\" href=\"https:\/\/turadio.com.co\/?p=1682\" \/>\n<meta property=\"og:locale\" content=\"es_ES\" \/>\n<meta property=\"og:type\" content=\"article\" \/>\n<meta property=\"og:title\" content=\"*PRESIDENTE GUSTAVO PETRO PROPUSO CAMBIAR LA SEDE DE LA ONU LUEGO DE QUE SU VISA DE ESTADOS UNIDOS FUE REVOCADA* - Tu Radio\" \/>\n<meta property=\"og:description\" content=\"De acuerdo con el mandatario, la nueva sede deber\u00eda establecerse en la capital de Catar. Luego de que le revocaran la visa al presidente Gustavo Petro, tras su discurso en Times Square, el mandatario, por medio de su cuenta de X (antes Twitter),&nbsp;propuso cambiar la sede de la Organizaci\u00f3n de las Naciones Unidas (ONU). La...\" \/>\n<meta property=\"og:url\" content=\"https:\/\/turadio.com.co\/?p=1682\" \/>\n<meta property=\"og:site_name\" content=\"Tu Radio\" \/>\n<meta property=\"article:author\" content=\"https:\/\/www.facebook.com\/profile.php?id=100086306444643\" \/>\n<meta property=\"article:published_time\" content=\"2025-09-30T02:19:47+00:00\" \/>\n<meta property=\"article:modified_time\" content=\"2025-09-30T02:19:51+00:00\" \/>\n<meta property=\"og:image\" content=\"https:\/\/turadio.com.co\/wp-content\/uploads\/2025\/09\/Sin-titulo.jpg\" \/>\n\t<meta property=\"og:image:width\" content=\"281\" \/>\n\t<meta property=\"og:image:height\" content=\"311\" \/>\n\t<meta property=\"og:image:type\" content=\"image\/jpeg\" \/>\n<meta name=\"author\" content=\"turadio\" \/>\n<meta name=\"twitter:card\" content=\"summary_large_image\" \/>\n<meta name=\"twitter:label1\" content=\"Escrito por\" \/>\n\t<meta name=\"twitter:data1\" content=\"turadio\" \/>\n\t<meta name=\"twitter:label2\" content=\"Tiempo de lectura\" \/>\n\t<meta name=\"twitter:data2\" content=\"2 minutos\" \/>\n<script type=\"application\/ld+json\" class=\"yoast-schema-graph\">{\"@context\":\"https:\\\/\\\/schema.org\",\"@graph\":[{\"@type\":\"Article\",\"@id\":\"https:\\\/\\\/turadio.com.co\\\/?p=1682#article\",\"isPartOf\":{\"@id\":\"https:\\\/\\\/turadio.com.co\\\/?p=1682\"},\"author\":{\"name\":\"turadio\",\"@id\":\"https:\\\/\\\/turadio.com.co\\\/#\\\/schema\\\/person\\\/a336ad8dcc0120ef37278ad35b4f64fe\"},\"headline\":\"*PRESIDENTE GUSTAVO PETRO PROPUSO CAMBIAR LA SEDE DE LA ONU LUEGO DE QUE SU VISA DE ESTADOS UNIDOS FUE REVOCADA*\",\"datePublished\":\"2025-09-30T02:19:47+00:00\",\"dateModified\":\"2025-09-30T02:19:51+00:00\",\"mainEntityOfPage\":{\"@id\":\"https:\\\/\\\/turadio.com.co\\\/?p=1682\"},\"wordCount\":269,\"commentCount\":0,\"publisher\":{\"@id\":\"https:\\\/\\\/turadio.com.co\\\/#organization\"},\"image\":{\"@id\":\"https:\\\/\\\/turadio.com.co\\\/?p=1682#primaryimage\"},\"thumbnailUrl\":\"https:\\\/\\\/turadio.com.co\\\/wp-content\\\/uploads\\\/2025\\\/09\\\/Sin-titulo.jpg\",\"articleSection\":[\"Internacionales\"],\"inLanguage\":\"es\",\"potentialAction\":[{\"@type\":\"CommentAction\",\"name\":\"Comment\",\"target\":[\"https:\\\/\\\/turadio.com.co\\\/?p=1682#respond\"]}]},{\"@type\":\"WebPage\",\"@id\":\"https:\\\/\\\/turadio.com.co\\\/?p=1682\",\"url\":\"https:\\\/\\\/turadio.com.co\\\/?p=1682\",\"name\":\"*PRESIDENTE GUSTAVO PETRO PROPUSO CAMBIAR LA SEDE DE LA ONU LUEGO DE QUE SU VISA DE ESTADOS UNIDOS FUE REVOCADA* - Tu Radio\",\"isPartOf\":{\"@id\":\"https:\\\/\\\/turadio.com.co\\\/#website\"},\"primaryImageOfPage\":{\"@id\":\"https:\\\/\\\/turadio.com.co\\\/?p=1682#primaryimage\"},\"image\":{\"@id\":\"https:\\\/\\\/turadio.com.co\\\/?p=1682#primaryimage\"},\"thumbnailUrl\":\"https:\\\/\\\/turadio.com.co\\\/wp-content\\\/uploads\\\/2025\\\/09\\\/Sin-titulo.jpg\",\"datePublished\":\"2025-09-30T02:19:47+00:00\",\"dateModified\":\"2025-09-30T02:19:51+00:00\",\"breadcrumb\":{\"@id\":\"https:\\\/\\\/turadio.com.co\\\/?p=1682#breadcrumb\"},\"inLanguage\":\"es\",\"potentialAction\":[{\"@type\":\"ReadAction\",\"target\":[\"https:\\\/\\\/turadio.com.co\\\/?p=1682\"]}]},{\"@type\":\"ImageObject\",\"inLanguage\":\"es\",\"@id\":\"https:\\\/\\\/turadio.com.co\\\/?p=1682#primaryimage\",\"url\":\"https:\\\/\\\/turadio.com.co\\\/wp-content\\\/uploads\\\/2025\\\/09\\\/Sin-titulo.jpg\",\"contentUrl\":\"https:\\\/\\\/turadio.com.co\\\/wp-content\\\/uploads\\\/2025\\\/09\\\/Sin-titulo.jpg\",\"width\":281,\"height\":311},{\"@type\":\"BreadcrumbList\",\"@id\":\"https:\\\/\\\/turadio.com.co\\\/?p=1682#breadcrumb\",\"itemListElement\":[{\"@type\":\"ListItem\",\"position\":1,\"name\":\"Portada\",\"item\":\"https:\\\/\\\/turadio.com.co\\\/\"},{\"@type\":\"ListItem\",\"position\":2,\"name\":\"*PRESIDENTE GUSTAVO PETRO PROPUSO CAMBIAR LA SEDE DE LA ONU LUEGO DE QUE SU VISA DE ESTADOS UNIDOS FUE REVOCADA*\"}]},{\"@type\":\"WebSite\",\"@id\":\"https:\\\/\\\/turadio.com.co\\\/#website\",\"url\":\"https:\\\/\\\/turadio.com.co\\\/\",\"name\":\"Tu Radio\",\"description\":\"\",\"publisher\":{\"@id\":\"https:\\\/\\\/turadio.com.co\\\/#organization\"},\"potentialAction\":[{\"@type\":\"SearchAction\",\"target\":{\"@type\":\"EntryPoint\",\"urlTemplate\":\"https:\\\/\\\/turadio.com.co\\\/?s={search_term_string}\"},\"query-input\":{\"@type\":\"PropertyValueSpecification\",\"valueRequired\":true,\"valueName\":\"search_term_string\"}}],\"inLanguage\":\"es\"},{\"@type\":\"Organization\",\"@id\":\"https:\\\/\\\/turadio.com.co\\\/#organization\",\"name\":\"Tu Radio\",\"url\":\"https:\\\/\\\/turadio.com.co\\\/\",\"logo\":{\"@type\":\"ImageObject\",\"inLanguage\":\"es\",\"@id\":\"https:\\\/\\\/turadio.com.co\\\/#\\\/schema\\\/logo\\\/image\\\/\",\"url\":\"https:\\\/\\\/turadio.com.co\\\/wp-content\\\/uploads\\\/2025\\\/07\\\/logo.png\",\"contentUrl\":\"https:\\\/\\\/turadio.com.co\\\/wp-content\\\/uploads\\\/2025\\\/07\\\/logo.png\",\"width\":366,\"height\":91,\"caption\":\"Tu Radio\"},\"image\":{\"@id\":\"https:\\\/\\\/turadio.com.co\\\/#\\\/schema\\\/logo\\\/image\\\/\"}},{\"@type\":\"Person\",\"@id\":\"https:\\\/\\\/turadio.com.co\\\/#\\\/schema\\\/person\\\/a336ad8dcc0120ef37278ad35b4f64fe\",\"name\":\"turadio\",\"image\":{\"@type\":\"ImageObject\",\"inLanguage\":\"es\",\"@id\":\"https:\\\/\\\/secure.gravatar.com\\\/avatar\\\/e905fb228be0ae401b494278f04ccb4a7d2e839822ca560083e0b3a15f6c8669?s=96&d=mm&r=g\",\"url\":\"https:\\\/\\\/secure.gravatar.com\\\/avatar\\\/e905fb228be0ae401b494278f04ccb4a7d2e839822ca560083e0b3a15f6c8669?s=96&d=mm&r=g\",\"contentUrl\":\"https:\\\/\\\/secure.gravatar.com\\\/avatar\\\/e905fb228be0ae401b494278f04ccb4a7d2e839822ca560083e0b3a15f6c8669?s=96&d=mm&r=g\",\"caption\":\"turadio\"},\"sameAs\":[\"https:\\\/\\\/turadio.com.co\",\"https:\\\/\\\/www.facebook.com\\\/profile.php?id=100086306444643\",\"https:\\\/\\\/www.instagram.com\\\/turadio23\\\/\",\"https:\\\/\\\/www.youtube.com\\\/@TuRadiomonteria\"],\"url\":\"https:\\\/\\\/turadio.com.co\\\/?author=1\"}]}<\/script>\n<!-- \/ Yoast SEO plugin. -->","yoast_head_json":{"title":"*PRESIDENTE GUSTAVO PETRO PROPUSO CAMBIAR LA SEDE DE LA ONU LUEGO DE QUE SU VISA DE ESTADOS UNIDOS FUE REVOCADA* - Tu Radio","robots":{"index":"index","follow":"follow","max-snippet":"max-snippet:-1","max-image-preview":"max-image-preview:large","max-video-preview":"max-video-preview:-1"},"canonical":"https:\/\/turadio.com.co\/?p=1682","og_locale":"es_ES","og_type":"article","og_title":"*PRESIDENTE GUSTAVO PETRO PROPUSO CAMBIAR LA SEDE DE LA ONU LUEGO DE QUE SU VISA DE ESTADOS UNIDOS FUE REVOCADA* - Tu Radio","og_description":"De acuerdo con el mandatario, la nueva sede deber\u00eda establecerse en la capital de Catar. Luego de que le revocaran la visa al presidente Gustavo Petro, tras su discurso en Times Square, el mandatario, por medio de su cuenta de X (antes Twitter),&nbsp;propuso cambiar la sede de la Organizaci\u00f3n de las Naciones Unidas (ONU). La...","og_url":"https:\/\/turadio.com.co\/?p=1682","og_site_name":"Tu Radio","article_author":"https:\/\/www.facebook.com\/profile.php?id=100086306444643","article_published_time":"2025-09-30T02:19:47+00:00","article_modified_time":"2025-09-30T02:19:51+00:00","og_image":[{"width":281,"height":311,"url":"https:\/\/turadio.com.co\/wp-content\/uploads\/2025\/09\/Sin-titulo.jpg","type":"image\/jpeg"}],"author":"turadio","twitter_card":"summary_large_image","twitter_misc":{"Escrito por":"turadio","Tiempo de lectura":"2 minutos"},"schema":{"@context":"https:\/\/schema.org","@graph":[{"@type":"Article","@id":"https:\/\/turadio.com.co\/?p=1682#article","isPartOf":{"@id":"https:\/\/turadio.com.co\/?p=1682"},"author":{"name":"turadio","@id":"https:\/\/turadio.com.co\/#\/schema\/person\/a336ad8dcc0120ef37278ad35b4f64fe"},"headline":"*PRESIDENTE GUSTAVO PETRO PROPUSO CAMBIAR LA SEDE DE LA ONU LUEGO DE QUE SU VISA DE ESTADOS UNIDOS FUE REVOCADA*","datePublished":"2025-09-30T02:19:47+00:00","dateModified":"2025-09-30T02:19:51+00:00","mainEntityOfPage":{"@id":"https:\/\/turadio.com.co\/?p=1682"},"wordCount":269,"commentCount":0,"publisher":{"@id":"https:\/\/turadio.com.co\/#organization"},"image":{"@id":"https:\/\/turadio.com.co\/?p=1682#primaryimage"},"thumbnailUrl":"https:\/\/turadio.com.co\/wp-content\/uploads\/2025\/09\/Sin-titulo.jpg","articleSection":["Internacionales"],"inLanguage":"es","potentialAction":[{"@type":"CommentAction","name":"Comment","target":["https:\/\/turadio.com.co\/?p=1682#respond"]}]},{"@type":"WebPage","@id":"https:\/\/turadio.com.co\/?p=1682","url":"https:\/\/turadio.com.co\/?p=1682","name":"*PRESIDENTE GUSTAVO PETRO PROPUSO CAMBIAR LA SEDE DE LA ONU LUEGO DE QUE SU VISA DE ESTADOS UNIDOS FUE REVOCADA* - Tu Radio","isPartOf":{"@id":"https:\/\/turadio.com.co\/#website"},"primaryImageOfPage":{"@id":"https:\/\/turadio.com.co\/?p=1682#primaryimage"},"image":{"@id":"https:\/\/turadio.com.co\/?p=1682#primaryimage"},"thumbnailUrl":"https:\/\/turadio.com.co\/wp-content\/uploads\/2025\/09\/Sin-titulo.jpg","datePublished":"2025-09-30T02:19:47+00:00","dateModified":"2025-09-30T02:19:51+00:00","breadcrumb":{"@id":"https:\/\/turadio.com.co\/?p=1682#breadcrumb"},"inLanguage":"es","potentialAction":[{"@type":"ReadAction","target":["https:\/\/turadio.com.co\/?p=1682"]}]},{"@type":"ImageObject","inLanguage":"es","@id":"https:\/\/turadio.com.co\/?p=1682#primaryimage","url":"https:\/\/turadio.com.co\/wp-content\/uploads\/2025\/09\/Sin-titulo.jpg","contentUrl":"https:\/\/turadio.com.co\/wp-content\/uploads\/2025\/09\/Sin-titulo.jpg","width":281,"height":311},{"@type":"BreadcrumbList","@id":"https:\/\/turadio.com.co\/?p=1682#breadcrumb","itemListElement":[{"@type":"ListItem","position":1,"name":"Portada","item":"https:\/\/turadio.com.co\/"},{"@type":"ListItem","position":2,"name":"*PRESIDENTE GUSTAVO PETRO PROPUSO CAMBIAR LA SEDE DE LA ONU LUEGO DE QUE SU VISA DE ESTADOS UNIDOS FUE REVOCADA*"}]},{"@type":"WebSite","@id":"https:\/\/turadio.com.co\/#website","url":"https:\/\/turadio.com.co\/","name":"Tu Radio","description":"","publisher":{"@id":"https:\/\/turadio.com.co\/#organization"},"potentialAction":[{"@type":"SearchAction","target":{"@type":"EntryPoint","urlTemplate":"https:\/\/turadio.com.co\/?s={search_term_string}"},"query-input":{"@type":"PropertyValueSpecification","valueRequired":true,"valueName":"search_term_string"}}],"inLanguage":"es"},{"@type":"Organization","@id":"https:\/\/turadio.com.co\/#organization","name":"Tu Radio","url":"https:\/\/turadio.com.co\/","logo":{"@type":"ImageObject","inLanguage":"es","@id":"https:\/\/turadio.com.co\/#\/schema\/logo\/image\/","url":"https:\/\/turadio.com.co\/wp-content\/uploads\/2025\/07\/logo.png","contentUrl":"https:\/\/turadio.com.co\/wp-content\/uploads\/2025\/07\/logo.png","width":366,"height":91,"caption":"Tu Radio"},"image":{"@id":"https:\/\/turadio.com.co\/#\/schema\/logo\/image\/"}},{"@type":"Person","@id":"https:\/\/turadio.com.co\/#\/schema\/person\/a336ad8dcc0120ef37278ad35b4f64fe","name":"turadio","image":{"@type":"ImageObject","inLanguage":"es","@id":"https:\/\/secure.gravatar.com\/avatar\/e905fb228be0ae401b494278f04ccb4a7d2e839822ca560083e0b3a15f6c8669?s=96&d=mm&r=g","url":"https:\/\/secure.gravatar.com\/avatar\/e905fb228be0ae401b494278f04ccb4a7d2e839822ca560083e0b3a15f6c8669?s=96&d=mm&r=g","contentUrl":"https:\/\/secure.gravatar.com\/avatar\/e905fb228be0ae401b494278f04ccb4a7d2e839822ca560083e0b3a15f6c8669?s=96&d=mm&r=g","caption":"turadio"},"sameAs":["https:\/\/turadio.com.co","https:\/\/www.facebook.com\/profile.php?id=100086306444643","https:\/\/www.instagram.com\/turadio23\/","https:\/\/www.youtube.com\/@TuRadiomonteria"],"url":"https:\/\/turadio.com.co\/?author=1"}]}},"_links":{"self":[{"href":"https:\/\/turadio.com.co\/index.php?rest_route=\/wp\/v2\/posts\/1682","targetHints":{"allow":["GET"]}}],"collection":[{"href":"https:\/\/turadio.com.co\/index.php?rest_route=\/wp\/v2\/posts"}],"about":[{"href":"https:\/\/turadio.com.co\/index.php?rest_route=\/wp\/v2\/types\/post"}],"author":[{"embeddable":true,"href":"https:\/\/turadio.com.co\/index.php?rest_route=\/wp\/v2\/users\/1"}],"replies":[{"embeddable":true,"href":"https:\/\/turadio.com.co\/index.php?rest_route=%2Fwp%2Fv2%2Fcomments&post=1682"}],"version-history":[{"count":1,"href":"https:\/\/turadio.com.co\/index.php?rest_route=\/wp\/v2\/posts\/1682\/revisions"}],"predecessor-version":[{"id":1684,"href":"https:\/\/turadio.com.co\/index.php?rest_route=\/wp\/v2\/posts\/1682\/revisions\/1684"}],"wp:featuredmedia":[{"embeddable":true,"href":"https:\/\/turadio.com.co\/index.php?rest_route=\/wp\/v2\/media\/1683"}],"wp:attachment":[{"href":"https:\/\/turadio.com.co\/index.php?rest_route=%2Fwp%2Fv2%2Fmedia&parent=1682"}],"wp:term":[{"taxonomy":"category","embeddable":true,"href":"https:\/\/turadio.com.co\/index.php?rest_route=%2Fwp%2Fv2%2Fcategories&post=1682"},{"taxonomy":"post_tag","embeddable":true,"href":"https:\/\/turadio.com.co\/index.php?rest_route=%2Fwp%2Fv2%2Ftags&post=1682"}],"curies":[{"name":"wp","href":"https:\/\/api.w.org\/{rel}","templated":true}]}}