{"id":2558,"date":"2025-11-12T19:15:44","date_gmt":"2025-11-12T19:15:44","guid":{"rendered":"https:\/\/turadio.com.co\/?p=2558"},"modified":"2025-11-12T19:15:48","modified_gmt":"2025-11-12T19:15:48","slug":"gobernador-erasmo-zuleta-muestra-potencial-turistico-y-de-inversion-al-empresario-german-efromovich","status":"publish","type":"post","link":"https:\/\/turadio.com.co\/?p=2558","title":{"rendered":"*GOBERNADOR ERASMO ZULETA MUESTRA POTENCIAL TUR\u00cdSTICO Y DE INVERSI\u00d3N AL EMPRESARIO GERM\u00c1N EFROMOVICH*"},"content":{"rendered":"\n<p>Monter\u00eda, 12 de noviembre de 2025.- El gobernador de C\u00f3rdoba, Erasmo Zuleta Bechara, recibi\u00f3 en el departamento al destacado empresario Germ\u00e1n Efromovich, reconocido a nivel internacional por su trayectoria en sectores como el turismo, el petr\u00f3leo y las aerol\u00edneas.<\/p>\n\n\n\n<p>Durante la jornada, el mandatario departamental comparti\u00f3 con el empresario la grandeza, diversidad y oportunidades que ofrece C\u00f3rdoba como destino estrat\u00e9gico para la inversi\u00f3n y el desarrollo sostenible.<\/p>\n\n\n\n<figure class=\"wp-block-image size-large\"><img loading=\"lazy\" decoding=\"async\" width=\"1024\" height=\"683\" src=\"https:\/\/turadio.com.co\/wp-content\/uploads\/2025\/11\/WhatsApp-Image-2025-11-12-at-2.05.54-PM-2-1024x683.jpeg\" alt=\"\" class=\"wp-image-2560\" srcset=\"https:\/\/turadio.com.co\/wp-content\/uploads\/2025\/11\/WhatsApp-Image-2025-11-12-at-2.05.54-PM-2-1024x683.jpeg 1024w, https:\/\/turadio.com.co\/wp-content\/uploads\/2025\/11\/WhatsApp-Image-2025-11-12-at-2.05.54-PM-2-300x200.jpeg 300w, https:\/\/turadio.com.co\/wp-content\/uploads\/2025\/11\/WhatsApp-Image-2025-11-12-at-2.05.54-PM-2-768x512.jpeg 768w, https:\/\/turadio.com.co\/wp-content\/uploads\/2025\/11\/WhatsApp-Image-2025-11-12-at-2.05.54-PM-2-600x400.jpeg 600w, https:\/\/turadio.com.co\/wp-content\/uploads\/2025\/11\/WhatsApp-Image-2025-11-12-at-2.05.54-PM-2.jpeg 1280w\" sizes=\"auto, (max-width: 1024px) 100vw, 1024px\" \/><\/figure>\n\n\n\n<p>El recorrido incluy\u00f3 una visita al municipio de San Antero, donde se destac\u00f3 su enorme potencial de crecimiento dentro de la zona costanera, as\u00ed como al Pueblito Cordob\u00e9s, espacio emblem\u00e1tico en el que la Gobernaci\u00f3n proyecta la construcci\u00f3n del mejor centro de eventos del Caribe colombiano, una infraestructura que impulsar\u00e1 el turismo, la cultura y los negocios de toda la regi\u00f3n.<\/p>\n\n\n\n<p>&nbsp;\u201cRecibimos a este gran empresario, no s\u00f3lo de Colombia sino del mundo. Le queremos mostrar la grandeza de C\u00f3rdoba, la riqueza tur\u00edstica y el gran potencial que tenemos. Somos el mejor departamento de Colombia y necesitamos inversi\u00f3n para seguir creciendo. Tenemos todas las condiciones para crecer como un gran destino tur\u00edstico\u201d, afirm\u00f3 el gobernador Erasmo Zuleta Bechara.<\/p>\n\n\n\n<figure class=\"wp-block-image size-large\"><img loading=\"lazy\" decoding=\"async\" width=\"1024\" height=\"683\" src=\"https:\/\/turadio.com.co\/wp-content\/uploads\/2025\/11\/WhatsApp-Image-2025-11-12-at-2.05.54-PM-1-1024x683.jpeg\" alt=\"\" class=\"wp-image-2561\" srcset=\"https:\/\/turadio.com.co\/wp-content\/uploads\/2025\/11\/WhatsApp-Image-2025-11-12-at-2.05.54-PM-1-1024x683.jpeg 1024w, https:\/\/turadio.com.co\/wp-content\/uploads\/2025\/11\/WhatsApp-Image-2025-11-12-at-2.05.54-PM-1-300x200.jpeg 300w, https:\/\/turadio.com.co\/wp-content\/uploads\/2025\/11\/WhatsApp-Image-2025-11-12-at-2.05.54-PM-1-768x512.jpeg 768w, https:\/\/turadio.com.co\/wp-content\/uploads\/2025\/11\/WhatsApp-Image-2025-11-12-at-2.05.54-PM-1-600x400.jpeg 600w, https:\/\/turadio.com.co\/wp-content\/uploads\/2025\/11\/WhatsApp-Image-2025-11-12-at-2.05.54-PM-1.jpeg 1280w\" sizes=\"auto, (max-width: 1024px) 100vw, 1024px\" \/><\/figure>\n\n\n\n<p>Por su parte, Germ\u00e1n Efromovich destac\u00f3 la visi\u00f3n del mandatario y las oportunidades que ofrece el departamento.<\/p>\n\n\n\n<p>\u201cHoy d\u00eda con la invitaci\u00f3n del gobernador sobrevolamos muchas \u00e1reas para ver agricultura, turismo, hoteler\u00eda. Realmente un lugar que se puede hacer todo, todo est\u00e1 para hacerse. Y el vigor de este joven gobernador y el entusiasmo de este se\u00f1or es una cosa impresionante. Lo anima uno y le digo que ustedes cordobeses est\u00e1n muy bien servidos y pueden escribir lo que le digo hoy: cuando llegue de aqu\u00ed a tres, cuatro a\u00f1os, ustedes van a hacer una foto de 2028 y una foto de 2024, van a ver la gran diferencia que este joven y el legado que este joven dej\u00f3\u201d, mencion\u00f3 el empresario.<\/p>\n\n\n\n<figure class=\"wp-block-image size-large\"><img loading=\"lazy\" decoding=\"async\" width=\"1024\" height=\"683\" src=\"https:\/\/turadio.com.co\/wp-content\/uploads\/2025\/11\/WhatsApp-Image-2025-11-12-at-2.05.53-PM-1024x683.jpeg\" alt=\"\" class=\"wp-image-2562\" srcset=\"https:\/\/turadio.com.co\/wp-content\/uploads\/2025\/11\/WhatsApp-Image-2025-11-12-at-2.05.53-PM-1024x683.jpeg 1024w, https:\/\/turadio.com.co\/wp-content\/uploads\/2025\/11\/WhatsApp-Image-2025-11-12-at-2.05.53-PM-300x200.jpeg 300w, https:\/\/turadio.com.co\/wp-content\/uploads\/2025\/11\/WhatsApp-Image-2025-11-12-at-2.05.53-PM-768x512.jpeg 768w, https:\/\/turadio.com.co\/wp-content\/uploads\/2025\/11\/WhatsApp-Image-2025-11-12-at-2.05.53-PM-600x400.jpeg 600w, https:\/\/turadio.com.co\/wp-content\/uploads\/2025\/11\/WhatsApp-Image-2025-11-12-at-2.05.53-PM.jpeg 1280w\" sizes=\"auto, (max-width: 1024px) 100vw, 1024px\" \/><\/figure>\n\n\n\n<p>Con esta visita, el Gobierno de C\u00f3rdoba busca abrir nuevos mercados de inversi\u00f3n para el territorio y reafirma su compromiso con la promoci\u00f3n del departamento como destino tur\u00edstico y de inversi\u00f3n, fortaleciendo su proyecci\u00f3n nacional e internacional.<\/p>\n","protected":false},"excerpt":{"rendered":"<p>Monter\u00eda, 12 de noviembre de 2025.- El gobernador de C\u00f3rdoba, Erasmo Zuleta Bechara, recibi\u00f3 en el departamento al destacado empresario Germ\u00e1n Efromovich, reconocido a nivel internacional por su trayectoria en sectores como el turismo, el petr\u00f3leo y las aerol\u00edneas. Durante la jornada, el mandatario departamental comparti\u00f3 con el empresario la grandeza, diversidad y oportunidades que&#8230;<\/p>\n","protected":false},"author":1,"featured_media":2559,"comment_status":"open","ping_status":"open","sticky":false,"template":"","format":"standard","meta":{"footnotes":""},"categories":[13],"tags":[],"class_list":["post-2558","post","type-post","status-publish","format-standard","has-post-thumbnail","hentry","category-cordoba"],"yoast_head":"<!-- This site is optimized with the Yoast SEO plugin v27.5 - https:\/\/yoast.com\/product\/yoast-seo-wordpress\/ -->\n<title>*GOBERNADOR ERASMO ZULETA MUESTRA POTENCIAL TUR\u00cdSTICO Y DE INVERSI\u00d3N AL EMPRESARIO GERM\u00c1N EFROMOVICH* - Tu Radio<\/title>\n<meta name=\"robots\" content=\"index, follow, max-snippet:-1, max-image-preview:large, max-video-preview:-1\" \/>\n<link rel=\"canonical\" href=\"https:\/\/turadio.com.co\/?p=2558\" \/>\n<meta property=\"og:locale\" content=\"es_ES\" \/>\n<meta property=\"og:type\" content=\"article\" \/>\n<meta property=\"og:title\" content=\"*GOBERNADOR ERASMO ZULETA MUESTRA POTENCIAL TUR\u00cdSTICO Y DE INVERSI\u00d3N AL EMPRESARIO GERM\u00c1N EFROMOVICH* - Tu Radio\" \/>\n<meta property=\"og:description\" content=\"Monter\u00eda, 12 de noviembre de 2025.- El gobernador de C\u00f3rdoba, Erasmo Zuleta Bechara, recibi\u00f3 en el departamento al destacado empresario Germ\u00e1n Efromovich, reconocido a nivel internacional por su trayectoria en sectores como el turismo, el petr\u00f3leo y las aerol\u00edneas. Durante la jornada, el mandatario departamental comparti\u00f3 con el empresario la grandeza, diversidad y oportunidades que...\" \/>\n<meta property=\"og:url\" content=\"https:\/\/turadio.com.co\/?p=2558\" \/>\n<meta property=\"og:site_name\" content=\"Tu Radio\" \/>\n<meta property=\"article:author\" content=\"https:\/\/www.facebook.com\/profile.php?id=100086306444643\" \/>\n<meta property=\"article:published_time\" content=\"2025-11-12T19:15:44+00:00\" \/>\n<meta property=\"article:modified_time\" content=\"2025-11-12T19:15:48+00:00\" \/>\n<meta property=\"og:image\" content=\"https:\/\/turadio.com.co\/wp-content\/uploads\/2025\/11\/WhatsApp-Image-2025-11-12-at-2.05.52-PM.jpeg\" \/>\n\t<meta property=\"og:image:width\" content=\"854\" \/>\n\t<meta property=\"og:image:height\" content=\"1280\" \/>\n\t<meta property=\"og:image:type\" content=\"image\/jpeg\" \/>\n<meta name=\"author\" content=\"turadio\" \/>\n<meta name=\"twitter:card\" content=\"summary_large_image\" \/>\n<meta name=\"twitter:label1\" content=\"Escrito por\" \/>\n\t<meta name=\"twitter:data1\" content=\"turadio\" \/>\n\t<meta name=\"twitter:label2\" content=\"Tiempo de lectura\" \/>\n\t<meta name=\"twitter:data2\" content=\"3 minutos\" \/>\n<script type=\"application\/ld+json\" class=\"yoast-schema-graph\">{\"@context\":\"https:\\\/\\\/schema.org\",\"@graph\":[{\"@type\":\"Article\",\"@id\":\"https:\\\/\\\/turadio.com.co\\\/?p=2558#article\",\"isPartOf\":{\"@id\":\"https:\\\/\\\/turadio.com.co\\\/?p=2558\"},\"author\":{\"name\":\"turadio\",\"@id\":\"https:\\\/\\\/turadio.com.co\\\/#\\\/schema\\\/person\\\/a336ad8dcc0120ef37278ad35b4f64fe\"},\"headline\":\"*GOBERNADOR ERASMO ZULETA MUESTRA POTENCIAL TUR\u00cdSTICO Y DE INVERSI\u00d3N AL EMPRESARIO GERM\u00c1N EFROMOVICH*\",\"datePublished\":\"2025-11-12T19:15:44+00:00\",\"dateModified\":\"2025-11-12T19:15:48+00:00\",\"mainEntityOfPage\":{\"@id\":\"https:\\\/\\\/turadio.com.co\\\/?p=2558\"},\"wordCount\":390,\"commentCount\":0,\"publisher\":{\"@id\":\"https:\\\/\\\/turadio.com.co\\\/#organization\"},\"image\":{\"@id\":\"https:\\\/\\\/turadio.com.co\\\/?p=2558#primaryimage\"},\"thumbnailUrl\":\"https:\\\/\\\/turadio.com.co\\\/wp-content\\\/uploads\\\/2025\\\/11\\\/WhatsApp-Image-2025-11-12-at-2.05.52-PM.jpeg\",\"articleSection\":[\"C\u00f3rdoba\"],\"inLanguage\":\"es\",\"potentialAction\":[{\"@type\":\"CommentAction\",\"name\":\"Comment\",\"target\":[\"https:\\\/\\\/turadio.com.co\\\/?p=2558#respond\"]}]},{\"@type\":\"WebPage\",\"@id\":\"https:\\\/\\\/turadio.com.co\\\/?p=2558\",\"url\":\"https:\\\/\\\/turadio.com.co\\\/?p=2558\",\"name\":\"*GOBERNADOR ERASMO ZULETA MUESTRA POTENCIAL TUR\u00cdSTICO Y DE INVERSI\u00d3N AL EMPRESARIO GERM\u00c1N EFROMOVICH* - Tu Radio\",\"isPartOf\":{\"@id\":\"https:\\\/\\\/turadio.com.co\\\/#website\"},\"primaryImageOfPage\":{\"@id\":\"https:\\\/\\\/turadio.com.co\\\/?p=2558#primaryimage\"},\"image\":{\"@id\":\"https:\\\/\\\/turadio.com.co\\\/?p=2558#primaryimage\"},\"thumbnailUrl\":\"https:\\\/\\\/turadio.com.co\\\/wp-content\\\/uploads\\\/2025\\\/11\\\/WhatsApp-Image-2025-11-12-at-2.05.52-PM.jpeg\",\"datePublished\":\"2025-11-12T19:15:44+00:00\",\"dateModified\":\"2025-11-12T19:15:48+00:00\",\"breadcrumb\":{\"@id\":\"https:\\\/\\\/turadio.com.co\\\/?p=2558#breadcrumb\"},\"inLanguage\":\"es\",\"potentialAction\":[{\"@type\":\"ReadAction\",\"target\":[\"https:\\\/\\\/turadio.com.co\\\/?p=2558\"]}]},{\"@type\":\"ImageObject\",\"inLanguage\":\"es\",\"@id\":\"https:\\\/\\\/turadio.com.co\\\/?p=2558#primaryimage\",\"url\":\"https:\\\/\\\/turadio.com.co\\\/wp-content\\\/uploads\\\/2025\\\/11\\\/WhatsApp-Image-2025-11-12-at-2.05.52-PM.jpeg\",\"contentUrl\":\"https:\\\/\\\/turadio.com.co\\\/wp-content\\\/uploads\\\/2025\\\/11\\\/WhatsApp-Image-2025-11-12-at-2.05.52-PM.jpeg\",\"width\":854,\"height\":1280},{\"@type\":\"BreadcrumbList\",\"@id\":\"https:\\\/\\\/turadio.com.co\\\/?p=2558#breadcrumb\",\"itemListElement\":[{\"@type\":\"ListItem\",\"position\":1,\"name\":\"Portada\",\"item\":\"https:\\\/\\\/turadio.com.co\\\/\"},{\"@type\":\"ListItem\",\"position\":2,\"name\":\"*GOBERNADOR ERASMO ZULETA MUESTRA POTENCIAL TUR\u00cdSTICO Y DE INVERSI\u00d3N AL EMPRESARIO GERM\u00c1N EFROMOVICH*\"}]},{\"@type\":\"WebSite\",\"@id\":\"https:\\\/\\\/turadio.com.co\\\/#website\",\"url\":\"https:\\\/\\\/turadio.com.co\\\/\",\"name\":\"Tu Radio\",\"description\":\"\",\"publisher\":{\"@id\":\"https:\\\/\\\/turadio.com.co\\\/#organization\"},\"potentialAction\":[{\"@type\":\"SearchAction\",\"target\":{\"@type\":\"EntryPoint\",\"urlTemplate\":\"https:\\\/\\\/turadio.com.co\\\/?s={search_term_string}\"},\"query-input\":{\"@type\":\"PropertyValueSpecification\",\"valueRequired\":true,\"valueName\":\"search_term_string\"}}],\"inLanguage\":\"es\"},{\"@type\":\"Organization\",\"@id\":\"https:\\\/\\\/turadio.com.co\\\/#organization\",\"name\":\"Tu Radio\",\"url\":\"https:\\\/\\\/turadio.com.co\\\/\",\"logo\":{\"@type\":\"ImageObject\",\"inLanguage\":\"es\",\"@id\":\"https:\\\/\\\/turadio.com.co\\\/#\\\/schema\\\/logo\\\/image\\\/\",\"url\":\"https:\\\/\\\/turadio.com.co\\\/wp-content\\\/uploads\\\/2025\\\/07\\\/logo.png\",\"contentUrl\":\"https:\\\/\\\/turadio.com.co\\\/wp-content\\\/uploads\\\/2025\\\/07\\\/logo.png\",\"width\":366,\"height\":91,\"caption\":\"Tu Radio\"},\"image\":{\"@id\":\"https:\\\/\\\/turadio.com.co\\\/#\\\/schema\\\/logo\\\/image\\\/\"}},{\"@type\":\"Person\",\"@id\":\"https:\\\/\\\/turadio.com.co\\\/#\\\/schema\\\/person\\\/a336ad8dcc0120ef37278ad35b4f64fe\",\"name\":\"turadio\",\"image\":{\"@type\":\"ImageObject\",\"inLanguage\":\"es\",\"@id\":\"https:\\\/\\\/secure.gravatar.com\\\/avatar\\\/e905fb228be0ae401b494278f04ccb4a7d2e839822ca560083e0b3a15f6c8669?s=96&d=mm&r=g\",\"url\":\"https:\\\/\\\/secure.gravatar.com\\\/avatar\\\/e905fb228be0ae401b494278f04ccb4a7d2e839822ca560083e0b3a15f6c8669?s=96&d=mm&r=g\",\"contentUrl\":\"https:\\\/\\\/secure.gravatar.com\\\/avatar\\\/e905fb228be0ae401b494278f04ccb4a7d2e839822ca560083e0b3a15f6c8669?s=96&d=mm&r=g\",\"caption\":\"turadio\"},\"sameAs\":[\"https:\\\/\\\/turadio.com.co\",\"https:\\\/\\\/www.facebook.com\\\/profile.php?id=100086306444643\",\"https:\\\/\\\/www.instagram.com\\\/turadio23\\\/\",\"https:\\\/\\\/www.youtube.com\\\/@TuRadiomonteria\"],\"url\":\"https:\\\/\\\/turadio.com.co\\\/?author=1\"}]}<\/script>\n<!-- \/ Yoast SEO plugin. -->","yoast_head_json":{"title":"*GOBERNADOR ERASMO ZULETA MUESTRA POTENCIAL TUR\u00cdSTICO Y DE INVERSI\u00d3N AL EMPRESARIO GERM\u00c1N EFROMOVICH* - Tu Radio","robots":{"index":"index","follow":"follow","max-snippet":"max-snippet:-1","max-image-preview":"max-image-preview:large","max-video-preview":"max-video-preview:-1"},"canonical":"https:\/\/turadio.com.co\/?p=2558","og_locale":"es_ES","og_type":"article","og_title":"*GOBERNADOR ERASMO ZULETA MUESTRA POTENCIAL TUR\u00cdSTICO Y DE INVERSI\u00d3N AL EMPRESARIO GERM\u00c1N EFROMOVICH* - Tu Radio","og_description":"Monter\u00eda, 12 de noviembre de 2025.- El gobernador de C\u00f3rdoba, Erasmo Zuleta Bechara, recibi\u00f3 en el departamento al destacado empresario Germ\u00e1n Efromovich, reconocido a nivel internacional por su trayectoria en sectores como el turismo, el petr\u00f3leo y las aerol\u00edneas. Durante la jornada, el mandatario departamental comparti\u00f3 con el empresario la grandeza, diversidad y oportunidades que...","og_url":"https:\/\/turadio.com.co\/?p=2558","og_site_name":"Tu Radio","article_author":"https:\/\/www.facebook.com\/profile.php?id=100086306444643","article_published_time":"2025-11-12T19:15:44+00:00","article_modified_time":"2025-11-12T19:15:48+00:00","og_image":[{"width":854,"height":1280,"url":"https:\/\/turadio.com.co\/wp-content\/uploads\/2025\/11\/WhatsApp-Image-2025-11-12-at-2.05.52-PM.jpeg","type":"image\/jpeg"}],"author":"turadio","twitter_card":"summary_large_image","twitter_misc":{"Escrito por":"turadio","Tiempo de lectura":"3 minutos"},"schema":{"@context":"https:\/\/schema.org","@graph":[{"@type":"Article","@id":"https:\/\/turadio.com.co\/?p=2558#article","isPartOf":{"@id":"https:\/\/turadio.com.co\/?p=2558"},"author":{"name":"turadio","@id":"https:\/\/turadio.com.co\/#\/schema\/person\/a336ad8dcc0120ef37278ad35b4f64fe"},"headline":"*GOBERNADOR ERASMO ZULETA MUESTRA POTENCIAL TUR\u00cdSTICO Y DE INVERSI\u00d3N AL EMPRESARIO GERM\u00c1N EFROMOVICH*","datePublished":"2025-11-12T19:15:44+00:00","dateModified":"2025-11-12T19:15:48+00:00","mainEntityOfPage":{"@id":"https:\/\/turadio.com.co\/?p=2558"},"wordCount":390,"commentCount":0,"publisher":{"@id":"https:\/\/turadio.com.co\/#organization"},"image":{"@id":"https:\/\/turadio.com.co\/?p=2558#primaryimage"},"thumbnailUrl":"https:\/\/turadio.com.co\/wp-content\/uploads\/2025\/11\/WhatsApp-Image-2025-11-12-at-2.05.52-PM.jpeg","articleSection":["C\u00f3rdoba"],"inLanguage":"es","potentialAction":[{"@type":"CommentAction","name":"Comment","target":["https:\/\/turadio.com.co\/?p=2558#respond"]}]},{"@type":"WebPage","@id":"https:\/\/turadio.com.co\/?p=2558","url":"https:\/\/turadio.com.co\/?p=2558","name":"*GOBERNADOR ERASMO ZULETA MUESTRA POTENCIAL TUR\u00cdSTICO Y DE INVERSI\u00d3N AL EMPRESARIO GERM\u00c1N EFROMOVICH* - Tu Radio","isPartOf":{"@id":"https:\/\/turadio.com.co\/#website"},"primaryImageOfPage":{"@id":"https:\/\/turadio.com.co\/?p=2558#primaryimage"},"image":{"@id":"https:\/\/turadio.com.co\/?p=2558#primaryimage"},"thumbnailUrl":"https:\/\/turadio.com.co\/wp-content\/uploads\/2025\/11\/WhatsApp-Image-2025-11-12-at-2.05.52-PM.jpeg","datePublished":"2025-11-12T19:15:44+00:00","dateModified":"2025-11-12T19:15:48+00:00","breadcrumb":{"@id":"https:\/\/turadio.com.co\/?p=2558#breadcrumb"},"inLanguage":"es","potentialAction":[{"@type":"ReadAction","target":["https:\/\/turadio.com.co\/?p=2558"]}]},{"@type":"ImageObject","inLanguage":"es","@id":"https:\/\/turadio.com.co\/?p=2558#primaryimage","url":"https:\/\/turadio.com.co\/wp-content\/uploads\/2025\/11\/WhatsApp-Image-2025-11-12-at-2.05.52-PM.jpeg","contentUrl":"https:\/\/turadio.com.co\/wp-content\/uploads\/2025\/11\/WhatsApp-Image-2025-11-12-at-2.05.52-PM.jpeg","width":854,"height":1280},{"@type":"BreadcrumbList","@id":"https:\/\/turadio.com.co\/?p=2558#breadcrumb","itemListElement":[{"@type":"ListItem","position":1,"name":"Portada","item":"https:\/\/turadio.com.co\/"},{"@type":"ListItem","position":2,"name":"*GOBERNADOR ERASMO ZULETA MUESTRA POTENCIAL TUR\u00cdSTICO Y DE INVERSI\u00d3N AL EMPRESARIO GERM\u00c1N EFROMOVICH*"}]},{"@type":"WebSite","@id":"https:\/\/turadio.com.co\/#website","url":"https:\/\/turadio.com.co\/","name":"Tu Radio","description":"","publisher":{"@id":"https:\/\/turadio.com.co\/#organization"},"potentialAction":[{"@type":"SearchAction","target":{"@type":"EntryPoint","urlTemplate":"https:\/\/turadio.com.co\/?s={search_term_string}"},"query-input":{"@type":"PropertyValueSpecification","valueRequired":true,"valueName":"search_term_string"}}],"inLanguage":"es"},{"@type":"Organization","@id":"https:\/\/turadio.com.co\/#organization","name":"Tu Radio","url":"https:\/\/turadio.com.co\/","logo":{"@type":"ImageObject","inLanguage":"es","@id":"https:\/\/turadio.com.co\/#\/schema\/logo\/image\/","url":"https:\/\/turadio.com.co\/wp-content\/uploads\/2025\/07\/logo.png","contentUrl":"https:\/\/turadio.com.co\/wp-content\/uploads\/2025\/07\/logo.png","width":366,"height":91,"caption":"Tu Radio"},"image":{"@id":"https:\/\/turadio.com.co\/#\/schema\/logo\/image\/"}},{"@type":"Person","@id":"https:\/\/turadio.com.co\/#\/schema\/person\/a336ad8dcc0120ef37278ad35b4f64fe","name":"turadio","image":{"@type":"ImageObject","inLanguage":"es","@id":"https:\/\/secure.gravatar.com\/avatar\/e905fb228be0ae401b494278f04ccb4a7d2e839822ca560083e0b3a15f6c8669?s=96&d=mm&r=g","url":"https:\/\/secure.gravatar.com\/avatar\/e905fb228be0ae401b494278f04ccb4a7d2e839822ca560083e0b3a15f6c8669?s=96&d=mm&r=g","contentUrl":"https:\/\/secure.gravatar.com\/avatar\/e905fb228be0ae401b494278f04ccb4a7d2e839822ca560083e0b3a15f6c8669?s=96&d=mm&r=g","caption":"turadio"},"sameAs":["https:\/\/turadio.com.co","https:\/\/www.facebook.com\/profile.php?id=100086306444643","https:\/\/www.instagram.com\/turadio23\/","https:\/\/www.youtube.com\/@TuRadiomonteria"],"url":"https:\/\/turadio.com.co\/?author=1"}]}},"_links":{"self":[{"href":"https:\/\/turadio.com.co\/index.php?rest_route=\/wp\/v2\/posts\/2558","targetHints":{"allow":["GET"]}}],"collection":[{"href":"https:\/\/turadio.com.co\/index.php?rest_route=\/wp\/v2\/posts"}],"about":[{"href":"https:\/\/turadio.com.co\/index.php?rest_route=\/wp\/v2\/types\/post"}],"author":[{"embeddable":true,"href":"https:\/\/turadio.com.co\/index.php?rest_route=\/wp\/v2\/users\/1"}],"replies":[{"embeddable":true,"href":"https:\/\/turadio.com.co\/index.php?rest_route=%2Fwp%2Fv2%2Fcomments&post=2558"}],"version-history":[{"count":1,"href":"https:\/\/turadio.com.co\/index.php?rest_route=\/wp\/v2\/posts\/2558\/revisions"}],"predecessor-version":[{"id":2563,"href":"https:\/\/turadio.com.co\/index.php?rest_route=\/wp\/v2\/posts\/2558\/revisions\/2563"}],"wp:featuredmedia":[{"embeddable":true,"href":"https:\/\/turadio.com.co\/index.php?rest_route=\/wp\/v2\/media\/2559"}],"wp:attachment":[{"href":"https:\/\/turadio.com.co\/index.php?rest_route=%2Fwp%2Fv2%2Fmedia&parent=2558"}],"wp:term":[{"taxonomy":"category","embeddable":true,"href":"https:\/\/turadio.com.co\/index.php?rest_route=%2Fwp%2Fv2%2Fcategories&post=2558"},{"taxonomy":"post_tag","embeddable":true,"href":"https:\/\/turadio.com.co\/index.php?rest_route=%2Fwp%2Fv2%2Ftags&post=2558"}],"curies":[{"name":"wp","href":"https:\/\/api.w.org\/{rel}","templated":true}]}}