{"id":3427,"date":"2025-12-25T15:52:29","date_gmt":"2025-12-25T15:52:29","guid":{"rendered":"https:\/\/turadio.com.co\/?p=3427"},"modified":"2025-12-25T15:52:29","modified_gmt":"2025-12-25T15:52:29","slug":"la-humanidad-estuvo-cerca-de-la-extincion-hace-900-000-anos","status":"publish","type":"post","link":"https:\/\/turadio.com.co\/?p=3427","title":{"rendered":"La humanidad estuvo cerca de la extinci\u00f3n hace 900.000 a\u00f1os."},"content":{"rendered":"<p>Hace aproximadamente 900.000 a\u00f1os, los antepasados de los humanos modernos atravesaron un per\u00edodo cr\u00edtico en su evoluci\u00f3n y estuvieron cerca de la extinci\u00f3n. Un estudio sugiere que la poblaci\u00f3n humana se redujo dr\u00e1sticamente a solo\u00a0<strong>1.280 individuos reproductores\u00a0<\/strong>y se mantuvo en esta cifra extremadamente baja durante 117.000 a\u00f1os. Este fen\u00f3meno, conocido como cuello de botella gen\u00e9tico, pudo haber puesto en peligro la existencia misma de la humanidad. Los investigadores lograron inferir este evento analizando secuencias gen\u00f3micas modernas mediante un novedoso m\u00e9todo computacional, explicando as\u00ed una brecha en el registro f\u00f3sil que hab\u00eda desconcertado a los cient\u00edficos durante d\u00e9cadas.<\/p>\n<p>&nbsp;<\/p>\n<h2><strong>El misterioso cuello de botella que casi nos lleva a la extinci\u00f3n<\/strong><\/h2>\n<p>&nbsp;<\/p>\n<p>El hallazgo se realiz\u00f3 utilizando un m\u00e9todo innovador llamado FitCoal (proceso de coalescencia de tiempo infinitesimal r\u00e1pido), el cual permiti\u00f3 a los cient\u00edficos examinar datos gen\u00f3micos actuales para reconstruir la historia demogr\u00e1fica de los humanos. A trav\u00e9s del an\u00e1lisis de m\u00e1s de\u00a0<strong>3.000 secuencias gen\u00f3micas<\/strong>, los investigadores determinaron que hace entre 930.000 y 813.000 a\u00f1os, la poblaci\u00f3n humana se redujo de manera dr\u00e1stica, alcanzando su punto m\u00e1s cr\u00edtico con solo 1.280 individuos en edad reproductiva.<\/p>\n<p>Los expertos sugieren que este cuello de botella que casi nos lleva a la extinci\u00f3n tuvo causas\u00a0<a href=\"https:\/\/cerebrodigital.net\/osos-polares-vistos-zonas-urbanas-canada\/\">clim\u00e1ticas<\/a>. Durante este per\u00edodo, ocurrieron eventos de glaciaci\u00f3n que transformaron dr\u00e1sticamente el planeta. Se registraron cambios en las temperaturas globales, sequ\u00edas severas y la p\u00e9rdida de numerosas especies que serv\u00edan como fuentes de alimento para los humanos primitivos. Estas condiciones extremas redujeron dr\u00e1sticamente la cantidad de recursos disponibles, lo que hizo que la supervivencia fuera una lucha constante. Uno de los datos m\u00e1s alarmantes revelados por este estudio es que alrededor del\u00a0<strong>65,85% de la diversidad gen\u00e9tica humana<\/strong>\u00a0se perdi\u00f3 en este proceso. La reducci\u00f3n dr\u00e1stica del n\u00famero de individuos gener\u00f3 un empobrecimiento del acervo gen\u00e9tico, lo que pudo haber aumentado la susceptibilidad de la poblaci\u00f3n a enfermedades y mutaciones perjudiciales. Este escenario habr\u00eda colocado a los antepasados de los Homo sapiens en una situaci\u00f3n sumamente vulnerable, con una alta probabilidad de extinci\u00f3n.<\/p>\n<p>A pesar de lo catastr\u00f3fico que pudo haber sido este evento, los cient\u00edficos tambi\u00e9n encontraron indicios de que este cuello de botella jug\u00f3 un papel clave en la\u00a0<a href=\"https:\/\/cerebrodigital.net\/perros-de-chernobil-rapida-evolucion\/\">evoluci\u00f3n humana<\/a>. Durante este per\u00edodo, se cree que ocurri\u00f3 la fusi\u00f3n de dos cromosomas ancestrales, dando origen al cromosoma 2 en los humanos modernos. Este proceso gen\u00e9tico, junto con la presi\u00f3n evolutiva de la \u00e9poca, pudo haber impulsado cambios biol\u00f3gicos importantes que definir\u00edan a nuestra especie.<\/p>\n<h2><strong>La brecha en el registro f\u00f3sil<\/strong><\/h2>\n<p>&nbsp;<\/p>\n<p>Uno de los aspectos m\u00e1s enigm\u00e1ticos de la evoluci\u00f3n humana es la\u00a0<strong>falta de f\u00f3siles<\/strong>\u00a0en ciertos per\u00edodos del Pleistoceno temprano y medio. Este estudio proporciona una explicaci\u00f3n convincente para esa laguna en el registro f\u00f3sil: la casi extinci\u00f3n de la especie. Si la poblaci\u00f3n humana se redujo a un n\u00famero tan peque\u00f1o, es l\u00f3gico que las evidencias arqueol\u00f3gicas sean escasas.<\/p>\n<p>La crisis poblacional pudo haber limitado la expansi\u00f3n de los asentamientos humanos, restringiendo su capacidad de dispersi\u00f3n geogr\u00e1fica. Con menos individuos, la probabilidad de que sus restos se conservaran como f\u00f3siles disminuy\u00f3 dr\u00e1sticamente. Adem\u00e1s, el estr\u00e9s ambiental y la lucha por la supervivencia pueden haber alterado las din\u00e1micas sociales, obligando a los grupos humanos a reorganizarse y modificar sus estrategias de vida.<\/p>\n<p>A medida que el clima comenz\u00f3 a volverse m\u00e1s favorable y la amenaza de extinci\u00f3n disminuy\u00f3, hace aproximadamente 813.000 a\u00f1os, la poblaci\u00f3n humana experiment\u00f3 una recuperaci\u00f3n significativa. Los investigadores creen que el control del fuego jug\u00f3 un papel fundamental en esta recuperaci\u00f3n, ya que permiti\u00f3 a los humanos cocinar alimentos, calentarse y protegerse de los depredadores. Esta innovaci\u00f3n tecnol\u00f3gica pudo haber sido clave para el posterior crecimiento poblacional y la expansi\u00f3n de la especie.<\/p>\n<h2><strong>Implicaciones en la evoluci\u00f3n humana<\/strong><\/h2>\n<p>&nbsp;<\/p>\n<p>El impacto de esta extinci\u00f3n en la evoluci\u00f3n de nuestra especie a\u00fan est\u00e1 siendo estudiado, pero los investigadores creen que las presiones selectivas derivadas del cuello de botella pudieron haber acelerado el desarrollo de caracter\u00edsticas fundamentales en los Homo sapiens.<\/p>\n<p>Uno de los aspectos m\u00e1s fascinantes de este estudio es la posibilidad de que la presi\u00f3n ambiental y la reducci\u00f3n de la diversidad gen\u00e9tica hayan facilitado la selecci\u00f3n de rasgos que promovieron la inteligencia y la capacidad de adaptaci\u00f3n. Se plantea la hip\u00f3tesis de que este per\u00edodo de crisis pudo haber influido en el desarrollo del cerebro humano, favoreciendo aquellos individuos con mayor capacidad cognitiva y habilidades para la resoluci\u00f3n de problemas.<\/p>\n<p>Otro aspecto relevante es la relaci\u00f3n entre este cuello de botella y la diferenciaci\u00f3n de los linajes humanos. Los investigadores creen que durante este per\u00edodo se produjo la divergencia entre los antepasados de los neandertales, los denisovanos y los Homo sapiens. La reducci\u00f3n dr\u00e1stica de la poblaci\u00f3n y la posterior recuperaci\u00f3n podr\u00edan haber facilitado la especiaci\u00f3n, dando origen a las distintas ramas de la familia humana.<\/p>\n<p><em><strong>El descubrimiento de este cuello de botella gen\u00e9tico ofrece una nueva perspectiva sobre la fragilidad de nuestra especie en sus primeras etapas. Aunque la humanidad estuvo al borde de la extinci\u00f3n, un peque\u00f1o grupo de individuos logr\u00f3 sobrevivir y sentar las bases para la evoluci\u00f3n del Homo sapiens. Este estudio no solo responde preguntas clave sobre la brecha en el registro f\u00f3sil, sino que tambi\u00e9n plantea nuevas interrogantes sobre c\u00f3mo estos eventos influyeron en nuestra biolog\u00eda y evoluci\u00f3n. La investigaci\u00f3n contin\u00faa, y con ella, la posibilidad de comprender mejor los factores que moldearon el destino de la humanidad.<\/strong><\/em><\/p>\n<p><em><strong>Una nota de: Cerebro Digital.<\/strong><\/em><\/p>\n","protected":false},"excerpt":{"rendered":"<p>Hace aproximadamente 900.000 a\u00f1os, los antepasados de los humanos modernos atravesaron un per\u00edodo cr\u00edtico en su evoluci\u00f3n y estuvieron cerca de la extinci\u00f3n. Un estudio sugiere que la poblaci\u00f3n humana se redujo dr\u00e1sticamente a solo\u00a01.280 individuos reproductores\u00a0y se mantuvo en esta cifra extremadamente baja durante 117.000 a\u00f1os. Este fen\u00f3meno, conocido como cuello de botella gen\u00e9tico,&#8230;<\/p>\n","protected":false},"author":1,"featured_media":3428,"comment_status":"open","ping_status":"open","sticky":false,"template":"","format":"standard","meta":{"footnotes":""},"categories":[2],"tags":[],"class_list":["post-3427","post","type-post","status-publish","format-standard","has-post-thumbnail","hentry","category-ciencia"],"yoast_head":"<!-- This site is optimized with the Yoast SEO plugin v27.5 - https:\/\/yoast.com\/product\/yoast-seo-wordpress\/ -->\n<title>La humanidad estuvo cerca de la extinci\u00f3n hace 900.000 a\u00f1os. - Tu Radio<\/title>\n<meta name=\"robots\" content=\"index, follow, max-snippet:-1, max-image-preview:large, max-video-preview:-1\" \/>\n<link rel=\"canonical\" href=\"https:\/\/turadio.com.co\/?p=3427\" \/>\n<meta property=\"og:locale\" content=\"es_ES\" \/>\n<meta property=\"og:type\" content=\"article\" \/>\n<meta property=\"og:title\" content=\"La humanidad estuvo cerca de la extinci\u00f3n hace 900.000 a\u00f1os. - Tu Radio\" \/>\n<meta property=\"og:description\" content=\"Hace aproximadamente 900.000 a\u00f1os, los antepasados de los humanos modernos atravesaron un per\u00edodo cr\u00edtico en su evoluci\u00f3n y estuvieron cerca de la extinci\u00f3n. Un estudio sugiere que la poblaci\u00f3n humana se redujo dr\u00e1sticamente a solo\u00a01.280 individuos reproductores\u00a0y se mantuvo en esta cifra extremadamente baja durante 117.000 a\u00f1os. Este fen\u00f3meno, conocido como cuello de botella gen\u00e9tico,...\" \/>\n<meta property=\"og:url\" content=\"https:\/\/turadio.com.co\/?p=3427\" \/>\n<meta property=\"og:site_name\" content=\"Tu Radio\" \/>\n<meta property=\"article:author\" content=\"https:\/\/www.facebook.com\/profile.php?id=100086306444643\" \/>\n<meta property=\"article:published_time\" content=\"2025-12-25T15:52:29+00:00\" \/>\n<meta property=\"og:image\" content=\"https:\/\/turadio.com.co\/wp-content\/uploads\/2025\/12\/portada-2.jpg\" \/>\n\t<meta property=\"og:image:width\" content=\"1280\" \/>\n\t<meta property=\"og:image:height\" content=\"720\" \/>\n\t<meta property=\"og:image:type\" content=\"image\/jpeg\" \/>\n<meta name=\"author\" content=\"turadio\" \/>\n<meta name=\"twitter:card\" content=\"summary_large_image\" \/>\n<meta name=\"twitter:label1\" content=\"Escrito por\" \/>\n\t<meta name=\"twitter:data1\" content=\"turadio\" \/>\n\t<meta name=\"twitter:label2\" content=\"Tiempo de lectura\" \/>\n\t<meta name=\"twitter:data2\" content=\"5 minutos\" \/>\n<script type=\"application\/ld+json\" class=\"yoast-schema-graph\">{\"@context\":\"https:\\\/\\\/schema.org\",\"@graph\":[{\"@type\":\"Article\",\"@id\":\"https:\\\/\\\/turadio.com.co\\\/?p=3427#article\",\"isPartOf\":{\"@id\":\"https:\\\/\\\/turadio.com.co\\\/?p=3427\"},\"author\":{\"name\":\"turadio\",\"@id\":\"https:\\\/\\\/turadio.com.co\\\/#\\\/schema\\\/person\\\/a336ad8dcc0120ef37278ad35b4f64fe\"},\"headline\":\"La humanidad estuvo cerca de la extinci\u00f3n hace 900.000 a\u00f1os.\",\"datePublished\":\"2025-12-25T15:52:29+00:00\",\"mainEntityOfPage\":{\"@id\":\"https:\\\/\\\/turadio.com.co\\\/?p=3427\"},\"wordCount\":1029,\"commentCount\":0,\"publisher\":{\"@id\":\"https:\\\/\\\/turadio.com.co\\\/#organization\"},\"image\":{\"@id\":\"https:\\\/\\\/turadio.com.co\\\/?p=3427#primaryimage\"},\"thumbnailUrl\":\"https:\\\/\\\/turadio.com.co\\\/wp-content\\\/uploads\\\/2025\\\/12\\\/portada-2.jpg\",\"articleSection\":[\"Ciencia\"],\"inLanguage\":\"es\",\"potentialAction\":[{\"@type\":\"CommentAction\",\"name\":\"Comment\",\"target\":[\"https:\\\/\\\/turadio.com.co\\\/?p=3427#respond\"]}]},{\"@type\":\"WebPage\",\"@id\":\"https:\\\/\\\/turadio.com.co\\\/?p=3427\",\"url\":\"https:\\\/\\\/turadio.com.co\\\/?p=3427\",\"name\":\"La humanidad estuvo cerca de la extinci\u00f3n hace 900.000 a\u00f1os. - Tu Radio\",\"isPartOf\":{\"@id\":\"https:\\\/\\\/turadio.com.co\\\/#website\"},\"primaryImageOfPage\":{\"@id\":\"https:\\\/\\\/turadio.com.co\\\/?p=3427#primaryimage\"},\"image\":{\"@id\":\"https:\\\/\\\/turadio.com.co\\\/?p=3427#primaryimage\"},\"thumbnailUrl\":\"https:\\\/\\\/turadio.com.co\\\/wp-content\\\/uploads\\\/2025\\\/12\\\/portada-2.jpg\",\"datePublished\":\"2025-12-25T15:52:29+00:00\",\"breadcrumb\":{\"@id\":\"https:\\\/\\\/turadio.com.co\\\/?p=3427#breadcrumb\"},\"inLanguage\":\"es\",\"potentialAction\":[{\"@type\":\"ReadAction\",\"target\":[\"https:\\\/\\\/turadio.com.co\\\/?p=3427\"]}]},{\"@type\":\"ImageObject\",\"inLanguage\":\"es\",\"@id\":\"https:\\\/\\\/turadio.com.co\\\/?p=3427#primaryimage\",\"url\":\"https:\\\/\\\/turadio.com.co\\\/wp-content\\\/uploads\\\/2025\\\/12\\\/portada-2.jpg\",\"contentUrl\":\"https:\\\/\\\/turadio.com.co\\\/wp-content\\\/uploads\\\/2025\\\/12\\\/portada-2.jpg\",\"width\":1280,\"height\":720},{\"@type\":\"BreadcrumbList\",\"@id\":\"https:\\\/\\\/turadio.com.co\\\/?p=3427#breadcrumb\",\"itemListElement\":[{\"@type\":\"ListItem\",\"position\":1,\"name\":\"Portada\",\"item\":\"https:\\\/\\\/turadio.com.co\\\/\"},{\"@type\":\"ListItem\",\"position\":2,\"name\":\"La humanidad estuvo cerca de la extinci\u00f3n hace 900.000 a\u00f1os.\"}]},{\"@type\":\"WebSite\",\"@id\":\"https:\\\/\\\/turadio.com.co\\\/#website\",\"url\":\"https:\\\/\\\/turadio.com.co\\\/\",\"name\":\"Tu Radio\",\"description\":\"\",\"publisher\":{\"@id\":\"https:\\\/\\\/turadio.com.co\\\/#organization\"},\"potentialAction\":[{\"@type\":\"SearchAction\",\"target\":{\"@type\":\"EntryPoint\",\"urlTemplate\":\"https:\\\/\\\/turadio.com.co\\\/?s={search_term_string}\"},\"query-input\":{\"@type\":\"PropertyValueSpecification\",\"valueRequired\":true,\"valueName\":\"search_term_string\"}}],\"inLanguage\":\"es\"},{\"@type\":\"Organization\",\"@id\":\"https:\\\/\\\/turadio.com.co\\\/#organization\",\"name\":\"Tu Radio\",\"url\":\"https:\\\/\\\/turadio.com.co\\\/\",\"logo\":{\"@type\":\"ImageObject\",\"inLanguage\":\"es\",\"@id\":\"https:\\\/\\\/turadio.com.co\\\/#\\\/schema\\\/logo\\\/image\\\/\",\"url\":\"https:\\\/\\\/turadio.com.co\\\/wp-content\\\/uploads\\\/2025\\\/07\\\/logo.png\",\"contentUrl\":\"https:\\\/\\\/turadio.com.co\\\/wp-content\\\/uploads\\\/2025\\\/07\\\/logo.png\",\"width\":366,\"height\":91,\"caption\":\"Tu Radio\"},\"image\":{\"@id\":\"https:\\\/\\\/turadio.com.co\\\/#\\\/schema\\\/logo\\\/image\\\/\"}},{\"@type\":\"Person\",\"@id\":\"https:\\\/\\\/turadio.com.co\\\/#\\\/schema\\\/person\\\/a336ad8dcc0120ef37278ad35b4f64fe\",\"name\":\"turadio\",\"image\":{\"@type\":\"ImageObject\",\"inLanguage\":\"es\",\"@id\":\"https:\\\/\\\/secure.gravatar.com\\\/avatar\\\/e905fb228be0ae401b494278f04ccb4a7d2e839822ca560083e0b3a15f6c8669?s=96&d=mm&r=g\",\"url\":\"https:\\\/\\\/secure.gravatar.com\\\/avatar\\\/e905fb228be0ae401b494278f04ccb4a7d2e839822ca560083e0b3a15f6c8669?s=96&d=mm&r=g\",\"contentUrl\":\"https:\\\/\\\/secure.gravatar.com\\\/avatar\\\/e905fb228be0ae401b494278f04ccb4a7d2e839822ca560083e0b3a15f6c8669?s=96&d=mm&r=g\",\"caption\":\"turadio\"},\"sameAs\":[\"https:\\\/\\\/turadio.com.co\",\"https:\\\/\\\/www.facebook.com\\\/profile.php?id=100086306444643\",\"https:\\\/\\\/www.instagram.com\\\/turadio23\\\/\",\"https:\\\/\\\/www.youtube.com\\\/@TuRadiomonteria\"],\"url\":\"https:\\\/\\\/turadio.com.co\\\/?author=1\"}]}<\/script>\n<!-- \/ Yoast SEO plugin. -->","yoast_head_json":{"title":"La humanidad estuvo cerca de la extinci\u00f3n hace 900.000 a\u00f1os. - Tu Radio","robots":{"index":"index","follow":"follow","max-snippet":"max-snippet:-1","max-image-preview":"max-image-preview:large","max-video-preview":"max-video-preview:-1"},"canonical":"https:\/\/turadio.com.co\/?p=3427","og_locale":"es_ES","og_type":"article","og_title":"La humanidad estuvo cerca de la extinci\u00f3n hace 900.000 a\u00f1os. - Tu Radio","og_description":"Hace aproximadamente 900.000 a\u00f1os, los antepasados de los humanos modernos atravesaron un per\u00edodo cr\u00edtico en su evoluci\u00f3n y estuvieron cerca de la extinci\u00f3n. Un estudio sugiere que la poblaci\u00f3n humana se redujo dr\u00e1sticamente a solo\u00a01.280 individuos reproductores\u00a0y se mantuvo en esta cifra extremadamente baja durante 117.000 a\u00f1os. Este fen\u00f3meno, conocido como cuello de botella gen\u00e9tico,...","og_url":"https:\/\/turadio.com.co\/?p=3427","og_site_name":"Tu Radio","article_author":"https:\/\/www.facebook.com\/profile.php?id=100086306444643","article_published_time":"2025-12-25T15:52:29+00:00","og_image":[{"width":1280,"height":720,"url":"https:\/\/turadio.com.co\/wp-content\/uploads\/2025\/12\/portada-2.jpg","type":"image\/jpeg"}],"author":"turadio","twitter_card":"summary_large_image","twitter_misc":{"Escrito por":"turadio","Tiempo de lectura":"5 minutos"},"schema":{"@context":"https:\/\/schema.org","@graph":[{"@type":"Article","@id":"https:\/\/turadio.com.co\/?p=3427#article","isPartOf":{"@id":"https:\/\/turadio.com.co\/?p=3427"},"author":{"name":"turadio","@id":"https:\/\/turadio.com.co\/#\/schema\/person\/a336ad8dcc0120ef37278ad35b4f64fe"},"headline":"La humanidad estuvo cerca de la extinci\u00f3n hace 900.000 a\u00f1os.","datePublished":"2025-12-25T15:52:29+00:00","mainEntityOfPage":{"@id":"https:\/\/turadio.com.co\/?p=3427"},"wordCount":1029,"commentCount":0,"publisher":{"@id":"https:\/\/turadio.com.co\/#organization"},"image":{"@id":"https:\/\/turadio.com.co\/?p=3427#primaryimage"},"thumbnailUrl":"https:\/\/turadio.com.co\/wp-content\/uploads\/2025\/12\/portada-2.jpg","articleSection":["Ciencia"],"inLanguage":"es","potentialAction":[{"@type":"CommentAction","name":"Comment","target":["https:\/\/turadio.com.co\/?p=3427#respond"]}]},{"@type":"WebPage","@id":"https:\/\/turadio.com.co\/?p=3427","url":"https:\/\/turadio.com.co\/?p=3427","name":"La humanidad estuvo cerca de la extinci\u00f3n hace 900.000 a\u00f1os. - Tu Radio","isPartOf":{"@id":"https:\/\/turadio.com.co\/#website"},"primaryImageOfPage":{"@id":"https:\/\/turadio.com.co\/?p=3427#primaryimage"},"image":{"@id":"https:\/\/turadio.com.co\/?p=3427#primaryimage"},"thumbnailUrl":"https:\/\/turadio.com.co\/wp-content\/uploads\/2025\/12\/portada-2.jpg","datePublished":"2025-12-25T15:52:29+00:00","breadcrumb":{"@id":"https:\/\/turadio.com.co\/?p=3427#breadcrumb"},"inLanguage":"es","potentialAction":[{"@type":"ReadAction","target":["https:\/\/turadio.com.co\/?p=3427"]}]},{"@type":"ImageObject","inLanguage":"es","@id":"https:\/\/turadio.com.co\/?p=3427#primaryimage","url":"https:\/\/turadio.com.co\/wp-content\/uploads\/2025\/12\/portada-2.jpg","contentUrl":"https:\/\/turadio.com.co\/wp-content\/uploads\/2025\/12\/portada-2.jpg","width":1280,"height":720},{"@type":"BreadcrumbList","@id":"https:\/\/turadio.com.co\/?p=3427#breadcrumb","itemListElement":[{"@type":"ListItem","position":1,"name":"Portada","item":"https:\/\/turadio.com.co\/"},{"@type":"ListItem","position":2,"name":"La humanidad estuvo cerca de la extinci\u00f3n hace 900.000 a\u00f1os."}]},{"@type":"WebSite","@id":"https:\/\/turadio.com.co\/#website","url":"https:\/\/turadio.com.co\/","name":"Tu Radio","description":"","publisher":{"@id":"https:\/\/turadio.com.co\/#organization"},"potentialAction":[{"@type":"SearchAction","target":{"@type":"EntryPoint","urlTemplate":"https:\/\/turadio.com.co\/?s={search_term_string}"},"query-input":{"@type":"PropertyValueSpecification","valueRequired":true,"valueName":"search_term_string"}}],"inLanguage":"es"},{"@type":"Organization","@id":"https:\/\/turadio.com.co\/#organization","name":"Tu Radio","url":"https:\/\/turadio.com.co\/","logo":{"@type":"ImageObject","inLanguage":"es","@id":"https:\/\/turadio.com.co\/#\/schema\/logo\/image\/","url":"https:\/\/turadio.com.co\/wp-content\/uploads\/2025\/07\/logo.png","contentUrl":"https:\/\/turadio.com.co\/wp-content\/uploads\/2025\/07\/logo.png","width":366,"height":91,"caption":"Tu Radio"},"image":{"@id":"https:\/\/turadio.com.co\/#\/schema\/logo\/image\/"}},{"@type":"Person","@id":"https:\/\/turadio.com.co\/#\/schema\/person\/a336ad8dcc0120ef37278ad35b4f64fe","name":"turadio","image":{"@type":"ImageObject","inLanguage":"es","@id":"https:\/\/secure.gravatar.com\/avatar\/e905fb228be0ae401b494278f04ccb4a7d2e839822ca560083e0b3a15f6c8669?s=96&d=mm&r=g","url":"https:\/\/secure.gravatar.com\/avatar\/e905fb228be0ae401b494278f04ccb4a7d2e839822ca560083e0b3a15f6c8669?s=96&d=mm&r=g","contentUrl":"https:\/\/secure.gravatar.com\/avatar\/e905fb228be0ae401b494278f04ccb4a7d2e839822ca560083e0b3a15f6c8669?s=96&d=mm&r=g","caption":"turadio"},"sameAs":["https:\/\/turadio.com.co","https:\/\/www.facebook.com\/profile.php?id=100086306444643","https:\/\/www.instagram.com\/turadio23\/","https:\/\/www.youtube.com\/@TuRadiomonteria"],"url":"https:\/\/turadio.com.co\/?author=1"}]}},"_links":{"self":[{"href":"https:\/\/turadio.com.co\/index.php?rest_route=\/wp\/v2\/posts\/3427","targetHints":{"allow":["GET"]}}],"collection":[{"href":"https:\/\/turadio.com.co\/index.php?rest_route=\/wp\/v2\/posts"}],"about":[{"href":"https:\/\/turadio.com.co\/index.php?rest_route=\/wp\/v2\/types\/post"}],"author":[{"embeddable":true,"href":"https:\/\/turadio.com.co\/index.php?rest_route=\/wp\/v2\/users\/1"}],"replies":[{"embeddable":true,"href":"https:\/\/turadio.com.co\/index.php?rest_route=%2Fwp%2Fv2%2Fcomments&post=3427"}],"version-history":[{"count":1,"href":"https:\/\/turadio.com.co\/index.php?rest_route=\/wp\/v2\/posts\/3427\/revisions"}],"predecessor-version":[{"id":3429,"href":"https:\/\/turadio.com.co\/index.php?rest_route=\/wp\/v2\/posts\/3427\/revisions\/3429"}],"wp:featuredmedia":[{"embeddable":true,"href":"https:\/\/turadio.com.co\/index.php?rest_route=\/wp\/v2\/media\/3428"}],"wp:attachment":[{"href":"https:\/\/turadio.com.co\/index.php?rest_route=%2Fwp%2Fv2%2Fmedia&parent=3427"}],"wp:term":[{"taxonomy":"category","embeddable":true,"href":"https:\/\/turadio.com.co\/index.php?rest_route=%2Fwp%2Fv2%2Fcategories&post=3427"},{"taxonomy":"post_tag","embeddable":true,"href":"https:\/\/turadio.com.co\/index.php?rest_route=%2Fwp%2Fv2%2Ftags&post=3427"}],"curies":[{"name":"wp","href":"https:\/\/api.w.org\/{rel}","templated":true}]}}