{"id":3913,"date":"2026-01-16T21:07:33","date_gmt":"2026-01-16T21:07:33","guid":{"rendered":"https:\/\/turadio.com.co\/?p=3913"},"modified":"2026-01-16T21:07:36","modified_gmt":"2026-01-16T21:07:36","slug":"policia-refuerza-ofensiva-contra-el-microtrafico-en-monteria-tres-capturas-en-flagrancia-durante-patrullajes-y-controles","status":"publish","type":"post","link":"https:\/\/turadio.com.co\/?p=3913","title":{"rendered":"Polic\u00eda refuerza ofensiva contra el microtr\u00e1fico en Monter\u00eda: tres capturas en flagrancia durante patrullajes y controles."},"content":{"rendered":"\n<p>Monter\u00eda, C\u00f3rdoba. La Polic\u00eda Nacional intensific\u00f3 en las \u00faltimas horas su ofensiva contra el microtr\u00e1fico en distintos sectores de Monter\u00eda, logrando la captura en flagrancia de tres personas por el delito de tr\u00e1fico, fabricaci\u00f3n o porte de estupefacientes, como resultado de patrullajes preventivos y puestos de control desplegados en la ciudad.<\/p>\n\n\n\n<p>Uno de los procedimientos se registr\u00f3 en el barrio Nueva Esperanza, donde uniformados que realizaban labores de vigilancia observaron a un ciudadano que portaba un bolso deportivo cruzado al pecho y cuya actitud levant\u00f3 sospechas. Al practicarle un registro a persona, los polic\u00edas hallaron en el interior del bolso una bolsa pl\u00e1stica que conten\u00eda aproximadamente 17 gramos de una sustancia pulverulenta, que por sus caracter\u00edsticas corresponder\u00eda a clorhidrato de coca\u00edna. El individuo fue capturado en el lugar y puesto a disposici\u00f3n de la autoridad competente.<\/p>\n\n\n\n<figure class=\"wp-block-image size-large\"><img loading=\"lazy\" decoding=\"async\" width=\"1024\" height=\"932\" src=\"https:\/\/turadio.com.co\/wp-content\/uploads\/2026\/01\/WhatsApp-Image-2026-01-16-at-5.37.52-AM-1024x932.jpeg\" alt=\"\" class=\"wp-image-3915\" srcset=\"https:\/\/turadio.com.co\/wp-content\/uploads\/2026\/01\/WhatsApp-Image-2026-01-16-at-5.37.52-AM-1024x932.jpeg 1024w, https:\/\/turadio.com.co\/wp-content\/uploads\/2026\/01\/WhatsApp-Image-2026-01-16-at-5.37.52-AM-300x273.jpeg 300w, https:\/\/turadio.com.co\/wp-content\/uploads\/2026\/01\/WhatsApp-Image-2026-01-16-at-5.37.52-AM-768x699.jpeg 768w, https:\/\/turadio.com.co\/wp-content\/uploads\/2026\/01\/WhatsApp-Image-2026-01-16-at-5.37.52-AM-1536x1398.jpeg 1536w, https:\/\/turadio.com.co\/wp-content\/uploads\/2026\/01\/WhatsApp-Image-2026-01-16-at-5.37.52-AM.jpeg 1600w\" sizes=\"auto, (max-width: 1024px) 100vw, 1024px\" \/><\/figure>\n\n\n\n<p>En un segundo caso, durante recorridos de patrullaje urbano, otro ciudadano fue interceptado luego de mostrar una conducta evasiva al notar la presencia policial. En el registro realizado, los uniformados encontraron nueve dosis de clorhidrato de coca\u00edna ocultas entre sus prendas de vestir. La persona fue capturada en flagrancia y dejada a disposici\u00f3n de la Fiscal\u00eda 24 Local URI para su respectiva judicializaci\u00f3n.<\/p>\n\n\n\n<p>El tercer operativo estuvo a cargo de la Seccional de Tr\u00e1nsito y Transporte, que instal\u00f3 un puesto de control en v\u00edas de la ciudad. All\u00ed fue interceptado un ciudadano que transportaba sustancias alucin\u00f3genas, las cuales fueron detectadas durante el registro de rutina. Tras el hallazgo, el sujeto fue trasladado y puesto a disposici\u00f3n de la Fiscal\u00eda URI de Monter\u00eda, donde continuar\u00e1 el proceso judicial.<\/p>\n\n\n\n<figure class=\"wp-block-image size-full\"><img loading=\"lazy\" decoding=\"async\" width=\"787\" height=\"664\" src=\"https:\/\/turadio.com.co\/wp-content\/uploads\/2026\/01\/WhatsApp-Image-2026-01-15-at-6.20.39-AM.jpeg\" alt=\"\" class=\"wp-image-3916\" srcset=\"https:\/\/turadio.com.co\/wp-content\/uploads\/2026\/01\/WhatsApp-Image-2026-01-15-at-6.20.39-AM.jpeg 787w, https:\/\/turadio.com.co\/wp-content\/uploads\/2026\/01\/WhatsApp-Image-2026-01-15-at-6.20.39-AM-300x253.jpeg 300w, https:\/\/turadio.com.co\/wp-content\/uploads\/2026\/01\/WhatsApp-Image-2026-01-15-at-6.20.39-AM-768x648.jpeg 768w\" sizes=\"auto, (max-width: 787px) 100vw, 787px\" \/><\/figure>\n\n\n\n<p>Las autoridades se\u00f1alaron que estos resultados hacen parte de una estrategia sostenida para cerrarles el paso a las redes de microtr\u00e1fico y mejorar las condiciones de seguridad en los barrios y corredores viales de la capital cordobesa.<\/p>\n","protected":false},"excerpt":{"rendered":"<p>Monter\u00eda, C\u00f3rdoba. La Polic\u00eda Nacional intensific\u00f3 en las \u00faltimas horas su ofensiva contra el microtr\u00e1fico en distintos sectores de Monter\u00eda, logrando la captura en flagrancia de tres personas por el delito de tr\u00e1fico, fabricaci\u00f3n o porte de estupefacientes, como resultado de patrullajes preventivos y puestos de control desplegados en la ciudad. Uno de los procedimientos&#8230;<\/p>\n","protected":false},"author":1,"featured_media":3914,"comment_status":"open","ping_status":"open","sticky":false,"template":"","format":"standard","meta":{"footnotes":""},"categories":[12],"tags":[],"class_list":["post-3913","post","type-post","status-publish","format-standard","has-post-thumbnail","hentry","category-judiciales"],"yoast_head":"<!-- This site is optimized with the Yoast SEO plugin v27.5 - https:\/\/yoast.com\/product\/yoast-seo-wordpress\/ -->\n<title>Polic\u00eda refuerza ofensiva contra el microtr\u00e1fico en Monter\u00eda: tres capturas en flagrancia durante patrullajes y controles. - Tu Radio<\/title>\n<meta name=\"robots\" content=\"index, follow, max-snippet:-1, max-image-preview:large, max-video-preview:-1\" \/>\n<link rel=\"canonical\" href=\"https:\/\/turadio.com.co\/?p=3913\" \/>\n<meta property=\"og:locale\" content=\"es_ES\" \/>\n<meta property=\"og:type\" content=\"article\" \/>\n<meta property=\"og:title\" content=\"Polic\u00eda refuerza ofensiva contra el microtr\u00e1fico en Monter\u00eda: tres capturas en flagrancia durante patrullajes y controles. - Tu Radio\" \/>\n<meta property=\"og:description\" content=\"Monter\u00eda, C\u00f3rdoba. La Polic\u00eda Nacional intensific\u00f3 en las \u00faltimas horas su ofensiva contra el microtr\u00e1fico en distintos sectores de Monter\u00eda, logrando la captura en flagrancia de tres personas por el delito de tr\u00e1fico, fabricaci\u00f3n o porte de estupefacientes, como resultado de patrullajes preventivos y puestos de control desplegados en la ciudad. Uno de los procedimientos...\" \/>\n<meta property=\"og:url\" content=\"https:\/\/turadio.com.co\/?p=3913\" \/>\n<meta property=\"og:site_name\" content=\"Tu Radio\" \/>\n<meta property=\"article:author\" content=\"https:\/\/www.facebook.com\/profile.php?id=100086306444643\" \/>\n<meta property=\"article:published_time\" content=\"2026-01-16T21:07:33+00:00\" \/>\n<meta property=\"article:modified_time\" content=\"2026-01-16T21:07:36+00:00\" \/>\n<meta property=\"og:image\" content=\"https:\/\/turadio.com.co\/wp-content\/uploads\/2026\/01\/WhatsApp-Image-2026-01-16-at-11.53.19-AM.jpeg\" \/>\n\t<meta property=\"og:image:width\" content=\"1200\" \/>\n\t<meta property=\"og:image:height\" content=\"1600\" \/>\n\t<meta property=\"og:image:type\" content=\"image\/jpeg\" \/>\n<meta name=\"author\" content=\"turadio\" \/>\n<meta name=\"twitter:card\" content=\"summary_large_image\" \/>\n<meta name=\"twitter:label1\" content=\"Escrito por\" \/>\n\t<meta name=\"twitter:data1\" content=\"turadio\" \/>\n\t<meta name=\"twitter:label2\" content=\"Tiempo de lectura\" \/>\n\t<meta name=\"twitter:data2\" content=\"2 minutos\" \/>\n<script type=\"application\/ld+json\" class=\"yoast-schema-graph\">{\"@context\":\"https:\\\/\\\/schema.org\",\"@graph\":[{\"@type\":\"Article\",\"@id\":\"https:\\\/\\\/turadio.com.co\\\/?p=3913#article\",\"isPartOf\":{\"@id\":\"https:\\\/\\\/turadio.com.co\\\/?p=3913\"},\"author\":{\"name\":\"turadio\",\"@id\":\"https:\\\/\\\/turadio.com.co\\\/#\\\/schema\\\/person\\\/a336ad8dcc0120ef37278ad35b4f64fe\"},\"headline\":\"Polic\u00eda refuerza ofensiva contra el microtr\u00e1fico en Monter\u00eda: tres capturas en flagrancia durante patrullajes y controles.\",\"datePublished\":\"2026-01-16T21:07:33+00:00\",\"dateModified\":\"2026-01-16T21:07:36+00:00\",\"mainEntityOfPage\":{\"@id\":\"https:\\\/\\\/turadio.com.co\\\/?p=3913\"},\"wordCount\":343,\"commentCount\":0,\"publisher\":{\"@id\":\"https:\\\/\\\/turadio.com.co\\\/#organization\"},\"image\":{\"@id\":\"https:\\\/\\\/turadio.com.co\\\/?p=3913#primaryimage\"},\"thumbnailUrl\":\"https:\\\/\\\/turadio.com.co\\\/wp-content\\\/uploads\\\/2026\\\/01\\\/WhatsApp-Image-2026-01-16-at-11.53.19-AM.jpeg\",\"articleSection\":[\"Judiciales\"],\"inLanguage\":\"es\",\"potentialAction\":[{\"@type\":\"CommentAction\",\"name\":\"Comment\",\"target\":[\"https:\\\/\\\/turadio.com.co\\\/?p=3913#respond\"]}]},{\"@type\":\"WebPage\",\"@id\":\"https:\\\/\\\/turadio.com.co\\\/?p=3913\",\"url\":\"https:\\\/\\\/turadio.com.co\\\/?p=3913\",\"name\":\"Polic\u00eda refuerza ofensiva contra el microtr\u00e1fico en Monter\u00eda: tres capturas en flagrancia durante patrullajes y controles. - Tu Radio\",\"isPartOf\":{\"@id\":\"https:\\\/\\\/turadio.com.co\\\/#website\"},\"primaryImageOfPage\":{\"@id\":\"https:\\\/\\\/turadio.com.co\\\/?p=3913#primaryimage\"},\"image\":{\"@id\":\"https:\\\/\\\/turadio.com.co\\\/?p=3913#primaryimage\"},\"thumbnailUrl\":\"https:\\\/\\\/turadio.com.co\\\/wp-content\\\/uploads\\\/2026\\\/01\\\/WhatsApp-Image-2026-01-16-at-11.53.19-AM.jpeg\",\"datePublished\":\"2026-01-16T21:07:33+00:00\",\"dateModified\":\"2026-01-16T21:07:36+00:00\",\"breadcrumb\":{\"@id\":\"https:\\\/\\\/turadio.com.co\\\/?p=3913#breadcrumb\"},\"inLanguage\":\"es\",\"potentialAction\":[{\"@type\":\"ReadAction\",\"target\":[\"https:\\\/\\\/turadio.com.co\\\/?p=3913\"]}]},{\"@type\":\"ImageObject\",\"inLanguage\":\"es\",\"@id\":\"https:\\\/\\\/turadio.com.co\\\/?p=3913#primaryimage\",\"url\":\"https:\\\/\\\/turadio.com.co\\\/wp-content\\\/uploads\\\/2026\\\/01\\\/WhatsApp-Image-2026-01-16-at-11.53.19-AM.jpeg\",\"contentUrl\":\"https:\\\/\\\/turadio.com.co\\\/wp-content\\\/uploads\\\/2026\\\/01\\\/WhatsApp-Image-2026-01-16-at-11.53.19-AM.jpeg\",\"width\":1200,\"height\":1600},{\"@type\":\"BreadcrumbList\",\"@id\":\"https:\\\/\\\/turadio.com.co\\\/?p=3913#breadcrumb\",\"itemListElement\":[{\"@type\":\"ListItem\",\"position\":1,\"name\":\"Portada\",\"item\":\"https:\\\/\\\/turadio.com.co\\\/\"},{\"@type\":\"ListItem\",\"position\":2,\"name\":\"Polic\u00eda refuerza ofensiva contra el microtr\u00e1fico en Monter\u00eda: tres capturas en flagrancia durante patrullajes y controles.\"}]},{\"@type\":\"WebSite\",\"@id\":\"https:\\\/\\\/turadio.com.co\\\/#website\",\"url\":\"https:\\\/\\\/turadio.com.co\\\/\",\"name\":\"Tu Radio\",\"description\":\"\",\"publisher\":{\"@id\":\"https:\\\/\\\/turadio.com.co\\\/#organization\"},\"potentialAction\":[{\"@type\":\"SearchAction\",\"target\":{\"@type\":\"EntryPoint\",\"urlTemplate\":\"https:\\\/\\\/turadio.com.co\\\/?s={search_term_string}\"},\"query-input\":{\"@type\":\"PropertyValueSpecification\",\"valueRequired\":true,\"valueName\":\"search_term_string\"}}],\"inLanguage\":\"es\"},{\"@type\":\"Organization\",\"@id\":\"https:\\\/\\\/turadio.com.co\\\/#organization\",\"name\":\"Tu Radio\",\"url\":\"https:\\\/\\\/turadio.com.co\\\/\",\"logo\":{\"@type\":\"ImageObject\",\"inLanguage\":\"es\",\"@id\":\"https:\\\/\\\/turadio.com.co\\\/#\\\/schema\\\/logo\\\/image\\\/\",\"url\":\"https:\\\/\\\/turadio.com.co\\\/wp-content\\\/uploads\\\/2025\\\/07\\\/logo.png\",\"contentUrl\":\"https:\\\/\\\/turadio.com.co\\\/wp-content\\\/uploads\\\/2025\\\/07\\\/logo.png\",\"width\":366,\"height\":91,\"caption\":\"Tu Radio\"},\"image\":{\"@id\":\"https:\\\/\\\/turadio.com.co\\\/#\\\/schema\\\/logo\\\/image\\\/\"}},{\"@type\":\"Person\",\"@id\":\"https:\\\/\\\/turadio.com.co\\\/#\\\/schema\\\/person\\\/a336ad8dcc0120ef37278ad35b4f64fe\",\"name\":\"turadio\",\"image\":{\"@type\":\"ImageObject\",\"inLanguage\":\"es\",\"@id\":\"https:\\\/\\\/secure.gravatar.com\\\/avatar\\\/e905fb228be0ae401b494278f04ccb4a7d2e839822ca560083e0b3a15f6c8669?s=96&d=mm&r=g\",\"url\":\"https:\\\/\\\/secure.gravatar.com\\\/avatar\\\/e905fb228be0ae401b494278f04ccb4a7d2e839822ca560083e0b3a15f6c8669?s=96&d=mm&r=g\",\"contentUrl\":\"https:\\\/\\\/secure.gravatar.com\\\/avatar\\\/e905fb228be0ae401b494278f04ccb4a7d2e839822ca560083e0b3a15f6c8669?s=96&d=mm&r=g\",\"caption\":\"turadio\"},\"sameAs\":[\"https:\\\/\\\/turadio.com.co\",\"https:\\\/\\\/www.facebook.com\\\/profile.php?id=100086306444643\",\"https:\\\/\\\/www.instagram.com\\\/turadio23\\\/\",\"https:\\\/\\\/www.youtube.com\\\/@TuRadiomonteria\"],\"url\":\"https:\\\/\\\/turadio.com.co\\\/?author=1\"}]}<\/script>\n<!-- \/ Yoast SEO plugin. -->","yoast_head_json":{"title":"Polic\u00eda refuerza ofensiva contra el microtr\u00e1fico en Monter\u00eda: tres capturas en flagrancia durante patrullajes y controles. - Tu Radio","robots":{"index":"index","follow":"follow","max-snippet":"max-snippet:-1","max-image-preview":"max-image-preview:large","max-video-preview":"max-video-preview:-1"},"canonical":"https:\/\/turadio.com.co\/?p=3913","og_locale":"es_ES","og_type":"article","og_title":"Polic\u00eda refuerza ofensiva contra el microtr\u00e1fico en Monter\u00eda: tres capturas en flagrancia durante patrullajes y controles. - Tu Radio","og_description":"Monter\u00eda, C\u00f3rdoba. La Polic\u00eda Nacional intensific\u00f3 en las \u00faltimas horas su ofensiva contra el microtr\u00e1fico en distintos sectores de Monter\u00eda, logrando la captura en flagrancia de tres personas por el delito de tr\u00e1fico, fabricaci\u00f3n o porte de estupefacientes, como resultado de patrullajes preventivos y puestos de control desplegados en la ciudad. Uno de los procedimientos...","og_url":"https:\/\/turadio.com.co\/?p=3913","og_site_name":"Tu Radio","article_author":"https:\/\/www.facebook.com\/profile.php?id=100086306444643","article_published_time":"2026-01-16T21:07:33+00:00","article_modified_time":"2026-01-16T21:07:36+00:00","og_image":[{"width":1200,"height":1600,"url":"https:\/\/turadio.com.co\/wp-content\/uploads\/2026\/01\/WhatsApp-Image-2026-01-16-at-11.53.19-AM.jpeg","type":"image\/jpeg"}],"author":"turadio","twitter_card":"summary_large_image","twitter_misc":{"Escrito por":"turadio","Tiempo de lectura":"2 minutos"},"schema":{"@context":"https:\/\/schema.org","@graph":[{"@type":"Article","@id":"https:\/\/turadio.com.co\/?p=3913#article","isPartOf":{"@id":"https:\/\/turadio.com.co\/?p=3913"},"author":{"name":"turadio","@id":"https:\/\/turadio.com.co\/#\/schema\/person\/a336ad8dcc0120ef37278ad35b4f64fe"},"headline":"Polic\u00eda refuerza ofensiva contra el microtr\u00e1fico en Monter\u00eda: tres capturas en flagrancia durante patrullajes y controles.","datePublished":"2026-01-16T21:07:33+00:00","dateModified":"2026-01-16T21:07:36+00:00","mainEntityOfPage":{"@id":"https:\/\/turadio.com.co\/?p=3913"},"wordCount":343,"commentCount":0,"publisher":{"@id":"https:\/\/turadio.com.co\/#organization"},"image":{"@id":"https:\/\/turadio.com.co\/?p=3913#primaryimage"},"thumbnailUrl":"https:\/\/turadio.com.co\/wp-content\/uploads\/2026\/01\/WhatsApp-Image-2026-01-16-at-11.53.19-AM.jpeg","articleSection":["Judiciales"],"inLanguage":"es","potentialAction":[{"@type":"CommentAction","name":"Comment","target":["https:\/\/turadio.com.co\/?p=3913#respond"]}]},{"@type":"WebPage","@id":"https:\/\/turadio.com.co\/?p=3913","url":"https:\/\/turadio.com.co\/?p=3913","name":"Polic\u00eda refuerza ofensiva contra el microtr\u00e1fico en Monter\u00eda: tres capturas en flagrancia durante patrullajes y controles. - Tu Radio","isPartOf":{"@id":"https:\/\/turadio.com.co\/#website"},"primaryImageOfPage":{"@id":"https:\/\/turadio.com.co\/?p=3913#primaryimage"},"image":{"@id":"https:\/\/turadio.com.co\/?p=3913#primaryimage"},"thumbnailUrl":"https:\/\/turadio.com.co\/wp-content\/uploads\/2026\/01\/WhatsApp-Image-2026-01-16-at-11.53.19-AM.jpeg","datePublished":"2026-01-16T21:07:33+00:00","dateModified":"2026-01-16T21:07:36+00:00","breadcrumb":{"@id":"https:\/\/turadio.com.co\/?p=3913#breadcrumb"},"inLanguage":"es","potentialAction":[{"@type":"ReadAction","target":["https:\/\/turadio.com.co\/?p=3913"]}]},{"@type":"ImageObject","inLanguage":"es","@id":"https:\/\/turadio.com.co\/?p=3913#primaryimage","url":"https:\/\/turadio.com.co\/wp-content\/uploads\/2026\/01\/WhatsApp-Image-2026-01-16-at-11.53.19-AM.jpeg","contentUrl":"https:\/\/turadio.com.co\/wp-content\/uploads\/2026\/01\/WhatsApp-Image-2026-01-16-at-11.53.19-AM.jpeg","width":1200,"height":1600},{"@type":"BreadcrumbList","@id":"https:\/\/turadio.com.co\/?p=3913#breadcrumb","itemListElement":[{"@type":"ListItem","position":1,"name":"Portada","item":"https:\/\/turadio.com.co\/"},{"@type":"ListItem","position":2,"name":"Polic\u00eda refuerza ofensiva contra el microtr\u00e1fico en Monter\u00eda: tres capturas en flagrancia durante patrullajes y controles."}]},{"@type":"WebSite","@id":"https:\/\/turadio.com.co\/#website","url":"https:\/\/turadio.com.co\/","name":"Tu Radio","description":"","publisher":{"@id":"https:\/\/turadio.com.co\/#organization"},"potentialAction":[{"@type":"SearchAction","target":{"@type":"EntryPoint","urlTemplate":"https:\/\/turadio.com.co\/?s={search_term_string}"},"query-input":{"@type":"PropertyValueSpecification","valueRequired":true,"valueName":"search_term_string"}}],"inLanguage":"es"},{"@type":"Organization","@id":"https:\/\/turadio.com.co\/#organization","name":"Tu Radio","url":"https:\/\/turadio.com.co\/","logo":{"@type":"ImageObject","inLanguage":"es","@id":"https:\/\/turadio.com.co\/#\/schema\/logo\/image\/","url":"https:\/\/turadio.com.co\/wp-content\/uploads\/2025\/07\/logo.png","contentUrl":"https:\/\/turadio.com.co\/wp-content\/uploads\/2025\/07\/logo.png","width":366,"height":91,"caption":"Tu Radio"},"image":{"@id":"https:\/\/turadio.com.co\/#\/schema\/logo\/image\/"}},{"@type":"Person","@id":"https:\/\/turadio.com.co\/#\/schema\/person\/a336ad8dcc0120ef37278ad35b4f64fe","name":"turadio","image":{"@type":"ImageObject","inLanguage":"es","@id":"https:\/\/secure.gravatar.com\/avatar\/e905fb228be0ae401b494278f04ccb4a7d2e839822ca560083e0b3a15f6c8669?s=96&d=mm&r=g","url":"https:\/\/secure.gravatar.com\/avatar\/e905fb228be0ae401b494278f04ccb4a7d2e839822ca560083e0b3a15f6c8669?s=96&d=mm&r=g","contentUrl":"https:\/\/secure.gravatar.com\/avatar\/e905fb228be0ae401b494278f04ccb4a7d2e839822ca560083e0b3a15f6c8669?s=96&d=mm&r=g","caption":"turadio"},"sameAs":["https:\/\/turadio.com.co","https:\/\/www.facebook.com\/profile.php?id=100086306444643","https:\/\/www.instagram.com\/turadio23\/","https:\/\/www.youtube.com\/@TuRadiomonteria"],"url":"https:\/\/turadio.com.co\/?author=1"}]}},"_links":{"self":[{"href":"https:\/\/turadio.com.co\/index.php?rest_route=\/wp\/v2\/posts\/3913","targetHints":{"allow":["GET"]}}],"collection":[{"href":"https:\/\/turadio.com.co\/index.php?rest_route=\/wp\/v2\/posts"}],"about":[{"href":"https:\/\/turadio.com.co\/index.php?rest_route=\/wp\/v2\/types\/post"}],"author":[{"embeddable":true,"href":"https:\/\/turadio.com.co\/index.php?rest_route=\/wp\/v2\/users\/1"}],"replies":[{"embeddable":true,"href":"https:\/\/turadio.com.co\/index.php?rest_route=%2Fwp%2Fv2%2Fcomments&post=3913"}],"version-history":[{"count":1,"href":"https:\/\/turadio.com.co\/index.php?rest_route=\/wp\/v2\/posts\/3913\/revisions"}],"predecessor-version":[{"id":3917,"href":"https:\/\/turadio.com.co\/index.php?rest_route=\/wp\/v2\/posts\/3913\/revisions\/3917"}],"wp:featuredmedia":[{"embeddable":true,"href":"https:\/\/turadio.com.co\/index.php?rest_route=\/wp\/v2\/media\/3914"}],"wp:attachment":[{"href":"https:\/\/turadio.com.co\/index.php?rest_route=%2Fwp%2Fv2%2Fmedia&parent=3913"}],"wp:term":[{"taxonomy":"category","embeddable":true,"href":"https:\/\/turadio.com.co\/index.php?rest_route=%2Fwp%2Fv2%2Fcategories&post=3913"},{"taxonomy":"post_tag","embeddable":true,"href":"https:\/\/turadio.com.co\/index.php?rest_route=%2Fwp%2Fv2%2Ftags&post=3913"}],"curies":[{"name":"wp","href":"https:\/\/api.w.org\/{rel}","templated":true}]}}