{"id":3919,"date":"2026-01-17T01:28:36","date_gmt":"2026-01-17T01:28:36","guid":{"rendered":"https:\/\/turadio.com.co\/?p=3919"},"modified":"2026-01-17T01:28:38","modified_gmt":"2026-01-17T01:28:38","slug":"otro-joven-militar-de-cordoba-murio-en-la-guerra-de-ucrania","status":"publish","type":"post","link":"https:\/\/turadio.com.co\/?p=3919","title":{"rendered":"Otro joven militar de C\u00f3rdoba muri\u00f3 en la guerra de Ucrania."},"content":{"rendered":"\n<p>La violencia del conflicto en Europa del Este vuelve a golpear a Colombia. En las \u00faltimas horas se confirm\u00f3 la muerte de William Rivas Hern\u00e1ndez, un joven exmilitar colombiano oriundo del corregimiento de La Subida, en el municipio de Lorica, departamento de C\u00f3rdoba, quien falleci\u00f3 mientras participaba en la guerra de Ucrania.<\/p>\n\n\n\n<p>Rivas Hern\u00e1ndez, de cerca de 24 a\u00f1os, hab\u00eda cumplido servicio militar en Colombia y posteriormente viaj\u00f3 de manera voluntaria al pa\u00eds europeo, donde se incorpor\u00f3 al conflicto tras firmar un contrato por varios meses. De acuerdo con versiones conocidas, su decisi\u00f3n estuvo motivada por la expectativa de obtener ingresos que le permitieran mejorar las condiciones econ\u00f3micas de su familia.<\/p>\n\n\n\n<p>La confirmaci\u00f3n de su fallecimiento lleg\u00f3 a sus seres queridos a trav\u00e9s de una llamada realizada por compa\u00f1eros que se encontraban con \u00e9l en la zona de combate. La noticia gener\u00f3 consternaci\u00f3n y profundo dolor entre familiares, amigos y habitantes de su comunidad de origen.<\/p>\n\n\n\n<p>El caso de William Rivas Hern\u00e1ndez se suma al de otros j\u00f3venes colombianos que, en medio de dif\u00edciles contextos sociales y econ\u00f3micos, han optado por vincularse de manera voluntaria al conflicto en Ucrania, una guerra que contin\u00faa cobrando vidas y dejando historias de duelo a miles de kil\u00f3metros de distancia.<\/p>\n","protected":false},"excerpt":{"rendered":"<p>La violencia del conflicto en Europa del Este vuelve a golpear a Colombia. En las \u00faltimas horas se confirm\u00f3 la muerte de William Rivas Hern\u00e1ndez, un joven exmilitar colombiano oriundo del corregimiento de La Subida, en el municipio de Lorica, departamento de C\u00f3rdoba, quien falleci\u00f3 mientras participaba en la guerra de Ucrania. Rivas Hern\u00e1ndez, de&#8230;<\/p>\n","protected":false},"author":1,"featured_media":3920,"comment_status":"open","ping_status":"open","sticky":false,"template":"","format":"standard","meta":{"footnotes":""},"categories":[13,12],"tags":[],"class_list":["post-3919","post","type-post","status-publish","format-standard","has-post-thumbnail","hentry","category-cordoba","category-judiciales"],"yoast_head":"<!-- This site is optimized with the Yoast SEO plugin v27.5 - https:\/\/yoast.com\/product\/yoast-seo-wordpress\/ -->\n<title>Otro joven militar de C\u00f3rdoba muri\u00f3 en la guerra de Ucrania. - Tu Radio<\/title>\n<meta name=\"robots\" content=\"index, follow, max-snippet:-1, max-image-preview:large, max-video-preview:-1\" \/>\n<link rel=\"canonical\" href=\"https:\/\/turadio.com.co\/?p=3919\" \/>\n<meta property=\"og:locale\" content=\"es_ES\" \/>\n<meta property=\"og:type\" content=\"article\" \/>\n<meta property=\"og:title\" content=\"Otro joven militar de C\u00f3rdoba muri\u00f3 en la guerra de Ucrania. - Tu Radio\" \/>\n<meta property=\"og:description\" content=\"La violencia del conflicto en Europa del Este vuelve a golpear a Colombia. En las \u00faltimas horas se confirm\u00f3 la muerte de William Rivas Hern\u00e1ndez, un joven exmilitar colombiano oriundo del corregimiento de La Subida, en el municipio de Lorica, departamento de C\u00f3rdoba, quien falleci\u00f3 mientras participaba en la guerra de Ucrania. Rivas Hern\u00e1ndez, de...\" \/>\n<meta property=\"og:url\" content=\"https:\/\/turadio.com.co\/?p=3919\" \/>\n<meta property=\"og:site_name\" content=\"Tu Radio\" \/>\n<meta property=\"article:author\" content=\"https:\/\/www.facebook.com\/profile.php?id=100086306444643\" \/>\n<meta property=\"article:published_time\" content=\"2026-01-17T01:28:36+00:00\" \/>\n<meta property=\"article:modified_time\" content=\"2026-01-17T01:28:38+00:00\" \/>\n<meta property=\"og:image\" content=\"https:\/\/turadio.com.co\/wp-content\/uploads\/2026\/01\/image.jpg\" \/>\n\t<meta property=\"og:image:width\" content=\"603\" \/>\n\t<meta property=\"og:image:height\" content=\"693\" \/>\n\t<meta property=\"og:image:type\" content=\"image\/jpeg\" \/>\n<meta name=\"author\" content=\"turadio\" \/>\n<meta name=\"twitter:card\" content=\"summary_large_image\" \/>\n<meta name=\"twitter:label1\" content=\"Escrito por\" \/>\n\t<meta name=\"twitter:data1\" content=\"turadio\" \/>\n\t<meta name=\"twitter:label2\" content=\"Tiempo de lectura\" \/>\n\t<meta name=\"twitter:data2\" content=\"2 minutos\" \/>\n<script type=\"application\/ld+json\" class=\"yoast-schema-graph\">{\"@context\":\"https:\\\/\\\/schema.org\",\"@graph\":[{\"@type\":\"Article\",\"@id\":\"https:\\\/\\\/turadio.com.co\\\/?p=3919#article\",\"isPartOf\":{\"@id\":\"https:\\\/\\\/turadio.com.co\\\/?p=3919\"},\"author\":{\"name\":\"turadio\",\"@id\":\"https:\\\/\\\/turadio.com.co\\\/#\\\/schema\\\/person\\\/a336ad8dcc0120ef37278ad35b4f64fe\"},\"headline\":\"Otro joven militar de C\u00f3rdoba muri\u00f3 en la guerra de Ucrania.\",\"datePublished\":\"2026-01-17T01:28:36+00:00\",\"dateModified\":\"2026-01-17T01:28:38+00:00\",\"mainEntityOfPage\":{\"@id\":\"https:\\\/\\\/turadio.com.co\\\/?p=3919\"},\"wordCount\":235,\"commentCount\":0,\"publisher\":{\"@id\":\"https:\\\/\\\/turadio.com.co\\\/#organization\"},\"image\":{\"@id\":\"https:\\\/\\\/turadio.com.co\\\/?p=3919#primaryimage\"},\"thumbnailUrl\":\"https:\\\/\\\/turadio.com.co\\\/wp-content\\\/uploads\\\/2026\\\/01\\\/image.jpg\",\"articleSection\":[\"C\u00f3rdoba\",\"Judiciales\"],\"inLanguage\":\"es\",\"potentialAction\":[{\"@type\":\"CommentAction\",\"name\":\"Comment\",\"target\":[\"https:\\\/\\\/turadio.com.co\\\/?p=3919#respond\"]}]},{\"@type\":\"WebPage\",\"@id\":\"https:\\\/\\\/turadio.com.co\\\/?p=3919\",\"url\":\"https:\\\/\\\/turadio.com.co\\\/?p=3919\",\"name\":\"Otro joven militar de C\u00f3rdoba muri\u00f3 en la guerra de Ucrania. - Tu Radio\",\"isPartOf\":{\"@id\":\"https:\\\/\\\/turadio.com.co\\\/#website\"},\"primaryImageOfPage\":{\"@id\":\"https:\\\/\\\/turadio.com.co\\\/?p=3919#primaryimage\"},\"image\":{\"@id\":\"https:\\\/\\\/turadio.com.co\\\/?p=3919#primaryimage\"},\"thumbnailUrl\":\"https:\\\/\\\/turadio.com.co\\\/wp-content\\\/uploads\\\/2026\\\/01\\\/image.jpg\",\"datePublished\":\"2026-01-17T01:28:36+00:00\",\"dateModified\":\"2026-01-17T01:28:38+00:00\",\"breadcrumb\":{\"@id\":\"https:\\\/\\\/turadio.com.co\\\/?p=3919#breadcrumb\"},\"inLanguage\":\"es\",\"potentialAction\":[{\"@type\":\"ReadAction\",\"target\":[\"https:\\\/\\\/turadio.com.co\\\/?p=3919\"]}]},{\"@type\":\"ImageObject\",\"inLanguage\":\"es\",\"@id\":\"https:\\\/\\\/turadio.com.co\\\/?p=3919#primaryimage\",\"url\":\"https:\\\/\\\/turadio.com.co\\\/wp-content\\\/uploads\\\/2026\\\/01\\\/image.jpg\",\"contentUrl\":\"https:\\\/\\\/turadio.com.co\\\/wp-content\\\/uploads\\\/2026\\\/01\\\/image.jpg\",\"width\":603,\"height\":693},{\"@type\":\"BreadcrumbList\",\"@id\":\"https:\\\/\\\/turadio.com.co\\\/?p=3919#breadcrumb\",\"itemListElement\":[{\"@type\":\"ListItem\",\"position\":1,\"name\":\"Portada\",\"item\":\"https:\\\/\\\/turadio.com.co\\\/\"},{\"@type\":\"ListItem\",\"position\":2,\"name\":\"Otro joven militar de C\u00f3rdoba muri\u00f3 en la guerra de Ucrania.\"}]},{\"@type\":\"WebSite\",\"@id\":\"https:\\\/\\\/turadio.com.co\\\/#website\",\"url\":\"https:\\\/\\\/turadio.com.co\\\/\",\"name\":\"Tu Radio\",\"description\":\"\",\"publisher\":{\"@id\":\"https:\\\/\\\/turadio.com.co\\\/#organization\"},\"potentialAction\":[{\"@type\":\"SearchAction\",\"target\":{\"@type\":\"EntryPoint\",\"urlTemplate\":\"https:\\\/\\\/turadio.com.co\\\/?s={search_term_string}\"},\"query-input\":{\"@type\":\"PropertyValueSpecification\",\"valueRequired\":true,\"valueName\":\"search_term_string\"}}],\"inLanguage\":\"es\"},{\"@type\":\"Organization\",\"@id\":\"https:\\\/\\\/turadio.com.co\\\/#organization\",\"name\":\"Tu Radio\",\"url\":\"https:\\\/\\\/turadio.com.co\\\/\",\"logo\":{\"@type\":\"ImageObject\",\"inLanguage\":\"es\",\"@id\":\"https:\\\/\\\/turadio.com.co\\\/#\\\/schema\\\/logo\\\/image\\\/\",\"url\":\"https:\\\/\\\/turadio.com.co\\\/wp-content\\\/uploads\\\/2025\\\/07\\\/logo.png\",\"contentUrl\":\"https:\\\/\\\/turadio.com.co\\\/wp-content\\\/uploads\\\/2025\\\/07\\\/logo.png\",\"width\":366,\"height\":91,\"caption\":\"Tu Radio\"},\"image\":{\"@id\":\"https:\\\/\\\/turadio.com.co\\\/#\\\/schema\\\/logo\\\/image\\\/\"}},{\"@type\":\"Person\",\"@id\":\"https:\\\/\\\/turadio.com.co\\\/#\\\/schema\\\/person\\\/a336ad8dcc0120ef37278ad35b4f64fe\",\"name\":\"turadio\",\"image\":{\"@type\":\"ImageObject\",\"inLanguage\":\"es\",\"@id\":\"https:\\\/\\\/secure.gravatar.com\\\/avatar\\\/e905fb228be0ae401b494278f04ccb4a7d2e839822ca560083e0b3a15f6c8669?s=96&d=mm&r=g\",\"url\":\"https:\\\/\\\/secure.gravatar.com\\\/avatar\\\/e905fb228be0ae401b494278f04ccb4a7d2e839822ca560083e0b3a15f6c8669?s=96&d=mm&r=g\",\"contentUrl\":\"https:\\\/\\\/secure.gravatar.com\\\/avatar\\\/e905fb228be0ae401b494278f04ccb4a7d2e839822ca560083e0b3a15f6c8669?s=96&d=mm&r=g\",\"caption\":\"turadio\"},\"sameAs\":[\"https:\\\/\\\/turadio.com.co\",\"https:\\\/\\\/www.facebook.com\\\/profile.php?id=100086306444643\",\"https:\\\/\\\/www.instagram.com\\\/turadio23\\\/\",\"https:\\\/\\\/www.youtube.com\\\/@TuRadiomonteria\"],\"url\":\"https:\\\/\\\/turadio.com.co\\\/?author=1\"}]}<\/script>\n<!-- \/ Yoast SEO plugin. -->","yoast_head_json":{"title":"Otro joven militar de C\u00f3rdoba muri\u00f3 en la guerra de Ucrania. - Tu Radio","robots":{"index":"index","follow":"follow","max-snippet":"max-snippet:-1","max-image-preview":"max-image-preview:large","max-video-preview":"max-video-preview:-1"},"canonical":"https:\/\/turadio.com.co\/?p=3919","og_locale":"es_ES","og_type":"article","og_title":"Otro joven militar de C\u00f3rdoba muri\u00f3 en la guerra de Ucrania. - Tu Radio","og_description":"La violencia del conflicto en Europa del Este vuelve a golpear a Colombia. En las \u00faltimas horas se confirm\u00f3 la muerte de William Rivas Hern\u00e1ndez, un joven exmilitar colombiano oriundo del corregimiento de La Subida, en el municipio de Lorica, departamento de C\u00f3rdoba, quien falleci\u00f3 mientras participaba en la guerra de Ucrania. Rivas Hern\u00e1ndez, de...","og_url":"https:\/\/turadio.com.co\/?p=3919","og_site_name":"Tu Radio","article_author":"https:\/\/www.facebook.com\/profile.php?id=100086306444643","article_published_time":"2026-01-17T01:28:36+00:00","article_modified_time":"2026-01-17T01:28:38+00:00","og_image":[{"width":603,"height":693,"url":"https:\/\/turadio.com.co\/wp-content\/uploads\/2026\/01\/image.jpg","type":"image\/jpeg"}],"author":"turadio","twitter_card":"summary_large_image","twitter_misc":{"Escrito por":"turadio","Tiempo de lectura":"2 minutos"},"schema":{"@context":"https:\/\/schema.org","@graph":[{"@type":"Article","@id":"https:\/\/turadio.com.co\/?p=3919#article","isPartOf":{"@id":"https:\/\/turadio.com.co\/?p=3919"},"author":{"name":"turadio","@id":"https:\/\/turadio.com.co\/#\/schema\/person\/a336ad8dcc0120ef37278ad35b4f64fe"},"headline":"Otro joven militar de C\u00f3rdoba muri\u00f3 en la guerra de Ucrania.","datePublished":"2026-01-17T01:28:36+00:00","dateModified":"2026-01-17T01:28:38+00:00","mainEntityOfPage":{"@id":"https:\/\/turadio.com.co\/?p=3919"},"wordCount":235,"commentCount":0,"publisher":{"@id":"https:\/\/turadio.com.co\/#organization"},"image":{"@id":"https:\/\/turadio.com.co\/?p=3919#primaryimage"},"thumbnailUrl":"https:\/\/turadio.com.co\/wp-content\/uploads\/2026\/01\/image.jpg","articleSection":["C\u00f3rdoba","Judiciales"],"inLanguage":"es","potentialAction":[{"@type":"CommentAction","name":"Comment","target":["https:\/\/turadio.com.co\/?p=3919#respond"]}]},{"@type":"WebPage","@id":"https:\/\/turadio.com.co\/?p=3919","url":"https:\/\/turadio.com.co\/?p=3919","name":"Otro joven militar de C\u00f3rdoba muri\u00f3 en la guerra de Ucrania. - Tu Radio","isPartOf":{"@id":"https:\/\/turadio.com.co\/#website"},"primaryImageOfPage":{"@id":"https:\/\/turadio.com.co\/?p=3919#primaryimage"},"image":{"@id":"https:\/\/turadio.com.co\/?p=3919#primaryimage"},"thumbnailUrl":"https:\/\/turadio.com.co\/wp-content\/uploads\/2026\/01\/image.jpg","datePublished":"2026-01-17T01:28:36+00:00","dateModified":"2026-01-17T01:28:38+00:00","breadcrumb":{"@id":"https:\/\/turadio.com.co\/?p=3919#breadcrumb"},"inLanguage":"es","potentialAction":[{"@type":"ReadAction","target":["https:\/\/turadio.com.co\/?p=3919"]}]},{"@type":"ImageObject","inLanguage":"es","@id":"https:\/\/turadio.com.co\/?p=3919#primaryimage","url":"https:\/\/turadio.com.co\/wp-content\/uploads\/2026\/01\/image.jpg","contentUrl":"https:\/\/turadio.com.co\/wp-content\/uploads\/2026\/01\/image.jpg","width":603,"height":693},{"@type":"BreadcrumbList","@id":"https:\/\/turadio.com.co\/?p=3919#breadcrumb","itemListElement":[{"@type":"ListItem","position":1,"name":"Portada","item":"https:\/\/turadio.com.co\/"},{"@type":"ListItem","position":2,"name":"Otro joven militar de C\u00f3rdoba muri\u00f3 en la guerra de Ucrania."}]},{"@type":"WebSite","@id":"https:\/\/turadio.com.co\/#website","url":"https:\/\/turadio.com.co\/","name":"Tu Radio","description":"","publisher":{"@id":"https:\/\/turadio.com.co\/#organization"},"potentialAction":[{"@type":"SearchAction","target":{"@type":"EntryPoint","urlTemplate":"https:\/\/turadio.com.co\/?s={search_term_string}"},"query-input":{"@type":"PropertyValueSpecification","valueRequired":true,"valueName":"search_term_string"}}],"inLanguage":"es"},{"@type":"Organization","@id":"https:\/\/turadio.com.co\/#organization","name":"Tu Radio","url":"https:\/\/turadio.com.co\/","logo":{"@type":"ImageObject","inLanguage":"es","@id":"https:\/\/turadio.com.co\/#\/schema\/logo\/image\/","url":"https:\/\/turadio.com.co\/wp-content\/uploads\/2025\/07\/logo.png","contentUrl":"https:\/\/turadio.com.co\/wp-content\/uploads\/2025\/07\/logo.png","width":366,"height":91,"caption":"Tu Radio"},"image":{"@id":"https:\/\/turadio.com.co\/#\/schema\/logo\/image\/"}},{"@type":"Person","@id":"https:\/\/turadio.com.co\/#\/schema\/person\/a336ad8dcc0120ef37278ad35b4f64fe","name":"turadio","image":{"@type":"ImageObject","inLanguage":"es","@id":"https:\/\/secure.gravatar.com\/avatar\/e905fb228be0ae401b494278f04ccb4a7d2e839822ca560083e0b3a15f6c8669?s=96&d=mm&r=g","url":"https:\/\/secure.gravatar.com\/avatar\/e905fb228be0ae401b494278f04ccb4a7d2e839822ca560083e0b3a15f6c8669?s=96&d=mm&r=g","contentUrl":"https:\/\/secure.gravatar.com\/avatar\/e905fb228be0ae401b494278f04ccb4a7d2e839822ca560083e0b3a15f6c8669?s=96&d=mm&r=g","caption":"turadio"},"sameAs":["https:\/\/turadio.com.co","https:\/\/www.facebook.com\/profile.php?id=100086306444643","https:\/\/www.instagram.com\/turadio23\/","https:\/\/www.youtube.com\/@TuRadiomonteria"],"url":"https:\/\/turadio.com.co\/?author=1"}]}},"_links":{"self":[{"href":"https:\/\/turadio.com.co\/index.php?rest_route=\/wp\/v2\/posts\/3919","targetHints":{"allow":["GET"]}}],"collection":[{"href":"https:\/\/turadio.com.co\/index.php?rest_route=\/wp\/v2\/posts"}],"about":[{"href":"https:\/\/turadio.com.co\/index.php?rest_route=\/wp\/v2\/types\/post"}],"author":[{"embeddable":true,"href":"https:\/\/turadio.com.co\/index.php?rest_route=\/wp\/v2\/users\/1"}],"replies":[{"embeddable":true,"href":"https:\/\/turadio.com.co\/index.php?rest_route=%2Fwp%2Fv2%2Fcomments&post=3919"}],"version-history":[{"count":1,"href":"https:\/\/turadio.com.co\/index.php?rest_route=\/wp\/v2\/posts\/3919\/revisions"}],"predecessor-version":[{"id":3921,"href":"https:\/\/turadio.com.co\/index.php?rest_route=\/wp\/v2\/posts\/3919\/revisions\/3921"}],"wp:featuredmedia":[{"embeddable":true,"href":"https:\/\/turadio.com.co\/index.php?rest_route=\/wp\/v2\/media\/3920"}],"wp:attachment":[{"href":"https:\/\/turadio.com.co\/index.php?rest_route=%2Fwp%2Fv2%2Fmedia&parent=3919"}],"wp:term":[{"taxonomy":"category","embeddable":true,"href":"https:\/\/turadio.com.co\/index.php?rest_route=%2Fwp%2Fv2%2Fcategories&post=3919"},{"taxonomy":"post_tag","embeddable":true,"href":"https:\/\/turadio.com.co\/index.php?rest_route=%2Fwp%2Fv2%2Ftags&post=3919"}],"curies":[{"name":"wp","href":"https:\/\/api.w.org\/{rel}","templated":true}]}}