{"id":3922,"date":"2026-01-17T01:44:01","date_gmt":"2026-01-17T01:44:01","guid":{"rendered":"https:\/\/turadio.com.co\/?p=3922"},"modified":"2026-01-17T01:44:04","modified_gmt":"2026-01-17T01:44:04","slug":"agredio-a-un-perrito-con-una-varilla-de-hierro-y-fue-capturado-en-el-barrio-la-pradera-de-monteria","status":"publish","type":"post","link":"https:\/\/turadio.com.co\/?p=3922","title":{"rendered":"Agredi\u00f3 a un perrito con una varilla de hierro y fue capturado en el barrio La Pradera de Monter\u00eda."},"content":{"rendered":"\n<p>La Polic\u00eda Nacional logr\u00f3 la captura en flagrancia de un ciudadano por el delito de maltrato animal, durante el desarrollo de actividades preventivas de patrullaje urbano y registro a personas en el barrio La Pradera.<\/p>\n\n\n\n<p>Mientras los uniformados adelantaban labores de vigilancia, una ciudadana solicit\u00f3 auxilio de manera urgente, manifestando que un sujeto acababa de lesionar a su perro en el ojo con un objeto contundente. De inmediato, los polic\u00edas se dirigieron al lugar, donde la mujer se\u00f1al\u00f3 al presunto agresor y evidenciaron que el canino presentaba una lesi\u00f3n visible en el rostro.<\/p>\n\n\n\n<figure class=\"wp-block-embed is-type-video is-provider-youtube wp-block-embed-youtube wp-embed-aspect-9-16 wp-has-aspect-ratio\"><div class=\"wp-block-embed__wrapper\">\n<iframe loading=\"lazy\" title=\"WhatsApp Video 2026 01 15 at 6 15 22 AM\" width=\"540\" height=\"960\" src=\"https:\/\/www.youtube.com\/embed\/bitQIOT0z_c?feature=oembed\" frameborder=\"0\" allow=\"accelerometer; autoplay; clipboard-write; encrypted-media; gyroscope; picture-in-picture; web-share\" referrerpolicy=\"strict-origin-when-cross-origin\" allowfullscreen><\/iframe>\n<\/div><\/figure>\n\n\n\n<p>Ante la situaci\u00f3n, los uniformados procedieron a abordar al ciudadano se\u00f1alado y practicarle un registro a persona, hallando en la pretina del pantal\u00f3n que vest\u00eda un objeto contundente tipo varilla de acero, el cual habr\u00eda sido utilizado para agredir al animal. Seg\u00fan lo manifestado, la agresi\u00f3n se habr\u00eda producido porque el canino ladr\u00f3 mientras el sujeto transitaba por el sector.<\/p>\n\n\n\n<p>La canina fue trasladada de manera inmediata a un centro veterinario, donde recibi\u00f3 atenci\u00f3n m\u00e9dica especializada.<\/p>\n\n\n\n<p>Posteriormente, se procedi\u00f3 a materializar la captura en flagrancia, inform\u00e1ndole al ciudadano los derechos que le asisten como persona capturada y realizando la incautaci\u00f3n del objeto contundente, dej\u00e1ndolo a disposici\u00f3n de la autoridad competente.<\/p>\n","protected":false},"excerpt":{"rendered":"<p>La Polic\u00eda Nacional logr\u00f3 la captura en flagrancia de un ciudadano por el delito de maltrato animal, durante el desarrollo de actividades preventivas de patrullaje urbano y registro a personas en el barrio La Pradera. Mientras los uniformados adelantaban labores de vigilancia, una ciudadana solicit\u00f3 auxilio de manera urgente, manifestando que un sujeto acababa de&#8230;<\/p>\n","protected":false},"author":1,"featured_media":3923,"comment_status":"open","ping_status":"open","sticky":false,"template":"","format":"standard","meta":{"footnotes":""},"categories":[12],"tags":[],"class_list":["post-3922","post","type-post","status-publish","format-standard","has-post-thumbnail","hentry","category-judiciales"],"yoast_head":"<!-- This site is optimized with the Yoast SEO plugin v27.5 - https:\/\/yoast.com\/product\/yoast-seo-wordpress\/ -->\n<title>Agredi\u00f3 a un perrito con una varilla de hierro y fue capturado en el barrio La Pradera de Monter\u00eda. - Tu Radio<\/title>\n<meta name=\"robots\" content=\"index, follow, max-snippet:-1, max-image-preview:large, max-video-preview:-1\" \/>\n<link rel=\"canonical\" href=\"https:\/\/turadio.com.co\/?p=3922\" \/>\n<meta property=\"og:locale\" content=\"es_ES\" \/>\n<meta property=\"og:type\" content=\"article\" \/>\n<meta property=\"og:title\" content=\"Agredi\u00f3 a un perrito con una varilla de hierro y fue capturado en el barrio La Pradera de Monter\u00eda. - Tu Radio\" \/>\n<meta property=\"og:description\" content=\"La Polic\u00eda Nacional logr\u00f3 la captura en flagrancia de un ciudadano por el delito de maltrato animal, durante el desarrollo de actividades preventivas de patrullaje urbano y registro a personas en el barrio La Pradera. Mientras los uniformados adelantaban labores de vigilancia, una ciudadana solicit\u00f3 auxilio de manera urgente, manifestando que un sujeto acababa de...\" \/>\n<meta property=\"og:url\" content=\"https:\/\/turadio.com.co\/?p=3922\" \/>\n<meta property=\"og:site_name\" content=\"Tu Radio\" \/>\n<meta property=\"article:author\" content=\"https:\/\/www.facebook.com\/profile.php?id=100086306444643\" \/>\n<meta property=\"article:published_time\" content=\"2026-01-17T01:44:01+00:00\" \/>\n<meta property=\"article:modified_time\" content=\"2026-01-17T01:44:04+00:00\" \/>\n<meta property=\"og:image\" content=\"https:\/\/turadio.com.co\/wp-content\/uploads\/2026\/01\/WhatsApp-Image-2026-01-15-at-6.06.33-AM.jpeg\" \/>\n\t<meta property=\"og:image:width\" content=\"1007\" \/>\n\t<meta property=\"og:image:height\" content=\"900\" \/>\n\t<meta property=\"og:image:type\" content=\"image\/jpeg\" \/>\n<meta name=\"author\" content=\"turadio\" \/>\n<meta name=\"twitter:card\" content=\"summary_large_image\" \/>\n<meta name=\"twitter:label1\" content=\"Escrito por\" \/>\n\t<meta name=\"twitter:data1\" content=\"turadio\" \/>\n\t<meta name=\"twitter:label2\" content=\"Tiempo de lectura\" \/>\n\t<meta name=\"twitter:data2\" content=\"2 minutos\" \/>\n<script type=\"application\/ld+json\" class=\"yoast-schema-graph\">{\"@context\":\"https:\\\/\\\/schema.org\",\"@graph\":[{\"@type\":\"Article\",\"@id\":\"https:\\\/\\\/turadio.com.co\\\/?p=3922#article\",\"isPartOf\":{\"@id\":\"https:\\\/\\\/turadio.com.co\\\/?p=3922\"},\"author\":{\"name\":\"turadio\",\"@id\":\"https:\\\/\\\/turadio.com.co\\\/#\\\/schema\\\/person\\\/a336ad8dcc0120ef37278ad35b4f64fe\"},\"headline\":\"Agredi\u00f3 a un perrito con una varilla de hierro y fue capturado en el barrio La Pradera de Monter\u00eda.\",\"datePublished\":\"2026-01-17T01:44:01+00:00\",\"dateModified\":\"2026-01-17T01:44:04+00:00\",\"mainEntityOfPage\":{\"@id\":\"https:\\\/\\\/turadio.com.co\\\/?p=3922\"},\"wordCount\":250,\"commentCount\":0,\"publisher\":{\"@id\":\"https:\\\/\\\/turadio.com.co\\\/#organization\"},\"image\":{\"@id\":\"https:\\\/\\\/turadio.com.co\\\/?p=3922#primaryimage\"},\"thumbnailUrl\":\"https:\\\/\\\/turadio.com.co\\\/wp-content\\\/uploads\\\/2026\\\/01\\\/WhatsApp-Image-2026-01-15-at-6.06.33-AM.jpeg\",\"articleSection\":[\"Judiciales\"],\"inLanguage\":\"es\",\"potentialAction\":[{\"@type\":\"CommentAction\",\"name\":\"Comment\",\"target\":[\"https:\\\/\\\/turadio.com.co\\\/?p=3922#respond\"]}]},{\"@type\":\"WebPage\",\"@id\":\"https:\\\/\\\/turadio.com.co\\\/?p=3922\",\"url\":\"https:\\\/\\\/turadio.com.co\\\/?p=3922\",\"name\":\"Agredi\u00f3 a un perrito con una varilla de hierro y fue capturado en el barrio La Pradera de Monter\u00eda. - Tu Radio\",\"isPartOf\":{\"@id\":\"https:\\\/\\\/turadio.com.co\\\/#website\"},\"primaryImageOfPage\":{\"@id\":\"https:\\\/\\\/turadio.com.co\\\/?p=3922#primaryimage\"},\"image\":{\"@id\":\"https:\\\/\\\/turadio.com.co\\\/?p=3922#primaryimage\"},\"thumbnailUrl\":\"https:\\\/\\\/turadio.com.co\\\/wp-content\\\/uploads\\\/2026\\\/01\\\/WhatsApp-Image-2026-01-15-at-6.06.33-AM.jpeg\",\"datePublished\":\"2026-01-17T01:44:01+00:00\",\"dateModified\":\"2026-01-17T01:44:04+00:00\",\"breadcrumb\":{\"@id\":\"https:\\\/\\\/turadio.com.co\\\/?p=3922#breadcrumb\"},\"inLanguage\":\"es\",\"potentialAction\":[{\"@type\":\"ReadAction\",\"target\":[\"https:\\\/\\\/turadio.com.co\\\/?p=3922\"]}]},{\"@type\":\"ImageObject\",\"inLanguage\":\"es\",\"@id\":\"https:\\\/\\\/turadio.com.co\\\/?p=3922#primaryimage\",\"url\":\"https:\\\/\\\/turadio.com.co\\\/wp-content\\\/uploads\\\/2026\\\/01\\\/WhatsApp-Image-2026-01-15-at-6.06.33-AM.jpeg\",\"contentUrl\":\"https:\\\/\\\/turadio.com.co\\\/wp-content\\\/uploads\\\/2026\\\/01\\\/WhatsApp-Image-2026-01-15-at-6.06.33-AM.jpeg\",\"width\":1007,\"height\":900},{\"@type\":\"BreadcrumbList\",\"@id\":\"https:\\\/\\\/turadio.com.co\\\/?p=3922#breadcrumb\",\"itemListElement\":[{\"@type\":\"ListItem\",\"position\":1,\"name\":\"Portada\",\"item\":\"https:\\\/\\\/turadio.com.co\\\/\"},{\"@type\":\"ListItem\",\"position\":2,\"name\":\"Agredi\u00f3 a un perrito con una varilla de hierro y fue capturado en el barrio La Pradera de Monter\u00eda.\"}]},{\"@type\":\"WebSite\",\"@id\":\"https:\\\/\\\/turadio.com.co\\\/#website\",\"url\":\"https:\\\/\\\/turadio.com.co\\\/\",\"name\":\"Tu Radio\",\"description\":\"\",\"publisher\":{\"@id\":\"https:\\\/\\\/turadio.com.co\\\/#organization\"},\"potentialAction\":[{\"@type\":\"SearchAction\",\"target\":{\"@type\":\"EntryPoint\",\"urlTemplate\":\"https:\\\/\\\/turadio.com.co\\\/?s={search_term_string}\"},\"query-input\":{\"@type\":\"PropertyValueSpecification\",\"valueRequired\":true,\"valueName\":\"search_term_string\"}}],\"inLanguage\":\"es\"},{\"@type\":\"Organization\",\"@id\":\"https:\\\/\\\/turadio.com.co\\\/#organization\",\"name\":\"Tu Radio\",\"url\":\"https:\\\/\\\/turadio.com.co\\\/\",\"logo\":{\"@type\":\"ImageObject\",\"inLanguage\":\"es\",\"@id\":\"https:\\\/\\\/turadio.com.co\\\/#\\\/schema\\\/logo\\\/image\\\/\",\"url\":\"https:\\\/\\\/turadio.com.co\\\/wp-content\\\/uploads\\\/2025\\\/07\\\/logo.png\",\"contentUrl\":\"https:\\\/\\\/turadio.com.co\\\/wp-content\\\/uploads\\\/2025\\\/07\\\/logo.png\",\"width\":366,\"height\":91,\"caption\":\"Tu Radio\"},\"image\":{\"@id\":\"https:\\\/\\\/turadio.com.co\\\/#\\\/schema\\\/logo\\\/image\\\/\"}},{\"@type\":\"Person\",\"@id\":\"https:\\\/\\\/turadio.com.co\\\/#\\\/schema\\\/person\\\/a336ad8dcc0120ef37278ad35b4f64fe\",\"name\":\"turadio\",\"image\":{\"@type\":\"ImageObject\",\"inLanguage\":\"es\",\"@id\":\"https:\\\/\\\/secure.gravatar.com\\\/avatar\\\/e905fb228be0ae401b494278f04ccb4a7d2e839822ca560083e0b3a15f6c8669?s=96&d=mm&r=g\",\"url\":\"https:\\\/\\\/secure.gravatar.com\\\/avatar\\\/e905fb228be0ae401b494278f04ccb4a7d2e839822ca560083e0b3a15f6c8669?s=96&d=mm&r=g\",\"contentUrl\":\"https:\\\/\\\/secure.gravatar.com\\\/avatar\\\/e905fb228be0ae401b494278f04ccb4a7d2e839822ca560083e0b3a15f6c8669?s=96&d=mm&r=g\",\"caption\":\"turadio\"},\"sameAs\":[\"https:\\\/\\\/turadio.com.co\",\"https:\\\/\\\/www.facebook.com\\\/profile.php?id=100086306444643\",\"https:\\\/\\\/www.instagram.com\\\/turadio23\\\/\",\"https:\\\/\\\/www.youtube.com\\\/@TuRadiomonteria\"],\"url\":\"https:\\\/\\\/turadio.com.co\\\/?author=1\"}]}<\/script>\n<!-- \/ Yoast SEO plugin. -->","yoast_head_json":{"title":"Agredi\u00f3 a un perrito con una varilla de hierro y fue capturado en el barrio La Pradera de Monter\u00eda. - Tu Radio","robots":{"index":"index","follow":"follow","max-snippet":"max-snippet:-1","max-image-preview":"max-image-preview:large","max-video-preview":"max-video-preview:-1"},"canonical":"https:\/\/turadio.com.co\/?p=3922","og_locale":"es_ES","og_type":"article","og_title":"Agredi\u00f3 a un perrito con una varilla de hierro y fue capturado en el barrio La Pradera de Monter\u00eda. - Tu Radio","og_description":"La Polic\u00eda Nacional logr\u00f3 la captura en flagrancia de un ciudadano por el delito de maltrato animal, durante el desarrollo de actividades preventivas de patrullaje urbano y registro a personas en el barrio La Pradera. Mientras los uniformados adelantaban labores de vigilancia, una ciudadana solicit\u00f3 auxilio de manera urgente, manifestando que un sujeto acababa de...","og_url":"https:\/\/turadio.com.co\/?p=3922","og_site_name":"Tu Radio","article_author":"https:\/\/www.facebook.com\/profile.php?id=100086306444643","article_published_time":"2026-01-17T01:44:01+00:00","article_modified_time":"2026-01-17T01:44:04+00:00","og_image":[{"width":1007,"height":900,"url":"https:\/\/turadio.com.co\/wp-content\/uploads\/2026\/01\/WhatsApp-Image-2026-01-15-at-6.06.33-AM.jpeg","type":"image\/jpeg"}],"author":"turadio","twitter_card":"summary_large_image","twitter_misc":{"Escrito por":"turadio","Tiempo de lectura":"2 minutos"},"schema":{"@context":"https:\/\/schema.org","@graph":[{"@type":"Article","@id":"https:\/\/turadio.com.co\/?p=3922#article","isPartOf":{"@id":"https:\/\/turadio.com.co\/?p=3922"},"author":{"name":"turadio","@id":"https:\/\/turadio.com.co\/#\/schema\/person\/a336ad8dcc0120ef37278ad35b4f64fe"},"headline":"Agredi\u00f3 a un perrito con una varilla de hierro y fue capturado en el barrio La Pradera de Monter\u00eda.","datePublished":"2026-01-17T01:44:01+00:00","dateModified":"2026-01-17T01:44:04+00:00","mainEntityOfPage":{"@id":"https:\/\/turadio.com.co\/?p=3922"},"wordCount":250,"commentCount":0,"publisher":{"@id":"https:\/\/turadio.com.co\/#organization"},"image":{"@id":"https:\/\/turadio.com.co\/?p=3922#primaryimage"},"thumbnailUrl":"https:\/\/turadio.com.co\/wp-content\/uploads\/2026\/01\/WhatsApp-Image-2026-01-15-at-6.06.33-AM.jpeg","articleSection":["Judiciales"],"inLanguage":"es","potentialAction":[{"@type":"CommentAction","name":"Comment","target":["https:\/\/turadio.com.co\/?p=3922#respond"]}]},{"@type":"WebPage","@id":"https:\/\/turadio.com.co\/?p=3922","url":"https:\/\/turadio.com.co\/?p=3922","name":"Agredi\u00f3 a un perrito con una varilla de hierro y fue capturado en el barrio La Pradera de Monter\u00eda. - Tu Radio","isPartOf":{"@id":"https:\/\/turadio.com.co\/#website"},"primaryImageOfPage":{"@id":"https:\/\/turadio.com.co\/?p=3922#primaryimage"},"image":{"@id":"https:\/\/turadio.com.co\/?p=3922#primaryimage"},"thumbnailUrl":"https:\/\/turadio.com.co\/wp-content\/uploads\/2026\/01\/WhatsApp-Image-2026-01-15-at-6.06.33-AM.jpeg","datePublished":"2026-01-17T01:44:01+00:00","dateModified":"2026-01-17T01:44:04+00:00","breadcrumb":{"@id":"https:\/\/turadio.com.co\/?p=3922#breadcrumb"},"inLanguage":"es","potentialAction":[{"@type":"ReadAction","target":["https:\/\/turadio.com.co\/?p=3922"]}]},{"@type":"ImageObject","inLanguage":"es","@id":"https:\/\/turadio.com.co\/?p=3922#primaryimage","url":"https:\/\/turadio.com.co\/wp-content\/uploads\/2026\/01\/WhatsApp-Image-2026-01-15-at-6.06.33-AM.jpeg","contentUrl":"https:\/\/turadio.com.co\/wp-content\/uploads\/2026\/01\/WhatsApp-Image-2026-01-15-at-6.06.33-AM.jpeg","width":1007,"height":900},{"@type":"BreadcrumbList","@id":"https:\/\/turadio.com.co\/?p=3922#breadcrumb","itemListElement":[{"@type":"ListItem","position":1,"name":"Portada","item":"https:\/\/turadio.com.co\/"},{"@type":"ListItem","position":2,"name":"Agredi\u00f3 a un perrito con una varilla de hierro y fue capturado en el barrio La Pradera de Monter\u00eda."}]},{"@type":"WebSite","@id":"https:\/\/turadio.com.co\/#website","url":"https:\/\/turadio.com.co\/","name":"Tu Radio","description":"","publisher":{"@id":"https:\/\/turadio.com.co\/#organization"},"potentialAction":[{"@type":"SearchAction","target":{"@type":"EntryPoint","urlTemplate":"https:\/\/turadio.com.co\/?s={search_term_string}"},"query-input":{"@type":"PropertyValueSpecification","valueRequired":true,"valueName":"search_term_string"}}],"inLanguage":"es"},{"@type":"Organization","@id":"https:\/\/turadio.com.co\/#organization","name":"Tu Radio","url":"https:\/\/turadio.com.co\/","logo":{"@type":"ImageObject","inLanguage":"es","@id":"https:\/\/turadio.com.co\/#\/schema\/logo\/image\/","url":"https:\/\/turadio.com.co\/wp-content\/uploads\/2025\/07\/logo.png","contentUrl":"https:\/\/turadio.com.co\/wp-content\/uploads\/2025\/07\/logo.png","width":366,"height":91,"caption":"Tu Radio"},"image":{"@id":"https:\/\/turadio.com.co\/#\/schema\/logo\/image\/"}},{"@type":"Person","@id":"https:\/\/turadio.com.co\/#\/schema\/person\/a336ad8dcc0120ef37278ad35b4f64fe","name":"turadio","image":{"@type":"ImageObject","inLanguage":"es","@id":"https:\/\/secure.gravatar.com\/avatar\/e905fb228be0ae401b494278f04ccb4a7d2e839822ca560083e0b3a15f6c8669?s=96&d=mm&r=g","url":"https:\/\/secure.gravatar.com\/avatar\/e905fb228be0ae401b494278f04ccb4a7d2e839822ca560083e0b3a15f6c8669?s=96&d=mm&r=g","contentUrl":"https:\/\/secure.gravatar.com\/avatar\/e905fb228be0ae401b494278f04ccb4a7d2e839822ca560083e0b3a15f6c8669?s=96&d=mm&r=g","caption":"turadio"},"sameAs":["https:\/\/turadio.com.co","https:\/\/www.facebook.com\/profile.php?id=100086306444643","https:\/\/www.instagram.com\/turadio23\/","https:\/\/www.youtube.com\/@TuRadiomonteria"],"url":"https:\/\/turadio.com.co\/?author=1"}]}},"_links":{"self":[{"href":"https:\/\/turadio.com.co\/index.php?rest_route=\/wp\/v2\/posts\/3922","targetHints":{"allow":["GET"]}}],"collection":[{"href":"https:\/\/turadio.com.co\/index.php?rest_route=\/wp\/v2\/posts"}],"about":[{"href":"https:\/\/turadio.com.co\/index.php?rest_route=\/wp\/v2\/types\/post"}],"author":[{"embeddable":true,"href":"https:\/\/turadio.com.co\/index.php?rest_route=\/wp\/v2\/users\/1"}],"replies":[{"embeddable":true,"href":"https:\/\/turadio.com.co\/index.php?rest_route=%2Fwp%2Fv2%2Fcomments&post=3922"}],"version-history":[{"count":1,"href":"https:\/\/turadio.com.co\/index.php?rest_route=\/wp\/v2\/posts\/3922\/revisions"}],"predecessor-version":[{"id":3924,"href":"https:\/\/turadio.com.co\/index.php?rest_route=\/wp\/v2\/posts\/3922\/revisions\/3924"}],"wp:featuredmedia":[{"embeddable":true,"href":"https:\/\/turadio.com.co\/index.php?rest_route=\/wp\/v2\/media\/3923"}],"wp:attachment":[{"href":"https:\/\/turadio.com.co\/index.php?rest_route=%2Fwp%2Fv2%2Fmedia&parent=3922"}],"wp:term":[{"taxonomy":"category","embeddable":true,"href":"https:\/\/turadio.com.co\/index.php?rest_route=%2Fwp%2Fv2%2Fcategories&post=3922"},{"taxonomy":"post_tag","embeddable":true,"href":"https:\/\/turadio.com.co\/index.php?rest_route=%2Fwp%2Fv2%2Ftags&post=3922"}],"curies":[{"name":"wp","href":"https:\/\/api.w.org\/{rel}","templated":true}]}}