{"id":4312,"date":"2026-01-28T11:16:46","date_gmt":"2026-01-28T11:16:46","guid":{"rendered":"https:\/\/turadio.com.co\/?p=4312"},"modified":"2026-01-28T11:16:50","modified_gmt":"2026-01-28T11:16:50","slug":"juzgado-admite-tutela-por-demoliciones-en-barrio-berlin-en-monteria-pero-no-ordena-suspender-el-desalojo","status":"publish","type":"post","link":"https:\/\/turadio.com.co\/?p=4312","title":{"rendered":"Juzgado admite tutela por demoliciones en barrio Berl\u00edn en Monter\u00eda, pero no ordena suspender el desalojo."},"content":{"rendered":"\n<p>El Juzgado Once Administrativo Oral del Circuito de Monter\u00eda admiti\u00f3 para su estudio una acci\u00f3n de tutela interpuesta por Luisa Fernanda Julio Vertel, en representaci\u00f3n de varias familias del barrio Berl\u00edn, quienes alegan una posible vulneraci\u00f3n de sus derechos al debido proceso durante las demoliciones que se adelantan en ese sector de la ciudad.<\/p>\n\n\n\n<p>La acci\u00f3n judicial fue dirigida contra la Inspecci\u00f3n Especializada en Urbanismo, la Alcald\u00eda de Monter\u00eda y la Polic\u00eda Nacional. Sin embargo, pese a dar tr\u00e1mite al recurso constitucional, el despacho judicial neg\u00f3 la solicitud de una medida provisional que buscaba detener de manera inmediata las demoliciones.<\/p>\n\n\n\n<p>De acuerdo con lo se\u00f1alado en la providencia, el juez determin\u00f3 que no se cumplen los requisitos legales para ordenar la suspensi\u00f3n urgente de las actuaciones administrativas en curso. En su an\u00e1lisis preliminar, el juzgado concluy\u00f3 que el proceso fue desarrollado con acompa\u00f1amiento institucional y que las familias involucradas hab\u00edan sido notificadas con antelaci\u00f3n sobre la orden de intervenci\u00f3n.<\/p>\n\n\n\n<p>Seg\u00fan el expediente, la decisi\u00f3n administrativa que dio origen al procedimiento fue emitida en mayo de 2025 y posteriormente confirmada mediante un acto formal en junio del mismo a\u00f1o, lo que, a juicio del juez, evidencia que no se trat\u00f3 de una actuaci\u00f3n intempestiva.<\/p>\n\n\n\n<p>El despacho tambi\u00e9n tuvo en cuenta actas, informes y comunicaciones oficiales que dan cuenta de la participaci\u00f3n de distintas entidades durante el operativo, entre ellas organismos de control, autoridades locales, cuerpos de socorro y dependencias encargadas de la atenci\u00f3n a poblaci\u00f3n en condici\u00f3n de vulnerabilidad.<\/p>\n\n\n\n<p>Con base en estos elementos, el juzgado descart\u00f3 la existencia de un da\u00f1o irreparable o de una afectaci\u00f3n grave e inmediata de derechos fundamentales que justificara la adopci\u00f3n de una medida cautelar. No obstante, la acci\u00f3n de tutela continuar\u00e1 su tr\u00e1mite hasta que se emita una decisi\u00f3n de fondo.<\/p>\n\n\n\n<p>Finalmente, el juez orden\u00f3 la vinculaci\u00f3n de otras entidades y terceros con inter\u00e9s en el proceso, con el fin de garantizar el derecho a la defensa y adoptar una decisi\u00f3n integral sobre la situaci\u00f3n jur\u00eddica planteada.<\/p>\n","protected":false},"excerpt":{"rendered":"<p>El Juzgado Once Administrativo Oral del Circuito de Monter\u00eda admiti\u00f3 para su estudio una acci\u00f3n de tutela interpuesta por Luisa Fernanda Julio Vertel, en representaci\u00f3n de varias familias del barrio Berl\u00edn, quienes alegan una posible vulneraci\u00f3n de sus derechos al debido proceso durante las demoliciones que se adelantan en ese sector de la ciudad. La&#8230;<\/p>\n","protected":false},"author":1,"featured_media":4313,"comment_status":"open","ping_status":"open","sticky":false,"template":"","format":"standard","meta":{"footnotes":""},"categories":[14],"tags":[],"class_list":["post-4312","post","type-post","status-publish","format-standard","has-post-thumbnail","hentry","category-monteria"],"yoast_head":"<!-- This site is optimized with the Yoast SEO plugin v27.5 - https:\/\/yoast.com\/product\/yoast-seo-wordpress\/ -->\n<title>Juzgado admite tutela por demoliciones en barrio Berl\u00edn en Monter\u00eda, pero no ordena suspender el desalojo. - Tu Radio<\/title>\n<meta name=\"robots\" content=\"index, follow, max-snippet:-1, max-image-preview:large, max-video-preview:-1\" \/>\n<link rel=\"canonical\" href=\"https:\/\/turadio.com.co\/?p=4312\" \/>\n<meta property=\"og:locale\" content=\"es_ES\" \/>\n<meta property=\"og:type\" content=\"article\" \/>\n<meta property=\"og:title\" content=\"Juzgado admite tutela por demoliciones en barrio Berl\u00edn en Monter\u00eda, pero no ordena suspender el desalojo. - Tu Radio\" \/>\n<meta property=\"og:description\" content=\"El Juzgado Once Administrativo Oral del Circuito de Monter\u00eda admiti\u00f3 para su estudio una acci\u00f3n de tutela interpuesta por Luisa Fernanda Julio Vertel, en representaci\u00f3n de varias familias del barrio Berl\u00edn, quienes alegan una posible vulneraci\u00f3n de sus derechos al debido proceso durante las demoliciones que se adelantan en ese sector de la ciudad. La...\" \/>\n<meta property=\"og:url\" content=\"https:\/\/turadio.com.co\/?p=4312\" \/>\n<meta property=\"og:site_name\" content=\"Tu Radio\" \/>\n<meta property=\"article:author\" content=\"https:\/\/www.facebook.com\/profile.php?id=100086306444643\" \/>\n<meta property=\"article:published_time\" content=\"2026-01-28T11:16:46+00:00\" \/>\n<meta property=\"article:modified_time\" content=\"2026-01-28T11:16:50+00:00\" \/>\n<meta property=\"og:image\" content=\"https:\/\/turadio.com.co\/wp-content\/uploads\/2026\/01\/WhatsApp-Image-2026-01-28-at-6.13.25-AM.jpeg\" \/>\n\t<meta property=\"og:image:width\" content=\"720\" \/>\n\t<meta property=\"og:image:height\" content=\"417\" \/>\n\t<meta property=\"og:image:type\" content=\"image\/jpeg\" \/>\n<meta name=\"author\" content=\"turadio\" \/>\n<meta name=\"twitter:card\" content=\"summary_large_image\" \/>\n<meta name=\"twitter:label1\" content=\"Escrito por\" \/>\n\t<meta name=\"twitter:data1\" content=\"turadio\" \/>\n\t<meta name=\"twitter:label2\" content=\"Tiempo de lectura\" \/>\n\t<meta name=\"twitter:data2\" content=\"2 minutos\" \/>\n<script type=\"application\/ld+json\" class=\"yoast-schema-graph\">{\"@context\":\"https:\\\/\\\/schema.org\",\"@graph\":[{\"@type\":\"Article\",\"@id\":\"https:\\\/\\\/turadio.com.co\\\/?p=4312#article\",\"isPartOf\":{\"@id\":\"https:\\\/\\\/turadio.com.co\\\/?p=4312\"},\"author\":{\"name\":\"turadio\",\"@id\":\"https:\\\/\\\/turadio.com.co\\\/#\\\/schema\\\/person\\\/a336ad8dcc0120ef37278ad35b4f64fe\"},\"headline\":\"Juzgado admite tutela por demoliciones en barrio Berl\u00edn en Monter\u00eda, pero no ordena suspender el desalojo.\",\"datePublished\":\"2026-01-28T11:16:46+00:00\",\"dateModified\":\"2026-01-28T11:16:50+00:00\",\"mainEntityOfPage\":{\"@id\":\"https:\\\/\\\/turadio.com.co\\\/?p=4312\"},\"wordCount\":388,\"commentCount\":0,\"publisher\":{\"@id\":\"https:\\\/\\\/turadio.com.co\\\/#organization\"},\"image\":{\"@id\":\"https:\\\/\\\/turadio.com.co\\\/?p=4312#primaryimage\"},\"thumbnailUrl\":\"https:\\\/\\\/turadio.com.co\\\/wp-content\\\/uploads\\\/2026\\\/01\\\/WhatsApp-Image-2026-01-28-at-6.13.25-AM.jpeg\",\"articleSection\":[\"Monter\u00eda\"],\"inLanguage\":\"es\",\"potentialAction\":[{\"@type\":\"CommentAction\",\"name\":\"Comment\",\"target\":[\"https:\\\/\\\/turadio.com.co\\\/?p=4312#respond\"]}]},{\"@type\":\"WebPage\",\"@id\":\"https:\\\/\\\/turadio.com.co\\\/?p=4312\",\"url\":\"https:\\\/\\\/turadio.com.co\\\/?p=4312\",\"name\":\"Juzgado admite tutela por demoliciones en barrio Berl\u00edn en Monter\u00eda, pero no ordena suspender el desalojo. - Tu Radio\",\"isPartOf\":{\"@id\":\"https:\\\/\\\/turadio.com.co\\\/#website\"},\"primaryImageOfPage\":{\"@id\":\"https:\\\/\\\/turadio.com.co\\\/?p=4312#primaryimage\"},\"image\":{\"@id\":\"https:\\\/\\\/turadio.com.co\\\/?p=4312#primaryimage\"},\"thumbnailUrl\":\"https:\\\/\\\/turadio.com.co\\\/wp-content\\\/uploads\\\/2026\\\/01\\\/WhatsApp-Image-2026-01-28-at-6.13.25-AM.jpeg\",\"datePublished\":\"2026-01-28T11:16:46+00:00\",\"dateModified\":\"2026-01-28T11:16:50+00:00\",\"breadcrumb\":{\"@id\":\"https:\\\/\\\/turadio.com.co\\\/?p=4312#breadcrumb\"},\"inLanguage\":\"es\",\"potentialAction\":[{\"@type\":\"ReadAction\",\"target\":[\"https:\\\/\\\/turadio.com.co\\\/?p=4312\"]}]},{\"@type\":\"ImageObject\",\"inLanguage\":\"es\",\"@id\":\"https:\\\/\\\/turadio.com.co\\\/?p=4312#primaryimage\",\"url\":\"https:\\\/\\\/turadio.com.co\\\/wp-content\\\/uploads\\\/2026\\\/01\\\/WhatsApp-Image-2026-01-28-at-6.13.25-AM.jpeg\",\"contentUrl\":\"https:\\\/\\\/turadio.com.co\\\/wp-content\\\/uploads\\\/2026\\\/01\\\/WhatsApp-Image-2026-01-28-at-6.13.25-AM.jpeg\",\"width\":720,\"height\":417},{\"@type\":\"BreadcrumbList\",\"@id\":\"https:\\\/\\\/turadio.com.co\\\/?p=4312#breadcrumb\",\"itemListElement\":[{\"@type\":\"ListItem\",\"position\":1,\"name\":\"Portada\",\"item\":\"https:\\\/\\\/turadio.com.co\\\/\"},{\"@type\":\"ListItem\",\"position\":2,\"name\":\"Juzgado admite tutela por demoliciones en barrio Berl\u00edn en Monter\u00eda, pero no ordena suspender el desalojo.\"}]},{\"@type\":\"WebSite\",\"@id\":\"https:\\\/\\\/turadio.com.co\\\/#website\",\"url\":\"https:\\\/\\\/turadio.com.co\\\/\",\"name\":\"Tu Radio\",\"description\":\"\",\"publisher\":{\"@id\":\"https:\\\/\\\/turadio.com.co\\\/#organization\"},\"potentialAction\":[{\"@type\":\"SearchAction\",\"target\":{\"@type\":\"EntryPoint\",\"urlTemplate\":\"https:\\\/\\\/turadio.com.co\\\/?s={search_term_string}\"},\"query-input\":{\"@type\":\"PropertyValueSpecification\",\"valueRequired\":true,\"valueName\":\"search_term_string\"}}],\"inLanguage\":\"es\"},{\"@type\":\"Organization\",\"@id\":\"https:\\\/\\\/turadio.com.co\\\/#organization\",\"name\":\"Tu Radio\",\"url\":\"https:\\\/\\\/turadio.com.co\\\/\",\"logo\":{\"@type\":\"ImageObject\",\"inLanguage\":\"es\",\"@id\":\"https:\\\/\\\/turadio.com.co\\\/#\\\/schema\\\/logo\\\/image\\\/\",\"url\":\"https:\\\/\\\/turadio.com.co\\\/wp-content\\\/uploads\\\/2025\\\/07\\\/logo.png\",\"contentUrl\":\"https:\\\/\\\/turadio.com.co\\\/wp-content\\\/uploads\\\/2025\\\/07\\\/logo.png\",\"width\":366,\"height\":91,\"caption\":\"Tu Radio\"},\"image\":{\"@id\":\"https:\\\/\\\/turadio.com.co\\\/#\\\/schema\\\/logo\\\/image\\\/\"}},{\"@type\":\"Person\",\"@id\":\"https:\\\/\\\/turadio.com.co\\\/#\\\/schema\\\/person\\\/a336ad8dcc0120ef37278ad35b4f64fe\",\"name\":\"turadio\",\"image\":{\"@type\":\"ImageObject\",\"inLanguage\":\"es\",\"@id\":\"https:\\\/\\\/secure.gravatar.com\\\/avatar\\\/e905fb228be0ae401b494278f04ccb4a7d2e839822ca560083e0b3a15f6c8669?s=96&d=mm&r=g\",\"url\":\"https:\\\/\\\/secure.gravatar.com\\\/avatar\\\/e905fb228be0ae401b494278f04ccb4a7d2e839822ca560083e0b3a15f6c8669?s=96&d=mm&r=g\",\"contentUrl\":\"https:\\\/\\\/secure.gravatar.com\\\/avatar\\\/e905fb228be0ae401b494278f04ccb4a7d2e839822ca560083e0b3a15f6c8669?s=96&d=mm&r=g\",\"caption\":\"turadio\"},\"sameAs\":[\"https:\\\/\\\/turadio.com.co\",\"https:\\\/\\\/www.facebook.com\\\/profile.php?id=100086306444643\",\"https:\\\/\\\/www.instagram.com\\\/turadio23\\\/\",\"https:\\\/\\\/www.youtube.com\\\/@TuRadiomonteria\"],\"url\":\"https:\\\/\\\/turadio.com.co\\\/?author=1\"}]}<\/script>\n<!-- \/ Yoast SEO plugin. -->","yoast_head_json":{"title":"Juzgado admite tutela por demoliciones en barrio Berl\u00edn en Monter\u00eda, pero no ordena suspender el desalojo. - Tu Radio","robots":{"index":"index","follow":"follow","max-snippet":"max-snippet:-1","max-image-preview":"max-image-preview:large","max-video-preview":"max-video-preview:-1"},"canonical":"https:\/\/turadio.com.co\/?p=4312","og_locale":"es_ES","og_type":"article","og_title":"Juzgado admite tutela por demoliciones en barrio Berl\u00edn en Monter\u00eda, pero no ordena suspender el desalojo. - Tu Radio","og_description":"El Juzgado Once Administrativo Oral del Circuito de Monter\u00eda admiti\u00f3 para su estudio una acci\u00f3n de tutela interpuesta por Luisa Fernanda Julio Vertel, en representaci\u00f3n de varias familias del barrio Berl\u00edn, quienes alegan una posible vulneraci\u00f3n de sus derechos al debido proceso durante las demoliciones que se adelantan en ese sector de la ciudad. La...","og_url":"https:\/\/turadio.com.co\/?p=4312","og_site_name":"Tu Radio","article_author":"https:\/\/www.facebook.com\/profile.php?id=100086306444643","article_published_time":"2026-01-28T11:16:46+00:00","article_modified_time":"2026-01-28T11:16:50+00:00","og_image":[{"width":720,"height":417,"url":"https:\/\/turadio.com.co\/wp-content\/uploads\/2026\/01\/WhatsApp-Image-2026-01-28-at-6.13.25-AM.jpeg","type":"image\/jpeg"}],"author":"turadio","twitter_card":"summary_large_image","twitter_misc":{"Escrito por":"turadio","Tiempo de lectura":"2 minutos"},"schema":{"@context":"https:\/\/schema.org","@graph":[{"@type":"Article","@id":"https:\/\/turadio.com.co\/?p=4312#article","isPartOf":{"@id":"https:\/\/turadio.com.co\/?p=4312"},"author":{"name":"turadio","@id":"https:\/\/turadio.com.co\/#\/schema\/person\/a336ad8dcc0120ef37278ad35b4f64fe"},"headline":"Juzgado admite tutela por demoliciones en barrio Berl\u00edn en Monter\u00eda, pero no ordena suspender el desalojo.","datePublished":"2026-01-28T11:16:46+00:00","dateModified":"2026-01-28T11:16:50+00:00","mainEntityOfPage":{"@id":"https:\/\/turadio.com.co\/?p=4312"},"wordCount":388,"commentCount":0,"publisher":{"@id":"https:\/\/turadio.com.co\/#organization"},"image":{"@id":"https:\/\/turadio.com.co\/?p=4312#primaryimage"},"thumbnailUrl":"https:\/\/turadio.com.co\/wp-content\/uploads\/2026\/01\/WhatsApp-Image-2026-01-28-at-6.13.25-AM.jpeg","articleSection":["Monter\u00eda"],"inLanguage":"es","potentialAction":[{"@type":"CommentAction","name":"Comment","target":["https:\/\/turadio.com.co\/?p=4312#respond"]}]},{"@type":"WebPage","@id":"https:\/\/turadio.com.co\/?p=4312","url":"https:\/\/turadio.com.co\/?p=4312","name":"Juzgado admite tutela por demoliciones en barrio Berl\u00edn en Monter\u00eda, pero no ordena suspender el desalojo. - Tu Radio","isPartOf":{"@id":"https:\/\/turadio.com.co\/#website"},"primaryImageOfPage":{"@id":"https:\/\/turadio.com.co\/?p=4312#primaryimage"},"image":{"@id":"https:\/\/turadio.com.co\/?p=4312#primaryimage"},"thumbnailUrl":"https:\/\/turadio.com.co\/wp-content\/uploads\/2026\/01\/WhatsApp-Image-2026-01-28-at-6.13.25-AM.jpeg","datePublished":"2026-01-28T11:16:46+00:00","dateModified":"2026-01-28T11:16:50+00:00","breadcrumb":{"@id":"https:\/\/turadio.com.co\/?p=4312#breadcrumb"},"inLanguage":"es","potentialAction":[{"@type":"ReadAction","target":["https:\/\/turadio.com.co\/?p=4312"]}]},{"@type":"ImageObject","inLanguage":"es","@id":"https:\/\/turadio.com.co\/?p=4312#primaryimage","url":"https:\/\/turadio.com.co\/wp-content\/uploads\/2026\/01\/WhatsApp-Image-2026-01-28-at-6.13.25-AM.jpeg","contentUrl":"https:\/\/turadio.com.co\/wp-content\/uploads\/2026\/01\/WhatsApp-Image-2026-01-28-at-6.13.25-AM.jpeg","width":720,"height":417},{"@type":"BreadcrumbList","@id":"https:\/\/turadio.com.co\/?p=4312#breadcrumb","itemListElement":[{"@type":"ListItem","position":1,"name":"Portada","item":"https:\/\/turadio.com.co\/"},{"@type":"ListItem","position":2,"name":"Juzgado admite tutela por demoliciones en barrio Berl\u00edn en Monter\u00eda, pero no ordena suspender el desalojo."}]},{"@type":"WebSite","@id":"https:\/\/turadio.com.co\/#website","url":"https:\/\/turadio.com.co\/","name":"Tu Radio","description":"","publisher":{"@id":"https:\/\/turadio.com.co\/#organization"},"potentialAction":[{"@type":"SearchAction","target":{"@type":"EntryPoint","urlTemplate":"https:\/\/turadio.com.co\/?s={search_term_string}"},"query-input":{"@type":"PropertyValueSpecification","valueRequired":true,"valueName":"search_term_string"}}],"inLanguage":"es"},{"@type":"Organization","@id":"https:\/\/turadio.com.co\/#organization","name":"Tu Radio","url":"https:\/\/turadio.com.co\/","logo":{"@type":"ImageObject","inLanguage":"es","@id":"https:\/\/turadio.com.co\/#\/schema\/logo\/image\/","url":"https:\/\/turadio.com.co\/wp-content\/uploads\/2025\/07\/logo.png","contentUrl":"https:\/\/turadio.com.co\/wp-content\/uploads\/2025\/07\/logo.png","width":366,"height":91,"caption":"Tu Radio"},"image":{"@id":"https:\/\/turadio.com.co\/#\/schema\/logo\/image\/"}},{"@type":"Person","@id":"https:\/\/turadio.com.co\/#\/schema\/person\/a336ad8dcc0120ef37278ad35b4f64fe","name":"turadio","image":{"@type":"ImageObject","inLanguage":"es","@id":"https:\/\/secure.gravatar.com\/avatar\/e905fb228be0ae401b494278f04ccb4a7d2e839822ca560083e0b3a15f6c8669?s=96&d=mm&r=g","url":"https:\/\/secure.gravatar.com\/avatar\/e905fb228be0ae401b494278f04ccb4a7d2e839822ca560083e0b3a15f6c8669?s=96&d=mm&r=g","contentUrl":"https:\/\/secure.gravatar.com\/avatar\/e905fb228be0ae401b494278f04ccb4a7d2e839822ca560083e0b3a15f6c8669?s=96&d=mm&r=g","caption":"turadio"},"sameAs":["https:\/\/turadio.com.co","https:\/\/www.facebook.com\/profile.php?id=100086306444643","https:\/\/www.instagram.com\/turadio23\/","https:\/\/www.youtube.com\/@TuRadiomonteria"],"url":"https:\/\/turadio.com.co\/?author=1"}]}},"_links":{"self":[{"href":"https:\/\/turadio.com.co\/index.php?rest_route=\/wp\/v2\/posts\/4312","targetHints":{"allow":["GET"]}}],"collection":[{"href":"https:\/\/turadio.com.co\/index.php?rest_route=\/wp\/v2\/posts"}],"about":[{"href":"https:\/\/turadio.com.co\/index.php?rest_route=\/wp\/v2\/types\/post"}],"author":[{"embeddable":true,"href":"https:\/\/turadio.com.co\/index.php?rest_route=\/wp\/v2\/users\/1"}],"replies":[{"embeddable":true,"href":"https:\/\/turadio.com.co\/index.php?rest_route=%2Fwp%2Fv2%2Fcomments&post=4312"}],"version-history":[{"count":1,"href":"https:\/\/turadio.com.co\/index.php?rest_route=\/wp\/v2\/posts\/4312\/revisions"}],"predecessor-version":[{"id":4314,"href":"https:\/\/turadio.com.co\/index.php?rest_route=\/wp\/v2\/posts\/4312\/revisions\/4314"}],"wp:featuredmedia":[{"embeddable":true,"href":"https:\/\/turadio.com.co\/index.php?rest_route=\/wp\/v2\/media\/4313"}],"wp:attachment":[{"href":"https:\/\/turadio.com.co\/index.php?rest_route=%2Fwp%2Fv2%2Fmedia&parent=4312"}],"wp:term":[{"taxonomy":"category","embeddable":true,"href":"https:\/\/turadio.com.co\/index.php?rest_route=%2Fwp%2Fv2%2Fcategories&post=4312"},{"taxonomy":"post_tag","embeddable":true,"href":"https:\/\/turadio.com.co\/index.php?rest_route=%2Fwp%2Fv2%2Ftags&post=4312"}],"curies":[{"name":"wp","href":"https:\/\/api.w.org\/{rel}","templated":true}]}}