{"id":4816,"date":"2026-02-10T01:09:19","date_gmt":"2026-02-10T01:09:19","guid":{"rendered":"https:\/\/turadio.com.co\/?p=4816"},"modified":"2026-02-10T01:09:24","modified_gmt":"2026-02-10T01:09:24","slug":"presidente-de-urra-juan-acevedo-le-responde-al-presidente-gustavo-petro","status":"publish","type":"post","link":"https:\/\/turadio.com.co\/?p=4816","title":{"rendered":"Presidente de Urr\u00e1 Juan Acevedo le responde al presidente Gustavo Petro."},"content":{"rendered":"\n<p>El presidente de la junta directiva de la Central Hidroel\u00e9ctrica Urr\u00e1, Juan Acevedo Rocha, sali\u00f3 al paso de los se\u00f1alamientos hechos por el presidente Gustavo Petro en medio de la emergencia invernal que golpea al departamento de C\u00f3rdoba.<\/p>\n\n\n\n<p>En declaraciones entregadas a un medio de alcance nacional, Acevedo Rocha neg\u00f3 que la empresa haya incurrido en irregularidades en la operaci\u00f3n del embalse durante la actual crisis por inundaciones. El directivo rechaz\u00f3 de manera categ\u00f3rica las afirmaciones del mandatario, quien sugiri\u00f3 posibles fallas en el manejo de los niveles de agua.<\/p>\n\n\n\n<p>Seg\u00fan explic\u00f3, la hidroel\u00e9ctrica no ha superado los l\u00edmites m\u00e1ximos autorizados para su funcionamiento. Adem\u00e1s, asegur\u00f3 que existen soportes t\u00e9cnicos y documentales que fueron remitidos oportunamente a los ministerios de Minas y Energ\u00eda y de Hacienda, los cuales \u2014afirm\u00f3\u2014 evidencian que la operaci\u00f3n del embalse se ha mantenido dentro de los par\u00e1metros establecidos por la normativa vigente.<\/p>\n\n\n\n<p>Las declaraciones se producen en un contexto de creciente tensi\u00f3n por el impacto de las inundaciones en C\u00f3rdoba, donde miles de personas han resultado afectadas y se mantienen las evaluaciones oficiales sobre las causas y la respuesta institucional frente a la emergencia.<\/p>\n","protected":false},"excerpt":{"rendered":"<p>El presidente de la junta directiva de la Central Hidroel\u00e9ctrica Urr\u00e1, Juan Acevedo Rocha, sali\u00f3 al paso de los se\u00f1alamientos hechos por el presidente Gustavo Petro en medio de la emergencia invernal que golpea al departamento de C\u00f3rdoba. En declaraciones entregadas a un medio de alcance nacional, Acevedo Rocha neg\u00f3 que la empresa haya incurrido&#8230;<\/p>\n","protected":false},"author":1,"featured_media":4817,"comment_status":"open","ping_status":"open","sticky":false,"template":"","format":"standard","meta":{"footnotes":""},"categories":[8],"tags":[],"class_list":["post-4816","post","type-post","status-publish","format-standard","has-post-thumbnail","hentry","category-actualidad"],"yoast_head":"<!-- This site is optimized with the Yoast SEO plugin v27.5 - https:\/\/yoast.com\/product\/yoast-seo-wordpress\/ -->\n<title>Presidente de Urr\u00e1 Juan Acevedo le responde al presidente Gustavo Petro. - Tu Radio<\/title>\n<meta name=\"robots\" content=\"index, follow, max-snippet:-1, max-image-preview:large, max-video-preview:-1\" \/>\n<link rel=\"canonical\" href=\"https:\/\/turadio.com.co\/?p=4816\" \/>\n<meta property=\"og:locale\" content=\"es_ES\" \/>\n<meta property=\"og:type\" content=\"article\" \/>\n<meta property=\"og:title\" content=\"Presidente de Urr\u00e1 Juan Acevedo le responde al presidente Gustavo Petro. - Tu Radio\" \/>\n<meta property=\"og:description\" content=\"El presidente de la junta directiva de la Central Hidroel\u00e9ctrica Urr\u00e1, Juan Acevedo Rocha, sali\u00f3 al paso de los se\u00f1alamientos hechos por el presidente Gustavo Petro en medio de la emergencia invernal que golpea al departamento de C\u00f3rdoba. En declaraciones entregadas a un medio de alcance nacional, Acevedo Rocha neg\u00f3 que la empresa haya incurrido...\" \/>\n<meta property=\"og:url\" content=\"https:\/\/turadio.com.co\/?p=4816\" \/>\n<meta property=\"og:site_name\" content=\"Tu Radio\" \/>\n<meta property=\"article:author\" content=\"https:\/\/www.facebook.com\/profile.php?id=100086306444643\" \/>\n<meta property=\"article:published_time\" content=\"2026-02-10T01:09:19+00:00\" \/>\n<meta property=\"article:modified_time\" content=\"2026-02-10T01:09:24+00:00\" \/>\n<meta property=\"og:image\" content=\"https:\/\/turadio.com.co\/wp-content\/uploads\/2026\/02\/Screenshot_20260209-190607_CapCut.jpg.jpeg\" \/>\n\t<meta property=\"og:image:width\" content=\"720\" \/>\n\t<meta property=\"og:image:height\" content=\"540\" \/>\n\t<meta property=\"og:image:type\" content=\"image\/jpeg\" \/>\n<meta name=\"author\" content=\"turadio\" \/>\n<meta name=\"twitter:card\" content=\"summary_large_image\" \/>\n<meta name=\"twitter:label1\" content=\"Escrito por\" \/>\n\t<meta name=\"twitter:data1\" content=\"turadio\" \/>\n\t<meta name=\"twitter:label2\" content=\"Tiempo de lectura\" \/>\n\t<meta name=\"twitter:data2\" content=\"2 minutos\" \/>\n<script type=\"application\/ld+json\" class=\"yoast-schema-graph\">{\"@context\":\"https:\\\/\\\/schema.org\",\"@graph\":[{\"@type\":\"Article\",\"@id\":\"https:\\\/\\\/turadio.com.co\\\/?p=4816#article\",\"isPartOf\":{\"@id\":\"https:\\\/\\\/turadio.com.co\\\/?p=4816\"},\"author\":{\"name\":\"turadio\",\"@id\":\"https:\\\/\\\/turadio.com.co\\\/#\\\/schema\\\/person\\\/a336ad8dcc0120ef37278ad35b4f64fe\"},\"headline\":\"Presidente de Urr\u00e1 Juan Acevedo le responde al presidente Gustavo Petro.\",\"datePublished\":\"2026-02-10T01:09:19+00:00\",\"dateModified\":\"2026-02-10T01:09:24+00:00\",\"mainEntityOfPage\":{\"@id\":\"https:\\\/\\\/turadio.com.co\\\/?p=4816\"},\"wordCount\":216,\"commentCount\":0,\"publisher\":{\"@id\":\"https:\\\/\\\/turadio.com.co\\\/#organization\"},\"image\":{\"@id\":\"https:\\\/\\\/turadio.com.co\\\/?p=4816#primaryimage\"},\"thumbnailUrl\":\"https:\\\/\\\/turadio.com.co\\\/wp-content\\\/uploads\\\/2026\\\/02\\\/Screenshot_20260209-190607_CapCut.jpg.jpeg\",\"articleSection\":[\"Actualidad\"],\"inLanguage\":\"es\",\"potentialAction\":[{\"@type\":\"CommentAction\",\"name\":\"Comment\",\"target\":[\"https:\\\/\\\/turadio.com.co\\\/?p=4816#respond\"]}]},{\"@type\":\"WebPage\",\"@id\":\"https:\\\/\\\/turadio.com.co\\\/?p=4816\",\"url\":\"https:\\\/\\\/turadio.com.co\\\/?p=4816\",\"name\":\"Presidente de Urr\u00e1 Juan Acevedo le responde al presidente Gustavo Petro. - Tu Radio\",\"isPartOf\":{\"@id\":\"https:\\\/\\\/turadio.com.co\\\/#website\"},\"primaryImageOfPage\":{\"@id\":\"https:\\\/\\\/turadio.com.co\\\/?p=4816#primaryimage\"},\"image\":{\"@id\":\"https:\\\/\\\/turadio.com.co\\\/?p=4816#primaryimage\"},\"thumbnailUrl\":\"https:\\\/\\\/turadio.com.co\\\/wp-content\\\/uploads\\\/2026\\\/02\\\/Screenshot_20260209-190607_CapCut.jpg.jpeg\",\"datePublished\":\"2026-02-10T01:09:19+00:00\",\"dateModified\":\"2026-02-10T01:09:24+00:00\",\"breadcrumb\":{\"@id\":\"https:\\\/\\\/turadio.com.co\\\/?p=4816#breadcrumb\"},\"inLanguage\":\"es\",\"potentialAction\":[{\"@type\":\"ReadAction\",\"target\":[\"https:\\\/\\\/turadio.com.co\\\/?p=4816\"]}]},{\"@type\":\"ImageObject\",\"inLanguage\":\"es\",\"@id\":\"https:\\\/\\\/turadio.com.co\\\/?p=4816#primaryimage\",\"url\":\"https:\\\/\\\/turadio.com.co\\\/wp-content\\\/uploads\\\/2026\\\/02\\\/Screenshot_20260209-190607_CapCut.jpg.jpeg\",\"contentUrl\":\"https:\\\/\\\/turadio.com.co\\\/wp-content\\\/uploads\\\/2026\\\/02\\\/Screenshot_20260209-190607_CapCut.jpg.jpeg\",\"width\":720,\"height\":540},{\"@type\":\"BreadcrumbList\",\"@id\":\"https:\\\/\\\/turadio.com.co\\\/?p=4816#breadcrumb\",\"itemListElement\":[{\"@type\":\"ListItem\",\"position\":1,\"name\":\"Portada\",\"item\":\"https:\\\/\\\/turadio.com.co\\\/\"},{\"@type\":\"ListItem\",\"position\":2,\"name\":\"Presidente de Urr\u00e1 Juan Acevedo le responde al presidente Gustavo Petro.\"}]},{\"@type\":\"WebSite\",\"@id\":\"https:\\\/\\\/turadio.com.co\\\/#website\",\"url\":\"https:\\\/\\\/turadio.com.co\\\/\",\"name\":\"Tu Radio\",\"description\":\"\",\"publisher\":{\"@id\":\"https:\\\/\\\/turadio.com.co\\\/#organization\"},\"potentialAction\":[{\"@type\":\"SearchAction\",\"target\":{\"@type\":\"EntryPoint\",\"urlTemplate\":\"https:\\\/\\\/turadio.com.co\\\/?s={search_term_string}\"},\"query-input\":{\"@type\":\"PropertyValueSpecification\",\"valueRequired\":true,\"valueName\":\"search_term_string\"}}],\"inLanguage\":\"es\"},{\"@type\":\"Organization\",\"@id\":\"https:\\\/\\\/turadio.com.co\\\/#organization\",\"name\":\"Tu Radio\",\"url\":\"https:\\\/\\\/turadio.com.co\\\/\",\"logo\":{\"@type\":\"ImageObject\",\"inLanguage\":\"es\",\"@id\":\"https:\\\/\\\/turadio.com.co\\\/#\\\/schema\\\/logo\\\/image\\\/\",\"url\":\"https:\\\/\\\/turadio.com.co\\\/wp-content\\\/uploads\\\/2025\\\/07\\\/logo.png\",\"contentUrl\":\"https:\\\/\\\/turadio.com.co\\\/wp-content\\\/uploads\\\/2025\\\/07\\\/logo.png\",\"width\":366,\"height\":91,\"caption\":\"Tu Radio\"},\"image\":{\"@id\":\"https:\\\/\\\/turadio.com.co\\\/#\\\/schema\\\/logo\\\/image\\\/\"}},{\"@type\":\"Person\",\"@id\":\"https:\\\/\\\/turadio.com.co\\\/#\\\/schema\\\/person\\\/a336ad8dcc0120ef37278ad35b4f64fe\",\"name\":\"turadio\",\"image\":{\"@type\":\"ImageObject\",\"inLanguage\":\"es\",\"@id\":\"https:\\\/\\\/secure.gravatar.com\\\/avatar\\\/e905fb228be0ae401b494278f04ccb4a7d2e839822ca560083e0b3a15f6c8669?s=96&d=mm&r=g\",\"url\":\"https:\\\/\\\/secure.gravatar.com\\\/avatar\\\/e905fb228be0ae401b494278f04ccb4a7d2e839822ca560083e0b3a15f6c8669?s=96&d=mm&r=g\",\"contentUrl\":\"https:\\\/\\\/secure.gravatar.com\\\/avatar\\\/e905fb228be0ae401b494278f04ccb4a7d2e839822ca560083e0b3a15f6c8669?s=96&d=mm&r=g\",\"caption\":\"turadio\"},\"sameAs\":[\"https:\\\/\\\/turadio.com.co\",\"https:\\\/\\\/www.facebook.com\\\/profile.php?id=100086306444643\",\"https:\\\/\\\/www.instagram.com\\\/turadio23\\\/\",\"https:\\\/\\\/www.youtube.com\\\/@TuRadiomonteria\"],\"url\":\"https:\\\/\\\/turadio.com.co\\\/?author=1\"}]}<\/script>\n<!-- \/ Yoast SEO plugin. -->","yoast_head_json":{"title":"Presidente de Urr\u00e1 Juan Acevedo le responde al presidente Gustavo Petro. - Tu Radio","robots":{"index":"index","follow":"follow","max-snippet":"max-snippet:-1","max-image-preview":"max-image-preview:large","max-video-preview":"max-video-preview:-1"},"canonical":"https:\/\/turadio.com.co\/?p=4816","og_locale":"es_ES","og_type":"article","og_title":"Presidente de Urr\u00e1 Juan Acevedo le responde al presidente Gustavo Petro. - Tu Radio","og_description":"El presidente de la junta directiva de la Central Hidroel\u00e9ctrica Urr\u00e1, Juan Acevedo Rocha, sali\u00f3 al paso de los se\u00f1alamientos hechos por el presidente Gustavo Petro en medio de la emergencia invernal que golpea al departamento de C\u00f3rdoba. En declaraciones entregadas a un medio de alcance nacional, Acevedo Rocha neg\u00f3 que la empresa haya incurrido...","og_url":"https:\/\/turadio.com.co\/?p=4816","og_site_name":"Tu Radio","article_author":"https:\/\/www.facebook.com\/profile.php?id=100086306444643","article_published_time":"2026-02-10T01:09:19+00:00","article_modified_time":"2026-02-10T01:09:24+00:00","og_image":[{"width":720,"height":540,"url":"https:\/\/turadio.com.co\/wp-content\/uploads\/2026\/02\/Screenshot_20260209-190607_CapCut.jpg.jpeg","type":"image\/jpeg"}],"author":"turadio","twitter_card":"summary_large_image","twitter_misc":{"Escrito por":"turadio","Tiempo de lectura":"2 minutos"},"schema":{"@context":"https:\/\/schema.org","@graph":[{"@type":"Article","@id":"https:\/\/turadio.com.co\/?p=4816#article","isPartOf":{"@id":"https:\/\/turadio.com.co\/?p=4816"},"author":{"name":"turadio","@id":"https:\/\/turadio.com.co\/#\/schema\/person\/a336ad8dcc0120ef37278ad35b4f64fe"},"headline":"Presidente de Urr\u00e1 Juan Acevedo le responde al presidente Gustavo Petro.","datePublished":"2026-02-10T01:09:19+00:00","dateModified":"2026-02-10T01:09:24+00:00","mainEntityOfPage":{"@id":"https:\/\/turadio.com.co\/?p=4816"},"wordCount":216,"commentCount":0,"publisher":{"@id":"https:\/\/turadio.com.co\/#organization"},"image":{"@id":"https:\/\/turadio.com.co\/?p=4816#primaryimage"},"thumbnailUrl":"https:\/\/turadio.com.co\/wp-content\/uploads\/2026\/02\/Screenshot_20260209-190607_CapCut.jpg.jpeg","articleSection":["Actualidad"],"inLanguage":"es","potentialAction":[{"@type":"CommentAction","name":"Comment","target":["https:\/\/turadio.com.co\/?p=4816#respond"]}]},{"@type":"WebPage","@id":"https:\/\/turadio.com.co\/?p=4816","url":"https:\/\/turadio.com.co\/?p=4816","name":"Presidente de Urr\u00e1 Juan Acevedo le responde al presidente Gustavo Petro. - Tu Radio","isPartOf":{"@id":"https:\/\/turadio.com.co\/#website"},"primaryImageOfPage":{"@id":"https:\/\/turadio.com.co\/?p=4816#primaryimage"},"image":{"@id":"https:\/\/turadio.com.co\/?p=4816#primaryimage"},"thumbnailUrl":"https:\/\/turadio.com.co\/wp-content\/uploads\/2026\/02\/Screenshot_20260209-190607_CapCut.jpg.jpeg","datePublished":"2026-02-10T01:09:19+00:00","dateModified":"2026-02-10T01:09:24+00:00","breadcrumb":{"@id":"https:\/\/turadio.com.co\/?p=4816#breadcrumb"},"inLanguage":"es","potentialAction":[{"@type":"ReadAction","target":["https:\/\/turadio.com.co\/?p=4816"]}]},{"@type":"ImageObject","inLanguage":"es","@id":"https:\/\/turadio.com.co\/?p=4816#primaryimage","url":"https:\/\/turadio.com.co\/wp-content\/uploads\/2026\/02\/Screenshot_20260209-190607_CapCut.jpg.jpeg","contentUrl":"https:\/\/turadio.com.co\/wp-content\/uploads\/2026\/02\/Screenshot_20260209-190607_CapCut.jpg.jpeg","width":720,"height":540},{"@type":"BreadcrumbList","@id":"https:\/\/turadio.com.co\/?p=4816#breadcrumb","itemListElement":[{"@type":"ListItem","position":1,"name":"Portada","item":"https:\/\/turadio.com.co\/"},{"@type":"ListItem","position":2,"name":"Presidente de Urr\u00e1 Juan Acevedo le responde al presidente Gustavo Petro."}]},{"@type":"WebSite","@id":"https:\/\/turadio.com.co\/#website","url":"https:\/\/turadio.com.co\/","name":"Tu Radio","description":"","publisher":{"@id":"https:\/\/turadio.com.co\/#organization"},"potentialAction":[{"@type":"SearchAction","target":{"@type":"EntryPoint","urlTemplate":"https:\/\/turadio.com.co\/?s={search_term_string}"},"query-input":{"@type":"PropertyValueSpecification","valueRequired":true,"valueName":"search_term_string"}}],"inLanguage":"es"},{"@type":"Organization","@id":"https:\/\/turadio.com.co\/#organization","name":"Tu Radio","url":"https:\/\/turadio.com.co\/","logo":{"@type":"ImageObject","inLanguage":"es","@id":"https:\/\/turadio.com.co\/#\/schema\/logo\/image\/","url":"https:\/\/turadio.com.co\/wp-content\/uploads\/2025\/07\/logo.png","contentUrl":"https:\/\/turadio.com.co\/wp-content\/uploads\/2025\/07\/logo.png","width":366,"height":91,"caption":"Tu Radio"},"image":{"@id":"https:\/\/turadio.com.co\/#\/schema\/logo\/image\/"}},{"@type":"Person","@id":"https:\/\/turadio.com.co\/#\/schema\/person\/a336ad8dcc0120ef37278ad35b4f64fe","name":"turadio","image":{"@type":"ImageObject","inLanguage":"es","@id":"https:\/\/secure.gravatar.com\/avatar\/e905fb228be0ae401b494278f04ccb4a7d2e839822ca560083e0b3a15f6c8669?s=96&d=mm&r=g","url":"https:\/\/secure.gravatar.com\/avatar\/e905fb228be0ae401b494278f04ccb4a7d2e839822ca560083e0b3a15f6c8669?s=96&d=mm&r=g","contentUrl":"https:\/\/secure.gravatar.com\/avatar\/e905fb228be0ae401b494278f04ccb4a7d2e839822ca560083e0b3a15f6c8669?s=96&d=mm&r=g","caption":"turadio"},"sameAs":["https:\/\/turadio.com.co","https:\/\/www.facebook.com\/profile.php?id=100086306444643","https:\/\/www.instagram.com\/turadio23\/","https:\/\/www.youtube.com\/@TuRadiomonteria"],"url":"https:\/\/turadio.com.co\/?author=1"}]}},"_links":{"self":[{"href":"https:\/\/turadio.com.co\/index.php?rest_route=\/wp\/v2\/posts\/4816","targetHints":{"allow":["GET"]}}],"collection":[{"href":"https:\/\/turadio.com.co\/index.php?rest_route=\/wp\/v2\/posts"}],"about":[{"href":"https:\/\/turadio.com.co\/index.php?rest_route=\/wp\/v2\/types\/post"}],"author":[{"embeddable":true,"href":"https:\/\/turadio.com.co\/index.php?rest_route=\/wp\/v2\/users\/1"}],"replies":[{"embeddable":true,"href":"https:\/\/turadio.com.co\/index.php?rest_route=%2Fwp%2Fv2%2Fcomments&post=4816"}],"version-history":[{"count":1,"href":"https:\/\/turadio.com.co\/index.php?rest_route=\/wp\/v2\/posts\/4816\/revisions"}],"predecessor-version":[{"id":4818,"href":"https:\/\/turadio.com.co\/index.php?rest_route=\/wp\/v2\/posts\/4816\/revisions\/4818"}],"wp:featuredmedia":[{"embeddable":true,"href":"https:\/\/turadio.com.co\/index.php?rest_route=\/wp\/v2\/media\/4817"}],"wp:attachment":[{"href":"https:\/\/turadio.com.co\/index.php?rest_route=%2Fwp%2Fv2%2Fmedia&parent=4816"}],"wp:term":[{"taxonomy":"category","embeddable":true,"href":"https:\/\/turadio.com.co\/index.php?rest_route=%2Fwp%2Fv2%2Fcategories&post=4816"},{"taxonomy":"post_tag","embeddable":true,"href":"https:\/\/turadio.com.co\/index.php?rest_route=%2Fwp%2Fv2%2Ftags&post=4816"}],"curies":[{"name":"wp","href":"https:\/\/api.w.org\/{rel}","templated":true}]}}