{"id":5137,"date":"2026-02-23T19:55:48","date_gmt":"2026-02-23T19:55:48","guid":{"rendered":"https:\/\/turadio.com.co\/?p=5137"},"modified":"2026-02-23T19:55:52","modified_gmt":"2026-02-23T19:55:52","slug":"autodefensas-gaitanistas-anuncian-suspension-del-impuesto-de-guerra-en-algunas-zonas-del-pais","status":"publish","type":"post","link":"https:\/\/turadio.com.co\/?p=5137","title":{"rendered":"Autodefensas Gaitanistas anuncian suspensi\u00f3n del impuesto de guerra en algunas zonas del pa\u00eds."},"content":{"rendered":"\n<p>El llamado Ej\u00e9rcito Gaitanista de Colombia (EGC) inform\u00f3 la suspensi\u00f3n temporal del cobro del denominado \u201cimpuesto de guerra\u201d al comercio formal en varios municipios de los departamentos de Bol\u00edvar, Antioquia y C\u00f3rdoba, en lo que calific\u00f3 como un gesto dentro del proceso de negociaci\u00f3n que sostiene con el Gobierno colombiano.<\/p>\n\n\n\n<p>La decisi\u00f3n fue comunicada por el Estado Mayor Conjunto de la organizaci\u00f3n, a trav\u00e9s del Bloque Roberto Vargas Guti\u00e9rrez, y cobijar\u00e1 a comerciantes urbanos de San Jacinto del Cauca, C\u00e1ceres, Tierralta, Ayapel y San Jos\u00e9 de Ur\u00e9. De acuerdo con el comunicado, la medida tendr\u00e1 car\u00e1cter transitorio y se aplicar\u00e1 exclusivamente en las zonas donde ese bloque mantiene influencia.<\/p>\n\n\n\n<figure class=\"wp-block-image size-large\"><img loading=\"lazy\" decoding=\"async\" width=\"661\" height=\"1024\" src=\"https:\/\/turadio.com.co\/wp-content\/uploads\/2026\/02\/WhatsApp-Image-2026-02-23-at-2.52.10-PM-661x1024.jpeg\" alt=\"\" class=\"wp-image-5139\" srcset=\"https:\/\/turadio.com.co\/wp-content\/uploads\/2026\/02\/WhatsApp-Image-2026-02-23-at-2.52.10-PM-661x1024.jpeg 661w, https:\/\/turadio.com.co\/wp-content\/uploads\/2026\/02\/WhatsApp-Image-2026-02-23-at-2.52.10-PM-194x300.jpeg 194w, https:\/\/turadio.com.co\/wp-content\/uploads\/2026\/02\/WhatsApp-Image-2026-02-23-at-2.52.10-PM.jpeg 720w\" sizes=\"auto, (max-width: 661px) 100vw, 661px\" \/><\/figure>\n\n\n\n<p>En el documento, fechado el 22 de febrero de 2026, el grupo armado asegura que la determinaci\u00f3n busca generar condiciones favorables para avanzar en los di\u00e1logos con el Estado y reconocer el acompa\u00f1amiento de los pa\u00edses que act\u00faan como mediadores en el proceso.<\/p>\n\n\n\n<p>Asimismo, el EGC reiter\u00f3 su disposici\u00f3n de permanecer en la mesa de conversaciones y se\u00f1al\u00f3 que continuar\u00e1 con presencia en los territorios donde hist\u00f3ricamente ha operado.<\/p>\n\n\n\n<p>Hasta el momento, el Gobierno nacional no ha emitido un pronunciamiento oficial frente al anuncio.<\/p>\n","protected":false},"excerpt":{"rendered":"<p>El llamado Ej\u00e9rcito Gaitanista de Colombia (EGC) inform\u00f3 la suspensi\u00f3n temporal del cobro del denominado \u201cimpuesto de guerra\u201d al comercio formal en varios municipios de los departamentos de Bol\u00edvar, Antioquia y C\u00f3rdoba, en lo que calific\u00f3 como un gesto dentro del proceso de negociaci\u00f3n que sostiene con el Gobierno colombiano. La decisi\u00f3n fue comunicada por&#8230;<\/p>\n","protected":false},"author":1,"featured_media":5138,"comment_status":"open","ping_status":"open","sticky":false,"template":"","format":"standard","meta":{"footnotes":""},"categories":[17],"tags":[],"class_list":["post-5137","post","type-post","status-publish","format-standard","has-post-thumbnail","hentry","category-orden-publico"],"yoast_head":"<!-- This site is optimized with the Yoast SEO plugin v27.5 - https:\/\/yoast.com\/product\/yoast-seo-wordpress\/ -->\n<title>Autodefensas Gaitanistas anuncian suspensi\u00f3n del impuesto de guerra en algunas zonas del pa\u00eds. - Tu Radio<\/title>\n<meta name=\"robots\" content=\"index, follow, max-snippet:-1, max-image-preview:large, max-video-preview:-1\" \/>\n<link rel=\"canonical\" href=\"https:\/\/turadio.com.co\/?p=5137\" \/>\n<meta property=\"og:locale\" content=\"es_ES\" \/>\n<meta property=\"og:type\" content=\"article\" \/>\n<meta property=\"og:title\" content=\"Autodefensas Gaitanistas anuncian suspensi\u00f3n del impuesto de guerra en algunas zonas del pa\u00eds. - Tu Radio\" \/>\n<meta property=\"og:description\" content=\"El llamado Ej\u00e9rcito Gaitanista de Colombia (EGC) inform\u00f3 la suspensi\u00f3n temporal del cobro del denominado \u201cimpuesto de guerra\u201d al comercio formal en varios municipios de los departamentos de Bol\u00edvar, Antioquia y C\u00f3rdoba, en lo que calific\u00f3 como un gesto dentro del proceso de negociaci\u00f3n que sostiene con el Gobierno colombiano. La decisi\u00f3n fue comunicada por...\" \/>\n<meta property=\"og:url\" content=\"https:\/\/turadio.com.co\/?p=5137\" \/>\n<meta property=\"og:site_name\" content=\"Tu Radio\" \/>\n<meta property=\"article:author\" content=\"https:\/\/www.facebook.com\/profile.php?id=100086306444643\" \/>\n<meta property=\"article:published_time\" content=\"2026-02-23T19:55:48+00:00\" \/>\n<meta property=\"article:modified_time\" content=\"2026-02-23T19:55:52+00:00\" \/>\n<meta property=\"og:image\" content=\"https:\/\/turadio.com.co\/wp-content\/uploads\/2026\/02\/WhatsApp-Image-2026-02-23-at-2.48.11-PM-1.jpeg\" \/>\n\t<meta property=\"og:image:width\" content=\"1024\" \/>\n\t<meta property=\"og:image:height\" content=\"1536\" \/>\n\t<meta property=\"og:image:type\" content=\"image\/jpeg\" \/>\n<meta name=\"author\" content=\"turadio\" \/>\n<meta name=\"twitter:card\" content=\"summary_large_image\" \/>\n<meta name=\"twitter:label1\" content=\"Escrito por\" \/>\n\t<meta name=\"twitter:data1\" content=\"turadio\" \/>\n\t<meta name=\"twitter:label2\" content=\"Tiempo de lectura\" \/>\n\t<meta name=\"twitter:data2\" content=\"2 minutos\" \/>\n<script type=\"application\/ld+json\" class=\"yoast-schema-graph\">{\"@context\":\"https:\\\/\\\/schema.org\",\"@graph\":[{\"@type\":\"Article\",\"@id\":\"https:\\\/\\\/turadio.com.co\\\/?p=5137#article\",\"isPartOf\":{\"@id\":\"https:\\\/\\\/turadio.com.co\\\/?p=5137\"},\"author\":{\"name\":\"turadio\",\"@id\":\"https:\\\/\\\/turadio.com.co\\\/#\\\/schema\\\/person\\\/a336ad8dcc0120ef37278ad35b4f64fe\"},\"headline\":\"Autodefensas Gaitanistas anuncian suspensi\u00f3n del impuesto de guerra en algunas zonas del pa\u00eds.\",\"datePublished\":\"2026-02-23T19:55:48+00:00\",\"dateModified\":\"2026-02-23T19:55:52+00:00\",\"mainEntityOfPage\":{\"@id\":\"https:\\\/\\\/turadio.com.co\\\/?p=5137\"},\"wordCount\":225,\"commentCount\":0,\"publisher\":{\"@id\":\"https:\\\/\\\/turadio.com.co\\\/#organization\"},\"image\":{\"@id\":\"https:\\\/\\\/turadio.com.co\\\/?p=5137#primaryimage\"},\"thumbnailUrl\":\"https:\\\/\\\/turadio.com.co\\\/wp-content\\\/uploads\\\/2026\\\/02\\\/WhatsApp-Image-2026-02-23-at-2.48.11-PM-1.jpeg\",\"articleSection\":[\"Orden Publico\"],\"inLanguage\":\"es\",\"potentialAction\":[{\"@type\":\"CommentAction\",\"name\":\"Comment\",\"target\":[\"https:\\\/\\\/turadio.com.co\\\/?p=5137#respond\"]}]},{\"@type\":\"WebPage\",\"@id\":\"https:\\\/\\\/turadio.com.co\\\/?p=5137\",\"url\":\"https:\\\/\\\/turadio.com.co\\\/?p=5137\",\"name\":\"Autodefensas Gaitanistas anuncian suspensi\u00f3n del impuesto de guerra en algunas zonas del pa\u00eds. - Tu Radio\",\"isPartOf\":{\"@id\":\"https:\\\/\\\/turadio.com.co\\\/#website\"},\"primaryImageOfPage\":{\"@id\":\"https:\\\/\\\/turadio.com.co\\\/?p=5137#primaryimage\"},\"image\":{\"@id\":\"https:\\\/\\\/turadio.com.co\\\/?p=5137#primaryimage\"},\"thumbnailUrl\":\"https:\\\/\\\/turadio.com.co\\\/wp-content\\\/uploads\\\/2026\\\/02\\\/WhatsApp-Image-2026-02-23-at-2.48.11-PM-1.jpeg\",\"datePublished\":\"2026-02-23T19:55:48+00:00\",\"dateModified\":\"2026-02-23T19:55:52+00:00\",\"breadcrumb\":{\"@id\":\"https:\\\/\\\/turadio.com.co\\\/?p=5137#breadcrumb\"},\"inLanguage\":\"es\",\"potentialAction\":[{\"@type\":\"ReadAction\",\"target\":[\"https:\\\/\\\/turadio.com.co\\\/?p=5137\"]}]},{\"@type\":\"ImageObject\",\"inLanguage\":\"es\",\"@id\":\"https:\\\/\\\/turadio.com.co\\\/?p=5137#primaryimage\",\"url\":\"https:\\\/\\\/turadio.com.co\\\/wp-content\\\/uploads\\\/2026\\\/02\\\/WhatsApp-Image-2026-02-23-at-2.48.11-PM-1.jpeg\",\"contentUrl\":\"https:\\\/\\\/turadio.com.co\\\/wp-content\\\/uploads\\\/2026\\\/02\\\/WhatsApp-Image-2026-02-23-at-2.48.11-PM-1.jpeg\",\"width\":1024,\"height\":1536},{\"@type\":\"BreadcrumbList\",\"@id\":\"https:\\\/\\\/turadio.com.co\\\/?p=5137#breadcrumb\",\"itemListElement\":[{\"@type\":\"ListItem\",\"position\":1,\"name\":\"Portada\",\"item\":\"https:\\\/\\\/turadio.com.co\\\/\"},{\"@type\":\"ListItem\",\"position\":2,\"name\":\"Autodefensas Gaitanistas anuncian suspensi\u00f3n del impuesto de guerra en algunas zonas del pa\u00eds.\"}]},{\"@type\":\"WebSite\",\"@id\":\"https:\\\/\\\/turadio.com.co\\\/#website\",\"url\":\"https:\\\/\\\/turadio.com.co\\\/\",\"name\":\"Tu Radio\",\"description\":\"\",\"publisher\":{\"@id\":\"https:\\\/\\\/turadio.com.co\\\/#organization\"},\"potentialAction\":[{\"@type\":\"SearchAction\",\"target\":{\"@type\":\"EntryPoint\",\"urlTemplate\":\"https:\\\/\\\/turadio.com.co\\\/?s={search_term_string}\"},\"query-input\":{\"@type\":\"PropertyValueSpecification\",\"valueRequired\":true,\"valueName\":\"search_term_string\"}}],\"inLanguage\":\"es\"},{\"@type\":\"Organization\",\"@id\":\"https:\\\/\\\/turadio.com.co\\\/#organization\",\"name\":\"Tu Radio\",\"url\":\"https:\\\/\\\/turadio.com.co\\\/\",\"logo\":{\"@type\":\"ImageObject\",\"inLanguage\":\"es\",\"@id\":\"https:\\\/\\\/turadio.com.co\\\/#\\\/schema\\\/logo\\\/image\\\/\",\"url\":\"https:\\\/\\\/turadio.com.co\\\/wp-content\\\/uploads\\\/2025\\\/07\\\/logo.png\",\"contentUrl\":\"https:\\\/\\\/turadio.com.co\\\/wp-content\\\/uploads\\\/2025\\\/07\\\/logo.png\",\"width\":366,\"height\":91,\"caption\":\"Tu Radio\"},\"image\":{\"@id\":\"https:\\\/\\\/turadio.com.co\\\/#\\\/schema\\\/logo\\\/image\\\/\"}},{\"@type\":\"Person\",\"@id\":\"https:\\\/\\\/turadio.com.co\\\/#\\\/schema\\\/person\\\/a336ad8dcc0120ef37278ad35b4f64fe\",\"name\":\"turadio\",\"image\":{\"@type\":\"ImageObject\",\"inLanguage\":\"es\",\"@id\":\"https:\\\/\\\/secure.gravatar.com\\\/avatar\\\/e905fb228be0ae401b494278f04ccb4a7d2e839822ca560083e0b3a15f6c8669?s=96&d=mm&r=g\",\"url\":\"https:\\\/\\\/secure.gravatar.com\\\/avatar\\\/e905fb228be0ae401b494278f04ccb4a7d2e839822ca560083e0b3a15f6c8669?s=96&d=mm&r=g\",\"contentUrl\":\"https:\\\/\\\/secure.gravatar.com\\\/avatar\\\/e905fb228be0ae401b494278f04ccb4a7d2e839822ca560083e0b3a15f6c8669?s=96&d=mm&r=g\",\"caption\":\"turadio\"},\"sameAs\":[\"https:\\\/\\\/turadio.com.co\",\"https:\\\/\\\/www.facebook.com\\\/profile.php?id=100086306444643\",\"https:\\\/\\\/www.instagram.com\\\/turadio23\\\/\",\"https:\\\/\\\/www.youtube.com\\\/@TuRadiomonteria\"],\"url\":\"https:\\\/\\\/turadio.com.co\\\/?author=1\"}]}<\/script>\n<!-- \/ Yoast SEO plugin. -->","yoast_head_json":{"title":"Autodefensas Gaitanistas anuncian suspensi\u00f3n del impuesto de guerra en algunas zonas del pa\u00eds. - Tu Radio","robots":{"index":"index","follow":"follow","max-snippet":"max-snippet:-1","max-image-preview":"max-image-preview:large","max-video-preview":"max-video-preview:-1"},"canonical":"https:\/\/turadio.com.co\/?p=5137","og_locale":"es_ES","og_type":"article","og_title":"Autodefensas Gaitanistas anuncian suspensi\u00f3n del impuesto de guerra en algunas zonas del pa\u00eds. - Tu Radio","og_description":"El llamado Ej\u00e9rcito Gaitanista de Colombia (EGC) inform\u00f3 la suspensi\u00f3n temporal del cobro del denominado \u201cimpuesto de guerra\u201d al comercio formal en varios municipios de los departamentos de Bol\u00edvar, Antioquia y C\u00f3rdoba, en lo que calific\u00f3 como un gesto dentro del proceso de negociaci\u00f3n que sostiene con el Gobierno colombiano. La decisi\u00f3n fue comunicada por...","og_url":"https:\/\/turadio.com.co\/?p=5137","og_site_name":"Tu Radio","article_author":"https:\/\/www.facebook.com\/profile.php?id=100086306444643","article_published_time":"2026-02-23T19:55:48+00:00","article_modified_time":"2026-02-23T19:55:52+00:00","og_image":[{"width":1024,"height":1536,"url":"https:\/\/turadio.com.co\/wp-content\/uploads\/2026\/02\/WhatsApp-Image-2026-02-23-at-2.48.11-PM-1.jpeg","type":"image\/jpeg"}],"author":"turadio","twitter_card":"summary_large_image","twitter_misc":{"Escrito por":"turadio","Tiempo de lectura":"2 minutos"},"schema":{"@context":"https:\/\/schema.org","@graph":[{"@type":"Article","@id":"https:\/\/turadio.com.co\/?p=5137#article","isPartOf":{"@id":"https:\/\/turadio.com.co\/?p=5137"},"author":{"name":"turadio","@id":"https:\/\/turadio.com.co\/#\/schema\/person\/a336ad8dcc0120ef37278ad35b4f64fe"},"headline":"Autodefensas Gaitanistas anuncian suspensi\u00f3n del impuesto de guerra en algunas zonas del pa\u00eds.","datePublished":"2026-02-23T19:55:48+00:00","dateModified":"2026-02-23T19:55:52+00:00","mainEntityOfPage":{"@id":"https:\/\/turadio.com.co\/?p=5137"},"wordCount":225,"commentCount":0,"publisher":{"@id":"https:\/\/turadio.com.co\/#organization"},"image":{"@id":"https:\/\/turadio.com.co\/?p=5137#primaryimage"},"thumbnailUrl":"https:\/\/turadio.com.co\/wp-content\/uploads\/2026\/02\/WhatsApp-Image-2026-02-23-at-2.48.11-PM-1.jpeg","articleSection":["Orden Publico"],"inLanguage":"es","potentialAction":[{"@type":"CommentAction","name":"Comment","target":["https:\/\/turadio.com.co\/?p=5137#respond"]}]},{"@type":"WebPage","@id":"https:\/\/turadio.com.co\/?p=5137","url":"https:\/\/turadio.com.co\/?p=5137","name":"Autodefensas Gaitanistas anuncian suspensi\u00f3n del impuesto de guerra en algunas zonas del pa\u00eds. - Tu Radio","isPartOf":{"@id":"https:\/\/turadio.com.co\/#website"},"primaryImageOfPage":{"@id":"https:\/\/turadio.com.co\/?p=5137#primaryimage"},"image":{"@id":"https:\/\/turadio.com.co\/?p=5137#primaryimage"},"thumbnailUrl":"https:\/\/turadio.com.co\/wp-content\/uploads\/2026\/02\/WhatsApp-Image-2026-02-23-at-2.48.11-PM-1.jpeg","datePublished":"2026-02-23T19:55:48+00:00","dateModified":"2026-02-23T19:55:52+00:00","breadcrumb":{"@id":"https:\/\/turadio.com.co\/?p=5137#breadcrumb"},"inLanguage":"es","potentialAction":[{"@type":"ReadAction","target":["https:\/\/turadio.com.co\/?p=5137"]}]},{"@type":"ImageObject","inLanguage":"es","@id":"https:\/\/turadio.com.co\/?p=5137#primaryimage","url":"https:\/\/turadio.com.co\/wp-content\/uploads\/2026\/02\/WhatsApp-Image-2026-02-23-at-2.48.11-PM-1.jpeg","contentUrl":"https:\/\/turadio.com.co\/wp-content\/uploads\/2026\/02\/WhatsApp-Image-2026-02-23-at-2.48.11-PM-1.jpeg","width":1024,"height":1536},{"@type":"BreadcrumbList","@id":"https:\/\/turadio.com.co\/?p=5137#breadcrumb","itemListElement":[{"@type":"ListItem","position":1,"name":"Portada","item":"https:\/\/turadio.com.co\/"},{"@type":"ListItem","position":2,"name":"Autodefensas Gaitanistas anuncian suspensi\u00f3n del impuesto de guerra en algunas zonas del pa\u00eds."}]},{"@type":"WebSite","@id":"https:\/\/turadio.com.co\/#website","url":"https:\/\/turadio.com.co\/","name":"Tu Radio","description":"","publisher":{"@id":"https:\/\/turadio.com.co\/#organization"},"potentialAction":[{"@type":"SearchAction","target":{"@type":"EntryPoint","urlTemplate":"https:\/\/turadio.com.co\/?s={search_term_string}"},"query-input":{"@type":"PropertyValueSpecification","valueRequired":true,"valueName":"search_term_string"}}],"inLanguage":"es"},{"@type":"Organization","@id":"https:\/\/turadio.com.co\/#organization","name":"Tu Radio","url":"https:\/\/turadio.com.co\/","logo":{"@type":"ImageObject","inLanguage":"es","@id":"https:\/\/turadio.com.co\/#\/schema\/logo\/image\/","url":"https:\/\/turadio.com.co\/wp-content\/uploads\/2025\/07\/logo.png","contentUrl":"https:\/\/turadio.com.co\/wp-content\/uploads\/2025\/07\/logo.png","width":366,"height":91,"caption":"Tu Radio"},"image":{"@id":"https:\/\/turadio.com.co\/#\/schema\/logo\/image\/"}},{"@type":"Person","@id":"https:\/\/turadio.com.co\/#\/schema\/person\/a336ad8dcc0120ef37278ad35b4f64fe","name":"turadio","image":{"@type":"ImageObject","inLanguage":"es","@id":"https:\/\/secure.gravatar.com\/avatar\/e905fb228be0ae401b494278f04ccb4a7d2e839822ca560083e0b3a15f6c8669?s=96&d=mm&r=g","url":"https:\/\/secure.gravatar.com\/avatar\/e905fb228be0ae401b494278f04ccb4a7d2e839822ca560083e0b3a15f6c8669?s=96&d=mm&r=g","contentUrl":"https:\/\/secure.gravatar.com\/avatar\/e905fb228be0ae401b494278f04ccb4a7d2e839822ca560083e0b3a15f6c8669?s=96&d=mm&r=g","caption":"turadio"},"sameAs":["https:\/\/turadio.com.co","https:\/\/www.facebook.com\/profile.php?id=100086306444643","https:\/\/www.instagram.com\/turadio23\/","https:\/\/www.youtube.com\/@TuRadiomonteria"],"url":"https:\/\/turadio.com.co\/?author=1"}]}},"_links":{"self":[{"href":"https:\/\/turadio.com.co\/index.php?rest_route=\/wp\/v2\/posts\/5137","targetHints":{"allow":["GET"]}}],"collection":[{"href":"https:\/\/turadio.com.co\/index.php?rest_route=\/wp\/v2\/posts"}],"about":[{"href":"https:\/\/turadio.com.co\/index.php?rest_route=\/wp\/v2\/types\/post"}],"author":[{"embeddable":true,"href":"https:\/\/turadio.com.co\/index.php?rest_route=\/wp\/v2\/users\/1"}],"replies":[{"embeddable":true,"href":"https:\/\/turadio.com.co\/index.php?rest_route=%2Fwp%2Fv2%2Fcomments&post=5137"}],"version-history":[{"count":1,"href":"https:\/\/turadio.com.co\/index.php?rest_route=\/wp\/v2\/posts\/5137\/revisions"}],"predecessor-version":[{"id":5140,"href":"https:\/\/turadio.com.co\/index.php?rest_route=\/wp\/v2\/posts\/5137\/revisions\/5140"}],"wp:featuredmedia":[{"embeddable":true,"href":"https:\/\/turadio.com.co\/index.php?rest_route=\/wp\/v2\/media\/5138"}],"wp:attachment":[{"href":"https:\/\/turadio.com.co\/index.php?rest_route=%2Fwp%2Fv2%2Fmedia&parent=5137"}],"wp:term":[{"taxonomy":"category","embeddable":true,"href":"https:\/\/turadio.com.co\/index.php?rest_route=%2Fwp%2Fv2%2Fcategories&post=5137"},{"taxonomy":"post_tag","embeddable":true,"href":"https:\/\/turadio.com.co\/index.php?rest_route=%2Fwp%2Fv2%2Ftags&post=5137"}],"curies":[{"name":"wp","href":"https:\/\/api.w.org\/{rel}","templated":true}]}}