{"id":5187,"date":"2026-02-26T21:45:42","date_gmt":"2026-02-26T21:45:42","guid":{"rendered":"https:\/\/turadio.com.co\/?p=5187"},"modified":"2026-02-26T21:45:44","modified_gmt":"2026-02-26T21:45:44","slug":"entre-el-desgaste-del-discurso-duro-guerrerista-y-la-esperanza-continua-de-cambio-en-colombia","status":"publish","type":"post","link":"https:\/\/turadio.com.co\/?p=5187","title":{"rendered":"Entre el desgaste del discurso duro-guerrerista y la esperanza continua de cambio en Colombia."},"content":{"rendered":"\n<p><br>En pol\u00edtica, la repetici\u00f3n sin renovaci\u00f3n suele convertirse en desgaste. En Colombia, los sectores de ultraderecha han insistido durante a\u00f1os en un discurso centrado en el endurecimiento del poder, la mano fuerte y la ret\u00f3rica de confrontaci\u00f3n. Sin embargo, en un pa\u00eds atravesado por profundas brechas sociales y econ\u00f3micas, esa narrativa parece perder capacidad de convocatoria.<br><br>La f\u00f3rmula del orden impuesto como eje casi exclusivo del debate p\u00fablico no responde, por s\u00ed sola, a las demandas contempor\u00e1neas de amplios sectores ciudadanos. Las nuevas generaciones, as\u00ed como comunidades hist\u00f3ricamente marginadas, reclaman algo m\u00e1s que autoridad: exigen justicia social, oportunidades reales y coherencia entre el desarrollo nacional y el bienestar local. Cuando esas demandas no encuentran eco en propuestas concretas, el resultado suele reflejarse en el term\u00f3metro de la opini\u00f3n p\u00fablica.<br><br>El desgaste no necesariamente implica desaparici\u00f3n pol\u00edtica, pero s\u00ed evidencia una desconexi\u00f3n con un electorado que busca alternativas. Colombia es hoy un pa\u00eds m\u00e1s informado, m\u00e1s participativo y m\u00e1s consciente de las desigualdades estructurales que lo han marcado durante d\u00e9cadas. En ese contexto, las propuestas que no evolucionan tienden a perder terreno frente a aquellas que prometen reformas.<br><br>El progresismo, por su parte, ha capitalizado parte de ese descontento. Su narrativa se centra en la transformaci\u00f3n social, en la reivindicaci\u00f3n del campo, en reformas que apunten a redistribuir oportunidades y en la revisi\u00f3n de un modelo que, seg\u00fan sus cr\u00edticos, ha favorecido hist\u00f3ricamente a \u00e9lites econ\u00f3micas y pol\u00edticas.<br><br>La promesa es clara: que los recursos p\u00fablicos, producto de los impuestos y el trabajo de millones de colombianos, tengan un impacto m\u00e1s equitativo.<br><br>No obstante, el desaf\u00edo no es menor. Las transformaciones estructurales rara vez son inmediatas y casi nunca est\u00e1n exentas de errores. Gobernar implica pasar del discurso a la ejecuci\u00f3n, y all\u00ed es donde cualquier proyecto pol\u00edtico se enfrenta a la complejidad institucional, a las resistencias hist\u00f3ricas y a la realidad fiscal del Estado.<br><br>Aun as\u00ed, una parte significativa de la ciudadan\u00eda parece estar dispuesta a conceder tiempo a la idea de cambio. No necesariamente por afinidad ideol\u00f3gica absoluta, sino por la expectativa de que algo diferente pueda abrir caminos que antes parec\u00edan cerrados. En pol\u00edtica, la esperanza es un activo poderoso, pero tambi\u00e9n fr\u00e1gil.<br><br>Colombia transita as\u00ed un momento de redefinici\u00f3n. Entre el desgaste del discurso duro y la apuesta por reformas progresistas, el pa\u00eds se debate no solo entre modelos ideol\u00f3gicos, sino entre visiones de futuro. La pregunta de fondo no es qui\u00e9n tiene la narrativa m\u00e1s contundente, sino qui\u00e9n lograr\u00e1 traducir sus promesas en resultados tangibles para una sociedad que, cansada de las mismas f\u00f3rmulas, exige cambios reales.<br><br>By: Turadio.<\/p>\n","protected":false},"excerpt":{"rendered":"<p>En pol\u00edtica, la repetici\u00f3n sin renovaci\u00f3n suele convertirse en desgaste. En Colombia, los sectores de ultraderecha han insistido durante a\u00f1os en un discurso centrado en el endurecimiento del poder, la mano fuerte y la ret\u00f3rica de confrontaci\u00f3n. Sin embargo, en un pa\u00eds atravesado por profundas brechas sociales y econ\u00f3micas, esa narrativa parece perder capacidad de&#8230;<\/p>\n","protected":false},"author":1,"featured_media":5188,"comment_status":"open","ping_status":"open","sticky":false,"template":"","format":"standard","meta":{"footnotes":""},"categories":[8],"tags":[],"class_list":["post-5187","post","type-post","status-publish","format-standard","has-post-thumbnail","hentry","category-actualidad"],"yoast_head":"<!-- This site is optimized with the Yoast SEO plugin v27.5 - https:\/\/yoast.com\/product\/yoast-seo-wordpress\/ -->\n<title>Entre el desgaste del discurso duro-guerrerista y la esperanza continua de cambio en Colombia. - Tu Radio<\/title>\n<meta name=\"robots\" content=\"index, follow, max-snippet:-1, max-image-preview:large, max-video-preview:-1\" \/>\n<link rel=\"canonical\" href=\"https:\/\/turadio.com.co\/?p=5187\" \/>\n<meta property=\"og:locale\" content=\"es_ES\" \/>\n<meta property=\"og:type\" content=\"article\" \/>\n<meta property=\"og:title\" content=\"Entre el desgaste del discurso duro-guerrerista y la esperanza continua de cambio en Colombia. - Tu Radio\" \/>\n<meta property=\"og:description\" content=\"En pol\u00edtica, la repetici\u00f3n sin renovaci\u00f3n suele convertirse en desgaste. En Colombia, los sectores de ultraderecha han insistido durante a\u00f1os en un discurso centrado en el endurecimiento del poder, la mano fuerte y la ret\u00f3rica de confrontaci\u00f3n. Sin embargo, en un pa\u00eds atravesado por profundas brechas sociales y econ\u00f3micas, esa narrativa parece perder capacidad de...\" \/>\n<meta property=\"og:url\" content=\"https:\/\/turadio.com.co\/?p=5187\" \/>\n<meta property=\"og:site_name\" content=\"Tu Radio\" \/>\n<meta property=\"article:author\" content=\"https:\/\/www.facebook.com\/profile.php?id=100086306444643\" \/>\n<meta property=\"article:published_time\" content=\"2026-02-26T21:45:42+00:00\" \/>\n<meta property=\"article:modified_time\" content=\"2026-02-26T21:45:44+00:00\" \/>\n<meta property=\"og:image\" content=\"https:\/\/turadio.com.co\/wp-content\/uploads\/2026\/02\/641473201_904985772388296_8523731698330195998_n.jpg\" \/>\n\t<meta property=\"og:image:width\" content=\"1536\" \/>\n\t<meta property=\"og:image:height\" content=\"1024\" \/>\n\t<meta property=\"og:image:type\" content=\"image\/jpeg\" \/>\n<meta name=\"author\" content=\"turadio\" \/>\n<meta name=\"twitter:card\" content=\"summary_large_image\" \/>\n<meta name=\"twitter:label1\" content=\"Escrito por\" \/>\n\t<meta name=\"twitter:data1\" content=\"turadio\" \/>\n\t<meta name=\"twitter:label2\" content=\"Tiempo de lectura\" \/>\n\t<meta name=\"twitter:data2\" content=\"3 minutos\" \/>\n<script type=\"application\/ld+json\" class=\"yoast-schema-graph\">{\"@context\":\"https:\\\/\\\/schema.org\",\"@graph\":[{\"@type\":\"Article\",\"@id\":\"https:\\\/\\\/turadio.com.co\\\/?p=5187#article\",\"isPartOf\":{\"@id\":\"https:\\\/\\\/turadio.com.co\\\/?p=5187\"},\"author\":{\"name\":\"turadio\",\"@id\":\"https:\\\/\\\/turadio.com.co\\\/#\\\/schema\\\/person\\\/a336ad8dcc0120ef37278ad35b4f64fe\"},\"headline\":\"Entre el desgaste del discurso duro-guerrerista y la esperanza continua de cambio en Colombia.\",\"datePublished\":\"2026-02-26T21:45:42+00:00\",\"dateModified\":\"2026-02-26T21:45:44+00:00\",\"mainEntityOfPage\":{\"@id\":\"https:\\\/\\\/turadio.com.co\\\/?p=5187\"},\"wordCount\":499,\"commentCount\":0,\"publisher\":{\"@id\":\"https:\\\/\\\/turadio.com.co\\\/#organization\"},\"image\":{\"@id\":\"https:\\\/\\\/turadio.com.co\\\/?p=5187#primaryimage\"},\"thumbnailUrl\":\"https:\\\/\\\/turadio.com.co\\\/wp-content\\\/uploads\\\/2026\\\/02\\\/641473201_904985772388296_8523731698330195998_n.jpg\",\"articleSection\":[\"Actualidad\"],\"inLanguage\":\"es\",\"potentialAction\":[{\"@type\":\"CommentAction\",\"name\":\"Comment\",\"target\":[\"https:\\\/\\\/turadio.com.co\\\/?p=5187#respond\"]}]},{\"@type\":\"WebPage\",\"@id\":\"https:\\\/\\\/turadio.com.co\\\/?p=5187\",\"url\":\"https:\\\/\\\/turadio.com.co\\\/?p=5187\",\"name\":\"Entre el desgaste del discurso duro-guerrerista y la esperanza continua de cambio en Colombia. - Tu Radio\",\"isPartOf\":{\"@id\":\"https:\\\/\\\/turadio.com.co\\\/#website\"},\"primaryImageOfPage\":{\"@id\":\"https:\\\/\\\/turadio.com.co\\\/?p=5187#primaryimage\"},\"image\":{\"@id\":\"https:\\\/\\\/turadio.com.co\\\/?p=5187#primaryimage\"},\"thumbnailUrl\":\"https:\\\/\\\/turadio.com.co\\\/wp-content\\\/uploads\\\/2026\\\/02\\\/641473201_904985772388296_8523731698330195998_n.jpg\",\"datePublished\":\"2026-02-26T21:45:42+00:00\",\"dateModified\":\"2026-02-26T21:45:44+00:00\",\"breadcrumb\":{\"@id\":\"https:\\\/\\\/turadio.com.co\\\/?p=5187#breadcrumb\"},\"inLanguage\":\"es\",\"potentialAction\":[{\"@type\":\"ReadAction\",\"target\":[\"https:\\\/\\\/turadio.com.co\\\/?p=5187\"]}]},{\"@type\":\"ImageObject\",\"inLanguage\":\"es\",\"@id\":\"https:\\\/\\\/turadio.com.co\\\/?p=5187#primaryimage\",\"url\":\"https:\\\/\\\/turadio.com.co\\\/wp-content\\\/uploads\\\/2026\\\/02\\\/641473201_904985772388296_8523731698330195998_n.jpg\",\"contentUrl\":\"https:\\\/\\\/turadio.com.co\\\/wp-content\\\/uploads\\\/2026\\\/02\\\/641473201_904985772388296_8523731698330195998_n.jpg\",\"width\":1536,\"height\":1024},{\"@type\":\"BreadcrumbList\",\"@id\":\"https:\\\/\\\/turadio.com.co\\\/?p=5187#breadcrumb\",\"itemListElement\":[{\"@type\":\"ListItem\",\"position\":1,\"name\":\"Portada\",\"item\":\"https:\\\/\\\/turadio.com.co\\\/\"},{\"@type\":\"ListItem\",\"position\":2,\"name\":\"Entre el desgaste del discurso duro-guerrerista y la esperanza continua de cambio en Colombia.\"}]},{\"@type\":\"WebSite\",\"@id\":\"https:\\\/\\\/turadio.com.co\\\/#website\",\"url\":\"https:\\\/\\\/turadio.com.co\\\/\",\"name\":\"Tu Radio\",\"description\":\"\",\"publisher\":{\"@id\":\"https:\\\/\\\/turadio.com.co\\\/#organization\"},\"potentialAction\":[{\"@type\":\"SearchAction\",\"target\":{\"@type\":\"EntryPoint\",\"urlTemplate\":\"https:\\\/\\\/turadio.com.co\\\/?s={search_term_string}\"},\"query-input\":{\"@type\":\"PropertyValueSpecification\",\"valueRequired\":true,\"valueName\":\"search_term_string\"}}],\"inLanguage\":\"es\"},{\"@type\":\"Organization\",\"@id\":\"https:\\\/\\\/turadio.com.co\\\/#organization\",\"name\":\"Tu Radio\",\"url\":\"https:\\\/\\\/turadio.com.co\\\/\",\"logo\":{\"@type\":\"ImageObject\",\"inLanguage\":\"es\",\"@id\":\"https:\\\/\\\/turadio.com.co\\\/#\\\/schema\\\/logo\\\/image\\\/\",\"url\":\"https:\\\/\\\/turadio.com.co\\\/wp-content\\\/uploads\\\/2025\\\/07\\\/logo.png\",\"contentUrl\":\"https:\\\/\\\/turadio.com.co\\\/wp-content\\\/uploads\\\/2025\\\/07\\\/logo.png\",\"width\":366,\"height\":91,\"caption\":\"Tu Radio\"},\"image\":{\"@id\":\"https:\\\/\\\/turadio.com.co\\\/#\\\/schema\\\/logo\\\/image\\\/\"}},{\"@type\":\"Person\",\"@id\":\"https:\\\/\\\/turadio.com.co\\\/#\\\/schema\\\/person\\\/a336ad8dcc0120ef37278ad35b4f64fe\",\"name\":\"turadio\",\"image\":{\"@type\":\"ImageObject\",\"inLanguage\":\"es\",\"@id\":\"https:\\\/\\\/secure.gravatar.com\\\/avatar\\\/e905fb228be0ae401b494278f04ccb4a7d2e839822ca560083e0b3a15f6c8669?s=96&d=mm&r=g\",\"url\":\"https:\\\/\\\/secure.gravatar.com\\\/avatar\\\/e905fb228be0ae401b494278f04ccb4a7d2e839822ca560083e0b3a15f6c8669?s=96&d=mm&r=g\",\"contentUrl\":\"https:\\\/\\\/secure.gravatar.com\\\/avatar\\\/e905fb228be0ae401b494278f04ccb4a7d2e839822ca560083e0b3a15f6c8669?s=96&d=mm&r=g\",\"caption\":\"turadio\"},\"sameAs\":[\"https:\\\/\\\/turadio.com.co\",\"https:\\\/\\\/www.facebook.com\\\/profile.php?id=100086306444643\",\"https:\\\/\\\/www.instagram.com\\\/turadio23\\\/\",\"https:\\\/\\\/www.youtube.com\\\/@TuRadiomonteria\"],\"url\":\"https:\\\/\\\/turadio.com.co\\\/?author=1\"}]}<\/script>\n<!-- \/ Yoast SEO plugin. -->","yoast_head_json":{"title":"Entre el desgaste del discurso duro-guerrerista y la esperanza continua de cambio en Colombia. - Tu Radio","robots":{"index":"index","follow":"follow","max-snippet":"max-snippet:-1","max-image-preview":"max-image-preview:large","max-video-preview":"max-video-preview:-1"},"canonical":"https:\/\/turadio.com.co\/?p=5187","og_locale":"es_ES","og_type":"article","og_title":"Entre el desgaste del discurso duro-guerrerista y la esperanza continua de cambio en Colombia. - Tu Radio","og_description":"En pol\u00edtica, la repetici\u00f3n sin renovaci\u00f3n suele convertirse en desgaste. En Colombia, los sectores de ultraderecha han insistido durante a\u00f1os en un discurso centrado en el endurecimiento del poder, la mano fuerte y la ret\u00f3rica de confrontaci\u00f3n. Sin embargo, en un pa\u00eds atravesado por profundas brechas sociales y econ\u00f3micas, esa narrativa parece perder capacidad de...","og_url":"https:\/\/turadio.com.co\/?p=5187","og_site_name":"Tu Radio","article_author":"https:\/\/www.facebook.com\/profile.php?id=100086306444643","article_published_time":"2026-02-26T21:45:42+00:00","article_modified_time":"2026-02-26T21:45:44+00:00","og_image":[{"width":1536,"height":1024,"url":"https:\/\/turadio.com.co\/wp-content\/uploads\/2026\/02\/641473201_904985772388296_8523731698330195998_n.jpg","type":"image\/jpeg"}],"author":"turadio","twitter_card":"summary_large_image","twitter_misc":{"Escrito por":"turadio","Tiempo de lectura":"3 minutos"},"schema":{"@context":"https:\/\/schema.org","@graph":[{"@type":"Article","@id":"https:\/\/turadio.com.co\/?p=5187#article","isPartOf":{"@id":"https:\/\/turadio.com.co\/?p=5187"},"author":{"name":"turadio","@id":"https:\/\/turadio.com.co\/#\/schema\/person\/a336ad8dcc0120ef37278ad35b4f64fe"},"headline":"Entre el desgaste del discurso duro-guerrerista y la esperanza continua de cambio en Colombia.","datePublished":"2026-02-26T21:45:42+00:00","dateModified":"2026-02-26T21:45:44+00:00","mainEntityOfPage":{"@id":"https:\/\/turadio.com.co\/?p=5187"},"wordCount":499,"commentCount":0,"publisher":{"@id":"https:\/\/turadio.com.co\/#organization"},"image":{"@id":"https:\/\/turadio.com.co\/?p=5187#primaryimage"},"thumbnailUrl":"https:\/\/turadio.com.co\/wp-content\/uploads\/2026\/02\/641473201_904985772388296_8523731698330195998_n.jpg","articleSection":["Actualidad"],"inLanguage":"es","potentialAction":[{"@type":"CommentAction","name":"Comment","target":["https:\/\/turadio.com.co\/?p=5187#respond"]}]},{"@type":"WebPage","@id":"https:\/\/turadio.com.co\/?p=5187","url":"https:\/\/turadio.com.co\/?p=5187","name":"Entre el desgaste del discurso duro-guerrerista y la esperanza continua de cambio en Colombia. - Tu Radio","isPartOf":{"@id":"https:\/\/turadio.com.co\/#website"},"primaryImageOfPage":{"@id":"https:\/\/turadio.com.co\/?p=5187#primaryimage"},"image":{"@id":"https:\/\/turadio.com.co\/?p=5187#primaryimage"},"thumbnailUrl":"https:\/\/turadio.com.co\/wp-content\/uploads\/2026\/02\/641473201_904985772388296_8523731698330195998_n.jpg","datePublished":"2026-02-26T21:45:42+00:00","dateModified":"2026-02-26T21:45:44+00:00","breadcrumb":{"@id":"https:\/\/turadio.com.co\/?p=5187#breadcrumb"},"inLanguage":"es","potentialAction":[{"@type":"ReadAction","target":["https:\/\/turadio.com.co\/?p=5187"]}]},{"@type":"ImageObject","inLanguage":"es","@id":"https:\/\/turadio.com.co\/?p=5187#primaryimage","url":"https:\/\/turadio.com.co\/wp-content\/uploads\/2026\/02\/641473201_904985772388296_8523731698330195998_n.jpg","contentUrl":"https:\/\/turadio.com.co\/wp-content\/uploads\/2026\/02\/641473201_904985772388296_8523731698330195998_n.jpg","width":1536,"height":1024},{"@type":"BreadcrumbList","@id":"https:\/\/turadio.com.co\/?p=5187#breadcrumb","itemListElement":[{"@type":"ListItem","position":1,"name":"Portada","item":"https:\/\/turadio.com.co\/"},{"@type":"ListItem","position":2,"name":"Entre el desgaste del discurso duro-guerrerista y la esperanza continua de cambio en Colombia."}]},{"@type":"WebSite","@id":"https:\/\/turadio.com.co\/#website","url":"https:\/\/turadio.com.co\/","name":"Tu Radio","description":"","publisher":{"@id":"https:\/\/turadio.com.co\/#organization"},"potentialAction":[{"@type":"SearchAction","target":{"@type":"EntryPoint","urlTemplate":"https:\/\/turadio.com.co\/?s={search_term_string}"},"query-input":{"@type":"PropertyValueSpecification","valueRequired":true,"valueName":"search_term_string"}}],"inLanguage":"es"},{"@type":"Organization","@id":"https:\/\/turadio.com.co\/#organization","name":"Tu Radio","url":"https:\/\/turadio.com.co\/","logo":{"@type":"ImageObject","inLanguage":"es","@id":"https:\/\/turadio.com.co\/#\/schema\/logo\/image\/","url":"https:\/\/turadio.com.co\/wp-content\/uploads\/2025\/07\/logo.png","contentUrl":"https:\/\/turadio.com.co\/wp-content\/uploads\/2025\/07\/logo.png","width":366,"height":91,"caption":"Tu Radio"},"image":{"@id":"https:\/\/turadio.com.co\/#\/schema\/logo\/image\/"}},{"@type":"Person","@id":"https:\/\/turadio.com.co\/#\/schema\/person\/a336ad8dcc0120ef37278ad35b4f64fe","name":"turadio","image":{"@type":"ImageObject","inLanguage":"es","@id":"https:\/\/secure.gravatar.com\/avatar\/e905fb228be0ae401b494278f04ccb4a7d2e839822ca560083e0b3a15f6c8669?s=96&d=mm&r=g","url":"https:\/\/secure.gravatar.com\/avatar\/e905fb228be0ae401b494278f04ccb4a7d2e839822ca560083e0b3a15f6c8669?s=96&d=mm&r=g","contentUrl":"https:\/\/secure.gravatar.com\/avatar\/e905fb228be0ae401b494278f04ccb4a7d2e839822ca560083e0b3a15f6c8669?s=96&d=mm&r=g","caption":"turadio"},"sameAs":["https:\/\/turadio.com.co","https:\/\/www.facebook.com\/profile.php?id=100086306444643","https:\/\/www.instagram.com\/turadio23\/","https:\/\/www.youtube.com\/@TuRadiomonteria"],"url":"https:\/\/turadio.com.co\/?author=1"}]}},"_links":{"self":[{"href":"https:\/\/turadio.com.co\/index.php?rest_route=\/wp\/v2\/posts\/5187","targetHints":{"allow":["GET"]}}],"collection":[{"href":"https:\/\/turadio.com.co\/index.php?rest_route=\/wp\/v2\/posts"}],"about":[{"href":"https:\/\/turadio.com.co\/index.php?rest_route=\/wp\/v2\/types\/post"}],"author":[{"embeddable":true,"href":"https:\/\/turadio.com.co\/index.php?rest_route=\/wp\/v2\/users\/1"}],"replies":[{"embeddable":true,"href":"https:\/\/turadio.com.co\/index.php?rest_route=%2Fwp%2Fv2%2Fcomments&post=5187"}],"version-history":[{"count":1,"href":"https:\/\/turadio.com.co\/index.php?rest_route=\/wp\/v2\/posts\/5187\/revisions"}],"predecessor-version":[{"id":5189,"href":"https:\/\/turadio.com.co\/index.php?rest_route=\/wp\/v2\/posts\/5187\/revisions\/5189"}],"wp:featuredmedia":[{"embeddable":true,"href":"https:\/\/turadio.com.co\/index.php?rest_route=\/wp\/v2\/media\/5188"}],"wp:attachment":[{"href":"https:\/\/turadio.com.co\/index.php?rest_route=%2Fwp%2Fv2%2Fmedia&parent=5187"}],"wp:term":[{"taxonomy":"category","embeddable":true,"href":"https:\/\/turadio.com.co\/index.php?rest_route=%2Fwp%2Fv2%2Fcategories&post=5187"},{"taxonomy":"post_tag","embeddable":true,"href":"https:\/\/turadio.com.co\/index.php?rest_route=%2Fwp%2Fv2%2Ftags&post=5187"}],"curies":[{"name":"wp","href":"https:\/\/api.w.org\/{rel}","templated":true}]}}