{"id":5198,"date":"2026-02-27T01:05:46","date_gmt":"2026-02-27T01:05:46","guid":{"rendered":"https:\/\/turadio.com.co\/?p=5198"},"modified":"2026-02-27T01:05:49","modified_gmt":"2026-02-27T01:05:49","slug":"minvivienda-en-cordoba-suma-esfuerzos-tecnicos-para-atender-la-emergencia-en-los-sectores-vivienda-y-agua","status":"publish","type":"post","link":"https:\/\/turadio.com.co\/?p=5198","title":{"rendered":"Minvivienda en C\u00f3rdoba suma esfuerzos t\u00e9cnicos para atender la emergencia en los sectores vivienda y agua."},"content":{"rendered":"\n<p>Con un enfoque de eficiencia administrativa y atenci\u00f3n directa en el territorio, el Ministerio de Vivienda y representantes de 13 municipios del departamento que atendieron el llamado institucional. Durante un encuentro, desarrollado en la sede de la Uniremington, se defini\u00f3 la hoja de ruta para la atenci\u00f3n de las comunidades afectadas por la actual coyuntura, priorizando soluciones en agua potable y habitabilidad.<\/p>\n\n\n\n<figure class=\"wp-block-image size-large\"><img loading=\"lazy\" decoding=\"async\" width=\"1024\" height=\"768\" src=\"https:\/\/turadio.com.co\/wp-content\/uploads\/2026\/02\/WhatsApp-Image-2026-02-26-at-6.58.37-PM-1024x768.jpeg\" alt=\"\" class=\"wp-image-5200\" srcset=\"https:\/\/turadio.com.co\/wp-content\/uploads\/2026\/02\/WhatsApp-Image-2026-02-26-at-6.58.37-PM-1024x768.jpeg 1024w, https:\/\/turadio.com.co\/wp-content\/uploads\/2026\/02\/WhatsApp-Image-2026-02-26-at-6.58.37-PM-300x225.jpeg 300w, https:\/\/turadio.com.co\/wp-content\/uploads\/2026\/02\/WhatsApp-Image-2026-02-26-at-6.58.37-PM-768x576.jpeg 768w, https:\/\/turadio.com.co\/wp-content\/uploads\/2026\/02\/WhatsApp-Image-2026-02-26-at-6.58.37-PM.jpeg 1280w\" sizes=\"auto, (max-width: 1024px) 100vw, 1024px\" \/><\/figure>\n\n\n\n<p>El director t\u00e9cnico de vivienda, Francisco Boh\u00f3rquez, enfatiz\u00f3 la necesidad de unificar esfuerzos para garantizar el impacto de las inversiones: \u201cEl objetivo es trabajar de manera articulada para no hacer duplicidad de esfuerzos. Los municipios ya tienen planes construidos y validados, realizaremos las inversiones que presupuestalmente nos corresponda, siempre en sinton\u00eda con los alcaldes y el Ministerio como cabeza del sector\u201d, manifest\u00f3 durante la jornada.<\/p>\n\n\n\n<p>El asesor de Minvivienda, Ricardo Ram\u00edrez, subray\u00f3 la importancia de instrumentar los nuevos decretos de emergencia para agua y vivienda, explicando su alcance t\u00e9cnico a las oficinas de planeaci\u00f3n locales. Se traz\u00f3, adem\u00e1s, una ruta de relacionamiento con los consejos municipales para la incorporaci\u00f3n de suelos, factor determinante para asegurar una respuesta legal y efectiva ante la emergencia.<\/p>\n\n\n\n<figure class=\"wp-block-image size-large\"><img loading=\"lazy\" decoding=\"async\" width=\"683\" height=\"1024\" src=\"https:\/\/turadio.com.co\/wp-content\/uploads\/2026\/02\/WhatsApp-Image-2026-02-26-at-6.59.11-PM-1-683x1024.jpeg\" alt=\"\" class=\"wp-image-5201\" srcset=\"https:\/\/turadio.com.co\/wp-content\/uploads\/2026\/02\/WhatsApp-Image-2026-02-26-at-6.59.11-PM-1-683x1024.jpeg 683w, https:\/\/turadio.com.co\/wp-content\/uploads\/2026\/02\/WhatsApp-Image-2026-02-26-at-6.59.11-PM-1-200x300.jpeg 200w, https:\/\/turadio.com.co\/wp-content\/uploads\/2026\/02\/WhatsApp-Image-2026-02-26-at-6.59.11-PM-1-768x1152.jpeg 768w, https:\/\/turadio.com.co\/wp-content\/uploads\/2026\/02\/WhatsApp-Image-2026-02-26-at-6.59.11-PM-1-1024x1536.jpeg 1024w, https:\/\/turadio.com.co\/wp-content\/uploads\/2026\/02\/WhatsApp-Image-2026-02-26-at-6.59.11-PM-1-1365x2048.jpeg 1365w, https:\/\/turadio.com.co\/wp-content\/uploads\/2026\/02\/WhatsApp-Image-2026-02-26-at-6.59.11-PM-1-scaled.jpeg 1706w\" sizes=\"auto, (max-width: 683px) 100vw, 683px\" \/><\/figure>\n\n\n\n<p>En materia de soluciones inmediatas, la gesti\u00f3n se centrar\u00e1 en el suministro de agua potable y la optimizaci\u00f3n de las condiciones en los alojamientos temporales. Asimismo, se anunci\u00f3 el inicio de una evaluaci\u00f3n cualitativa sobre el estado de las viviendas. \u201cHoy tenemos n\u00fameros, pero debemos mirar la realidad de cada afectaci\u00f3n. Muchas viviendas que hoy aparecen como no habitables podr\u00edan cambiar su condici\u00f3n cuando bajen los niveles del agua; haremos un ejercicio t\u00e9cnico para garantizar que la atenci\u00f3n sea la correcta\u201d, puntualiz\u00f3 Boh\u00f3rquez.<\/p>\n\n\n\n<p>Durante el fin de semana anterior, delegados del Minvivienda, estuvieron en los 25 municipios afectados por las inundaciones, evaluando con las familias damnificadas, las afectaciones en materia de vivienda.<\/p>\n","protected":false},"excerpt":{"rendered":"<p>Con un enfoque de eficiencia administrativa y atenci\u00f3n directa en el territorio, el Ministerio de Vivienda y representantes de 13 municipios del departamento que atendieron el llamado institucional. Durante un encuentro, desarrollado en la sede de la Uniremington, se defini\u00f3 la hoja de ruta para la atenci\u00f3n de las comunidades afectadas por la actual coyuntura,&#8230;<\/p>\n","protected":false},"author":1,"featured_media":5199,"comment_status":"open","ping_status":"open","sticky":false,"template":"","format":"standard","meta":{"footnotes":""},"categories":[13],"tags":[],"class_list":["post-5198","post","type-post","status-publish","format-standard","has-post-thumbnail","hentry","category-cordoba"],"yoast_head":"<!-- This site is optimized with the Yoast SEO plugin v27.5 - https:\/\/yoast.com\/product\/yoast-seo-wordpress\/ -->\n<title>Minvivienda en C\u00f3rdoba suma esfuerzos t\u00e9cnicos para atender la emergencia en los sectores vivienda y agua. - Tu Radio<\/title>\n<meta name=\"robots\" content=\"index, follow, max-snippet:-1, max-image-preview:large, max-video-preview:-1\" \/>\n<link rel=\"canonical\" href=\"https:\/\/turadio.com.co\/?p=5198\" \/>\n<meta property=\"og:locale\" content=\"es_ES\" \/>\n<meta property=\"og:type\" content=\"article\" \/>\n<meta property=\"og:title\" content=\"Minvivienda en C\u00f3rdoba suma esfuerzos t\u00e9cnicos para atender la emergencia en los sectores vivienda y agua. - Tu Radio\" \/>\n<meta property=\"og:description\" content=\"Con un enfoque de eficiencia administrativa y atenci\u00f3n directa en el territorio, el Ministerio de Vivienda y representantes de 13 municipios del departamento que atendieron el llamado institucional. Durante un encuentro, desarrollado en la sede de la Uniremington, se defini\u00f3 la hoja de ruta para la atenci\u00f3n de las comunidades afectadas por la actual coyuntura,...\" \/>\n<meta property=\"og:url\" content=\"https:\/\/turadio.com.co\/?p=5198\" \/>\n<meta property=\"og:site_name\" content=\"Tu Radio\" \/>\n<meta property=\"article:author\" content=\"https:\/\/www.facebook.com\/profile.php?id=100086306444643\" \/>\n<meta property=\"article:published_time\" content=\"2026-02-27T01:05:46+00:00\" \/>\n<meta property=\"article:modified_time\" content=\"2026-02-27T01:05:49+00:00\" \/>\n<meta property=\"og:image\" content=\"https:\/\/turadio.com.co\/wp-content\/uploads\/2026\/02\/WhatsApp-Image-2026-02-26-at-6.58.06-PM.jpeg\" \/>\n\t<meta property=\"og:image:width\" content=\"960\" \/>\n\t<meta property=\"og:image:height\" content=\"1280\" \/>\n\t<meta property=\"og:image:type\" content=\"image\/jpeg\" \/>\n<meta name=\"author\" content=\"turadio\" \/>\n<meta name=\"twitter:card\" content=\"summary_large_image\" \/>\n<meta name=\"twitter:label1\" content=\"Escrito por\" \/>\n\t<meta name=\"twitter:data1\" content=\"turadio\" \/>\n\t<meta name=\"twitter:label2\" content=\"Tiempo de lectura\" \/>\n\t<meta name=\"twitter:data2\" content=\"2 minutos\" \/>\n<script type=\"application\/ld+json\" class=\"yoast-schema-graph\">{\"@context\":\"https:\\\/\\\/schema.org\",\"@graph\":[{\"@type\":\"Article\",\"@id\":\"https:\\\/\\\/turadio.com.co\\\/?p=5198#article\",\"isPartOf\":{\"@id\":\"https:\\\/\\\/turadio.com.co\\\/?p=5198\"},\"author\":{\"name\":\"turadio\",\"@id\":\"https:\\\/\\\/turadio.com.co\\\/#\\\/schema\\\/person\\\/a336ad8dcc0120ef37278ad35b4f64fe\"},\"headline\":\"Minvivienda en C\u00f3rdoba suma esfuerzos t\u00e9cnicos para atender la emergencia en los sectores vivienda y agua.\",\"datePublished\":\"2026-02-27T01:05:46+00:00\",\"dateModified\":\"2026-02-27T01:05:49+00:00\",\"mainEntityOfPage\":{\"@id\":\"https:\\\/\\\/turadio.com.co\\\/?p=5198\"},\"wordCount\":333,\"commentCount\":0,\"publisher\":{\"@id\":\"https:\\\/\\\/turadio.com.co\\\/#organization\"},\"image\":{\"@id\":\"https:\\\/\\\/turadio.com.co\\\/?p=5198#primaryimage\"},\"thumbnailUrl\":\"https:\\\/\\\/turadio.com.co\\\/wp-content\\\/uploads\\\/2026\\\/02\\\/WhatsApp-Image-2026-02-26-at-6.58.06-PM.jpeg\",\"articleSection\":[\"C\u00f3rdoba\"],\"inLanguage\":\"es\",\"potentialAction\":[{\"@type\":\"CommentAction\",\"name\":\"Comment\",\"target\":[\"https:\\\/\\\/turadio.com.co\\\/?p=5198#respond\"]}]},{\"@type\":\"WebPage\",\"@id\":\"https:\\\/\\\/turadio.com.co\\\/?p=5198\",\"url\":\"https:\\\/\\\/turadio.com.co\\\/?p=5198\",\"name\":\"Minvivienda en C\u00f3rdoba suma esfuerzos t\u00e9cnicos para atender la emergencia en los sectores vivienda y agua. - Tu Radio\",\"isPartOf\":{\"@id\":\"https:\\\/\\\/turadio.com.co\\\/#website\"},\"primaryImageOfPage\":{\"@id\":\"https:\\\/\\\/turadio.com.co\\\/?p=5198#primaryimage\"},\"image\":{\"@id\":\"https:\\\/\\\/turadio.com.co\\\/?p=5198#primaryimage\"},\"thumbnailUrl\":\"https:\\\/\\\/turadio.com.co\\\/wp-content\\\/uploads\\\/2026\\\/02\\\/WhatsApp-Image-2026-02-26-at-6.58.06-PM.jpeg\",\"datePublished\":\"2026-02-27T01:05:46+00:00\",\"dateModified\":\"2026-02-27T01:05:49+00:00\",\"breadcrumb\":{\"@id\":\"https:\\\/\\\/turadio.com.co\\\/?p=5198#breadcrumb\"},\"inLanguage\":\"es\",\"potentialAction\":[{\"@type\":\"ReadAction\",\"target\":[\"https:\\\/\\\/turadio.com.co\\\/?p=5198\"]}]},{\"@type\":\"ImageObject\",\"inLanguage\":\"es\",\"@id\":\"https:\\\/\\\/turadio.com.co\\\/?p=5198#primaryimage\",\"url\":\"https:\\\/\\\/turadio.com.co\\\/wp-content\\\/uploads\\\/2026\\\/02\\\/WhatsApp-Image-2026-02-26-at-6.58.06-PM.jpeg\",\"contentUrl\":\"https:\\\/\\\/turadio.com.co\\\/wp-content\\\/uploads\\\/2026\\\/02\\\/WhatsApp-Image-2026-02-26-at-6.58.06-PM.jpeg\",\"width\":960,\"height\":1280},{\"@type\":\"BreadcrumbList\",\"@id\":\"https:\\\/\\\/turadio.com.co\\\/?p=5198#breadcrumb\",\"itemListElement\":[{\"@type\":\"ListItem\",\"position\":1,\"name\":\"Portada\",\"item\":\"https:\\\/\\\/turadio.com.co\\\/\"},{\"@type\":\"ListItem\",\"position\":2,\"name\":\"Minvivienda en C\u00f3rdoba suma esfuerzos t\u00e9cnicos para atender la emergencia en los sectores vivienda y agua.\"}]},{\"@type\":\"WebSite\",\"@id\":\"https:\\\/\\\/turadio.com.co\\\/#website\",\"url\":\"https:\\\/\\\/turadio.com.co\\\/\",\"name\":\"Tu Radio\",\"description\":\"\",\"publisher\":{\"@id\":\"https:\\\/\\\/turadio.com.co\\\/#organization\"},\"potentialAction\":[{\"@type\":\"SearchAction\",\"target\":{\"@type\":\"EntryPoint\",\"urlTemplate\":\"https:\\\/\\\/turadio.com.co\\\/?s={search_term_string}\"},\"query-input\":{\"@type\":\"PropertyValueSpecification\",\"valueRequired\":true,\"valueName\":\"search_term_string\"}}],\"inLanguage\":\"es\"},{\"@type\":\"Organization\",\"@id\":\"https:\\\/\\\/turadio.com.co\\\/#organization\",\"name\":\"Tu Radio\",\"url\":\"https:\\\/\\\/turadio.com.co\\\/\",\"logo\":{\"@type\":\"ImageObject\",\"inLanguage\":\"es\",\"@id\":\"https:\\\/\\\/turadio.com.co\\\/#\\\/schema\\\/logo\\\/image\\\/\",\"url\":\"https:\\\/\\\/turadio.com.co\\\/wp-content\\\/uploads\\\/2025\\\/07\\\/logo.png\",\"contentUrl\":\"https:\\\/\\\/turadio.com.co\\\/wp-content\\\/uploads\\\/2025\\\/07\\\/logo.png\",\"width\":366,\"height\":91,\"caption\":\"Tu Radio\"},\"image\":{\"@id\":\"https:\\\/\\\/turadio.com.co\\\/#\\\/schema\\\/logo\\\/image\\\/\"}},{\"@type\":\"Person\",\"@id\":\"https:\\\/\\\/turadio.com.co\\\/#\\\/schema\\\/person\\\/a336ad8dcc0120ef37278ad35b4f64fe\",\"name\":\"turadio\",\"image\":{\"@type\":\"ImageObject\",\"inLanguage\":\"es\",\"@id\":\"https:\\\/\\\/secure.gravatar.com\\\/avatar\\\/e905fb228be0ae401b494278f04ccb4a7d2e839822ca560083e0b3a15f6c8669?s=96&d=mm&r=g\",\"url\":\"https:\\\/\\\/secure.gravatar.com\\\/avatar\\\/e905fb228be0ae401b494278f04ccb4a7d2e839822ca560083e0b3a15f6c8669?s=96&d=mm&r=g\",\"contentUrl\":\"https:\\\/\\\/secure.gravatar.com\\\/avatar\\\/e905fb228be0ae401b494278f04ccb4a7d2e839822ca560083e0b3a15f6c8669?s=96&d=mm&r=g\",\"caption\":\"turadio\"},\"sameAs\":[\"https:\\\/\\\/turadio.com.co\",\"https:\\\/\\\/www.facebook.com\\\/profile.php?id=100086306444643\",\"https:\\\/\\\/www.instagram.com\\\/turadio23\\\/\",\"https:\\\/\\\/www.youtube.com\\\/@TuRadiomonteria\"],\"url\":\"https:\\\/\\\/turadio.com.co\\\/?author=1\"}]}<\/script>\n<!-- \/ Yoast SEO plugin. -->","yoast_head_json":{"title":"Minvivienda en C\u00f3rdoba suma esfuerzos t\u00e9cnicos para atender la emergencia en los sectores vivienda y agua. - Tu Radio","robots":{"index":"index","follow":"follow","max-snippet":"max-snippet:-1","max-image-preview":"max-image-preview:large","max-video-preview":"max-video-preview:-1"},"canonical":"https:\/\/turadio.com.co\/?p=5198","og_locale":"es_ES","og_type":"article","og_title":"Minvivienda en C\u00f3rdoba suma esfuerzos t\u00e9cnicos para atender la emergencia en los sectores vivienda y agua. - Tu Radio","og_description":"Con un enfoque de eficiencia administrativa y atenci\u00f3n directa en el territorio, el Ministerio de Vivienda y representantes de 13 municipios del departamento que atendieron el llamado institucional. Durante un encuentro, desarrollado en la sede de la Uniremington, se defini\u00f3 la hoja de ruta para la atenci\u00f3n de las comunidades afectadas por la actual coyuntura,...","og_url":"https:\/\/turadio.com.co\/?p=5198","og_site_name":"Tu Radio","article_author":"https:\/\/www.facebook.com\/profile.php?id=100086306444643","article_published_time":"2026-02-27T01:05:46+00:00","article_modified_time":"2026-02-27T01:05:49+00:00","og_image":[{"width":960,"height":1280,"url":"https:\/\/turadio.com.co\/wp-content\/uploads\/2026\/02\/WhatsApp-Image-2026-02-26-at-6.58.06-PM.jpeg","type":"image\/jpeg"}],"author":"turadio","twitter_card":"summary_large_image","twitter_misc":{"Escrito por":"turadio","Tiempo de lectura":"2 minutos"},"schema":{"@context":"https:\/\/schema.org","@graph":[{"@type":"Article","@id":"https:\/\/turadio.com.co\/?p=5198#article","isPartOf":{"@id":"https:\/\/turadio.com.co\/?p=5198"},"author":{"name":"turadio","@id":"https:\/\/turadio.com.co\/#\/schema\/person\/a336ad8dcc0120ef37278ad35b4f64fe"},"headline":"Minvivienda en C\u00f3rdoba suma esfuerzos t\u00e9cnicos para atender la emergencia en los sectores vivienda y agua.","datePublished":"2026-02-27T01:05:46+00:00","dateModified":"2026-02-27T01:05:49+00:00","mainEntityOfPage":{"@id":"https:\/\/turadio.com.co\/?p=5198"},"wordCount":333,"commentCount":0,"publisher":{"@id":"https:\/\/turadio.com.co\/#organization"},"image":{"@id":"https:\/\/turadio.com.co\/?p=5198#primaryimage"},"thumbnailUrl":"https:\/\/turadio.com.co\/wp-content\/uploads\/2026\/02\/WhatsApp-Image-2026-02-26-at-6.58.06-PM.jpeg","articleSection":["C\u00f3rdoba"],"inLanguage":"es","potentialAction":[{"@type":"CommentAction","name":"Comment","target":["https:\/\/turadio.com.co\/?p=5198#respond"]}]},{"@type":"WebPage","@id":"https:\/\/turadio.com.co\/?p=5198","url":"https:\/\/turadio.com.co\/?p=5198","name":"Minvivienda en C\u00f3rdoba suma esfuerzos t\u00e9cnicos para atender la emergencia en los sectores vivienda y agua. - Tu Radio","isPartOf":{"@id":"https:\/\/turadio.com.co\/#website"},"primaryImageOfPage":{"@id":"https:\/\/turadio.com.co\/?p=5198#primaryimage"},"image":{"@id":"https:\/\/turadio.com.co\/?p=5198#primaryimage"},"thumbnailUrl":"https:\/\/turadio.com.co\/wp-content\/uploads\/2026\/02\/WhatsApp-Image-2026-02-26-at-6.58.06-PM.jpeg","datePublished":"2026-02-27T01:05:46+00:00","dateModified":"2026-02-27T01:05:49+00:00","breadcrumb":{"@id":"https:\/\/turadio.com.co\/?p=5198#breadcrumb"},"inLanguage":"es","potentialAction":[{"@type":"ReadAction","target":["https:\/\/turadio.com.co\/?p=5198"]}]},{"@type":"ImageObject","inLanguage":"es","@id":"https:\/\/turadio.com.co\/?p=5198#primaryimage","url":"https:\/\/turadio.com.co\/wp-content\/uploads\/2026\/02\/WhatsApp-Image-2026-02-26-at-6.58.06-PM.jpeg","contentUrl":"https:\/\/turadio.com.co\/wp-content\/uploads\/2026\/02\/WhatsApp-Image-2026-02-26-at-6.58.06-PM.jpeg","width":960,"height":1280},{"@type":"BreadcrumbList","@id":"https:\/\/turadio.com.co\/?p=5198#breadcrumb","itemListElement":[{"@type":"ListItem","position":1,"name":"Portada","item":"https:\/\/turadio.com.co\/"},{"@type":"ListItem","position":2,"name":"Minvivienda en C\u00f3rdoba suma esfuerzos t\u00e9cnicos para atender la emergencia en los sectores vivienda y agua."}]},{"@type":"WebSite","@id":"https:\/\/turadio.com.co\/#website","url":"https:\/\/turadio.com.co\/","name":"Tu Radio","description":"","publisher":{"@id":"https:\/\/turadio.com.co\/#organization"},"potentialAction":[{"@type":"SearchAction","target":{"@type":"EntryPoint","urlTemplate":"https:\/\/turadio.com.co\/?s={search_term_string}"},"query-input":{"@type":"PropertyValueSpecification","valueRequired":true,"valueName":"search_term_string"}}],"inLanguage":"es"},{"@type":"Organization","@id":"https:\/\/turadio.com.co\/#organization","name":"Tu Radio","url":"https:\/\/turadio.com.co\/","logo":{"@type":"ImageObject","inLanguage":"es","@id":"https:\/\/turadio.com.co\/#\/schema\/logo\/image\/","url":"https:\/\/turadio.com.co\/wp-content\/uploads\/2025\/07\/logo.png","contentUrl":"https:\/\/turadio.com.co\/wp-content\/uploads\/2025\/07\/logo.png","width":366,"height":91,"caption":"Tu Radio"},"image":{"@id":"https:\/\/turadio.com.co\/#\/schema\/logo\/image\/"}},{"@type":"Person","@id":"https:\/\/turadio.com.co\/#\/schema\/person\/a336ad8dcc0120ef37278ad35b4f64fe","name":"turadio","image":{"@type":"ImageObject","inLanguage":"es","@id":"https:\/\/secure.gravatar.com\/avatar\/e905fb228be0ae401b494278f04ccb4a7d2e839822ca560083e0b3a15f6c8669?s=96&d=mm&r=g","url":"https:\/\/secure.gravatar.com\/avatar\/e905fb228be0ae401b494278f04ccb4a7d2e839822ca560083e0b3a15f6c8669?s=96&d=mm&r=g","contentUrl":"https:\/\/secure.gravatar.com\/avatar\/e905fb228be0ae401b494278f04ccb4a7d2e839822ca560083e0b3a15f6c8669?s=96&d=mm&r=g","caption":"turadio"},"sameAs":["https:\/\/turadio.com.co","https:\/\/www.facebook.com\/profile.php?id=100086306444643","https:\/\/www.instagram.com\/turadio23\/","https:\/\/www.youtube.com\/@TuRadiomonteria"],"url":"https:\/\/turadio.com.co\/?author=1"}]}},"_links":{"self":[{"href":"https:\/\/turadio.com.co\/index.php?rest_route=\/wp\/v2\/posts\/5198","targetHints":{"allow":["GET"]}}],"collection":[{"href":"https:\/\/turadio.com.co\/index.php?rest_route=\/wp\/v2\/posts"}],"about":[{"href":"https:\/\/turadio.com.co\/index.php?rest_route=\/wp\/v2\/types\/post"}],"author":[{"embeddable":true,"href":"https:\/\/turadio.com.co\/index.php?rest_route=\/wp\/v2\/users\/1"}],"replies":[{"embeddable":true,"href":"https:\/\/turadio.com.co\/index.php?rest_route=%2Fwp%2Fv2%2Fcomments&post=5198"}],"version-history":[{"count":1,"href":"https:\/\/turadio.com.co\/index.php?rest_route=\/wp\/v2\/posts\/5198\/revisions"}],"predecessor-version":[{"id":5202,"href":"https:\/\/turadio.com.co\/index.php?rest_route=\/wp\/v2\/posts\/5198\/revisions\/5202"}],"wp:featuredmedia":[{"embeddable":true,"href":"https:\/\/turadio.com.co\/index.php?rest_route=\/wp\/v2\/media\/5199"}],"wp:attachment":[{"href":"https:\/\/turadio.com.co\/index.php?rest_route=%2Fwp%2Fv2%2Fmedia&parent=5198"}],"wp:term":[{"taxonomy":"category","embeddable":true,"href":"https:\/\/turadio.com.co\/index.php?rest_route=%2Fwp%2Fv2%2Fcategories&post=5198"},{"taxonomy":"post_tag","embeddable":true,"href":"https:\/\/turadio.com.co\/index.php?rest_route=%2Fwp%2Fv2%2Ftags&post=5198"}],"curies":[{"name":"wp","href":"https:\/\/api.w.org\/{rel}","templated":true}]}}