{"id":5203,"date":"2026-02-27T01:15:38","date_gmt":"2026-02-27T01:15:38","guid":{"rendered":"https:\/\/turadio.com.co\/?p=5203"},"modified":"2026-02-27T01:15:41","modified_gmt":"2026-02-27T01:15:41","slug":"capturado-en-monteria-alias-risa-o-el-negro-presunto-jefe-de-sicarios-del-grupo-armado-clan-del-golfo","status":"publish","type":"post","link":"https:\/\/turadio.com.co\/?p=5203","title":{"rendered":"Capturado en Monter\u00eda alias Risa o el Negro, presunto jefe de sicarios del grupo armado Clan del Golfo."},"content":{"rendered":"\n<p>El sujeto, quien estar\u00eda implicado en al menos 12 homicidios perpetrados en la regi\u00f3n, presentaba requerimientos judiciales por varios delitos.<\/p>\n\n\n\n<p>En desarrollo de operaciones desplegadas por tropas del Gaula Militar Sin\u00fa, bajo el direccionamiento de la D\u00e9cima Primera Brigada del Ej\u00e9rcito Nacional, en articulaci\u00f3n con el CTI de la Fiscal\u00eda General de la Naci\u00f3n y con el apoyo de la Polic\u00eda Nacional, se produjo la captura en flagrancia de alias Risa o el Negro, presunto jefe de sicarios del grupo armado organizado Clan del Golfo.<\/p>\n\n\n\n<figure class=\"wp-block-image size-large\"><img loading=\"lazy\" decoding=\"async\" width=\"1024\" height=\"682\" src=\"https:\/\/turadio.com.co\/wp-content\/uploads\/2026\/02\/WhatsApp-Image-2026-02-25-at-12.20.34-PM-1-1024x682.jpeg\" alt=\"\" class=\"wp-image-5205\" srcset=\"https:\/\/turadio.com.co\/wp-content\/uploads\/2026\/02\/WhatsApp-Image-2026-02-25-at-12.20.34-PM-1-1024x682.jpeg 1024w, https:\/\/turadio.com.co\/wp-content\/uploads\/2026\/02\/WhatsApp-Image-2026-02-25-at-12.20.34-PM-1-300x200.jpeg 300w, https:\/\/turadio.com.co\/wp-content\/uploads\/2026\/02\/WhatsApp-Image-2026-02-25-at-12.20.34-PM-1-768x512.jpeg 768w, https:\/\/turadio.com.co\/wp-content\/uploads\/2026\/02\/WhatsApp-Image-2026-02-25-at-12.20.34-PM-1-1536x1023.jpeg 1536w, https:\/\/turadio.com.co\/wp-content\/uploads\/2026\/02\/WhatsApp-Image-2026-02-25-at-12.20.34-PM-1-820x545.jpeg 820w, https:\/\/turadio.com.co\/wp-content\/uploads\/2026\/02\/WhatsApp-Image-2026-02-25-at-12.20.34-PM-1-600x400.jpeg 600w, https:\/\/turadio.com.co\/wp-content\/uploads\/2026\/02\/WhatsApp-Image-2026-02-25-at-12.20.34-PM-1.jpeg 1600w\" sizes=\"auto, (max-width: 1024px) 100vw, 1024px\" \/><\/figure>\n\n\n\n<p>El hecho se registr\u00f3 en la vereda Tres Puertas del corregimiento San Isidro, zona rural de Monter\u00eda, C\u00f3rdoba. Durante la operaci\u00f3n las autoridades incautaron un rev\u00f3lver calibre 38 mil\u00edmetros, municiones, una motocicleta y un celular, que se encontraban en poder de este sujeto.<\/p>\n\n\n\n<p>Seg\u00fan la informaci\u00f3n aportada por inteligencia, alias Risa contar\u00eda con una trayectoria delictiva de aproximadamente 8 a\u00f1os y har\u00eda parte del componente criminal focalizado de la Subestructura Javier Yepes Cantero.<\/p>\n\n\n\n<p>Mencionado individuo se desempe\u00f1ar\u00eda como jefe de sicarios y ser\u00eda el encargado de coordinar los homicidios selectivos, secuestros, expendio de estupefacientes, as\u00ed como de dinamizar los cobros extorsivos en el \u00e1rea urbana y rural de la capital cordobesa, especialmente en los sectores de San Isidro, Galilea, Guateque, San Anterito y Santa Isabel.<\/p>\n\n\n\n<figure class=\"wp-block-image size-large\"><img loading=\"lazy\" decoding=\"async\" width=\"1024\" height=\"724\" src=\"https:\/\/turadio.com.co\/wp-content\/uploads\/2026\/02\/WhatsApp-Image-2026-02-26-at-9.33.31-AM-1024x724.jpeg\" alt=\"\" class=\"wp-image-5206\" srcset=\"https:\/\/turadio.com.co\/wp-content\/uploads\/2026\/02\/WhatsApp-Image-2026-02-26-at-9.33.31-AM-1024x724.jpeg 1024w, https:\/\/turadio.com.co\/wp-content\/uploads\/2026\/02\/WhatsApp-Image-2026-02-26-at-9.33.31-AM-300x212.jpeg 300w, https:\/\/turadio.com.co\/wp-content\/uploads\/2026\/02\/WhatsApp-Image-2026-02-26-at-9.33.31-AM-768x543.jpeg 768w, https:\/\/turadio.com.co\/wp-content\/uploads\/2026\/02\/WhatsApp-Image-2026-02-26-at-9.33.31-AM.jpeg 1280w\" sizes=\"auto, (max-width: 1024px) 100vw, 1024px\" \/><\/figure>\n\n\n\n<p>De acuerdo con las investigaciones, se le atribuye presunta participaci\u00f3n en al menos 12 homicidios y tendr\u00eda bajo su mando a 6 miembros de la organizaci\u00f3n, los cuales cumpl\u00edan diferentes roles y funciones delictivas.<\/p>\n\n\n\n<p>Tras ser dejado a disposici\u00f3n de las autoridades competentes para el cumplimiento de los respectivos procesos judiciales, el capturado fue imputado con los presuntos delitos de homicidio, concierto para delinquir y porte ilegal de armas de fuego, y cobijado con medida de aseguramiento privativa de la libertad en establecimiento carcelario.<\/p>\n","protected":false},"excerpt":{"rendered":"<p>El sujeto, quien estar\u00eda implicado en al menos 12 homicidios perpetrados en la regi\u00f3n, presentaba requerimientos judiciales por varios delitos. En desarrollo de operaciones desplegadas por tropas del Gaula Militar Sin\u00fa, bajo el direccionamiento de la D\u00e9cima Primera Brigada del Ej\u00e9rcito Nacional, en articulaci\u00f3n con el CTI de la Fiscal\u00eda General de la Naci\u00f3n y&#8230;<\/p>\n","protected":false},"author":1,"featured_media":5204,"comment_status":"open","ping_status":"open","sticky":false,"template":"","format":"standard","meta":{"footnotes":""},"categories":[12],"tags":[],"class_list":["post-5203","post","type-post","status-publish","format-standard","has-post-thumbnail","hentry","category-judiciales"],"yoast_head":"<!-- This site is optimized with the Yoast SEO plugin v27.5 - https:\/\/yoast.com\/product\/yoast-seo-wordpress\/ -->\n<title>Capturado en Monter\u00eda alias Risa o el Negro, presunto jefe de sicarios del grupo armado Clan del Golfo. - Tu Radio<\/title>\n<meta name=\"robots\" content=\"index, follow, max-snippet:-1, max-image-preview:large, max-video-preview:-1\" \/>\n<link rel=\"canonical\" href=\"https:\/\/turadio.com.co\/?p=5203\" \/>\n<meta property=\"og:locale\" content=\"es_ES\" \/>\n<meta property=\"og:type\" content=\"article\" \/>\n<meta property=\"og:title\" content=\"Capturado en Monter\u00eda alias Risa o el Negro, presunto jefe de sicarios del grupo armado Clan del Golfo. - Tu Radio\" \/>\n<meta property=\"og:description\" content=\"El sujeto, quien estar\u00eda implicado en al menos 12 homicidios perpetrados en la regi\u00f3n, presentaba requerimientos judiciales por varios delitos. En desarrollo de operaciones desplegadas por tropas del Gaula Militar Sin\u00fa, bajo el direccionamiento de la D\u00e9cima Primera Brigada del Ej\u00e9rcito Nacional, en articulaci\u00f3n con el CTI de la Fiscal\u00eda General de la Naci\u00f3n y...\" \/>\n<meta property=\"og:url\" content=\"https:\/\/turadio.com.co\/?p=5203\" \/>\n<meta property=\"og:site_name\" content=\"Tu Radio\" \/>\n<meta property=\"article:author\" content=\"https:\/\/www.facebook.com\/profile.php?id=100086306444643\" \/>\n<meta property=\"article:published_time\" content=\"2026-02-27T01:15:38+00:00\" \/>\n<meta property=\"article:modified_time\" content=\"2026-02-27T01:15:41+00:00\" \/>\n<meta property=\"og:image\" content=\"https:\/\/turadio.com.co\/wp-content\/uploads\/2026\/02\/WhatsApp-Image-2026-02-25-at-12.20.35-PM.jpeg\" \/>\n\t<meta property=\"og:image:width\" content=\"1600\" \/>\n\t<meta property=\"og:image:height\" content=\"1066\" \/>\n\t<meta property=\"og:image:type\" content=\"image\/jpeg\" \/>\n<meta name=\"author\" content=\"turadio\" \/>\n<meta name=\"twitter:card\" content=\"summary_large_image\" \/>\n<meta name=\"twitter:label1\" content=\"Escrito por\" \/>\n\t<meta name=\"twitter:data1\" content=\"turadio\" \/>\n\t<meta name=\"twitter:label2\" content=\"Tiempo de lectura\" \/>\n\t<meta name=\"twitter:data2\" content=\"2 minutos\" \/>\n<script type=\"application\/ld+json\" class=\"yoast-schema-graph\">{\"@context\":\"https:\\\/\\\/schema.org\",\"@graph\":[{\"@type\":\"Article\",\"@id\":\"https:\\\/\\\/turadio.com.co\\\/?p=5203#article\",\"isPartOf\":{\"@id\":\"https:\\\/\\\/turadio.com.co\\\/?p=5203\"},\"author\":{\"name\":\"turadio\",\"@id\":\"https:\\\/\\\/turadio.com.co\\\/#\\\/schema\\\/person\\\/a336ad8dcc0120ef37278ad35b4f64fe\"},\"headline\":\"Capturado en Monter\u00eda alias Risa o el Negro, presunto jefe de sicarios del grupo armado Clan del Golfo.\",\"datePublished\":\"2026-02-27T01:15:38+00:00\",\"dateModified\":\"2026-02-27T01:15:41+00:00\",\"mainEntityOfPage\":{\"@id\":\"https:\\\/\\\/turadio.com.co\\\/?p=5203\"},\"wordCount\":334,\"commentCount\":0,\"publisher\":{\"@id\":\"https:\\\/\\\/turadio.com.co\\\/#organization\"},\"image\":{\"@id\":\"https:\\\/\\\/turadio.com.co\\\/?p=5203#primaryimage\"},\"thumbnailUrl\":\"https:\\\/\\\/turadio.com.co\\\/wp-content\\\/uploads\\\/2026\\\/02\\\/WhatsApp-Image-2026-02-25-at-12.20.35-PM.jpeg\",\"articleSection\":[\"Judiciales\"],\"inLanguage\":\"es\",\"potentialAction\":[{\"@type\":\"CommentAction\",\"name\":\"Comment\",\"target\":[\"https:\\\/\\\/turadio.com.co\\\/?p=5203#respond\"]}]},{\"@type\":\"WebPage\",\"@id\":\"https:\\\/\\\/turadio.com.co\\\/?p=5203\",\"url\":\"https:\\\/\\\/turadio.com.co\\\/?p=5203\",\"name\":\"Capturado en Monter\u00eda alias Risa o el Negro, presunto jefe de sicarios del grupo armado Clan del Golfo. - Tu Radio\",\"isPartOf\":{\"@id\":\"https:\\\/\\\/turadio.com.co\\\/#website\"},\"primaryImageOfPage\":{\"@id\":\"https:\\\/\\\/turadio.com.co\\\/?p=5203#primaryimage\"},\"image\":{\"@id\":\"https:\\\/\\\/turadio.com.co\\\/?p=5203#primaryimage\"},\"thumbnailUrl\":\"https:\\\/\\\/turadio.com.co\\\/wp-content\\\/uploads\\\/2026\\\/02\\\/WhatsApp-Image-2026-02-25-at-12.20.35-PM.jpeg\",\"datePublished\":\"2026-02-27T01:15:38+00:00\",\"dateModified\":\"2026-02-27T01:15:41+00:00\",\"breadcrumb\":{\"@id\":\"https:\\\/\\\/turadio.com.co\\\/?p=5203#breadcrumb\"},\"inLanguage\":\"es\",\"potentialAction\":[{\"@type\":\"ReadAction\",\"target\":[\"https:\\\/\\\/turadio.com.co\\\/?p=5203\"]}]},{\"@type\":\"ImageObject\",\"inLanguage\":\"es\",\"@id\":\"https:\\\/\\\/turadio.com.co\\\/?p=5203#primaryimage\",\"url\":\"https:\\\/\\\/turadio.com.co\\\/wp-content\\\/uploads\\\/2026\\\/02\\\/WhatsApp-Image-2026-02-25-at-12.20.35-PM.jpeg\",\"contentUrl\":\"https:\\\/\\\/turadio.com.co\\\/wp-content\\\/uploads\\\/2026\\\/02\\\/WhatsApp-Image-2026-02-25-at-12.20.35-PM.jpeg\",\"width\":1600,\"height\":1066},{\"@type\":\"BreadcrumbList\",\"@id\":\"https:\\\/\\\/turadio.com.co\\\/?p=5203#breadcrumb\",\"itemListElement\":[{\"@type\":\"ListItem\",\"position\":1,\"name\":\"Portada\",\"item\":\"https:\\\/\\\/turadio.com.co\\\/\"},{\"@type\":\"ListItem\",\"position\":2,\"name\":\"Capturado en Monter\u00eda alias Risa o el Negro, presunto jefe de sicarios del grupo armado Clan del Golfo.\"}]},{\"@type\":\"WebSite\",\"@id\":\"https:\\\/\\\/turadio.com.co\\\/#website\",\"url\":\"https:\\\/\\\/turadio.com.co\\\/\",\"name\":\"Tu Radio\",\"description\":\"\",\"publisher\":{\"@id\":\"https:\\\/\\\/turadio.com.co\\\/#organization\"},\"potentialAction\":[{\"@type\":\"SearchAction\",\"target\":{\"@type\":\"EntryPoint\",\"urlTemplate\":\"https:\\\/\\\/turadio.com.co\\\/?s={search_term_string}\"},\"query-input\":{\"@type\":\"PropertyValueSpecification\",\"valueRequired\":true,\"valueName\":\"search_term_string\"}}],\"inLanguage\":\"es\"},{\"@type\":\"Organization\",\"@id\":\"https:\\\/\\\/turadio.com.co\\\/#organization\",\"name\":\"Tu Radio\",\"url\":\"https:\\\/\\\/turadio.com.co\\\/\",\"logo\":{\"@type\":\"ImageObject\",\"inLanguage\":\"es\",\"@id\":\"https:\\\/\\\/turadio.com.co\\\/#\\\/schema\\\/logo\\\/image\\\/\",\"url\":\"https:\\\/\\\/turadio.com.co\\\/wp-content\\\/uploads\\\/2025\\\/07\\\/logo.png\",\"contentUrl\":\"https:\\\/\\\/turadio.com.co\\\/wp-content\\\/uploads\\\/2025\\\/07\\\/logo.png\",\"width\":366,\"height\":91,\"caption\":\"Tu Radio\"},\"image\":{\"@id\":\"https:\\\/\\\/turadio.com.co\\\/#\\\/schema\\\/logo\\\/image\\\/\"}},{\"@type\":\"Person\",\"@id\":\"https:\\\/\\\/turadio.com.co\\\/#\\\/schema\\\/person\\\/a336ad8dcc0120ef37278ad35b4f64fe\",\"name\":\"turadio\",\"image\":{\"@type\":\"ImageObject\",\"inLanguage\":\"es\",\"@id\":\"https:\\\/\\\/secure.gravatar.com\\\/avatar\\\/e905fb228be0ae401b494278f04ccb4a7d2e839822ca560083e0b3a15f6c8669?s=96&d=mm&r=g\",\"url\":\"https:\\\/\\\/secure.gravatar.com\\\/avatar\\\/e905fb228be0ae401b494278f04ccb4a7d2e839822ca560083e0b3a15f6c8669?s=96&d=mm&r=g\",\"contentUrl\":\"https:\\\/\\\/secure.gravatar.com\\\/avatar\\\/e905fb228be0ae401b494278f04ccb4a7d2e839822ca560083e0b3a15f6c8669?s=96&d=mm&r=g\",\"caption\":\"turadio\"},\"sameAs\":[\"https:\\\/\\\/turadio.com.co\",\"https:\\\/\\\/www.facebook.com\\\/profile.php?id=100086306444643\",\"https:\\\/\\\/www.instagram.com\\\/turadio23\\\/\",\"https:\\\/\\\/www.youtube.com\\\/@TuRadiomonteria\"],\"url\":\"https:\\\/\\\/turadio.com.co\\\/?author=1\"}]}<\/script>\n<!-- \/ Yoast SEO plugin. -->","yoast_head_json":{"title":"Capturado en Monter\u00eda alias Risa o el Negro, presunto jefe de sicarios del grupo armado Clan del Golfo. - Tu Radio","robots":{"index":"index","follow":"follow","max-snippet":"max-snippet:-1","max-image-preview":"max-image-preview:large","max-video-preview":"max-video-preview:-1"},"canonical":"https:\/\/turadio.com.co\/?p=5203","og_locale":"es_ES","og_type":"article","og_title":"Capturado en Monter\u00eda alias Risa o el Negro, presunto jefe de sicarios del grupo armado Clan del Golfo. - Tu Radio","og_description":"El sujeto, quien estar\u00eda implicado en al menos 12 homicidios perpetrados en la regi\u00f3n, presentaba requerimientos judiciales por varios delitos. En desarrollo de operaciones desplegadas por tropas del Gaula Militar Sin\u00fa, bajo el direccionamiento de la D\u00e9cima Primera Brigada del Ej\u00e9rcito Nacional, en articulaci\u00f3n con el CTI de la Fiscal\u00eda General de la Naci\u00f3n y...","og_url":"https:\/\/turadio.com.co\/?p=5203","og_site_name":"Tu Radio","article_author":"https:\/\/www.facebook.com\/profile.php?id=100086306444643","article_published_time":"2026-02-27T01:15:38+00:00","article_modified_time":"2026-02-27T01:15:41+00:00","og_image":[{"width":1600,"height":1066,"url":"https:\/\/turadio.com.co\/wp-content\/uploads\/2026\/02\/WhatsApp-Image-2026-02-25-at-12.20.35-PM.jpeg","type":"image\/jpeg"}],"author":"turadio","twitter_card":"summary_large_image","twitter_misc":{"Escrito por":"turadio","Tiempo de lectura":"2 minutos"},"schema":{"@context":"https:\/\/schema.org","@graph":[{"@type":"Article","@id":"https:\/\/turadio.com.co\/?p=5203#article","isPartOf":{"@id":"https:\/\/turadio.com.co\/?p=5203"},"author":{"name":"turadio","@id":"https:\/\/turadio.com.co\/#\/schema\/person\/a336ad8dcc0120ef37278ad35b4f64fe"},"headline":"Capturado en Monter\u00eda alias Risa o el Negro, presunto jefe de sicarios del grupo armado Clan del Golfo.","datePublished":"2026-02-27T01:15:38+00:00","dateModified":"2026-02-27T01:15:41+00:00","mainEntityOfPage":{"@id":"https:\/\/turadio.com.co\/?p=5203"},"wordCount":334,"commentCount":0,"publisher":{"@id":"https:\/\/turadio.com.co\/#organization"},"image":{"@id":"https:\/\/turadio.com.co\/?p=5203#primaryimage"},"thumbnailUrl":"https:\/\/turadio.com.co\/wp-content\/uploads\/2026\/02\/WhatsApp-Image-2026-02-25-at-12.20.35-PM.jpeg","articleSection":["Judiciales"],"inLanguage":"es","potentialAction":[{"@type":"CommentAction","name":"Comment","target":["https:\/\/turadio.com.co\/?p=5203#respond"]}]},{"@type":"WebPage","@id":"https:\/\/turadio.com.co\/?p=5203","url":"https:\/\/turadio.com.co\/?p=5203","name":"Capturado en Monter\u00eda alias Risa o el Negro, presunto jefe de sicarios del grupo armado Clan del Golfo. - Tu Radio","isPartOf":{"@id":"https:\/\/turadio.com.co\/#website"},"primaryImageOfPage":{"@id":"https:\/\/turadio.com.co\/?p=5203#primaryimage"},"image":{"@id":"https:\/\/turadio.com.co\/?p=5203#primaryimage"},"thumbnailUrl":"https:\/\/turadio.com.co\/wp-content\/uploads\/2026\/02\/WhatsApp-Image-2026-02-25-at-12.20.35-PM.jpeg","datePublished":"2026-02-27T01:15:38+00:00","dateModified":"2026-02-27T01:15:41+00:00","breadcrumb":{"@id":"https:\/\/turadio.com.co\/?p=5203#breadcrumb"},"inLanguage":"es","potentialAction":[{"@type":"ReadAction","target":["https:\/\/turadio.com.co\/?p=5203"]}]},{"@type":"ImageObject","inLanguage":"es","@id":"https:\/\/turadio.com.co\/?p=5203#primaryimage","url":"https:\/\/turadio.com.co\/wp-content\/uploads\/2026\/02\/WhatsApp-Image-2026-02-25-at-12.20.35-PM.jpeg","contentUrl":"https:\/\/turadio.com.co\/wp-content\/uploads\/2026\/02\/WhatsApp-Image-2026-02-25-at-12.20.35-PM.jpeg","width":1600,"height":1066},{"@type":"BreadcrumbList","@id":"https:\/\/turadio.com.co\/?p=5203#breadcrumb","itemListElement":[{"@type":"ListItem","position":1,"name":"Portada","item":"https:\/\/turadio.com.co\/"},{"@type":"ListItem","position":2,"name":"Capturado en Monter\u00eda alias Risa o el Negro, presunto jefe de sicarios del grupo armado Clan del Golfo."}]},{"@type":"WebSite","@id":"https:\/\/turadio.com.co\/#website","url":"https:\/\/turadio.com.co\/","name":"Tu Radio","description":"","publisher":{"@id":"https:\/\/turadio.com.co\/#organization"},"potentialAction":[{"@type":"SearchAction","target":{"@type":"EntryPoint","urlTemplate":"https:\/\/turadio.com.co\/?s={search_term_string}"},"query-input":{"@type":"PropertyValueSpecification","valueRequired":true,"valueName":"search_term_string"}}],"inLanguage":"es"},{"@type":"Organization","@id":"https:\/\/turadio.com.co\/#organization","name":"Tu Radio","url":"https:\/\/turadio.com.co\/","logo":{"@type":"ImageObject","inLanguage":"es","@id":"https:\/\/turadio.com.co\/#\/schema\/logo\/image\/","url":"https:\/\/turadio.com.co\/wp-content\/uploads\/2025\/07\/logo.png","contentUrl":"https:\/\/turadio.com.co\/wp-content\/uploads\/2025\/07\/logo.png","width":366,"height":91,"caption":"Tu Radio"},"image":{"@id":"https:\/\/turadio.com.co\/#\/schema\/logo\/image\/"}},{"@type":"Person","@id":"https:\/\/turadio.com.co\/#\/schema\/person\/a336ad8dcc0120ef37278ad35b4f64fe","name":"turadio","image":{"@type":"ImageObject","inLanguage":"es","@id":"https:\/\/secure.gravatar.com\/avatar\/e905fb228be0ae401b494278f04ccb4a7d2e839822ca560083e0b3a15f6c8669?s=96&d=mm&r=g","url":"https:\/\/secure.gravatar.com\/avatar\/e905fb228be0ae401b494278f04ccb4a7d2e839822ca560083e0b3a15f6c8669?s=96&d=mm&r=g","contentUrl":"https:\/\/secure.gravatar.com\/avatar\/e905fb228be0ae401b494278f04ccb4a7d2e839822ca560083e0b3a15f6c8669?s=96&d=mm&r=g","caption":"turadio"},"sameAs":["https:\/\/turadio.com.co","https:\/\/www.facebook.com\/profile.php?id=100086306444643","https:\/\/www.instagram.com\/turadio23\/","https:\/\/www.youtube.com\/@TuRadiomonteria"],"url":"https:\/\/turadio.com.co\/?author=1"}]}},"_links":{"self":[{"href":"https:\/\/turadio.com.co\/index.php?rest_route=\/wp\/v2\/posts\/5203","targetHints":{"allow":["GET"]}}],"collection":[{"href":"https:\/\/turadio.com.co\/index.php?rest_route=\/wp\/v2\/posts"}],"about":[{"href":"https:\/\/turadio.com.co\/index.php?rest_route=\/wp\/v2\/types\/post"}],"author":[{"embeddable":true,"href":"https:\/\/turadio.com.co\/index.php?rest_route=\/wp\/v2\/users\/1"}],"replies":[{"embeddable":true,"href":"https:\/\/turadio.com.co\/index.php?rest_route=%2Fwp%2Fv2%2Fcomments&post=5203"}],"version-history":[{"count":1,"href":"https:\/\/turadio.com.co\/index.php?rest_route=\/wp\/v2\/posts\/5203\/revisions"}],"predecessor-version":[{"id":5207,"href":"https:\/\/turadio.com.co\/index.php?rest_route=\/wp\/v2\/posts\/5203\/revisions\/5207"}],"wp:featuredmedia":[{"embeddable":true,"href":"https:\/\/turadio.com.co\/index.php?rest_route=\/wp\/v2\/media\/5204"}],"wp:attachment":[{"href":"https:\/\/turadio.com.co\/index.php?rest_route=%2Fwp%2Fv2%2Fmedia&parent=5203"}],"wp:term":[{"taxonomy":"category","embeddable":true,"href":"https:\/\/turadio.com.co\/index.php?rest_route=%2Fwp%2Fv2%2Fcategories&post=5203"},{"taxonomy":"post_tag","embeddable":true,"href":"https:\/\/turadio.com.co\/index.php?rest_route=%2Fwp%2Fv2%2Ftags&post=5203"}],"curies":[{"name":"wp","href":"https:\/\/api.w.org\/{rel}","templated":true}]}}