{"id":5209,"date":"2026-02-27T16:41:58","date_gmt":"2026-02-27T16:41:58","guid":{"rendered":"https:\/\/turadio.com.co\/?p=5209"},"modified":"2026-02-27T16:42:02","modified_gmt":"2026-02-27T16:42:02","slug":"alcalde-hugo-kerguelen-dio-a-conocer-cifras-de-desocupacion-monteria-reduce-el-desempleo-y-genera-mas-de-9-400-nuevos-empleos-en-el-ultimo-ano","status":"publish","type":"post","link":"https:\/\/turadio.com.co\/?p=5209","title":{"rendered":"Alcalde Hugo Kerguel\u00e9n dio a conocer cifras de desocupaci\u00f3n, Monter\u00eda reduce el desempleo y genera m\u00e1s de 9.400 nuevos empleos en el \u00faltimo a\u00f1o."},"content":{"rendered":"\n<p>El alcalde de Monter\u00eda, Hugo Kerguel\u00e9n Garc\u00eda, dio a conocer las cifras, del Departamento Administrativo Nacional de Estad\u00edstica, DANE, relacionadas con el mercado laboral correspondientes al trimestre m\u00f3vil noviembre 2025 \u2013 enero 2026, que evidencian avances importantes para Monter\u00eda.<\/p>\n\n\n\n<p>De acuerdo con el informe oficial, la tasa de desocupaci\u00f3n en la ciudad baj\u00f3 de 11,4% a 10,2%, es decir, 1,2 puntos porcentuales menos que en el mismo periodo del a\u00f1o anterior.<\/p>\n\n\n\n<p>La tasa de ocupaci\u00f3n aument\u00f3 de 55% a 57,6%, acerc\u00e1ndose a la media nacional (58,7%), mientras que la tasa global de participaci\u00f3n subi\u00f3 de 62,1% a 64,1%, reflejando que m\u00e1s monterianos est\u00e1n ingresando al mercado laboral. Actualmente, la ciudad cuenta con 182.382 personas ocupadas, 9.466 m\u00e1s que hace un a\u00f1o, una cifra que demuestra dinamismo econ\u00f3mico y generaci\u00f3n de oportunidades.<\/p>\n\n\n\n<figure class=\"wp-block-image size-large\"><img loading=\"lazy\" decoding=\"async\" width=\"1024\" height=\"586\" src=\"https:\/\/turadio.com.co\/wp-content\/uploads\/2026\/02\/WhatsApp-Image-2026-02-27-at-10.40.05-AM-1024x586.jpeg\" alt=\"\" class=\"wp-image-5211\" srcset=\"https:\/\/turadio.com.co\/wp-content\/uploads\/2026\/02\/WhatsApp-Image-2026-02-27-at-10.40.05-AM-1024x586.jpeg 1024w, https:\/\/turadio.com.co\/wp-content\/uploads\/2026\/02\/WhatsApp-Image-2026-02-27-at-10.40.05-AM-300x172.jpeg 300w, https:\/\/turadio.com.co\/wp-content\/uploads\/2026\/02\/WhatsApp-Image-2026-02-27-at-10.40.05-AM-768x440.jpeg 768w, https:\/\/turadio.com.co\/wp-content\/uploads\/2026\/02\/WhatsApp-Image-2026-02-27-at-10.40.05-AM.jpeg 1186w\" sizes=\"auto, (max-width: 1024px) 100vw, 1024px\" \/><\/figure>\n\n\n\n<p>El crecimiento del empleo estuvo impulsado principalmente por los sectores de administraci\u00f3n p\u00fablica, educaci\u00f3n y salud, que generaron 7.283 nuevos puestos de trabajo; la construcci\u00f3n, con 2.269 empleos adicionales; y la industria manufacturera, con 2.070 nuevos ocupados.<\/p>\n\n\n\n<p>En materia de calidad del empleo, la informalidad se redujo de 59,7% a 56,2%, es decir, 3,5 puntos porcentuales menos que el a\u00f1o anterior, aunque todav\u00eda por encima del promedio nacional. La desocupaci\u00f3n juvenil baj\u00f3 a 19,7% y la femenina a 12,5%, avances que reflejan resultados, pero tambi\u00e9n el compromiso de seguir cerrando brechas.<\/p>\n\n\n\n<p>El alcalde de Monter\u00eda, Hugo Kerguel\u00e9n Garc\u00eda, destac\u00f3 que estos resultados son producto de una estrategia integral de reactivaci\u00f3n y generaci\u00f3n de oportunidades. \u201cHoy Monter\u00eda demuestra que, incluso en medio de desaf\u00edos como la emergencia que estamos afrontando, estamos generando empleo y dinamizando la econom\u00eda. Reducir el desempleo en 1,2 puntos y crear m\u00e1s de 9.400 nuevos puestos de trabajo no es casualidad, es el resultado de una gesti\u00f3n enfocada en atraer inversi\u00f3n, fortalecer el tejido empresarial y apostar por la obra p\u00fablica como motor de desarrollo. Vamos a seguir trabajando para que m\u00e1s familias tengan ingresos estables y formales\u201d, afirm\u00f3 el mandatario.<\/p>\n\n\n\n<p>Por su parte, el secretario de Desarrollo Econ\u00f3mico, Jos\u00e9 Nicol\u00e1s Barrios, se\u00f1al\u00f3 que los sectores que m\u00e1s crecieron evidencian una econom\u00eda que se est\u00e1 consolidando. \u201cEl impulso en construcci\u00f3n, industria y administraci\u00f3n p\u00fablica refleja que estamos combinando inversi\u00f3n p\u00fablica con dinamismo privado. Adem\u00e1s, eventos como la Media Marat\u00f3n, el Mercadillo Navide\u00f1o y la agenda econ\u00f3mica de enero ayudaron a fortalecer comercio, turismo y servicios, generando ingresos para cientos de familias. Nuestro reto ahora es fortalecer sectores como transporte, tecnolog\u00eda y servicios financieros para lograr un crecimiento m\u00e1s equilibrado\u201d, explic\u00f3.<\/p>\n\n\n\n<p>La gerente de Empleo, Iv\u00e1n Pacheco, resalt\u00f3 los avances en formalizaci\u00f3n y enfoque social. \u201cReducir la informalidad en 3,5 puntos porcentuales es un paso importante hacia empleos con mayores garant\u00edas. Desde la Agencia P\u00fablica de Empleo, en articulaci\u00f3n con el SENA, hemos ampliado vacantes, orientaciones y ferias laborales para conectar a m\u00e1s monterianos con oportunidades reales. Seguiremos trabajando especialmente con j\u00f3venes y mujeres para cerrar brechas y mejorar la empleabilidad\u201d, manifest\u00f3.<\/p>\n\n\n\n<p>Durante 2025, el programa Impuestos por Puestos de Trabajo permiti\u00f3 la generaci\u00f3n de 555 empleos, con 33 empresas beneficiadas y m\u00e1s de 9.500 millones de pesos en salarios anuales. Asimismo, la inversi\u00f3n p\u00fablica ha generado 10.978 empleos a trav\u00e9s de proyectos y programas estrat\u00e9gicos, consolidando al sector p\u00fablico como dinamizador econ\u00f3mico.<\/p>\n\n\n\n<p>La Administraci\u00f3n Municipal mantiene especial atenci\u00f3n sobre el comportamiento que pueda reflejar el trimestre diciembre 2025 \u2013 febrero 2026, especialmente por la emergencia de inundaciones registrada en febrero, que afect\u00f3 a uno de cada cinco monterianos y podr\u00eda incidir en algunos indicadores econ\u00f3micos. Sin embargo, el compromiso es el de seguir impulsando pol\u00edticas que fortalezcan el empleo formal, promuevan el emprendimiento y consoliden a Monter\u00eda como una ciudad de oportunidades.<\/p>\n","protected":false},"excerpt":{"rendered":"<p>El alcalde de Monter\u00eda, Hugo Kerguel\u00e9n Garc\u00eda, dio a conocer las cifras, del Departamento Administrativo Nacional de Estad\u00edstica, DANE, relacionadas con el mercado laboral correspondientes al trimestre m\u00f3vil noviembre 2025 \u2013 enero 2026, que evidencian avances importantes para Monter\u00eda. De acuerdo con el informe oficial, la tasa de desocupaci\u00f3n en la ciudad baj\u00f3 de 11,4%&#8230;<\/p>\n","protected":false},"author":1,"featured_media":5210,"comment_status":"open","ping_status":"open","sticky":false,"template":"","format":"standard","meta":{"footnotes":""},"categories":[14],"tags":[],"class_list":["post-5209","post","type-post","status-publish","format-standard","has-post-thumbnail","hentry","category-monteria"],"yoast_head":"<!-- This site is optimized with the Yoast SEO plugin v27.5 - https:\/\/yoast.com\/product\/yoast-seo-wordpress\/ -->\n<title>Alcalde Hugo Kerguel\u00e9n dio a conocer cifras de desocupaci\u00f3n, Monter\u00eda reduce el desempleo y genera m\u00e1s de 9.400 nuevos empleos en el \u00faltimo a\u00f1o. - Tu Radio<\/title>\n<meta name=\"robots\" content=\"index, follow, max-snippet:-1, max-image-preview:large, max-video-preview:-1\" \/>\n<link rel=\"canonical\" href=\"https:\/\/turadio.com.co\/?p=5209\" \/>\n<meta property=\"og:locale\" content=\"es_ES\" \/>\n<meta property=\"og:type\" content=\"article\" \/>\n<meta property=\"og:title\" content=\"Alcalde Hugo Kerguel\u00e9n dio a conocer cifras de desocupaci\u00f3n, Monter\u00eda reduce el desempleo y genera m\u00e1s de 9.400 nuevos empleos en el \u00faltimo a\u00f1o. - Tu Radio\" \/>\n<meta property=\"og:description\" content=\"El alcalde de Monter\u00eda, Hugo Kerguel\u00e9n Garc\u00eda, dio a conocer las cifras, del Departamento Administrativo Nacional de Estad\u00edstica, DANE, relacionadas con el mercado laboral correspondientes al trimestre m\u00f3vil noviembre 2025 \u2013 enero 2026, que evidencian avances importantes para Monter\u00eda. De acuerdo con el informe oficial, la tasa de desocupaci\u00f3n en la ciudad baj\u00f3 de 11,4%...\" \/>\n<meta property=\"og:url\" content=\"https:\/\/turadio.com.co\/?p=5209\" \/>\n<meta property=\"og:site_name\" content=\"Tu Radio\" \/>\n<meta property=\"article:author\" content=\"https:\/\/www.facebook.com\/profile.php?id=100086306444643\" \/>\n<meta property=\"article:published_time\" content=\"2026-02-27T16:41:58+00:00\" \/>\n<meta property=\"article:modified_time\" content=\"2026-02-27T16:42:02+00:00\" \/>\n<meta property=\"og:image\" content=\"https:\/\/turadio.com.co\/wp-content\/uploads\/2026\/02\/WhatsApp-Image-2026-02-27-at-10.40.04-AM.jpeg\" \/>\n\t<meta property=\"og:image:width\" content=\"1600\" \/>\n\t<meta property=\"og:image:height\" content=\"1200\" \/>\n\t<meta property=\"og:image:type\" content=\"image\/jpeg\" \/>\n<meta name=\"author\" content=\"turadio\" \/>\n<meta name=\"twitter:card\" content=\"summary_large_image\" \/>\n<meta name=\"twitter:label1\" content=\"Escrito por\" \/>\n\t<meta name=\"twitter:data1\" content=\"turadio\" \/>\n\t<meta name=\"twitter:label2\" content=\"Tiempo de lectura\" \/>\n\t<meta name=\"twitter:data2\" content=\"4 minutos\" \/>\n<script type=\"application\/ld+json\" class=\"yoast-schema-graph\">{\"@context\":\"https:\\\/\\\/schema.org\",\"@graph\":[{\"@type\":\"Article\",\"@id\":\"https:\\\/\\\/turadio.com.co\\\/?p=5209#article\",\"isPartOf\":{\"@id\":\"https:\\\/\\\/turadio.com.co\\\/?p=5209\"},\"author\":{\"name\":\"turadio\",\"@id\":\"https:\\\/\\\/turadio.com.co\\\/#\\\/schema\\\/person\\\/a336ad8dcc0120ef37278ad35b4f64fe\"},\"headline\":\"Alcalde Hugo Kerguel\u00e9n dio a conocer cifras de desocupaci\u00f3n, Monter\u00eda reduce el desempleo y genera m\u00e1s de 9.400 nuevos empleos en el \u00faltimo a\u00f1o.\",\"datePublished\":\"2026-02-27T16:41:58+00:00\",\"dateModified\":\"2026-02-27T16:42:02+00:00\",\"mainEntityOfPage\":{\"@id\":\"https:\\\/\\\/turadio.com.co\\\/?p=5209\"},\"wordCount\":677,\"commentCount\":0,\"publisher\":{\"@id\":\"https:\\\/\\\/turadio.com.co\\\/#organization\"},\"image\":{\"@id\":\"https:\\\/\\\/turadio.com.co\\\/?p=5209#primaryimage\"},\"thumbnailUrl\":\"https:\\\/\\\/turadio.com.co\\\/wp-content\\\/uploads\\\/2026\\\/02\\\/WhatsApp-Image-2026-02-27-at-10.40.04-AM.jpeg\",\"articleSection\":[\"Monter\u00eda\"],\"inLanguage\":\"es\",\"potentialAction\":[{\"@type\":\"CommentAction\",\"name\":\"Comment\",\"target\":[\"https:\\\/\\\/turadio.com.co\\\/?p=5209#respond\"]}]},{\"@type\":\"WebPage\",\"@id\":\"https:\\\/\\\/turadio.com.co\\\/?p=5209\",\"url\":\"https:\\\/\\\/turadio.com.co\\\/?p=5209\",\"name\":\"Alcalde Hugo Kerguel\u00e9n dio a conocer cifras de desocupaci\u00f3n, Monter\u00eda reduce el desempleo y genera m\u00e1s de 9.400 nuevos empleos en el \u00faltimo a\u00f1o. - Tu Radio\",\"isPartOf\":{\"@id\":\"https:\\\/\\\/turadio.com.co\\\/#website\"},\"primaryImageOfPage\":{\"@id\":\"https:\\\/\\\/turadio.com.co\\\/?p=5209#primaryimage\"},\"image\":{\"@id\":\"https:\\\/\\\/turadio.com.co\\\/?p=5209#primaryimage\"},\"thumbnailUrl\":\"https:\\\/\\\/turadio.com.co\\\/wp-content\\\/uploads\\\/2026\\\/02\\\/WhatsApp-Image-2026-02-27-at-10.40.04-AM.jpeg\",\"datePublished\":\"2026-02-27T16:41:58+00:00\",\"dateModified\":\"2026-02-27T16:42:02+00:00\",\"breadcrumb\":{\"@id\":\"https:\\\/\\\/turadio.com.co\\\/?p=5209#breadcrumb\"},\"inLanguage\":\"es\",\"potentialAction\":[{\"@type\":\"ReadAction\",\"target\":[\"https:\\\/\\\/turadio.com.co\\\/?p=5209\"]}]},{\"@type\":\"ImageObject\",\"inLanguage\":\"es\",\"@id\":\"https:\\\/\\\/turadio.com.co\\\/?p=5209#primaryimage\",\"url\":\"https:\\\/\\\/turadio.com.co\\\/wp-content\\\/uploads\\\/2026\\\/02\\\/WhatsApp-Image-2026-02-27-at-10.40.04-AM.jpeg\",\"contentUrl\":\"https:\\\/\\\/turadio.com.co\\\/wp-content\\\/uploads\\\/2026\\\/02\\\/WhatsApp-Image-2026-02-27-at-10.40.04-AM.jpeg\",\"width\":1600,\"height\":1200},{\"@type\":\"BreadcrumbList\",\"@id\":\"https:\\\/\\\/turadio.com.co\\\/?p=5209#breadcrumb\",\"itemListElement\":[{\"@type\":\"ListItem\",\"position\":1,\"name\":\"Portada\",\"item\":\"https:\\\/\\\/turadio.com.co\\\/\"},{\"@type\":\"ListItem\",\"position\":2,\"name\":\"Alcalde Hugo Kerguel\u00e9n dio a conocer cifras de desocupaci\u00f3n, Monter\u00eda reduce el desempleo y genera m\u00e1s de 9.400 nuevos empleos en el \u00faltimo a\u00f1o.\"}]},{\"@type\":\"WebSite\",\"@id\":\"https:\\\/\\\/turadio.com.co\\\/#website\",\"url\":\"https:\\\/\\\/turadio.com.co\\\/\",\"name\":\"Tu Radio\",\"description\":\"\",\"publisher\":{\"@id\":\"https:\\\/\\\/turadio.com.co\\\/#organization\"},\"potentialAction\":[{\"@type\":\"SearchAction\",\"target\":{\"@type\":\"EntryPoint\",\"urlTemplate\":\"https:\\\/\\\/turadio.com.co\\\/?s={search_term_string}\"},\"query-input\":{\"@type\":\"PropertyValueSpecification\",\"valueRequired\":true,\"valueName\":\"search_term_string\"}}],\"inLanguage\":\"es\"},{\"@type\":\"Organization\",\"@id\":\"https:\\\/\\\/turadio.com.co\\\/#organization\",\"name\":\"Tu Radio\",\"url\":\"https:\\\/\\\/turadio.com.co\\\/\",\"logo\":{\"@type\":\"ImageObject\",\"inLanguage\":\"es\",\"@id\":\"https:\\\/\\\/turadio.com.co\\\/#\\\/schema\\\/logo\\\/image\\\/\",\"url\":\"https:\\\/\\\/turadio.com.co\\\/wp-content\\\/uploads\\\/2025\\\/07\\\/logo.png\",\"contentUrl\":\"https:\\\/\\\/turadio.com.co\\\/wp-content\\\/uploads\\\/2025\\\/07\\\/logo.png\",\"width\":366,\"height\":91,\"caption\":\"Tu Radio\"},\"image\":{\"@id\":\"https:\\\/\\\/turadio.com.co\\\/#\\\/schema\\\/logo\\\/image\\\/\"}},{\"@type\":\"Person\",\"@id\":\"https:\\\/\\\/turadio.com.co\\\/#\\\/schema\\\/person\\\/a336ad8dcc0120ef37278ad35b4f64fe\",\"name\":\"turadio\",\"image\":{\"@type\":\"ImageObject\",\"inLanguage\":\"es\",\"@id\":\"https:\\\/\\\/secure.gravatar.com\\\/avatar\\\/e905fb228be0ae401b494278f04ccb4a7d2e839822ca560083e0b3a15f6c8669?s=96&d=mm&r=g\",\"url\":\"https:\\\/\\\/secure.gravatar.com\\\/avatar\\\/e905fb228be0ae401b494278f04ccb4a7d2e839822ca560083e0b3a15f6c8669?s=96&d=mm&r=g\",\"contentUrl\":\"https:\\\/\\\/secure.gravatar.com\\\/avatar\\\/e905fb228be0ae401b494278f04ccb4a7d2e839822ca560083e0b3a15f6c8669?s=96&d=mm&r=g\",\"caption\":\"turadio\"},\"sameAs\":[\"https:\\\/\\\/turadio.com.co\",\"https:\\\/\\\/www.facebook.com\\\/profile.php?id=100086306444643\",\"https:\\\/\\\/www.instagram.com\\\/turadio23\\\/\",\"https:\\\/\\\/www.youtube.com\\\/@TuRadiomonteria\"],\"url\":\"https:\\\/\\\/turadio.com.co\\\/?author=1\"}]}<\/script>\n<!-- \/ Yoast SEO plugin. -->","yoast_head_json":{"title":"Alcalde Hugo Kerguel\u00e9n dio a conocer cifras de desocupaci\u00f3n, Monter\u00eda reduce el desempleo y genera m\u00e1s de 9.400 nuevos empleos en el \u00faltimo a\u00f1o. - Tu Radio","robots":{"index":"index","follow":"follow","max-snippet":"max-snippet:-1","max-image-preview":"max-image-preview:large","max-video-preview":"max-video-preview:-1"},"canonical":"https:\/\/turadio.com.co\/?p=5209","og_locale":"es_ES","og_type":"article","og_title":"Alcalde Hugo Kerguel\u00e9n dio a conocer cifras de desocupaci\u00f3n, Monter\u00eda reduce el desempleo y genera m\u00e1s de 9.400 nuevos empleos en el \u00faltimo a\u00f1o. - Tu Radio","og_description":"El alcalde de Monter\u00eda, Hugo Kerguel\u00e9n Garc\u00eda, dio a conocer las cifras, del Departamento Administrativo Nacional de Estad\u00edstica, DANE, relacionadas con el mercado laboral correspondientes al trimestre m\u00f3vil noviembre 2025 \u2013 enero 2026, que evidencian avances importantes para Monter\u00eda. De acuerdo con el informe oficial, la tasa de desocupaci\u00f3n en la ciudad baj\u00f3 de 11,4%...","og_url":"https:\/\/turadio.com.co\/?p=5209","og_site_name":"Tu Radio","article_author":"https:\/\/www.facebook.com\/profile.php?id=100086306444643","article_published_time":"2026-02-27T16:41:58+00:00","article_modified_time":"2026-02-27T16:42:02+00:00","og_image":[{"width":1600,"height":1200,"url":"https:\/\/turadio.com.co\/wp-content\/uploads\/2026\/02\/WhatsApp-Image-2026-02-27-at-10.40.04-AM.jpeg","type":"image\/jpeg"}],"author":"turadio","twitter_card":"summary_large_image","twitter_misc":{"Escrito por":"turadio","Tiempo de lectura":"4 minutos"},"schema":{"@context":"https:\/\/schema.org","@graph":[{"@type":"Article","@id":"https:\/\/turadio.com.co\/?p=5209#article","isPartOf":{"@id":"https:\/\/turadio.com.co\/?p=5209"},"author":{"name":"turadio","@id":"https:\/\/turadio.com.co\/#\/schema\/person\/a336ad8dcc0120ef37278ad35b4f64fe"},"headline":"Alcalde Hugo Kerguel\u00e9n dio a conocer cifras de desocupaci\u00f3n, Monter\u00eda reduce el desempleo y genera m\u00e1s de 9.400 nuevos empleos en el \u00faltimo a\u00f1o.","datePublished":"2026-02-27T16:41:58+00:00","dateModified":"2026-02-27T16:42:02+00:00","mainEntityOfPage":{"@id":"https:\/\/turadio.com.co\/?p=5209"},"wordCount":677,"commentCount":0,"publisher":{"@id":"https:\/\/turadio.com.co\/#organization"},"image":{"@id":"https:\/\/turadio.com.co\/?p=5209#primaryimage"},"thumbnailUrl":"https:\/\/turadio.com.co\/wp-content\/uploads\/2026\/02\/WhatsApp-Image-2026-02-27-at-10.40.04-AM.jpeg","articleSection":["Monter\u00eda"],"inLanguage":"es","potentialAction":[{"@type":"CommentAction","name":"Comment","target":["https:\/\/turadio.com.co\/?p=5209#respond"]}]},{"@type":"WebPage","@id":"https:\/\/turadio.com.co\/?p=5209","url":"https:\/\/turadio.com.co\/?p=5209","name":"Alcalde Hugo Kerguel\u00e9n dio a conocer cifras de desocupaci\u00f3n, Monter\u00eda reduce el desempleo y genera m\u00e1s de 9.400 nuevos empleos en el \u00faltimo a\u00f1o. - Tu Radio","isPartOf":{"@id":"https:\/\/turadio.com.co\/#website"},"primaryImageOfPage":{"@id":"https:\/\/turadio.com.co\/?p=5209#primaryimage"},"image":{"@id":"https:\/\/turadio.com.co\/?p=5209#primaryimage"},"thumbnailUrl":"https:\/\/turadio.com.co\/wp-content\/uploads\/2026\/02\/WhatsApp-Image-2026-02-27-at-10.40.04-AM.jpeg","datePublished":"2026-02-27T16:41:58+00:00","dateModified":"2026-02-27T16:42:02+00:00","breadcrumb":{"@id":"https:\/\/turadio.com.co\/?p=5209#breadcrumb"},"inLanguage":"es","potentialAction":[{"@type":"ReadAction","target":["https:\/\/turadio.com.co\/?p=5209"]}]},{"@type":"ImageObject","inLanguage":"es","@id":"https:\/\/turadio.com.co\/?p=5209#primaryimage","url":"https:\/\/turadio.com.co\/wp-content\/uploads\/2026\/02\/WhatsApp-Image-2026-02-27-at-10.40.04-AM.jpeg","contentUrl":"https:\/\/turadio.com.co\/wp-content\/uploads\/2026\/02\/WhatsApp-Image-2026-02-27-at-10.40.04-AM.jpeg","width":1600,"height":1200},{"@type":"BreadcrumbList","@id":"https:\/\/turadio.com.co\/?p=5209#breadcrumb","itemListElement":[{"@type":"ListItem","position":1,"name":"Portada","item":"https:\/\/turadio.com.co\/"},{"@type":"ListItem","position":2,"name":"Alcalde Hugo Kerguel\u00e9n dio a conocer cifras de desocupaci\u00f3n, Monter\u00eda reduce el desempleo y genera m\u00e1s de 9.400 nuevos empleos en el \u00faltimo a\u00f1o."}]},{"@type":"WebSite","@id":"https:\/\/turadio.com.co\/#website","url":"https:\/\/turadio.com.co\/","name":"Tu Radio","description":"","publisher":{"@id":"https:\/\/turadio.com.co\/#organization"},"potentialAction":[{"@type":"SearchAction","target":{"@type":"EntryPoint","urlTemplate":"https:\/\/turadio.com.co\/?s={search_term_string}"},"query-input":{"@type":"PropertyValueSpecification","valueRequired":true,"valueName":"search_term_string"}}],"inLanguage":"es"},{"@type":"Organization","@id":"https:\/\/turadio.com.co\/#organization","name":"Tu Radio","url":"https:\/\/turadio.com.co\/","logo":{"@type":"ImageObject","inLanguage":"es","@id":"https:\/\/turadio.com.co\/#\/schema\/logo\/image\/","url":"https:\/\/turadio.com.co\/wp-content\/uploads\/2025\/07\/logo.png","contentUrl":"https:\/\/turadio.com.co\/wp-content\/uploads\/2025\/07\/logo.png","width":366,"height":91,"caption":"Tu Radio"},"image":{"@id":"https:\/\/turadio.com.co\/#\/schema\/logo\/image\/"}},{"@type":"Person","@id":"https:\/\/turadio.com.co\/#\/schema\/person\/a336ad8dcc0120ef37278ad35b4f64fe","name":"turadio","image":{"@type":"ImageObject","inLanguage":"es","@id":"https:\/\/secure.gravatar.com\/avatar\/e905fb228be0ae401b494278f04ccb4a7d2e839822ca560083e0b3a15f6c8669?s=96&d=mm&r=g","url":"https:\/\/secure.gravatar.com\/avatar\/e905fb228be0ae401b494278f04ccb4a7d2e839822ca560083e0b3a15f6c8669?s=96&d=mm&r=g","contentUrl":"https:\/\/secure.gravatar.com\/avatar\/e905fb228be0ae401b494278f04ccb4a7d2e839822ca560083e0b3a15f6c8669?s=96&d=mm&r=g","caption":"turadio"},"sameAs":["https:\/\/turadio.com.co","https:\/\/www.facebook.com\/profile.php?id=100086306444643","https:\/\/www.instagram.com\/turadio23\/","https:\/\/www.youtube.com\/@TuRadiomonteria"],"url":"https:\/\/turadio.com.co\/?author=1"}]}},"_links":{"self":[{"href":"https:\/\/turadio.com.co\/index.php?rest_route=\/wp\/v2\/posts\/5209","targetHints":{"allow":["GET"]}}],"collection":[{"href":"https:\/\/turadio.com.co\/index.php?rest_route=\/wp\/v2\/posts"}],"about":[{"href":"https:\/\/turadio.com.co\/index.php?rest_route=\/wp\/v2\/types\/post"}],"author":[{"embeddable":true,"href":"https:\/\/turadio.com.co\/index.php?rest_route=\/wp\/v2\/users\/1"}],"replies":[{"embeddable":true,"href":"https:\/\/turadio.com.co\/index.php?rest_route=%2Fwp%2Fv2%2Fcomments&post=5209"}],"version-history":[{"count":1,"href":"https:\/\/turadio.com.co\/index.php?rest_route=\/wp\/v2\/posts\/5209\/revisions"}],"predecessor-version":[{"id":5212,"href":"https:\/\/turadio.com.co\/index.php?rest_route=\/wp\/v2\/posts\/5209\/revisions\/5212"}],"wp:featuredmedia":[{"embeddable":true,"href":"https:\/\/turadio.com.co\/index.php?rest_route=\/wp\/v2\/media\/5210"}],"wp:attachment":[{"href":"https:\/\/turadio.com.co\/index.php?rest_route=%2Fwp%2Fv2%2Fmedia&parent=5209"}],"wp:term":[{"taxonomy":"category","embeddable":true,"href":"https:\/\/turadio.com.co\/index.php?rest_route=%2Fwp%2Fv2%2Fcategories&post=5209"},{"taxonomy":"post_tag","embeddable":true,"href":"https:\/\/turadio.com.co\/index.php?rest_route=%2Fwp%2Fv2%2Ftags&post=5209"}],"curies":[{"name":"wp","href":"https:\/\/api.w.org\/{rel}","templated":true}]}}