{"id":5222,"date":"2026-02-27T21:02:12","date_gmt":"2026-02-27T21:02:12","guid":{"rendered":"https:\/\/turadio.com.co\/?p=5222"},"modified":"2026-02-27T21:02:14","modified_gmt":"2026-02-27T21:02:14","slug":"proyecto-del-gobierno-obligaria-a-pagar-a-los-propietarios-de-las-eps-por-incumplidos","status":"publish","type":"post","link":"https:\/\/turadio.com.co\/?p=5222","title":{"rendered":"Proyecto del Gobierno obligar\u00eda a pagar a los propietarios de las EPS por incumplidos."},"content":{"rendered":"\n<p>El presidente Gustavo Petro anunci\u00f3 que el Gobierno alista un proyecto de ley que obligar\u00eda a los propietarios de las Entidades Promotoras de Salud (EPS) a responder con su patrimonio personal por las deudas acumuladas con hospitales, cl\u00ednicas y proveedores.<\/p>\n\n\n\n<p>El anuncio fue hecho durante el Gran Encuentro Nacional de Salud \u201cDefender la Salud es defender a Colombia\u201d, celebrado en la Plaza de Bol\u00edvar de Bogot\u00e1, donde el mandatario sostuvo que el Estado no asumir\u00e1 pasivos que, a su juicio, corresponden a actores privados que administraron recursos p\u00fablicos destinados a la prestaci\u00f3n de servicios de salud.<\/p>\n\n\n\n<p>Petro asegur\u00f3 que la iniciativa legislativa pretende fijar responsabilidades directas sobre el manejo financiero de las EPS y evitar que las obligaciones pendientes del sistema terminen traslad\u00e1ndose al presupuesto nacional. Seg\u00fan explic\u00f3, el objetivo es que los compromisos econ\u00f3micos queden plenamente establecidos y puedan ser exigidos mediante mecanismos judiciales.<\/p>\n\n\n\n<p>En ese sentido, el jefe de Estado indic\u00f3 que algunas EPS no ser\u00e1n liquidadas de inmediato, con el fin de que sus deudas queden claramente determinadas en los estados contables. De esta manera, agreg\u00f3, dichas obligaciones podr\u00edan convertirse en t\u00edtulos ejecutivos que faculten a los jueces a ordenar el pago por parte de los propietarios.<\/p>\n\n\n\n<p>La propuesta se enmarca en la reforma estructural al sistema de salud que impulsa el Gobierno y que a\u00fan debe surtir tr\u00e1mite en el Congreso. Petro inst\u00f3 a los legisladores a retomar la discusi\u00f3n en el pr\u00f3ximo periodo, al se\u00f1alar que el prop\u00f3sito central es garantizar el derecho a la salud y robustecer la red hospitalaria p\u00fablica del pa\u00eds.<\/p>\n","protected":false},"excerpt":{"rendered":"<p>El presidente Gustavo Petro anunci\u00f3 que el Gobierno alista un proyecto de ley que obligar\u00eda a los propietarios de las Entidades Promotoras de Salud (EPS) a responder con su patrimonio personal por las deudas acumuladas con hospitales, cl\u00ednicas y proveedores. El anuncio fue hecho durante el Gran Encuentro Nacional de Salud \u201cDefender la Salud es&#8230;<\/p>\n","protected":false},"author":1,"featured_media":5223,"comment_status":"open","ping_status":"open","sticky":false,"template":"","format":"standard","meta":{"footnotes":""},"categories":[1],"tags":[],"class_list":["post-5222","post","type-post","status-publish","format-standard","has-post-thumbnail","hentry","category-salud"],"yoast_head":"<!-- This site is optimized with the Yoast SEO plugin v27.5 - https:\/\/yoast.com\/product\/yoast-seo-wordpress\/ -->\n<title>Proyecto del Gobierno obligar\u00eda a pagar a los propietarios de las EPS por incumplidos. - Tu Radio<\/title>\n<meta name=\"robots\" content=\"index, follow, max-snippet:-1, max-image-preview:large, max-video-preview:-1\" \/>\n<link rel=\"canonical\" href=\"https:\/\/turadio.com.co\/?p=5222\" \/>\n<meta property=\"og:locale\" content=\"es_ES\" \/>\n<meta property=\"og:type\" content=\"article\" \/>\n<meta property=\"og:title\" content=\"Proyecto del Gobierno obligar\u00eda a pagar a los propietarios de las EPS por incumplidos. - Tu Radio\" \/>\n<meta property=\"og:description\" content=\"El presidente Gustavo Petro anunci\u00f3 que el Gobierno alista un proyecto de ley que obligar\u00eda a los propietarios de las Entidades Promotoras de Salud (EPS) a responder con su patrimonio personal por las deudas acumuladas con hospitales, cl\u00ednicas y proveedores. El anuncio fue hecho durante el Gran Encuentro Nacional de Salud \u201cDefender la Salud es...\" \/>\n<meta property=\"og:url\" content=\"https:\/\/turadio.com.co\/?p=5222\" \/>\n<meta property=\"og:site_name\" content=\"Tu Radio\" \/>\n<meta property=\"article:author\" content=\"https:\/\/www.facebook.com\/profile.php?id=100086306444643\" \/>\n<meta property=\"article:published_time\" content=\"2026-02-27T21:02:12+00:00\" \/>\n<meta property=\"article:modified_time\" content=\"2026-02-27T21:02:14+00:00\" \/>\n<meta property=\"og:image\" content=\"https:\/\/turadio.com.co\/wp-content\/uploads\/2026\/02\/WhatsApp-Image-2026-02-27-at-3.57.21-PM.jpeg\" \/>\n\t<meta property=\"og:image:width\" content=\"1536\" \/>\n\t<meta property=\"og:image:height\" content=\"1024\" \/>\n\t<meta property=\"og:image:type\" content=\"image\/jpeg\" \/>\n<meta name=\"author\" content=\"turadio\" \/>\n<meta name=\"twitter:card\" content=\"summary_large_image\" \/>\n<meta name=\"twitter:label1\" content=\"Escrito por\" \/>\n\t<meta name=\"twitter:data1\" content=\"turadio\" \/>\n\t<meta name=\"twitter:label2\" content=\"Tiempo de lectura\" \/>\n\t<meta name=\"twitter:data2\" content=\"2 minutos\" \/>\n<script type=\"application\/ld+json\" class=\"yoast-schema-graph\">{\"@context\":\"https:\\\/\\\/schema.org\",\"@graph\":[{\"@type\":\"Article\",\"@id\":\"https:\\\/\\\/turadio.com.co\\\/?p=5222#article\",\"isPartOf\":{\"@id\":\"https:\\\/\\\/turadio.com.co\\\/?p=5222\"},\"author\":{\"name\":\"turadio\",\"@id\":\"https:\\\/\\\/turadio.com.co\\\/#\\\/schema\\\/person\\\/a336ad8dcc0120ef37278ad35b4f64fe\"},\"headline\":\"Proyecto del Gobierno obligar\u00eda a pagar a los propietarios de las EPS por incumplidos.\",\"datePublished\":\"2026-02-27T21:02:12+00:00\",\"dateModified\":\"2026-02-27T21:02:14+00:00\",\"mainEntityOfPage\":{\"@id\":\"https:\\\/\\\/turadio.com.co\\\/?p=5222\"},\"wordCount\":293,\"commentCount\":0,\"publisher\":{\"@id\":\"https:\\\/\\\/turadio.com.co\\\/#organization\"},\"image\":{\"@id\":\"https:\\\/\\\/turadio.com.co\\\/?p=5222#primaryimage\"},\"thumbnailUrl\":\"https:\\\/\\\/turadio.com.co\\\/wp-content\\\/uploads\\\/2026\\\/02\\\/WhatsApp-Image-2026-02-27-at-3.57.21-PM.jpeg\",\"articleSection\":[\"Salud\"],\"inLanguage\":\"es\",\"potentialAction\":[{\"@type\":\"CommentAction\",\"name\":\"Comment\",\"target\":[\"https:\\\/\\\/turadio.com.co\\\/?p=5222#respond\"]}]},{\"@type\":\"WebPage\",\"@id\":\"https:\\\/\\\/turadio.com.co\\\/?p=5222\",\"url\":\"https:\\\/\\\/turadio.com.co\\\/?p=5222\",\"name\":\"Proyecto del Gobierno obligar\u00eda a pagar a los propietarios de las EPS por incumplidos. - Tu Radio\",\"isPartOf\":{\"@id\":\"https:\\\/\\\/turadio.com.co\\\/#website\"},\"primaryImageOfPage\":{\"@id\":\"https:\\\/\\\/turadio.com.co\\\/?p=5222#primaryimage\"},\"image\":{\"@id\":\"https:\\\/\\\/turadio.com.co\\\/?p=5222#primaryimage\"},\"thumbnailUrl\":\"https:\\\/\\\/turadio.com.co\\\/wp-content\\\/uploads\\\/2026\\\/02\\\/WhatsApp-Image-2026-02-27-at-3.57.21-PM.jpeg\",\"datePublished\":\"2026-02-27T21:02:12+00:00\",\"dateModified\":\"2026-02-27T21:02:14+00:00\",\"breadcrumb\":{\"@id\":\"https:\\\/\\\/turadio.com.co\\\/?p=5222#breadcrumb\"},\"inLanguage\":\"es\",\"potentialAction\":[{\"@type\":\"ReadAction\",\"target\":[\"https:\\\/\\\/turadio.com.co\\\/?p=5222\"]}]},{\"@type\":\"ImageObject\",\"inLanguage\":\"es\",\"@id\":\"https:\\\/\\\/turadio.com.co\\\/?p=5222#primaryimage\",\"url\":\"https:\\\/\\\/turadio.com.co\\\/wp-content\\\/uploads\\\/2026\\\/02\\\/WhatsApp-Image-2026-02-27-at-3.57.21-PM.jpeg\",\"contentUrl\":\"https:\\\/\\\/turadio.com.co\\\/wp-content\\\/uploads\\\/2026\\\/02\\\/WhatsApp-Image-2026-02-27-at-3.57.21-PM.jpeg\",\"width\":1536,\"height\":1024},{\"@type\":\"BreadcrumbList\",\"@id\":\"https:\\\/\\\/turadio.com.co\\\/?p=5222#breadcrumb\",\"itemListElement\":[{\"@type\":\"ListItem\",\"position\":1,\"name\":\"Portada\",\"item\":\"https:\\\/\\\/turadio.com.co\\\/\"},{\"@type\":\"ListItem\",\"position\":2,\"name\":\"Proyecto del Gobierno obligar\u00eda a pagar a los propietarios de las EPS por incumplidos.\"}]},{\"@type\":\"WebSite\",\"@id\":\"https:\\\/\\\/turadio.com.co\\\/#website\",\"url\":\"https:\\\/\\\/turadio.com.co\\\/\",\"name\":\"Tu Radio\",\"description\":\"\",\"publisher\":{\"@id\":\"https:\\\/\\\/turadio.com.co\\\/#organization\"},\"potentialAction\":[{\"@type\":\"SearchAction\",\"target\":{\"@type\":\"EntryPoint\",\"urlTemplate\":\"https:\\\/\\\/turadio.com.co\\\/?s={search_term_string}\"},\"query-input\":{\"@type\":\"PropertyValueSpecification\",\"valueRequired\":true,\"valueName\":\"search_term_string\"}}],\"inLanguage\":\"es\"},{\"@type\":\"Organization\",\"@id\":\"https:\\\/\\\/turadio.com.co\\\/#organization\",\"name\":\"Tu Radio\",\"url\":\"https:\\\/\\\/turadio.com.co\\\/\",\"logo\":{\"@type\":\"ImageObject\",\"inLanguage\":\"es\",\"@id\":\"https:\\\/\\\/turadio.com.co\\\/#\\\/schema\\\/logo\\\/image\\\/\",\"url\":\"https:\\\/\\\/turadio.com.co\\\/wp-content\\\/uploads\\\/2025\\\/07\\\/logo.png\",\"contentUrl\":\"https:\\\/\\\/turadio.com.co\\\/wp-content\\\/uploads\\\/2025\\\/07\\\/logo.png\",\"width\":366,\"height\":91,\"caption\":\"Tu Radio\"},\"image\":{\"@id\":\"https:\\\/\\\/turadio.com.co\\\/#\\\/schema\\\/logo\\\/image\\\/\"}},{\"@type\":\"Person\",\"@id\":\"https:\\\/\\\/turadio.com.co\\\/#\\\/schema\\\/person\\\/a336ad8dcc0120ef37278ad35b4f64fe\",\"name\":\"turadio\",\"image\":{\"@type\":\"ImageObject\",\"inLanguage\":\"es\",\"@id\":\"https:\\\/\\\/secure.gravatar.com\\\/avatar\\\/e905fb228be0ae401b494278f04ccb4a7d2e839822ca560083e0b3a15f6c8669?s=96&d=mm&r=g\",\"url\":\"https:\\\/\\\/secure.gravatar.com\\\/avatar\\\/e905fb228be0ae401b494278f04ccb4a7d2e839822ca560083e0b3a15f6c8669?s=96&d=mm&r=g\",\"contentUrl\":\"https:\\\/\\\/secure.gravatar.com\\\/avatar\\\/e905fb228be0ae401b494278f04ccb4a7d2e839822ca560083e0b3a15f6c8669?s=96&d=mm&r=g\",\"caption\":\"turadio\"},\"sameAs\":[\"https:\\\/\\\/turadio.com.co\",\"https:\\\/\\\/www.facebook.com\\\/profile.php?id=100086306444643\",\"https:\\\/\\\/www.instagram.com\\\/turadio23\\\/\",\"https:\\\/\\\/www.youtube.com\\\/@TuRadiomonteria\"],\"url\":\"https:\\\/\\\/turadio.com.co\\\/?author=1\"}]}<\/script>\n<!-- \/ Yoast SEO plugin. -->","yoast_head_json":{"title":"Proyecto del Gobierno obligar\u00eda a pagar a los propietarios de las EPS por incumplidos. - Tu Radio","robots":{"index":"index","follow":"follow","max-snippet":"max-snippet:-1","max-image-preview":"max-image-preview:large","max-video-preview":"max-video-preview:-1"},"canonical":"https:\/\/turadio.com.co\/?p=5222","og_locale":"es_ES","og_type":"article","og_title":"Proyecto del Gobierno obligar\u00eda a pagar a los propietarios de las EPS por incumplidos. - Tu Radio","og_description":"El presidente Gustavo Petro anunci\u00f3 que el Gobierno alista un proyecto de ley que obligar\u00eda a los propietarios de las Entidades Promotoras de Salud (EPS) a responder con su patrimonio personal por las deudas acumuladas con hospitales, cl\u00ednicas y proveedores. El anuncio fue hecho durante el Gran Encuentro Nacional de Salud \u201cDefender la Salud es...","og_url":"https:\/\/turadio.com.co\/?p=5222","og_site_name":"Tu Radio","article_author":"https:\/\/www.facebook.com\/profile.php?id=100086306444643","article_published_time":"2026-02-27T21:02:12+00:00","article_modified_time":"2026-02-27T21:02:14+00:00","og_image":[{"width":1536,"height":1024,"url":"https:\/\/turadio.com.co\/wp-content\/uploads\/2026\/02\/WhatsApp-Image-2026-02-27-at-3.57.21-PM.jpeg","type":"image\/jpeg"}],"author":"turadio","twitter_card":"summary_large_image","twitter_misc":{"Escrito por":"turadio","Tiempo de lectura":"2 minutos"},"schema":{"@context":"https:\/\/schema.org","@graph":[{"@type":"Article","@id":"https:\/\/turadio.com.co\/?p=5222#article","isPartOf":{"@id":"https:\/\/turadio.com.co\/?p=5222"},"author":{"name":"turadio","@id":"https:\/\/turadio.com.co\/#\/schema\/person\/a336ad8dcc0120ef37278ad35b4f64fe"},"headline":"Proyecto del Gobierno obligar\u00eda a pagar a los propietarios de las EPS por incumplidos.","datePublished":"2026-02-27T21:02:12+00:00","dateModified":"2026-02-27T21:02:14+00:00","mainEntityOfPage":{"@id":"https:\/\/turadio.com.co\/?p=5222"},"wordCount":293,"commentCount":0,"publisher":{"@id":"https:\/\/turadio.com.co\/#organization"},"image":{"@id":"https:\/\/turadio.com.co\/?p=5222#primaryimage"},"thumbnailUrl":"https:\/\/turadio.com.co\/wp-content\/uploads\/2026\/02\/WhatsApp-Image-2026-02-27-at-3.57.21-PM.jpeg","articleSection":["Salud"],"inLanguage":"es","potentialAction":[{"@type":"CommentAction","name":"Comment","target":["https:\/\/turadio.com.co\/?p=5222#respond"]}]},{"@type":"WebPage","@id":"https:\/\/turadio.com.co\/?p=5222","url":"https:\/\/turadio.com.co\/?p=5222","name":"Proyecto del Gobierno obligar\u00eda a pagar a los propietarios de las EPS por incumplidos. - Tu Radio","isPartOf":{"@id":"https:\/\/turadio.com.co\/#website"},"primaryImageOfPage":{"@id":"https:\/\/turadio.com.co\/?p=5222#primaryimage"},"image":{"@id":"https:\/\/turadio.com.co\/?p=5222#primaryimage"},"thumbnailUrl":"https:\/\/turadio.com.co\/wp-content\/uploads\/2026\/02\/WhatsApp-Image-2026-02-27-at-3.57.21-PM.jpeg","datePublished":"2026-02-27T21:02:12+00:00","dateModified":"2026-02-27T21:02:14+00:00","breadcrumb":{"@id":"https:\/\/turadio.com.co\/?p=5222#breadcrumb"},"inLanguage":"es","potentialAction":[{"@type":"ReadAction","target":["https:\/\/turadio.com.co\/?p=5222"]}]},{"@type":"ImageObject","inLanguage":"es","@id":"https:\/\/turadio.com.co\/?p=5222#primaryimage","url":"https:\/\/turadio.com.co\/wp-content\/uploads\/2026\/02\/WhatsApp-Image-2026-02-27-at-3.57.21-PM.jpeg","contentUrl":"https:\/\/turadio.com.co\/wp-content\/uploads\/2026\/02\/WhatsApp-Image-2026-02-27-at-3.57.21-PM.jpeg","width":1536,"height":1024},{"@type":"BreadcrumbList","@id":"https:\/\/turadio.com.co\/?p=5222#breadcrumb","itemListElement":[{"@type":"ListItem","position":1,"name":"Portada","item":"https:\/\/turadio.com.co\/"},{"@type":"ListItem","position":2,"name":"Proyecto del Gobierno obligar\u00eda a pagar a los propietarios de las EPS por incumplidos."}]},{"@type":"WebSite","@id":"https:\/\/turadio.com.co\/#website","url":"https:\/\/turadio.com.co\/","name":"Tu Radio","description":"","publisher":{"@id":"https:\/\/turadio.com.co\/#organization"},"potentialAction":[{"@type":"SearchAction","target":{"@type":"EntryPoint","urlTemplate":"https:\/\/turadio.com.co\/?s={search_term_string}"},"query-input":{"@type":"PropertyValueSpecification","valueRequired":true,"valueName":"search_term_string"}}],"inLanguage":"es"},{"@type":"Organization","@id":"https:\/\/turadio.com.co\/#organization","name":"Tu Radio","url":"https:\/\/turadio.com.co\/","logo":{"@type":"ImageObject","inLanguage":"es","@id":"https:\/\/turadio.com.co\/#\/schema\/logo\/image\/","url":"https:\/\/turadio.com.co\/wp-content\/uploads\/2025\/07\/logo.png","contentUrl":"https:\/\/turadio.com.co\/wp-content\/uploads\/2025\/07\/logo.png","width":366,"height":91,"caption":"Tu Radio"},"image":{"@id":"https:\/\/turadio.com.co\/#\/schema\/logo\/image\/"}},{"@type":"Person","@id":"https:\/\/turadio.com.co\/#\/schema\/person\/a336ad8dcc0120ef37278ad35b4f64fe","name":"turadio","image":{"@type":"ImageObject","inLanguage":"es","@id":"https:\/\/secure.gravatar.com\/avatar\/e905fb228be0ae401b494278f04ccb4a7d2e839822ca560083e0b3a15f6c8669?s=96&d=mm&r=g","url":"https:\/\/secure.gravatar.com\/avatar\/e905fb228be0ae401b494278f04ccb4a7d2e839822ca560083e0b3a15f6c8669?s=96&d=mm&r=g","contentUrl":"https:\/\/secure.gravatar.com\/avatar\/e905fb228be0ae401b494278f04ccb4a7d2e839822ca560083e0b3a15f6c8669?s=96&d=mm&r=g","caption":"turadio"},"sameAs":["https:\/\/turadio.com.co","https:\/\/www.facebook.com\/profile.php?id=100086306444643","https:\/\/www.instagram.com\/turadio23\/","https:\/\/www.youtube.com\/@TuRadiomonteria"],"url":"https:\/\/turadio.com.co\/?author=1"}]}},"_links":{"self":[{"href":"https:\/\/turadio.com.co\/index.php?rest_route=\/wp\/v2\/posts\/5222","targetHints":{"allow":["GET"]}}],"collection":[{"href":"https:\/\/turadio.com.co\/index.php?rest_route=\/wp\/v2\/posts"}],"about":[{"href":"https:\/\/turadio.com.co\/index.php?rest_route=\/wp\/v2\/types\/post"}],"author":[{"embeddable":true,"href":"https:\/\/turadio.com.co\/index.php?rest_route=\/wp\/v2\/users\/1"}],"replies":[{"embeddable":true,"href":"https:\/\/turadio.com.co\/index.php?rest_route=%2Fwp%2Fv2%2Fcomments&post=5222"}],"version-history":[{"count":1,"href":"https:\/\/turadio.com.co\/index.php?rest_route=\/wp\/v2\/posts\/5222\/revisions"}],"predecessor-version":[{"id":5224,"href":"https:\/\/turadio.com.co\/index.php?rest_route=\/wp\/v2\/posts\/5222\/revisions\/5224"}],"wp:featuredmedia":[{"embeddable":true,"href":"https:\/\/turadio.com.co\/index.php?rest_route=\/wp\/v2\/media\/5223"}],"wp:attachment":[{"href":"https:\/\/turadio.com.co\/index.php?rest_route=%2Fwp%2Fv2%2Fmedia&parent=5222"}],"wp:term":[{"taxonomy":"category","embeddable":true,"href":"https:\/\/turadio.com.co\/index.php?rest_route=%2Fwp%2Fv2%2Fcategories&post=5222"},{"taxonomy":"post_tag","embeddable":true,"href":"https:\/\/turadio.com.co\/index.php?rest_route=%2Fwp%2Fv2%2Ftags&post=5222"}],"curies":[{"name":"wp","href":"https:\/\/api.w.org\/{rel}","templated":true}]}}