{"id":5231,"date":"2026-02-27T21:24:44","date_gmt":"2026-02-27T21:24:44","guid":{"rendered":"https:\/\/turadio.com.co\/?p=5231"},"modified":"2026-02-27T21:24:48","modified_gmt":"2026-02-27T21:24:48","slug":"con-el-apoyo-de-los-ee-uu-se-abre-la-nueva-subestacion-de-policia-en-tierradentro-cordoba","status":"publish","type":"post","link":"https:\/\/turadio.com.co\/?p=5231","title":{"rendered":"Con el apoyo de los EE.UU se abre la nueva Subestaci\u00f3n de Polic\u00eda en Tierradentro, C\u00f3rdoba."},"content":{"rendered":"\n<p>En un acto que reafirma la cooperaci\u00f3n internacional y el compromiso con la seguridad territorial, fue inaugurada la nueva subestaci\u00f3n de Polic\u00eda en Tierradentro, corregimiento del municipio de Montel\u00edbano, departamento de C\u00f3rdoba.<\/p>\n\n\n\n<p>La obra fue financiada por la Embajada de los Estados Unidos en Colombia, a trav\u00e9s de su Secci\u00f3n de Asuntos Antinarc\u00f3ticos y Aplicaci\u00f3n de la Ley (INL), con una inversi\u00f3n de 1.9 millones de d\u00f3lares, y entregada formalmente a la Polic\u00eda Nacional de Colombia como parte de los esfuerzos conjuntos para fortalecer la seguridad y la institucionalidad en territorios estrat\u00e9gicos.<\/p>\n\n\n\n<figure class=\"wp-block-image size-large\"><img loading=\"lazy\" decoding=\"async\" width=\"1024\" height=\"574\" src=\"https:\/\/turadio.com.co\/wp-content\/uploads\/2026\/02\/WhatsApp-Image-2026-02-27-at-4.19.29-PM-1-1024x574.jpeg\" alt=\"\" class=\"wp-image-5233\" srcset=\"https:\/\/turadio.com.co\/wp-content\/uploads\/2026\/02\/WhatsApp-Image-2026-02-27-at-4.19.29-PM-1-1024x574.jpeg 1024w, https:\/\/turadio.com.co\/wp-content\/uploads\/2026\/02\/WhatsApp-Image-2026-02-27-at-4.19.29-PM-1-300x168.jpeg 300w, https:\/\/turadio.com.co\/wp-content\/uploads\/2026\/02\/WhatsApp-Image-2026-02-27-at-4.19.29-PM-1-768x431.jpeg 768w, https:\/\/turadio.com.co\/wp-content\/uploads\/2026\/02\/WhatsApp-Image-2026-02-27-at-4.19.29-PM-1.jpeg 1280w\" sizes=\"auto, (max-width: 1024px) 100vw, 1024px\" \/><\/figure>\n\n\n\n<p>Tierradentro, ubicado a orillas de la quebrada San Cipriano, cercano al r\u00edo San Jorge y colindante con la Serran\u00eda de San Jer\u00f3nimo y el Parque Nacional Natural Paramillo, representa un punto estrat\u00e9gico en una zona hist\u00f3ricamente impactada por econom\u00edas ilegales y la presencia de grupos armados. La nueva infraestructura permitir\u00e1 robustecer la presencia institucional, mejorar la capacidad de reacci\u00f3n ante emergencias y ofrecer a la comunidad un espacio cercano y seguro para denunciar cualquier hecho delictivo.<\/p>\n\n\n\n<figure class=\"wp-block-image size-large\"><img loading=\"lazy\" decoding=\"async\" width=\"1024\" height=\"576\" src=\"https:\/\/turadio.com.co\/wp-content\/uploads\/2026\/02\/WhatsApp-Image-2026-02-27-at-4.19.27-PM-1024x576.jpeg\" alt=\"\" class=\"wp-image-5234\" srcset=\"https:\/\/turadio.com.co\/wp-content\/uploads\/2026\/02\/WhatsApp-Image-2026-02-27-at-4.19.27-PM-1024x576.jpeg 1024w, https:\/\/turadio.com.co\/wp-content\/uploads\/2026\/02\/WhatsApp-Image-2026-02-27-at-4.19.27-PM-300x169.jpeg 300w, https:\/\/turadio.com.co\/wp-content\/uploads\/2026\/02\/WhatsApp-Image-2026-02-27-at-4.19.27-PM-768x432.jpeg 768w, https:\/\/turadio.com.co\/wp-content\/uploads\/2026\/02\/WhatsApp-Image-2026-02-27-at-4.19.27-PM.jpeg 1280w\" sizes=\"auto, (max-width: 1024px) 100vw, 1024px\" \/><\/figure>\n\n\n\n<p>Durante el acto de entrega, el director de la Secci\u00f3n de Asuntos Antinarc\u00f3ticos y Aplicaci\u00f3n de la Ley (INL) en Bogot\u00e1, el Dr. Lance Hegerle, destac\u00f3 que esta estaci\u00f3n \u201csea testimonio de nuestra amistad y compromiso compartido para una Colombia segura, en paz y sin drogas\u201d. Desde la perspectiva del Gobierno de los Estados Unidos, la inversi\u00f3n responde a una visi\u00f3n estrat\u00e9gica frente a amenazas como el narcotr\u00e1fico, la miner\u00eda il\u00edcita y el multicrimen, fen\u00f3menos que trascienden fronteras y cuya contenci\u00f3n impacta positivamente a Colombia, a Estados Unidos y a toda la regi\u00f3n.<\/p>\n\n\n\n<p>Por su parte, el se\u00f1or brigadier general Germ\u00e1n Oviedo Lamprea, director de Carabineros y Protecci\u00f3n Ambiental de la Polic\u00eda Nacional, subray\u00f3 que la nueva subestaci\u00f3n no solo representa una infraestructura moderna con capacidad para albergar m\u00e1s de 50 uniformados, sino un s\u00edmbolo de autoridad leg\u00edtima, respeto y cercan\u00eda con la ciudadan\u00eda. \u201cNo se trata \u00fanicamente de ladrillos y cemento, sino de un pacto inquebrantable con la seguridad, la convivencia y la paz de esta regi\u00f3n\u201d, afirm\u00f3.<\/p>\n\n\n\n<figure class=\"wp-block-image size-large\"><img loading=\"lazy\" decoding=\"async\" width=\"1024\" height=\"768\" src=\"https:\/\/turadio.com.co\/wp-content\/uploads\/2026\/02\/WhatsApp-Image-2026-02-27-at-4.19.28-PM-2-1024x768.jpeg\" alt=\"\" class=\"wp-image-5235\" srcset=\"https:\/\/turadio.com.co\/wp-content\/uploads\/2026\/02\/WhatsApp-Image-2026-02-27-at-4.19.28-PM-2-1024x768.jpeg 1024w, https:\/\/turadio.com.co\/wp-content\/uploads\/2026\/02\/WhatsApp-Image-2026-02-27-at-4.19.28-PM-2-300x225.jpeg 300w, https:\/\/turadio.com.co\/wp-content\/uploads\/2026\/02\/WhatsApp-Image-2026-02-27-at-4.19.28-PM-2-768x576.jpeg 768w, https:\/\/turadio.com.co\/wp-content\/uploads\/2026\/02\/WhatsApp-Image-2026-02-27-at-4.19.28-PM-2.jpeg 1280w\" sizes=\"auto, (max-width: 1024px) 100vw, 1024px\" \/><\/figure>\n\n\n\n<p>El alto oficial record\u00f3 que el servicio de Polic\u00eda en Tierradentro inici\u00f3 en 2004 en condiciones de gran sacrificio. Dos d\u00e9cadas despu\u00e9s, la presencia institucional evoluciona con instalaciones dignas y una capacidad operativa fortalecida para enfrentar el multicrimen y proteger a m\u00e1s de 8.600 habitantes del casco urbano y 17 veredas.<\/p>\n\n\n\n<p>En el marco de la ceremonia se realiz\u00f3 la develaci\u00f3n de la placa oficial de la unidad, acto simb\u00f3lico que consolida el esfuerzo conjunto de instituciones nacionales e internacionales comprometidas con la transformaci\u00f3n social y la seguridad del territorio cordob\u00e9s. El Departamento de Polic\u00eda C\u00f3rdoba expres\u00f3 su gratitud a INL por la confianza depositada y por su aporte a la dignificaci\u00f3n institucional y al bienestar de la regi\u00f3n.<\/p>\n\n\n\n<p>La nueva subestaci\u00f3n fortalece la vigilancia de un corredor estrat\u00e9gico para el narcotr\u00e1fico, contribuyendo a la estabilidad, la seguridad hemisf\u00e9rica y la prosperidad compartida.<\/p>\n\n\n\n<p>La cooperaci\u00f3n internacional se consolida, as\u00ed como una herramienta clave para el desarrollo y la seguridad territorial. Hoy, m\u00e1s que una inauguraci\u00f3n, Tierradentro es testigo de una alianza que trasciende fronteras.<\/p>\n","protected":false},"excerpt":{"rendered":"<p>En un acto que reafirma la cooperaci\u00f3n internacional y el compromiso con la seguridad territorial, fue inaugurada la nueva subestaci\u00f3n de Polic\u00eda en Tierradentro, corregimiento del municipio de Montel\u00edbano, departamento de C\u00f3rdoba. La obra fue financiada por la Embajada de los Estados Unidos en Colombia, a trav\u00e9s de su Secci\u00f3n de Asuntos Antinarc\u00f3ticos y Aplicaci\u00f3n&#8230;<\/p>\n","protected":false},"author":1,"featured_media":5232,"comment_status":"open","ping_status":"open","sticky":false,"template":"","format":"standard","meta":{"footnotes":""},"categories":[8],"tags":[],"class_list":["post-5231","post","type-post","status-publish","format-standard","has-post-thumbnail","hentry","category-actualidad"],"yoast_head":"<!-- This site is optimized with the Yoast SEO plugin v27.5 - https:\/\/yoast.com\/product\/yoast-seo-wordpress\/ -->\n<title>Con el apoyo de los EE.UU se abre la nueva Subestaci\u00f3n de Polic\u00eda en Tierradentro, C\u00f3rdoba. - Tu Radio<\/title>\n<meta name=\"robots\" content=\"index, follow, max-snippet:-1, max-image-preview:large, max-video-preview:-1\" \/>\n<link rel=\"canonical\" href=\"https:\/\/turadio.com.co\/?p=5231\" \/>\n<meta property=\"og:locale\" content=\"es_ES\" \/>\n<meta property=\"og:type\" content=\"article\" \/>\n<meta property=\"og:title\" content=\"Con el apoyo de los EE.UU se abre la nueva Subestaci\u00f3n de Polic\u00eda en Tierradentro, C\u00f3rdoba. - Tu Radio\" \/>\n<meta property=\"og:description\" content=\"En un acto que reafirma la cooperaci\u00f3n internacional y el compromiso con la seguridad territorial, fue inaugurada la nueva subestaci\u00f3n de Polic\u00eda en Tierradentro, corregimiento del municipio de Montel\u00edbano, departamento de C\u00f3rdoba. La obra fue financiada por la Embajada de los Estados Unidos en Colombia, a trav\u00e9s de su Secci\u00f3n de Asuntos Antinarc\u00f3ticos y Aplicaci\u00f3n...\" \/>\n<meta property=\"og:url\" content=\"https:\/\/turadio.com.co\/?p=5231\" \/>\n<meta property=\"og:site_name\" content=\"Tu Radio\" \/>\n<meta property=\"article:author\" content=\"https:\/\/www.facebook.com\/profile.php?id=100086306444643\" \/>\n<meta property=\"article:published_time\" content=\"2026-02-27T21:24:44+00:00\" \/>\n<meta property=\"article:modified_time\" content=\"2026-02-27T21:24:48+00:00\" \/>\n<meta property=\"og:image\" content=\"https:\/\/turadio.com.co\/wp-content\/uploads\/2026\/02\/WhatsApp-Image-2026-02-27-at-4.19.28-PM-1.jpeg\" \/>\n\t<meta property=\"og:image:width\" content=\"1280\" \/>\n\t<meta property=\"og:image:height\" content=\"718\" \/>\n\t<meta property=\"og:image:type\" content=\"image\/jpeg\" \/>\n<meta name=\"author\" content=\"turadio\" \/>\n<meta name=\"twitter:card\" content=\"summary_large_image\" \/>\n<meta name=\"twitter:label1\" content=\"Escrito por\" \/>\n\t<meta name=\"twitter:data1\" content=\"turadio\" \/>\n\t<meta name=\"twitter:label2\" content=\"Tiempo de lectura\" \/>\n\t<meta name=\"twitter:data2\" content=\"4 minutos\" \/>\n<script type=\"application\/ld+json\" class=\"yoast-schema-graph\">{\"@context\":\"https:\\\/\\\/schema.org\",\"@graph\":[{\"@type\":\"Article\",\"@id\":\"https:\\\/\\\/turadio.com.co\\\/?p=5231#article\",\"isPartOf\":{\"@id\":\"https:\\\/\\\/turadio.com.co\\\/?p=5231\"},\"author\":{\"name\":\"turadio\",\"@id\":\"https:\\\/\\\/turadio.com.co\\\/#\\\/schema\\\/person\\\/a336ad8dcc0120ef37278ad35b4f64fe\"},\"headline\":\"Con el apoyo de los EE.UU se abre la nueva Subestaci\u00f3n de Polic\u00eda en Tierradentro, C\u00f3rdoba.\",\"datePublished\":\"2026-02-27T21:24:44+00:00\",\"dateModified\":\"2026-02-27T21:24:48+00:00\",\"mainEntityOfPage\":{\"@id\":\"https:\\\/\\\/turadio.com.co\\\/?p=5231\"},\"wordCount\":589,\"commentCount\":0,\"publisher\":{\"@id\":\"https:\\\/\\\/turadio.com.co\\\/#organization\"},\"image\":{\"@id\":\"https:\\\/\\\/turadio.com.co\\\/?p=5231#primaryimage\"},\"thumbnailUrl\":\"https:\\\/\\\/turadio.com.co\\\/wp-content\\\/uploads\\\/2026\\\/02\\\/WhatsApp-Image-2026-02-27-at-4.19.28-PM-1.jpeg\",\"articleSection\":[\"Actualidad\"],\"inLanguage\":\"es\",\"potentialAction\":[{\"@type\":\"CommentAction\",\"name\":\"Comment\",\"target\":[\"https:\\\/\\\/turadio.com.co\\\/?p=5231#respond\"]}]},{\"@type\":\"WebPage\",\"@id\":\"https:\\\/\\\/turadio.com.co\\\/?p=5231\",\"url\":\"https:\\\/\\\/turadio.com.co\\\/?p=5231\",\"name\":\"Con el apoyo de los EE.UU se abre la nueva Subestaci\u00f3n de Polic\u00eda en Tierradentro, C\u00f3rdoba. - Tu Radio\",\"isPartOf\":{\"@id\":\"https:\\\/\\\/turadio.com.co\\\/#website\"},\"primaryImageOfPage\":{\"@id\":\"https:\\\/\\\/turadio.com.co\\\/?p=5231#primaryimage\"},\"image\":{\"@id\":\"https:\\\/\\\/turadio.com.co\\\/?p=5231#primaryimage\"},\"thumbnailUrl\":\"https:\\\/\\\/turadio.com.co\\\/wp-content\\\/uploads\\\/2026\\\/02\\\/WhatsApp-Image-2026-02-27-at-4.19.28-PM-1.jpeg\",\"datePublished\":\"2026-02-27T21:24:44+00:00\",\"dateModified\":\"2026-02-27T21:24:48+00:00\",\"breadcrumb\":{\"@id\":\"https:\\\/\\\/turadio.com.co\\\/?p=5231#breadcrumb\"},\"inLanguage\":\"es\",\"potentialAction\":[{\"@type\":\"ReadAction\",\"target\":[\"https:\\\/\\\/turadio.com.co\\\/?p=5231\"]}]},{\"@type\":\"ImageObject\",\"inLanguage\":\"es\",\"@id\":\"https:\\\/\\\/turadio.com.co\\\/?p=5231#primaryimage\",\"url\":\"https:\\\/\\\/turadio.com.co\\\/wp-content\\\/uploads\\\/2026\\\/02\\\/WhatsApp-Image-2026-02-27-at-4.19.28-PM-1.jpeg\",\"contentUrl\":\"https:\\\/\\\/turadio.com.co\\\/wp-content\\\/uploads\\\/2026\\\/02\\\/WhatsApp-Image-2026-02-27-at-4.19.28-PM-1.jpeg\",\"width\":1280,\"height\":718},{\"@type\":\"BreadcrumbList\",\"@id\":\"https:\\\/\\\/turadio.com.co\\\/?p=5231#breadcrumb\",\"itemListElement\":[{\"@type\":\"ListItem\",\"position\":1,\"name\":\"Portada\",\"item\":\"https:\\\/\\\/turadio.com.co\\\/\"},{\"@type\":\"ListItem\",\"position\":2,\"name\":\"Con el apoyo de los EE.UU se abre la nueva Subestaci\u00f3n de Polic\u00eda en Tierradentro, C\u00f3rdoba.\"}]},{\"@type\":\"WebSite\",\"@id\":\"https:\\\/\\\/turadio.com.co\\\/#website\",\"url\":\"https:\\\/\\\/turadio.com.co\\\/\",\"name\":\"Tu Radio\",\"description\":\"\",\"publisher\":{\"@id\":\"https:\\\/\\\/turadio.com.co\\\/#organization\"},\"potentialAction\":[{\"@type\":\"SearchAction\",\"target\":{\"@type\":\"EntryPoint\",\"urlTemplate\":\"https:\\\/\\\/turadio.com.co\\\/?s={search_term_string}\"},\"query-input\":{\"@type\":\"PropertyValueSpecification\",\"valueRequired\":true,\"valueName\":\"search_term_string\"}}],\"inLanguage\":\"es\"},{\"@type\":\"Organization\",\"@id\":\"https:\\\/\\\/turadio.com.co\\\/#organization\",\"name\":\"Tu Radio\",\"url\":\"https:\\\/\\\/turadio.com.co\\\/\",\"logo\":{\"@type\":\"ImageObject\",\"inLanguage\":\"es\",\"@id\":\"https:\\\/\\\/turadio.com.co\\\/#\\\/schema\\\/logo\\\/image\\\/\",\"url\":\"https:\\\/\\\/turadio.com.co\\\/wp-content\\\/uploads\\\/2025\\\/07\\\/logo.png\",\"contentUrl\":\"https:\\\/\\\/turadio.com.co\\\/wp-content\\\/uploads\\\/2025\\\/07\\\/logo.png\",\"width\":366,\"height\":91,\"caption\":\"Tu Radio\"},\"image\":{\"@id\":\"https:\\\/\\\/turadio.com.co\\\/#\\\/schema\\\/logo\\\/image\\\/\"}},{\"@type\":\"Person\",\"@id\":\"https:\\\/\\\/turadio.com.co\\\/#\\\/schema\\\/person\\\/a336ad8dcc0120ef37278ad35b4f64fe\",\"name\":\"turadio\",\"image\":{\"@type\":\"ImageObject\",\"inLanguage\":\"es\",\"@id\":\"https:\\\/\\\/secure.gravatar.com\\\/avatar\\\/e905fb228be0ae401b494278f04ccb4a7d2e839822ca560083e0b3a15f6c8669?s=96&d=mm&r=g\",\"url\":\"https:\\\/\\\/secure.gravatar.com\\\/avatar\\\/e905fb228be0ae401b494278f04ccb4a7d2e839822ca560083e0b3a15f6c8669?s=96&d=mm&r=g\",\"contentUrl\":\"https:\\\/\\\/secure.gravatar.com\\\/avatar\\\/e905fb228be0ae401b494278f04ccb4a7d2e839822ca560083e0b3a15f6c8669?s=96&d=mm&r=g\",\"caption\":\"turadio\"},\"sameAs\":[\"https:\\\/\\\/turadio.com.co\",\"https:\\\/\\\/www.facebook.com\\\/profile.php?id=100086306444643\",\"https:\\\/\\\/www.instagram.com\\\/turadio23\\\/\",\"https:\\\/\\\/www.youtube.com\\\/@TuRadiomonteria\"],\"url\":\"https:\\\/\\\/turadio.com.co\\\/?author=1\"}]}<\/script>\n<!-- \/ Yoast SEO plugin. -->","yoast_head_json":{"title":"Con el apoyo de los EE.UU se abre la nueva Subestaci\u00f3n de Polic\u00eda en Tierradentro, C\u00f3rdoba. - Tu Radio","robots":{"index":"index","follow":"follow","max-snippet":"max-snippet:-1","max-image-preview":"max-image-preview:large","max-video-preview":"max-video-preview:-1"},"canonical":"https:\/\/turadio.com.co\/?p=5231","og_locale":"es_ES","og_type":"article","og_title":"Con el apoyo de los EE.UU se abre la nueva Subestaci\u00f3n de Polic\u00eda en Tierradentro, C\u00f3rdoba. - Tu Radio","og_description":"En un acto que reafirma la cooperaci\u00f3n internacional y el compromiso con la seguridad territorial, fue inaugurada la nueva subestaci\u00f3n de Polic\u00eda en Tierradentro, corregimiento del municipio de Montel\u00edbano, departamento de C\u00f3rdoba. La obra fue financiada por la Embajada de los Estados Unidos en Colombia, a trav\u00e9s de su Secci\u00f3n de Asuntos Antinarc\u00f3ticos y Aplicaci\u00f3n...","og_url":"https:\/\/turadio.com.co\/?p=5231","og_site_name":"Tu Radio","article_author":"https:\/\/www.facebook.com\/profile.php?id=100086306444643","article_published_time":"2026-02-27T21:24:44+00:00","article_modified_time":"2026-02-27T21:24:48+00:00","og_image":[{"width":1280,"height":718,"url":"https:\/\/turadio.com.co\/wp-content\/uploads\/2026\/02\/WhatsApp-Image-2026-02-27-at-4.19.28-PM-1.jpeg","type":"image\/jpeg"}],"author":"turadio","twitter_card":"summary_large_image","twitter_misc":{"Escrito por":"turadio","Tiempo de lectura":"4 minutos"},"schema":{"@context":"https:\/\/schema.org","@graph":[{"@type":"Article","@id":"https:\/\/turadio.com.co\/?p=5231#article","isPartOf":{"@id":"https:\/\/turadio.com.co\/?p=5231"},"author":{"name":"turadio","@id":"https:\/\/turadio.com.co\/#\/schema\/person\/a336ad8dcc0120ef37278ad35b4f64fe"},"headline":"Con el apoyo de los EE.UU se abre la nueva Subestaci\u00f3n de Polic\u00eda en Tierradentro, C\u00f3rdoba.","datePublished":"2026-02-27T21:24:44+00:00","dateModified":"2026-02-27T21:24:48+00:00","mainEntityOfPage":{"@id":"https:\/\/turadio.com.co\/?p=5231"},"wordCount":589,"commentCount":0,"publisher":{"@id":"https:\/\/turadio.com.co\/#organization"},"image":{"@id":"https:\/\/turadio.com.co\/?p=5231#primaryimage"},"thumbnailUrl":"https:\/\/turadio.com.co\/wp-content\/uploads\/2026\/02\/WhatsApp-Image-2026-02-27-at-4.19.28-PM-1.jpeg","articleSection":["Actualidad"],"inLanguage":"es","potentialAction":[{"@type":"CommentAction","name":"Comment","target":["https:\/\/turadio.com.co\/?p=5231#respond"]}]},{"@type":"WebPage","@id":"https:\/\/turadio.com.co\/?p=5231","url":"https:\/\/turadio.com.co\/?p=5231","name":"Con el apoyo de los EE.UU se abre la nueva Subestaci\u00f3n de Polic\u00eda en Tierradentro, C\u00f3rdoba. - Tu Radio","isPartOf":{"@id":"https:\/\/turadio.com.co\/#website"},"primaryImageOfPage":{"@id":"https:\/\/turadio.com.co\/?p=5231#primaryimage"},"image":{"@id":"https:\/\/turadio.com.co\/?p=5231#primaryimage"},"thumbnailUrl":"https:\/\/turadio.com.co\/wp-content\/uploads\/2026\/02\/WhatsApp-Image-2026-02-27-at-4.19.28-PM-1.jpeg","datePublished":"2026-02-27T21:24:44+00:00","dateModified":"2026-02-27T21:24:48+00:00","breadcrumb":{"@id":"https:\/\/turadio.com.co\/?p=5231#breadcrumb"},"inLanguage":"es","potentialAction":[{"@type":"ReadAction","target":["https:\/\/turadio.com.co\/?p=5231"]}]},{"@type":"ImageObject","inLanguage":"es","@id":"https:\/\/turadio.com.co\/?p=5231#primaryimage","url":"https:\/\/turadio.com.co\/wp-content\/uploads\/2026\/02\/WhatsApp-Image-2026-02-27-at-4.19.28-PM-1.jpeg","contentUrl":"https:\/\/turadio.com.co\/wp-content\/uploads\/2026\/02\/WhatsApp-Image-2026-02-27-at-4.19.28-PM-1.jpeg","width":1280,"height":718},{"@type":"BreadcrumbList","@id":"https:\/\/turadio.com.co\/?p=5231#breadcrumb","itemListElement":[{"@type":"ListItem","position":1,"name":"Portada","item":"https:\/\/turadio.com.co\/"},{"@type":"ListItem","position":2,"name":"Con el apoyo de los EE.UU se abre la nueva Subestaci\u00f3n de Polic\u00eda en Tierradentro, C\u00f3rdoba."}]},{"@type":"WebSite","@id":"https:\/\/turadio.com.co\/#website","url":"https:\/\/turadio.com.co\/","name":"Tu Radio","description":"","publisher":{"@id":"https:\/\/turadio.com.co\/#organization"},"potentialAction":[{"@type":"SearchAction","target":{"@type":"EntryPoint","urlTemplate":"https:\/\/turadio.com.co\/?s={search_term_string}"},"query-input":{"@type":"PropertyValueSpecification","valueRequired":true,"valueName":"search_term_string"}}],"inLanguage":"es"},{"@type":"Organization","@id":"https:\/\/turadio.com.co\/#organization","name":"Tu Radio","url":"https:\/\/turadio.com.co\/","logo":{"@type":"ImageObject","inLanguage":"es","@id":"https:\/\/turadio.com.co\/#\/schema\/logo\/image\/","url":"https:\/\/turadio.com.co\/wp-content\/uploads\/2025\/07\/logo.png","contentUrl":"https:\/\/turadio.com.co\/wp-content\/uploads\/2025\/07\/logo.png","width":366,"height":91,"caption":"Tu Radio"},"image":{"@id":"https:\/\/turadio.com.co\/#\/schema\/logo\/image\/"}},{"@type":"Person","@id":"https:\/\/turadio.com.co\/#\/schema\/person\/a336ad8dcc0120ef37278ad35b4f64fe","name":"turadio","image":{"@type":"ImageObject","inLanguage":"es","@id":"https:\/\/secure.gravatar.com\/avatar\/e905fb228be0ae401b494278f04ccb4a7d2e839822ca560083e0b3a15f6c8669?s=96&d=mm&r=g","url":"https:\/\/secure.gravatar.com\/avatar\/e905fb228be0ae401b494278f04ccb4a7d2e839822ca560083e0b3a15f6c8669?s=96&d=mm&r=g","contentUrl":"https:\/\/secure.gravatar.com\/avatar\/e905fb228be0ae401b494278f04ccb4a7d2e839822ca560083e0b3a15f6c8669?s=96&d=mm&r=g","caption":"turadio"},"sameAs":["https:\/\/turadio.com.co","https:\/\/www.facebook.com\/profile.php?id=100086306444643","https:\/\/www.instagram.com\/turadio23\/","https:\/\/www.youtube.com\/@TuRadiomonteria"],"url":"https:\/\/turadio.com.co\/?author=1"}]}},"_links":{"self":[{"href":"https:\/\/turadio.com.co\/index.php?rest_route=\/wp\/v2\/posts\/5231","targetHints":{"allow":["GET"]}}],"collection":[{"href":"https:\/\/turadio.com.co\/index.php?rest_route=\/wp\/v2\/posts"}],"about":[{"href":"https:\/\/turadio.com.co\/index.php?rest_route=\/wp\/v2\/types\/post"}],"author":[{"embeddable":true,"href":"https:\/\/turadio.com.co\/index.php?rest_route=\/wp\/v2\/users\/1"}],"replies":[{"embeddable":true,"href":"https:\/\/turadio.com.co\/index.php?rest_route=%2Fwp%2Fv2%2Fcomments&post=5231"}],"version-history":[{"count":1,"href":"https:\/\/turadio.com.co\/index.php?rest_route=\/wp\/v2\/posts\/5231\/revisions"}],"predecessor-version":[{"id":5236,"href":"https:\/\/turadio.com.co\/index.php?rest_route=\/wp\/v2\/posts\/5231\/revisions\/5236"}],"wp:featuredmedia":[{"embeddable":true,"href":"https:\/\/turadio.com.co\/index.php?rest_route=\/wp\/v2\/media\/5232"}],"wp:attachment":[{"href":"https:\/\/turadio.com.co\/index.php?rest_route=%2Fwp%2Fv2%2Fmedia&parent=5231"}],"wp:term":[{"taxonomy":"category","embeddable":true,"href":"https:\/\/turadio.com.co\/index.php?rest_route=%2Fwp%2Fv2%2Fcategories&post=5231"},{"taxonomy":"post_tag","embeddable":true,"href":"https:\/\/turadio.com.co\/index.php?rest_route=%2Fwp%2Fv2%2Ftags&post=5231"}],"curies":[{"name":"wp","href":"https:\/\/api.w.org\/{rel}","templated":true}]}}