{"id":5237,"date":"2026-02-27T21:59:28","date_gmt":"2026-02-27T21:59:28","guid":{"rendered":"https:\/\/turadio.com.co\/?p=5237"},"modified":"2026-02-27T21:59:31","modified_gmt":"2026-02-27T21:59:31","slug":"la-vitrina-turistica-de-anato-tambien-se-unio-a-cordoba-desde-la-solidaridad-la-feria-conto-con-un-espacio-para-sensibilizar-a-mas-personas-a-visitar-el-departamento","status":"publish","type":"post","link":"https:\/\/turadio.com.co\/?p=5237","title":{"rendered":"La Vitrina Tur\u00edstica de ANATO tambi\u00e9n se uni\u00f3 a C\u00f3rdoba desde la solidaridad. La Feria cont\u00f3 con un espacio para sensibilizar a m\u00e1s personas a visitar el departamento."},"content":{"rendered":"\n<p>Durante la Feria ANATO, donde C\u00f3rdoba es el Destino Nacional Invitado, la Gobernaci\u00f3n realiz\u00f3 un evento solidario para sensibilizar sobre la situaci\u00f3n de emergencia que vive el departamento y, al mismo tiempo, mostrar al pa\u00eds nuestra cultura, gastronom\u00eda y el talento de nuestros artistas.<\/p>\n\n\n\n<p>Fue un espacio en el que la identidad cordobesa brill\u00f3, con la asistencia de operadores tur\u00edsticos, agencias de viaje, aliados estrat\u00e9gicos y la delegaci\u00f3n de M\u00e9xico como destino internacional invitado, fortaleciendo la integraci\u00f3n y las alianzas comerciales en medio de la coyuntura.<\/p>\n\n\n\n<p>M\u00e1s que una muestra cultural, este encuentro fue una invitaci\u00f3n a mirar a C\u00f3rdoba con empat\u00eda y compromiso. A entender que a trav\u00e9s del turismo tambi\u00e9n se puede apoyar y contribuir con la reactivaci\u00f3n econ\u00f3mica del departamento, como lo ha expresado en todos los escenarios el gobernador Erasmo Zuleta Bechara.<\/p>\n\n\n\n<figure class=\"wp-block-image size-large\"><img loading=\"lazy\" decoding=\"async\" width=\"682\" height=\"1024\" src=\"https:\/\/turadio.com.co\/wp-content\/uploads\/2026\/02\/WhatsApp-Image-2026-02-27-at-4.56.12-PM-1-682x1024.jpeg\" alt=\"\" class=\"wp-image-5239\" srcset=\"https:\/\/turadio.com.co\/wp-content\/uploads\/2026\/02\/WhatsApp-Image-2026-02-27-at-4.56.12-PM-1-682x1024.jpeg 682w, https:\/\/turadio.com.co\/wp-content\/uploads\/2026\/02\/WhatsApp-Image-2026-02-27-at-4.56.12-PM-1-200x300.jpeg 200w, https:\/\/turadio.com.co\/wp-content\/uploads\/2026\/02\/WhatsApp-Image-2026-02-27-at-4.56.12-PM-1-768x1153.jpeg 768w, https:\/\/turadio.com.co\/wp-content\/uploads\/2026\/02\/WhatsApp-Image-2026-02-27-at-4.56.12-PM-1-1023x1536.jpeg 1023w, https:\/\/turadio.com.co\/wp-content\/uploads\/2026\/02\/WhatsApp-Image-2026-02-27-at-4.56.12-PM-1.jpeg 1066w\" sizes=\"auto, (max-width: 682px) 100vw, 682px\" \/><\/figure>\n\n\n\n<p>La directora de Turismo de<\/p>\n\n\n\n<p>C\u00f3rdoba, Melissa Nieto, agradeci\u00f3 a ANATO en el proceso de posicionar al departamento como un destino atractivo. \u201cNos sentimos orgullosos de todo lo que estamos logrando, que nos&nbsp; visiten y se enamoren como lo estamos nosotros de C\u00f3rdoba. A pesar de la adversidad estamos aqu\u00ed frente al mundo diciendo que hoy somos m\u00e1s fuertes y vamos pa\u2019lante\u201d, expres\u00f3 en su intervenci\u00f3n.<\/p>\n\n\n\n<p>En tarima se presentaron artistas cordobesas de reconocimiento nacional e internacional como Adriana Luc\u00eda y Martina La Peligrosa y otras agrupaciones folcl\u00f3ricas y de danza tambi\u00e9n del departamento. Los asistentes degustaron adem\u00e1s la gastronom\u00eda cordobesa y todo lo que nos identifica en el territorio.<\/p>\n\n\n\n<p>Adem\u00e1s, durante la vitrina tur\u00edstica en Corferias, en el stand de C\u00f3rdoba se habilit\u00f3 un espacio especial llamado \u201cC\u00f3rdoba nos necesita\u201d, donde &nbsp;fundaciones como IMAT compartieron con los visitantes que a\u00fan requerimos el respaldo de todos los colombianos para tender la mano a las m\u00e1s de 200 mil familias afectadas por la emergencia<\/p>\n","protected":false},"excerpt":{"rendered":"<p>Durante la Feria ANATO, donde C\u00f3rdoba es el Destino Nacional Invitado, la Gobernaci\u00f3n realiz\u00f3 un evento solidario para sensibilizar sobre la situaci\u00f3n de emergencia que vive el departamento y, al mismo tiempo, mostrar al pa\u00eds nuestra cultura, gastronom\u00eda y el talento de nuestros artistas. Fue un espacio en el que la identidad cordobesa brill\u00f3, con&#8230;<\/p>\n","protected":false},"author":1,"featured_media":5238,"comment_status":"open","ping_status":"open","sticky":false,"template":"","format":"standard","meta":{"footnotes":""},"categories":[8],"tags":[],"class_list":["post-5237","post","type-post","status-publish","format-standard","has-post-thumbnail","hentry","category-actualidad"],"yoast_head":"<!-- This site is optimized with the Yoast SEO plugin v27.5 - https:\/\/yoast.com\/product\/yoast-seo-wordpress\/ -->\n<title>La Vitrina Tur\u00edstica de ANATO tambi\u00e9n se uni\u00f3 a C\u00f3rdoba desde la solidaridad. La Feria cont\u00f3 con un espacio para sensibilizar a m\u00e1s personas a visitar el departamento. - Tu Radio<\/title>\n<meta name=\"robots\" content=\"index, follow, max-snippet:-1, max-image-preview:large, max-video-preview:-1\" \/>\n<link rel=\"canonical\" href=\"https:\/\/turadio.com.co\/?p=5237\" \/>\n<meta property=\"og:locale\" content=\"es_ES\" \/>\n<meta property=\"og:type\" content=\"article\" \/>\n<meta property=\"og:title\" content=\"La Vitrina Tur\u00edstica de ANATO tambi\u00e9n se uni\u00f3 a C\u00f3rdoba desde la solidaridad. La Feria cont\u00f3 con un espacio para sensibilizar a m\u00e1s personas a visitar el departamento. - Tu Radio\" \/>\n<meta property=\"og:description\" content=\"Durante la Feria ANATO, donde C\u00f3rdoba es el Destino Nacional Invitado, la Gobernaci\u00f3n realiz\u00f3 un evento solidario para sensibilizar sobre la situaci\u00f3n de emergencia que vive el departamento y, al mismo tiempo, mostrar al pa\u00eds nuestra cultura, gastronom\u00eda y el talento de nuestros artistas. Fue un espacio en el que la identidad cordobesa brill\u00f3, con...\" \/>\n<meta property=\"og:url\" content=\"https:\/\/turadio.com.co\/?p=5237\" \/>\n<meta property=\"og:site_name\" content=\"Tu Radio\" \/>\n<meta property=\"article:author\" content=\"https:\/\/www.facebook.com\/profile.php?id=100086306444643\" \/>\n<meta property=\"article:published_time\" content=\"2026-02-27T21:59:28+00:00\" \/>\n<meta property=\"article:modified_time\" content=\"2026-02-27T21:59:31+00:00\" \/>\n<meta property=\"og:image\" content=\"https:\/\/turadio.com.co\/wp-content\/uploads\/2026\/02\/WhatsApp-Image-2026-02-27-at-4.56.12-PM.jpeg\" \/>\n\t<meta property=\"og:image:width\" content=\"1600\" \/>\n\t<meta property=\"og:image:height\" content=\"1097\" \/>\n\t<meta property=\"og:image:type\" content=\"image\/jpeg\" \/>\n<meta name=\"author\" content=\"turadio\" \/>\n<meta name=\"twitter:card\" content=\"summary_large_image\" \/>\n<meta name=\"twitter:label1\" content=\"Escrito por\" \/>\n\t<meta name=\"twitter:data1\" content=\"turadio\" \/>\n\t<meta name=\"twitter:label2\" content=\"Tiempo de lectura\" \/>\n\t<meta name=\"twitter:data2\" content=\"2 minutos\" \/>\n<script type=\"application\/ld+json\" class=\"yoast-schema-graph\">{\"@context\":\"https:\\\/\\\/schema.org\",\"@graph\":[{\"@type\":\"Article\",\"@id\":\"https:\\\/\\\/turadio.com.co\\\/?p=5237#article\",\"isPartOf\":{\"@id\":\"https:\\\/\\\/turadio.com.co\\\/?p=5237\"},\"author\":{\"name\":\"turadio\",\"@id\":\"https:\\\/\\\/turadio.com.co\\\/#\\\/schema\\\/person\\\/a336ad8dcc0120ef37278ad35b4f64fe\"},\"headline\":\"La Vitrina Tur\u00edstica de ANATO tambi\u00e9n se uni\u00f3 a C\u00f3rdoba desde la solidaridad. La Feria cont\u00f3 con un espacio para sensibilizar a m\u00e1s personas a visitar el departamento.\",\"datePublished\":\"2026-02-27T21:59:28+00:00\",\"dateModified\":\"2026-02-27T21:59:31+00:00\",\"mainEntityOfPage\":{\"@id\":\"https:\\\/\\\/turadio.com.co\\\/?p=5237\"},\"wordCount\":366,\"commentCount\":0,\"publisher\":{\"@id\":\"https:\\\/\\\/turadio.com.co\\\/#organization\"},\"image\":{\"@id\":\"https:\\\/\\\/turadio.com.co\\\/?p=5237#primaryimage\"},\"thumbnailUrl\":\"https:\\\/\\\/turadio.com.co\\\/wp-content\\\/uploads\\\/2026\\\/02\\\/WhatsApp-Image-2026-02-27-at-4.56.12-PM.jpeg\",\"articleSection\":[\"Actualidad\"],\"inLanguage\":\"es\",\"potentialAction\":[{\"@type\":\"CommentAction\",\"name\":\"Comment\",\"target\":[\"https:\\\/\\\/turadio.com.co\\\/?p=5237#respond\"]}]},{\"@type\":\"WebPage\",\"@id\":\"https:\\\/\\\/turadio.com.co\\\/?p=5237\",\"url\":\"https:\\\/\\\/turadio.com.co\\\/?p=5237\",\"name\":\"La Vitrina Tur\u00edstica de ANATO tambi\u00e9n se uni\u00f3 a C\u00f3rdoba desde la solidaridad. La Feria cont\u00f3 con un espacio para sensibilizar a m\u00e1s personas a visitar el departamento. - Tu Radio\",\"isPartOf\":{\"@id\":\"https:\\\/\\\/turadio.com.co\\\/#website\"},\"primaryImageOfPage\":{\"@id\":\"https:\\\/\\\/turadio.com.co\\\/?p=5237#primaryimage\"},\"image\":{\"@id\":\"https:\\\/\\\/turadio.com.co\\\/?p=5237#primaryimage\"},\"thumbnailUrl\":\"https:\\\/\\\/turadio.com.co\\\/wp-content\\\/uploads\\\/2026\\\/02\\\/WhatsApp-Image-2026-02-27-at-4.56.12-PM.jpeg\",\"datePublished\":\"2026-02-27T21:59:28+00:00\",\"dateModified\":\"2026-02-27T21:59:31+00:00\",\"breadcrumb\":{\"@id\":\"https:\\\/\\\/turadio.com.co\\\/?p=5237#breadcrumb\"},\"inLanguage\":\"es\",\"potentialAction\":[{\"@type\":\"ReadAction\",\"target\":[\"https:\\\/\\\/turadio.com.co\\\/?p=5237\"]}]},{\"@type\":\"ImageObject\",\"inLanguage\":\"es\",\"@id\":\"https:\\\/\\\/turadio.com.co\\\/?p=5237#primaryimage\",\"url\":\"https:\\\/\\\/turadio.com.co\\\/wp-content\\\/uploads\\\/2026\\\/02\\\/WhatsApp-Image-2026-02-27-at-4.56.12-PM.jpeg\",\"contentUrl\":\"https:\\\/\\\/turadio.com.co\\\/wp-content\\\/uploads\\\/2026\\\/02\\\/WhatsApp-Image-2026-02-27-at-4.56.12-PM.jpeg\",\"width\":1600,\"height\":1097},{\"@type\":\"BreadcrumbList\",\"@id\":\"https:\\\/\\\/turadio.com.co\\\/?p=5237#breadcrumb\",\"itemListElement\":[{\"@type\":\"ListItem\",\"position\":1,\"name\":\"Portada\",\"item\":\"https:\\\/\\\/turadio.com.co\\\/\"},{\"@type\":\"ListItem\",\"position\":2,\"name\":\"La Vitrina Tur\u00edstica de ANATO tambi\u00e9n se uni\u00f3 a C\u00f3rdoba desde la solidaridad. La Feria cont\u00f3 con un espacio para sensibilizar a m\u00e1s personas a visitar el departamento.\"}]},{\"@type\":\"WebSite\",\"@id\":\"https:\\\/\\\/turadio.com.co\\\/#website\",\"url\":\"https:\\\/\\\/turadio.com.co\\\/\",\"name\":\"Tu Radio\",\"description\":\"\",\"publisher\":{\"@id\":\"https:\\\/\\\/turadio.com.co\\\/#organization\"},\"potentialAction\":[{\"@type\":\"SearchAction\",\"target\":{\"@type\":\"EntryPoint\",\"urlTemplate\":\"https:\\\/\\\/turadio.com.co\\\/?s={search_term_string}\"},\"query-input\":{\"@type\":\"PropertyValueSpecification\",\"valueRequired\":true,\"valueName\":\"search_term_string\"}}],\"inLanguage\":\"es\"},{\"@type\":\"Organization\",\"@id\":\"https:\\\/\\\/turadio.com.co\\\/#organization\",\"name\":\"Tu Radio\",\"url\":\"https:\\\/\\\/turadio.com.co\\\/\",\"logo\":{\"@type\":\"ImageObject\",\"inLanguage\":\"es\",\"@id\":\"https:\\\/\\\/turadio.com.co\\\/#\\\/schema\\\/logo\\\/image\\\/\",\"url\":\"https:\\\/\\\/turadio.com.co\\\/wp-content\\\/uploads\\\/2025\\\/07\\\/logo.png\",\"contentUrl\":\"https:\\\/\\\/turadio.com.co\\\/wp-content\\\/uploads\\\/2025\\\/07\\\/logo.png\",\"width\":366,\"height\":91,\"caption\":\"Tu Radio\"},\"image\":{\"@id\":\"https:\\\/\\\/turadio.com.co\\\/#\\\/schema\\\/logo\\\/image\\\/\"}},{\"@type\":\"Person\",\"@id\":\"https:\\\/\\\/turadio.com.co\\\/#\\\/schema\\\/person\\\/a336ad8dcc0120ef37278ad35b4f64fe\",\"name\":\"turadio\",\"image\":{\"@type\":\"ImageObject\",\"inLanguage\":\"es\",\"@id\":\"https:\\\/\\\/secure.gravatar.com\\\/avatar\\\/e905fb228be0ae401b494278f04ccb4a7d2e839822ca560083e0b3a15f6c8669?s=96&d=mm&r=g\",\"url\":\"https:\\\/\\\/secure.gravatar.com\\\/avatar\\\/e905fb228be0ae401b494278f04ccb4a7d2e839822ca560083e0b3a15f6c8669?s=96&d=mm&r=g\",\"contentUrl\":\"https:\\\/\\\/secure.gravatar.com\\\/avatar\\\/e905fb228be0ae401b494278f04ccb4a7d2e839822ca560083e0b3a15f6c8669?s=96&d=mm&r=g\",\"caption\":\"turadio\"},\"sameAs\":[\"https:\\\/\\\/turadio.com.co\",\"https:\\\/\\\/www.facebook.com\\\/profile.php?id=100086306444643\",\"https:\\\/\\\/www.instagram.com\\\/turadio23\\\/\",\"https:\\\/\\\/www.youtube.com\\\/@TuRadiomonteria\"],\"url\":\"https:\\\/\\\/turadio.com.co\\\/?author=1\"}]}<\/script>\n<!-- \/ Yoast SEO plugin. -->","yoast_head_json":{"title":"La Vitrina Tur\u00edstica de ANATO tambi\u00e9n se uni\u00f3 a C\u00f3rdoba desde la solidaridad. La Feria cont\u00f3 con un espacio para sensibilizar a m\u00e1s personas a visitar el departamento. - Tu Radio","robots":{"index":"index","follow":"follow","max-snippet":"max-snippet:-1","max-image-preview":"max-image-preview:large","max-video-preview":"max-video-preview:-1"},"canonical":"https:\/\/turadio.com.co\/?p=5237","og_locale":"es_ES","og_type":"article","og_title":"La Vitrina Tur\u00edstica de ANATO tambi\u00e9n se uni\u00f3 a C\u00f3rdoba desde la solidaridad. La Feria cont\u00f3 con un espacio para sensibilizar a m\u00e1s personas a visitar el departamento. - Tu Radio","og_description":"Durante la Feria ANATO, donde C\u00f3rdoba es el Destino Nacional Invitado, la Gobernaci\u00f3n realiz\u00f3 un evento solidario para sensibilizar sobre la situaci\u00f3n de emergencia que vive el departamento y, al mismo tiempo, mostrar al pa\u00eds nuestra cultura, gastronom\u00eda y el talento de nuestros artistas. Fue un espacio en el que la identidad cordobesa brill\u00f3, con...","og_url":"https:\/\/turadio.com.co\/?p=5237","og_site_name":"Tu Radio","article_author":"https:\/\/www.facebook.com\/profile.php?id=100086306444643","article_published_time":"2026-02-27T21:59:28+00:00","article_modified_time":"2026-02-27T21:59:31+00:00","og_image":[{"width":1600,"height":1097,"url":"https:\/\/turadio.com.co\/wp-content\/uploads\/2026\/02\/WhatsApp-Image-2026-02-27-at-4.56.12-PM.jpeg","type":"image\/jpeg"}],"author":"turadio","twitter_card":"summary_large_image","twitter_misc":{"Escrito por":"turadio","Tiempo de lectura":"2 minutos"},"schema":{"@context":"https:\/\/schema.org","@graph":[{"@type":"Article","@id":"https:\/\/turadio.com.co\/?p=5237#article","isPartOf":{"@id":"https:\/\/turadio.com.co\/?p=5237"},"author":{"name":"turadio","@id":"https:\/\/turadio.com.co\/#\/schema\/person\/a336ad8dcc0120ef37278ad35b4f64fe"},"headline":"La Vitrina Tur\u00edstica de ANATO tambi\u00e9n se uni\u00f3 a C\u00f3rdoba desde la solidaridad. La Feria cont\u00f3 con un espacio para sensibilizar a m\u00e1s personas a visitar el departamento.","datePublished":"2026-02-27T21:59:28+00:00","dateModified":"2026-02-27T21:59:31+00:00","mainEntityOfPage":{"@id":"https:\/\/turadio.com.co\/?p=5237"},"wordCount":366,"commentCount":0,"publisher":{"@id":"https:\/\/turadio.com.co\/#organization"},"image":{"@id":"https:\/\/turadio.com.co\/?p=5237#primaryimage"},"thumbnailUrl":"https:\/\/turadio.com.co\/wp-content\/uploads\/2026\/02\/WhatsApp-Image-2026-02-27-at-4.56.12-PM.jpeg","articleSection":["Actualidad"],"inLanguage":"es","potentialAction":[{"@type":"CommentAction","name":"Comment","target":["https:\/\/turadio.com.co\/?p=5237#respond"]}]},{"@type":"WebPage","@id":"https:\/\/turadio.com.co\/?p=5237","url":"https:\/\/turadio.com.co\/?p=5237","name":"La Vitrina Tur\u00edstica de ANATO tambi\u00e9n se uni\u00f3 a C\u00f3rdoba desde la solidaridad. La Feria cont\u00f3 con un espacio para sensibilizar a m\u00e1s personas a visitar el departamento. - Tu Radio","isPartOf":{"@id":"https:\/\/turadio.com.co\/#website"},"primaryImageOfPage":{"@id":"https:\/\/turadio.com.co\/?p=5237#primaryimage"},"image":{"@id":"https:\/\/turadio.com.co\/?p=5237#primaryimage"},"thumbnailUrl":"https:\/\/turadio.com.co\/wp-content\/uploads\/2026\/02\/WhatsApp-Image-2026-02-27-at-4.56.12-PM.jpeg","datePublished":"2026-02-27T21:59:28+00:00","dateModified":"2026-02-27T21:59:31+00:00","breadcrumb":{"@id":"https:\/\/turadio.com.co\/?p=5237#breadcrumb"},"inLanguage":"es","potentialAction":[{"@type":"ReadAction","target":["https:\/\/turadio.com.co\/?p=5237"]}]},{"@type":"ImageObject","inLanguage":"es","@id":"https:\/\/turadio.com.co\/?p=5237#primaryimage","url":"https:\/\/turadio.com.co\/wp-content\/uploads\/2026\/02\/WhatsApp-Image-2026-02-27-at-4.56.12-PM.jpeg","contentUrl":"https:\/\/turadio.com.co\/wp-content\/uploads\/2026\/02\/WhatsApp-Image-2026-02-27-at-4.56.12-PM.jpeg","width":1600,"height":1097},{"@type":"BreadcrumbList","@id":"https:\/\/turadio.com.co\/?p=5237#breadcrumb","itemListElement":[{"@type":"ListItem","position":1,"name":"Portada","item":"https:\/\/turadio.com.co\/"},{"@type":"ListItem","position":2,"name":"La Vitrina Tur\u00edstica de ANATO tambi\u00e9n se uni\u00f3 a C\u00f3rdoba desde la solidaridad. La Feria cont\u00f3 con un espacio para sensibilizar a m\u00e1s personas a visitar el departamento."}]},{"@type":"WebSite","@id":"https:\/\/turadio.com.co\/#website","url":"https:\/\/turadio.com.co\/","name":"Tu Radio","description":"","publisher":{"@id":"https:\/\/turadio.com.co\/#organization"},"potentialAction":[{"@type":"SearchAction","target":{"@type":"EntryPoint","urlTemplate":"https:\/\/turadio.com.co\/?s={search_term_string}"},"query-input":{"@type":"PropertyValueSpecification","valueRequired":true,"valueName":"search_term_string"}}],"inLanguage":"es"},{"@type":"Organization","@id":"https:\/\/turadio.com.co\/#organization","name":"Tu Radio","url":"https:\/\/turadio.com.co\/","logo":{"@type":"ImageObject","inLanguage":"es","@id":"https:\/\/turadio.com.co\/#\/schema\/logo\/image\/","url":"https:\/\/turadio.com.co\/wp-content\/uploads\/2025\/07\/logo.png","contentUrl":"https:\/\/turadio.com.co\/wp-content\/uploads\/2025\/07\/logo.png","width":366,"height":91,"caption":"Tu Radio"},"image":{"@id":"https:\/\/turadio.com.co\/#\/schema\/logo\/image\/"}},{"@type":"Person","@id":"https:\/\/turadio.com.co\/#\/schema\/person\/a336ad8dcc0120ef37278ad35b4f64fe","name":"turadio","image":{"@type":"ImageObject","inLanguage":"es","@id":"https:\/\/secure.gravatar.com\/avatar\/e905fb228be0ae401b494278f04ccb4a7d2e839822ca560083e0b3a15f6c8669?s=96&d=mm&r=g","url":"https:\/\/secure.gravatar.com\/avatar\/e905fb228be0ae401b494278f04ccb4a7d2e839822ca560083e0b3a15f6c8669?s=96&d=mm&r=g","contentUrl":"https:\/\/secure.gravatar.com\/avatar\/e905fb228be0ae401b494278f04ccb4a7d2e839822ca560083e0b3a15f6c8669?s=96&d=mm&r=g","caption":"turadio"},"sameAs":["https:\/\/turadio.com.co","https:\/\/www.facebook.com\/profile.php?id=100086306444643","https:\/\/www.instagram.com\/turadio23\/","https:\/\/www.youtube.com\/@TuRadiomonteria"],"url":"https:\/\/turadio.com.co\/?author=1"}]}},"_links":{"self":[{"href":"https:\/\/turadio.com.co\/index.php?rest_route=\/wp\/v2\/posts\/5237","targetHints":{"allow":["GET"]}}],"collection":[{"href":"https:\/\/turadio.com.co\/index.php?rest_route=\/wp\/v2\/posts"}],"about":[{"href":"https:\/\/turadio.com.co\/index.php?rest_route=\/wp\/v2\/types\/post"}],"author":[{"embeddable":true,"href":"https:\/\/turadio.com.co\/index.php?rest_route=\/wp\/v2\/users\/1"}],"replies":[{"embeddable":true,"href":"https:\/\/turadio.com.co\/index.php?rest_route=%2Fwp%2Fv2%2Fcomments&post=5237"}],"version-history":[{"count":1,"href":"https:\/\/turadio.com.co\/index.php?rest_route=\/wp\/v2\/posts\/5237\/revisions"}],"predecessor-version":[{"id":5240,"href":"https:\/\/turadio.com.co\/index.php?rest_route=\/wp\/v2\/posts\/5237\/revisions\/5240"}],"wp:featuredmedia":[{"embeddable":true,"href":"https:\/\/turadio.com.co\/index.php?rest_route=\/wp\/v2\/media\/5238"}],"wp:attachment":[{"href":"https:\/\/turadio.com.co\/index.php?rest_route=%2Fwp%2Fv2%2Fmedia&parent=5237"}],"wp:term":[{"taxonomy":"category","embeddable":true,"href":"https:\/\/turadio.com.co\/index.php?rest_route=%2Fwp%2Fv2%2Fcategories&post=5237"},{"taxonomy":"post_tag","embeddable":true,"href":"https:\/\/turadio.com.co\/index.php?rest_route=%2Fwp%2Fv2%2Ftags&post=5237"}],"curies":[{"name":"wp","href":"https:\/\/api.w.org\/{rel}","templated":true}]}}