{"id":5242,"date":"2026-02-28T23:00:11","date_gmt":"2026-02-28T23:00:11","guid":{"rendered":"https:\/\/turadio.com.co\/?p=5242"},"modified":"2026-02-28T23:00:14","modified_gmt":"2026-02-28T23:00:14","slug":"beneficiarios-de-icetex-afectados-por-ola-invernal-en-cordoba-recibiran-alivios-extraordinarios","status":"publish","type":"post","link":"https:\/\/turadio.com.co\/?p=5242","title":{"rendered":"Beneficiarios de ICETEX afectados por ola invernal en C\u00f3rdoba, recibir\u00e1n alivios extraordinarios."},"content":{"rendered":"\n<ul class=\"wp-block-list\">\n<li><em>La Junta Directiva de la entidad aprob\u00f3 las medidas destinadas a m\u00e1s de 36.000 beneficiarios\/as de cr\u00e9dito reembolsable residentes en este departamento, damnificados por la intensa temporada invernal.<\/em><\/li>\n\n\n\n<li><em>Dentro de estas medidas, est\u00e1 la suspensi\u00f3n durante dos meses del cobro de cr\u00e9dito educativo, as\u00ed como el congelamiento durante este per\u00edodo de intereses corrientes y moratorios. <\/em><\/li>\n\n\n\n<li><em>Igualmente, se interrumpen acciones como la gesti\u00f3n de cobro, el reporte a centrales de riesgo, la expedici\u00f3n de recibos de pago y el proceso de paso al cobro.<\/em><\/li>\n<\/ul>\n\n\n\n<p>El ICETEX est\u00e1 con la poblaci\u00f3n afectada por la actual temporada invernal. Como parte de las acciones institucionales que buscan aliviar la situaci\u00f3n de miles de familias, en sesi\u00f3n extraordinaria, la Junta Directiva de la entidad aprob\u00f3 hoy viernes el alivio financiero para <strong>36.710 personas<\/strong>, que financian sus estudios con cr\u00e9ditos educativos y cuyo n\u00facleo familiar reside en el departamento de C\u00f3rdoba.<\/p>\n\n\n\n<p>La medida se estableci\u00f3 en el marco de la declaratoria de Estado de Emergencia Econ\u00f3mica, Social y Ecol\u00f3gica del Gobierno Nacional y considerando que en esta regi\u00f3n del pa\u00eds es donde se evidencian las mayores efectaciones producidas como consecuencia del impacto invernal.<\/p>\n\n\n\n<p>Las medidas determinadas por la Junta son las siguientes:<\/p>\n\n\n\n<ul class=\"wp-block-list\">\n<li>Se decidi\u00f3 suspender <strong>durante dos meses,<\/strong> (a partir de la fecha) el cobro del cr\u00e9dito educativo de las y los beneficiarios del ICETEX, residentes en el departamento de C\u00f3rdoba y congelar los intereses corrientes y moratorios, como medidas que hacen frente a la actual calamidad.<\/li>\n<\/ul>\n\n\n\n<ul class=\"wp-block-list\">\n<li>Tambi\u00e9n, se suspender\u00e1 durante estos dos meses las acciones de cobro administrativo, pre jur\u00eddico y jur\u00eddico, el reporte a centrales de riesgo y la expedici\u00f3n de recibos de pago. Por el mismo lapso, se interrumpe el proceso de paso al cobro de las obligaciones que as\u00ed lo ameritan.<\/li>\n<\/ul>\n\n\n\n<p>\u201cEste alivio es una medida extraordinaria que acompa\u00f1a a las personas que tienen cr\u00e9dito educativo y residen en C\u00f3rdoba, y tambi\u00e9n a sus familias. El ICETEX hace total seguimiento al desarrollo de la actual situaci\u00f3n clim\u00e1tica y con estas acciones estamos logrando medidas que nos permitan como pa\u00eds superar la actual situaci\u00f3n\u201d, asegur\u00f3 el presidente del instituto \u00c1lvaro Urquijo.<\/p>\n\n\n\n<p>Las medidas tendr\u00e1n lugar sin perjuicio del beneficiario\/a. Quien lo desee puede seguir realizando abonos a su cr\u00e9dito a trav\u00e9s del portal transaccional de la entidad, los cuales se aplicar\u00e1n directamente a capital.<\/p>\n\n\n\n<p>Vale se\u00f1alar que las personas focalizadas que no deseen tomar estos alivios deber\u00e1n comunicarlo a trav\u00e9s de los canales oficiales del ICETEX.<\/p>\n\n\n\n<p>El alivio, que se dar\u00e1 con recursos propios del ICETEX, est\u00e1 dirigido a <strong>36.710 personas<\/strong> con cr\u00e9dito educativo de ICETEX, que pertenezcan a cartera activa y que se encuentren en etapa de estudios o en amortizaci\u00f3n, al d\u00eda o en mora, y cuyo n\u00facleo familiar reside en el departamento de C\u00f3rdoba o se encuentren vinculados con esta financiaci\u00f3n a Instituciones de Educaci\u00f3n Superior de dicho territorio.&nbsp;<\/p>\n\n\n\n<p>Es importante resaltar que quienes se encuentren en per\u00edodo de estudios continuar\u00e1n con su proceso de renovaci\u00f3n y desembolso sin restricciones.<\/p>\n\n\n\n<p>Asimismo, la administraci\u00f3n del ICETEX podr\u00e1 proponer este alivio financiero a los constituyentes de los Fondos en Administraci\u00f3n que cuenten con beneficiarios residentes en el departamento de C\u00f3rdoba o que correspondan a los dem\u00e1s departamentos incluidos en el decreto de Emergencia Econ\u00f3mica, Social y Ecol\u00f3gica, decretada por el Gobierno Nacional.<\/p>\n\n\n\n<p>En el evento que los efectos de esta calamidad p\u00fablica persistan por un t\u00e9rmino superior a los dos meses, la presidencia del ICETEX, mediante resoluci\u00f3n interna, podr\u00e1 prorrogar hasta por un t\u00e9rmino de dos meses adicionales el alivio, previa viabilidad financiera.<\/p>\n","protected":false},"excerpt":{"rendered":"<p>El ICETEX est\u00e1 con la poblaci\u00f3n afectada por la actual temporada invernal. Como parte de las acciones institucionales que buscan aliviar la situaci\u00f3n de miles de familias, en sesi\u00f3n extraordinaria, la Junta Directiva de la entidad aprob\u00f3 hoy viernes el alivio financiero para 36.710 personas, que financian sus estudios con cr\u00e9ditos educativos y cuyo n\u00facleo&#8230;<\/p>\n","protected":false},"author":1,"featured_media":5243,"comment_status":"open","ping_status":"open","sticky":false,"template":"","format":"standard","meta":{"footnotes":""},"categories":[13],"tags":[],"class_list":["post-5242","post","type-post","status-publish","format-standard","has-post-thumbnail","hentry","category-cordoba"],"yoast_head":"<!-- This site is optimized with the Yoast SEO plugin v27.5 - https:\/\/yoast.com\/product\/yoast-seo-wordpress\/ -->\n<title>Beneficiarios de ICETEX afectados por ola invernal en C\u00f3rdoba, recibir\u00e1n alivios extraordinarios. - Tu Radio<\/title>\n<meta name=\"robots\" content=\"index, follow, max-snippet:-1, max-image-preview:large, max-video-preview:-1\" \/>\n<link rel=\"canonical\" href=\"https:\/\/turadio.com.co\/?p=5242\" \/>\n<meta property=\"og:locale\" content=\"es_ES\" \/>\n<meta property=\"og:type\" content=\"article\" \/>\n<meta property=\"og:title\" content=\"Beneficiarios de ICETEX afectados por ola invernal en C\u00f3rdoba, recibir\u00e1n alivios extraordinarios. - Tu Radio\" \/>\n<meta property=\"og:description\" content=\"El ICETEX est\u00e1 con la poblaci\u00f3n afectada por la actual temporada invernal. Como parte de las acciones institucionales que buscan aliviar la situaci\u00f3n de miles de familias, en sesi\u00f3n extraordinaria, la Junta Directiva de la entidad aprob\u00f3 hoy viernes el alivio financiero para 36.710 personas, que financian sus estudios con cr\u00e9ditos educativos y cuyo n\u00facleo...\" \/>\n<meta property=\"og:url\" content=\"https:\/\/turadio.com.co\/?p=5242\" \/>\n<meta property=\"og:site_name\" content=\"Tu Radio\" \/>\n<meta property=\"article:author\" content=\"https:\/\/www.facebook.com\/profile.php?id=100086306444643\" \/>\n<meta property=\"article:published_time\" content=\"2026-02-28T23:00:11+00:00\" \/>\n<meta property=\"article:modified_time\" content=\"2026-02-28T23:00:14+00:00\" \/>\n<meta property=\"og:image\" content=\"https:\/\/turadio.com.co\/wp-content\/uploads\/2026\/02\/WhatsApp-Image-2026-02-28-at-5.55.27-PM.jpeg\" \/>\n\t<meta property=\"og:image:width\" content=\"720\" \/>\n\t<meta property=\"og:image:height\" content=\"397\" \/>\n\t<meta property=\"og:image:type\" content=\"image\/jpeg\" \/>\n<meta name=\"author\" content=\"turadio\" \/>\n<meta name=\"twitter:card\" content=\"summary_large_image\" \/>\n<meta name=\"twitter:label1\" content=\"Escrito por\" \/>\n\t<meta name=\"twitter:data1\" content=\"turadio\" \/>\n\t<meta name=\"twitter:label2\" content=\"Tiempo de lectura\" \/>\n\t<meta name=\"twitter:data2\" content=\"3 minutos\" \/>\n<script type=\"application\/ld+json\" class=\"yoast-schema-graph\">{\"@context\":\"https:\\\/\\\/schema.org\",\"@graph\":[{\"@type\":\"Article\",\"@id\":\"https:\\\/\\\/turadio.com.co\\\/?p=5242#article\",\"isPartOf\":{\"@id\":\"https:\\\/\\\/turadio.com.co\\\/?p=5242\"},\"author\":{\"name\":\"turadio\",\"@id\":\"https:\\\/\\\/turadio.com.co\\\/#\\\/schema\\\/person\\\/a336ad8dcc0120ef37278ad35b4f64fe\"},\"headline\":\"Beneficiarios de ICETEX afectados por ola invernal en C\u00f3rdoba, recibir\u00e1n alivios extraordinarios.\",\"datePublished\":\"2026-02-28T23:00:11+00:00\",\"dateModified\":\"2026-02-28T23:00:14+00:00\",\"mainEntityOfPage\":{\"@id\":\"https:\\\/\\\/turadio.com.co\\\/?p=5242\"},\"wordCount\":653,\"commentCount\":0,\"publisher\":{\"@id\":\"https:\\\/\\\/turadio.com.co\\\/#organization\"},\"image\":{\"@id\":\"https:\\\/\\\/turadio.com.co\\\/?p=5242#primaryimage\"},\"thumbnailUrl\":\"https:\\\/\\\/turadio.com.co\\\/wp-content\\\/uploads\\\/2026\\\/02\\\/WhatsApp-Image-2026-02-28-at-5.55.27-PM.jpeg\",\"articleSection\":[\"C\u00f3rdoba\"],\"inLanguage\":\"es\",\"potentialAction\":[{\"@type\":\"CommentAction\",\"name\":\"Comment\",\"target\":[\"https:\\\/\\\/turadio.com.co\\\/?p=5242#respond\"]}]},{\"@type\":\"WebPage\",\"@id\":\"https:\\\/\\\/turadio.com.co\\\/?p=5242\",\"url\":\"https:\\\/\\\/turadio.com.co\\\/?p=5242\",\"name\":\"Beneficiarios de ICETEX afectados por ola invernal en C\u00f3rdoba, recibir\u00e1n alivios extraordinarios. - Tu Radio\",\"isPartOf\":{\"@id\":\"https:\\\/\\\/turadio.com.co\\\/#website\"},\"primaryImageOfPage\":{\"@id\":\"https:\\\/\\\/turadio.com.co\\\/?p=5242#primaryimage\"},\"image\":{\"@id\":\"https:\\\/\\\/turadio.com.co\\\/?p=5242#primaryimage\"},\"thumbnailUrl\":\"https:\\\/\\\/turadio.com.co\\\/wp-content\\\/uploads\\\/2026\\\/02\\\/WhatsApp-Image-2026-02-28-at-5.55.27-PM.jpeg\",\"datePublished\":\"2026-02-28T23:00:11+00:00\",\"dateModified\":\"2026-02-28T23:00:14+00:00\",\"breadcrumb\":{\"@id\":\"https:\\\/\\\/turadio.com.co\\\/?p=5242#breadcrumb\"},\"inLanguage\":\"es\",\"potentialAction\":[{\"@type\":\"ReadAction\",\"target\":[\"https:\\\/\\\/turadio.com.co\\\/?p=5242\"]}]},{\"@type\":\"ImageObject\",\"inLanguage\":\"es\",\"@id\":\"https:\\\/\\\/turadio.com.co\\\/?p=5242#primaryimage\",\"url\":\"https:\\\/\\\/turadio.com.co\\\/wp-content\\\/uploads\\\/2026\\\/02\\\/WhatsApp-Image-2026-02-28-at-5.55.27-PM.jpeg\",\"contentUrl\":\"https:\\\/\\\/turadio.com.co\\\/wp-content\\\/uploads\\\/2026\\\/02\\\/WhatsApp-Image-2026-02-28-at-5.55.27-PM.jpeg\",\"width\":720,\"height\":397},{\"@type\":\"BreadcrumbList\",\"@id\":\"https:\\\/\\\/turadio.com.co\\\/?p=5242#breadcrumb\",\"itemListElement\":[{\"@type\":\"ListItem\",\"position\":1,\"name\":\"Portada\",\"item\":\"https:\\\/\\\/turadio.com.co\\\/\"},{\"@type\":\"ListItem\",\"position\":2,\"name\":\"Beneficiarios de ICETEX afectados por ola invernal en C\u00f3rdoba, recibir\u00e1n alivios extraordinarios.\"}]},{\"@type\":\"WebSite\",\"@id\":\"https:\\\/\\\/turadio.com.co\\\/#website\",\"url\":\"https:\\\/\\\/turadio.com.co\\\/\",\"name\":\"Tu Radio\",\"description\":\"\",\"publisher\":{\"@id\":\"https:\\\/\\\/turadio.com.co\\\/#organization\"},\"potentialAction\":[{\"@type\":\"SearchAction\",\"target\":{\"@type\":\"EntryPoint\",\"urlTemplate\":\"https:\\\/\\\/turadio.com.co\\\/?s={search_term_string}\"},\"query-input\":{\"@type\":\"PropertyValueSpecification\",\"valueRequired\":true,\"valueName\":\"search_term_string\"}}],\"inLanguage\":\"es\"},{\"@type\":\"Organization\",\"@id\":\"https:\\\/\\\/turadio.com.co\\\/#organization\",\"name\":\"Tu Radio\",\"url\":\"https:\\\/\\\/turadio.com.co\\\/\",\"logo\":{\"@type\":\"ImageObject\",\"inLanguage\":\"es\",\"@id\":\"https:\\\/\\\/turadio.com.co\\\/#\\\/schema\\\/logo\\\/image\\\/\",\"url\":\"https:\\\/\\\/turadio.com.co\\\/wp-content\\\/uploads\\\/2025\\\/07\\\/logo.png\",\"contentUrl\":\"https:\\\/\\\/turadio.com.co\\\/wp-content\\\/uploads\\\/2025\\\/07\\\/logo.png\",\"width\":366,\"height\":91,\"caption\":\"Tu Radio\"},\"image\":{\"@id\":\"https:\\\/\\\/turadio.com.co\\\/#\\\/schema\\\/logo\\\/image\\\/\"}},{\"@type\":\"Person\",\"@id\":\"https:\\\/\\\/turadio.com.co\\\/#\\\/schema\\\/person\\\/a336ad8dcc0120ef37278ad35b4f64fe\",\"name\":\"turadio\",\"image\":{\"@type\":\"ImageObject\",\"inLanguage\":\"es\",\"@id\":\"https:\\\/\\\/secure.gravatar.com\\\/avatar\\\/e905fb228be0ae401b494278f04ccb4a7d2e839822ca560083e0b3a15f6c8669?s=96&d=mm&r=g\",\"url\":\"https:\\\/\\\/secure.gravatar.com\\\/avatar\\\/e905fb228be0ae401b494278f04ccb4a7d2e839822ca560083e0b3a15f6c8669?s=96&d=mm&r=g\",\"contentUrl\":\"https:\\\/\\\/secure.gravatar.com\\\/avatar\\\/e905fb228be0ae401b494278f04ccb4a7d2e839822ca560083e0b3a15f6c8669?s=96&d=mm&r=g\",\"caption\":\"turadio\"},\"sameAs\":[\"https:\\\/\\\/turadio.com.co\",\"https:\\\/\\\/www.facebook.com\\\/profile.php?id=100086306444643\",\"https:\\\/\\\/www.instagram.com\\\/turadio23\\\/\",\"https:\\\/\\\/www.youtube.com\\\/@TuRadiomonteria\"],\"url\":\"https:\\\/\\\/turadio.com.co\\\/?author=1\"}]}<\/script>\n<!-- \/ Yoast SEO plugin. -->","yoast_head_json":{"title":"Beneficiarios de ICETEX afectados por ola invernal en C\u00f3rdoba, recibir\u00e1n alivios extraordinarios. - Tu Radio","robots":{"index":"index","follow":"follow","max-snippet":"max-snippet:-1","max-image-preview":"max-image-preview:large","max-video-preview":"max-video-preview:-1"},"canonical":"https:\/\/turadio.com.co\/?p=5242","og_locale":"es_ES","og_type":"article","og_title":"Beneficiarios de ICETEX afectados por ola invernal en C\u00f3rdoba, recibir\u00e1n alivios extraordinarios. - Tu Radio","og_description":"El ICETEX est\u00e1 con la poblaci\u00f3n afectada por la actual temporada invernal. Como parte de las acciones institucionales que buscan aliviar la situaci\u00f3n de miles de familias, en sesi\u00f3n extraordinaria, la Junta Directiva de la entidad aprob\u00f3 hoy viernes el alivio financiero para 36.710 personas, que financian sus estudios con cr\u00e9ditos educativos y cuyo n\u00facleo...","og_url":"https:\/\/turadio.com.co\/?p=5242","og_site_name":"Tu Radio","article_author":"https:\/\/www.facebook.com\/profile.php?id=100086306444643","article_published_time":"2026-02-28T23:00:11+00:00","article_modified_time":"2026-02-28T23:00:14+00:00","og_image":[{"width":720,"height":397,"url":"https:\/\/turadio.com.co\/wp-content\/uploads\/2026\/02\/WhatsApp-Image-2026-02-28-at-5.55.27-PM.jpeg","type":"image\/jpeg"}],"author":"turadio","twitter_card":"summary_large_image","twitter_misc":{"Escrito por":"turadio","Tiempo de lectura":"3 minutos"},"schema":{"@context":"https:\/\/schema.org","@graph":[{"@type":"Article","@id":"https:\/\/turadio.com.co\/?p=5242#article","isPartOf":{"@id":"https:\/\/turadio.com.co\/?p=5242"},"author":{"name":"turadio","@id":"https:\/\/turadio.com.co\/#\/schema\/person\/a336ad8dcc0120ef37278ad35b4f64fe"},"headline":"Beneficiarios de ICETEX afectados por ola invernal en C\u00f3rdoba, recibir\u00e1n alivios extraordinarios.","datePublished":"2026-02-28T23:00:11+00:00","dateModified":"2026-02-28T23:00:14+00:00","mainEntityOfPage":{"@id":"https:\/\/turadio.com.co\/?p=5242"},"wordCount":653,"commentCount":0,"publisher":{"@id":"https:\/\/turadio.com.co\/#organization"},"image":{"@id":"https:\/\/turadio.com.co\/?p=5242#primaryimage"},"thumbnailUrl":"https:\/\/turadio.com.co\/wp-content\/uploads\/2026\/02\/WhatsApp-Image-2026-02-28-at-5.55.27-PM.jpeg","articleSection":["C\u00f3rdoba"],"inLanguage":"es","potentialAction":[{"@type":"CommentAction","name":"Comment","target":["https:\/\/turadio.com.co\/?p=5242#respond"]}]},{"@type":"WebPage","@id":"https:\/\/turadio.com.co\/?p=5242","url":"https:\/\/turadio.com.co\/?p=5242","name":"Beneficiarios de ICETEX afectados por ola invernal en C\u00f3rdoba, recibir\u00e1n alivios extraordinarios. - Tu Radio","isPartOf":{"@id":"https:\/\/turadio.com.co\/#website"},"primaryImageOfPage":{"@id":"https:\/\/turadio.com.co\/?p=5242#primaryimage"},"image":{"@id":"https:\/\/turadio.com.co\/?p=5242#primaryimage"},"thumbnailUrl":"https:\/\/turadio.com.co\/wp-content\/uploads\/2026\/02\/WhatsApp-Image-2026-02-28-at-5.55.27-PM.jpeg","datePublished":"2026-02-28T23:00:11+00:00","dateModified":"2026-02-28T23:00:14+00:00","breadcrumb":{"@id":"https:\/\/turadio.com.co\/?p=5242#breadcrumb"},"inLanguage":"es","potentialAction":[{"@type":"ReadAction","target":["https:\/\/turadio.com.co\/?p=5242"]}]},{"@type":"ImageObject","inLanguage":"es","@id":"https:\/\/turadio.com.co\/?p=5242#primaryimage","url":"https:\/\/turadio.com.co\/wp-content\/uploads\/2026\/02\/WhatsApp-Image-2026-02-28-at-5.55.27-PM.jpeg","contentUrl":"https:\/\/turadio.com.co\/wp-content\/uploads\/2026\/02\/WhatsApp-Image-2026-02-28-at-5.55.27-PM.jpeg","width":720,"height":397},{"@type":"BreadcrumbList","@id":"https:\/\/turadio.com.co\/?p=5242#breadcrumb","itemListElement":[{"@type":"ListItem","position":1,"name":"Portada","item":"https:\/\/turadio.com.co\/"},{"@type":"ListItem","position":2,"name":"Beneficiarios de ICETEX afectados por ola invernal en C\u00f3rdoba, recibir\u00e1n alivios extraordinarios."}]},{"@type":"WebSite","@id":"https:\/\/turadio.com.co\/#website","url":"https:\/\/turadio.com.co\/","name":"Tu Radio","description":"","publisher":{"@id":"https:\/\/turadio.com.co\/#organization"},"potentialAction":[{"@type":"SearchAction","target":{"@type":"EntryPoint","urlTemplate":"https:\/\/turadio.com.co\/?s={search_term_string}"},"query-input":{"@type":"PropertyValueSpecification","valueRequired":true,"valueName":"search_term_string"}}],"inLanguage":"es"},{"@type":"Organization","@id":"https:\/\/turadio.com.co\/#organization","name":"Tu Radio","url":"https:\/\/turadio.com.co\/","logo":{"@type":"ImageObject","inLanguage":"es","@id":"https:\/\/turadio.com.co\/#\/schema\/logo\/image\/","url":"https:\/\/turadio.com.co\/wp-content\/uploads\/2025\/07\/logo.png","contentUrl":"https:\/\/turadio.com.co\/wp-content\/uploads\/2025\/07\/logo.png","width":366,"height":91,"caption":"Tu Radio"},"image":{"@id":"https:\/\/turadio.com.co\/#\/schema\/logo\/image\/"}},{"@type":"Person","@id":"https:\/\/turadio.com.co\/#\/schema\/person\/a336ad8dcc0120ef37278ad35b4f64fe","name":"turadio","image":{"@type":"ImageObject","inLanguage":"es","@id":"https:\/\/secure.gravatar.com\/avatar\/e905fb228be0ae401b494278f04ccb4a7d2e839822ca560083e0b3a15f6c8669?s=96&d=mm&r=g","url":"https:\/\/secure.gravatar.com\/avatar\/e905fb228be0ae401b494278f04ccb4a7d2e839822ca560083e0b3a15f6c8669?s=96&d=mm&r=g","contentUrl":"https:\/\/secure.gravatar.com\/avatar\/e905fb228be0ae401b494278f04ccb4a7d2e839822ca560083e0b3a15f6c8669?s=96&d=mm&r=g","caption":"turadio"},"sameAs":["https:\/\/turadio.com.co","https:\/\/www.facebook.com\/profile.php?id=100086306444643","https:\/\/www.instagram.com\/turadio23\/","https:\/\/www.youtube.com\/@TuRadiomonteria"],"url":"https:\/\/turadio.com.co\/?author=1"}]}},"_links":{"self":[{"href":"https:\/\/turadio.com.co\/index.php?rest_route=\/wp\/v2\/posts\/5242","targetHints":{"allow":["GET"]}}],"collection":[{"href":"https:\/\/turadio.com.co\/index.php?rest_route=\/wp\/v2\/posts"}],"about":[{"href":"https:\/\/turadio.com.co\/index.php?rest_route=\/wp\/v2\/types\/post"}],"author":[{"embeddable":true,"href":"https:\/\/turadio.com.co\/index.php?rest_route=\/wp\/v2\/users\/1"}],"replies":[{"embeddable":true,"href":"https:\/\/turadio.com.co\/index.php?rest_route=%2Fwp%2Fv2%2Fcomments&post=5242"}],"version-history":[{"count":1,"href":"https:\/\/turadio.com.co\/index.php?rest_route=\/wp\/v2\/posts\/5242\/revisions"}],"predecessor-version":[{"id":5244,"href":"https:\/\/turadio.com.co\/index.php?rest_route=\/wp\/v2\/posts\/5242\/revisions\/5244"}],"wp:featuredmedia":[{"embeddable":true,"href":"https:\/\/turadio.com.co\/index.php?rest_route=\/wp\/v2\/media\/5243"}],"wp:attachment":[{"href":"https:\/\/turadio.com.co\/index.php?rest_route=%2Fwp%2Fv2%2Fmedia&parent=5242"}],"wp:term":[{"taxonomy":"category","embeddable":true,"href":"https:\/\/turadio.com.co\/index.php?rest_route=%2Fwp%2Fv2%2Fcategories&post=5242"},{"taxonomy":"post_tag","embeddable":true,"href":"https:\/\/turadio.com.co\/index.php?rest_route=%2Fwp%2Fv2%2Ftags&post=5242"}],"curies":[{"name":"wp","href":"https:\/\/api.w.org\/{rel}","templated":true}]}}