{"id":5247,"date":"2026-03-02T14:57:37","date_gmt":"2026-03-02T14:57:37","guid":{"rendered":"https:\/\/turadio.com.co\/?p=5247"},"modified":"2026-03-02T14:57:40","modified_gmt":"2026-03-02T14:57:40","slug":"amenazan-a-federico-gutierrez-y-al-gobernador-de-antioquia","status":"publish","type":"post","link":"https:\/\/turadio.com.co\/?p=5247","title":{"rendered":"Amenazan a Federico Guti\u00e9rrez y al gobernador de Antioquia."},"content":{"rendered":"\n<p>Una advertencia de las autoridades sobre un posible atentado en el proyecto Hidroituango oblig\u00f3 a suspender la rueda de prensa que realizar\u00edan este lunes el alcalde de Medell\u00edn, Federico Guti\u00e9rrez, y el gobernador de Antioquia, Andr\u00e9s Juli\u00e1n Rend\u00f3n. Seg\u00fan confirm\u00f3 el mandatario local, la alerta fue recibida hacia las 10:00 de la noche del domingo y advert\u00eda sobre un posible ataque en el sitio donde se desarrollar\u00eda el evento, al que asistir\u00edan m\u00e1s de cien periodistas.<\/p>\n\n\n\n<p>De acuerdo con el alcalde, la amenaza estar\u00eda relacionada con alias \u201cCalarc\u00e1\u201d, se\u00f1alado como cabecilla de una estructura armada ilegal que mantiene intimidaciones contra Empresas P\u00fablicas de Medell\u00edn (EPM). Guti\u00e9rrez asegur\u00f3 que en ocasiones anteriores han recibido videos con advertencias en los que presuntos integrantes del grupo afirman estar dentro de instalaciones del proyecto, situaci\u00f3n que increment\u00f3 la preocupaci\u00f3n de las autoridades.<\/p>\n\n\n\n<p>El mandatario reiter\u00f3 que Hidroituango es considerado actualmente el \u201cseguro energ\u00e9tico del pa\u00eds\u201d, con una capacidad instalada de 1.200 megavatios a trav\u00e9s de cuatro turbinas en operaci\u00f3n. Explic\u00f3 que el evento suspendido ten\u00eda como prop\u00f3sito mostrar el avance del 95 % del proyecto y anunciar la proyecci\u00f3n de entrada en funcionamiento de cuatro turbinas adicionales: dos previstas para finales de 2027 y otras dos para el primer trimestre de 2028, con lo que el complejo podr\u00eda generar cerca del 17 % de la energ\u00eda nacional.<\/p>\n\n\n\n<p>Guti\u00e9rrez tambi\u00e9n advirti\u00f3 que la zona de influencia del proyecto ha estado hist\u00f3ricamente afectada por la presencia de econom\u00edas il\u00edcitas y estructuras criminales, lo que \u2014seg\u00fan indic\u00f3\u2014 aumenta los riesgos para la infraestructura estrat\u00e9gica. En ese contexto, se\u00f1al\u00f3 que existen m\u00faltiples factores que coinciden en un momento clave para el sistema energ\u00e9tico del pa\u00eds.<\/p>\n\n\n\n<p>Frente al panorama de seguridad y la pr\u00f3xima jornada electoral, el alcalde sostuvo que corresponde al Gobierno Nacional garantizar elecciones libres y seguras, as\u00ed como reforzar las acciones contra los grupos armados ilegales. Entre tanto, la rueda de prensa en Hidroituango permanecer\u00e1 suspendida mientras las autoridades avanzan en la verificaci\u00f3n de la amenaza.<\/p>\n","protected":false},"excerpt":{"rendered":"<p>Una advertencia de las autoridades sobre un posible atentado en el proyecto Hidroituango oblig\u00f3 a suspender la rueda de prensa que realizar\u00edan este lunes el alcalde de Medell\u00edn, Federico Guti\u00e9rrez, y el gobernador de Antioquia, Andr\u00e9s Juli\u00e1n Rend\u00f3n. Seg\u00fan confirm\u00f3 el mandatario local, la alerta fue recibida hacia las 10:00 de la noche del domingo&#8230;<\/p>\n","protected":false},"author":1,"featured_media":5248,"comment_status":"open","ping_status":"open","sticky":false,"template":"","format":"standard","meta":{"footnotes":""},"categories":[8],"tags":[],"class_list":["post-5247","post","type-post","status-publish","format-standard","has-post-thumbnail","hentry","category-actualidad"],"yoast_head":"<!-- This site is optimized with the Yoast SEO plugin v27.5 - https:\/\/yoast.com\/product\/yoast-seo-wordpress\/ -->\n<title>Amenazan a Federico Guti\u00e9rrez y al gobernador de Antioquia. - Tu Radio<\/title>\n<meta name=\"robots\" content=\"index, follow, max-snippet:-1, max-image-preview:large, max-video-preview:-1\" \/>\n<link rel=\"canonical\" href=\"https:\/\/turadio.com.co\/?p=5247\" \/>\n<meta property=\"og:locale\" content=\"es_ES\" \/>\n<meta property=\"og:type\" content=\"article\" \/>\n<meta property=\"og:title\" content=\"Amenazan a Federico Guti\u00e9rrez y al gobernador de Antioquia. - Tu Radio\" \/>\n<meta property=\"og:description\" content=\"Una advertencia de las autoridades sobre un posible atentado en el proyecto Hidroituango oblig\u00f3 a suspender la rueda de prensa que realizar\u00edan este lunes el alcalde de Medell\u00edn, Federico Guti\u00e9rrez, y el gobernador de Antioquia, Andr\u00e9s Juli\u00e1n Rend\u00f3n. Seg\u00fan confirm\u00f3 el mandatario local, la alerta fue recibida hacia las 10:00 de la noche del domingo...\" \/>\n<meta property=\"og:url\" content=\"https:\/\/turadio.com.co\/?p=5247\" \/>\n<meta property=\"og:site_name\" content=\"Tu Radio\" \/>\n<meta property=\"article:author\" content=\"https:\/\/www.facebook.com\/profile.php?id=100086306444643\" \/>\n<meta property=\"article:published_time\" content=\"2026-03-02T14:57:37+00:00\" \/>\n<meta property=\"article:modified_time\" content=\"2026-03-02T14:57:40+00:00\" \/>\n<meta property=\"og:image\" content=\"https:\/\/turadio.com.co\/wp-content\/uploads\/2026\/03\/WhatsApp-Image-2026-03-02-at-8.49.03-AM.jpeg\" \/>\n\t<meta property=\"og:image:width\" content=\"1199\" \/>\n\t<meta property=\"og:image:height\" content=\"530\" \/>\n\t<meta property=\"og:image:type\" content=\"image\/jpeg\" \/>\n<meta name=\"author\" content=\"turadio\" \/>\n<meta name=\"twitter:card\" content=\"summary_large_image\" \/>\n<meta name=\"twitter:label1\" content=\"Escrito por\" \/>\n\t<meta name=\"twitter:data1\" content=\"turadio\" \/>\n\t<meta name=\"twitter:label2\" content=\"Tiempo de lectura\" \/>\n\t<meta name=\"twitter:data2\" content=\"2 minutos\" \/>\n<script type=\"application\/ld+json\" class=\"yoast-schema-graph\">{\"@context\":\"https:\\\/\\\/schema.org\",\"@graph\":[{\"@type\":\"Article\",\"@id\":\"https:\\\/\\\/turadio.com.co\\\/?p=5247#article\",\"isPartOf\":{\"@id\":\"https:\\\/\\\/turadio.com.co\\\/?p=5247\"},\"author\":{\"name\":\"turadio\",\"@id\":\"https:\\\/\\\/turadio.com.co\\\/#\\\/schema\\\/person\\\/a336ad8dcc0120ef37278ad35b4f64fe\"},\"headline\":\"Amenazan a Federico Guti\u00e9rrez y al gobernador de Antioquia.\",\"datePublished\":\"2026-03-02T14:57:37+00:00\",\"dateModified\":\"2026-03-02T14:57:40+00:00\",\"mainEntityOfPage\":{\"@id\":\"https:\\\/\\\/turadio.com.co\\\/?p=5247\"},\"wordCount\":372,\"commentCount\":0,\"publisher\":{\"@id\":\"https:\\\/\\\/turadio.com.co\\\/#organization\"},\"image\":{\"@id\":\"https:\\\/\\\/turadio.com.co\\\/?p=5247#primaryimage\"},\"thumbnailUrl\":\"https:\\\/\\\/turadio.com.co\\\/wp-content\\\/uploads\\\/2026\\\/03\\\/WhatsApp-Image-2026-03-02-at-8.49.03-AM.jpeg\",\"articleSection\":[\"Actualidad\"],\"inLanguage\":\"es\",\"potentialAction\":[{\"@type\":\"CommentAction\",\"name\":\"Comment\",\"target\":[\"https:\\\/\\\/turadio.com.co\\\/?p=5247#respond\"]}]},{\"@type\":\"WebPage\",\"@id\":\"https:\\\/\\\/turadio.com.co\\\/?p=5247\",\"url\":\"https:\\\/\\\/turadio.com.co\\\/?p=5247\",\"name\":\"Amenazan a Federico Guti\u00e9rrez y al gobernador de Antioquia. - Tu Radio\",\"isPartOf\":{\"@id\":\"https:\\\/\\\/turadio.com.co\\\/#website\"},\"primaryImageOfPage\":{\"@id\":\"https:\\\/\\\/turadio.com.co\\\/?p=5247#primaryimage\"},\"image\":{\"@id\":\"https:\\\/\\\/turadio.com.co\\\/?p=5247#primaryimage\"},\"thumbnailUrl\":\"https:\\\/\\\/turadio.com.co\\\/wp-content\\\/uploads\\\/2026\\\/03\\\/WhatsApp-Image-2026-03-02-at-8.49.03-AM.jpeg\",\"datePublished\":\"2026-03-02T14:57:37+00:00\",\"dateModified\":\"2026-03-02T14:57:40+00:00\",\"breadcrumb\":{\"@id\":\"https:\\\/\\\/turadio.com.co\\\/?p=5247#breadcrumb\"},\"inLanguage\":\"es\",\"potentialAction\":[{\"@type\":\"ReadAction\",\"target\":[\"https:\\\/\\\/turadio.com.co\\\/?p=5247\"]}]},{\"@type\":\"ImageObject\",\"inLanguage\":\"es\",\"@id\":\"https:\\\/\\\/turadio.com.co\\\/?p=5247#primaryimage\",\"url\":\"https:\\\/\\\/turadio.com.co\\\/wp-content\\\/uploads\\\/2026\\\/03\\\/WhatsApp-Image-2026-03-02-at-8.49.03-AM.jpeg\",\"contentUrl\":\"https:\\\/\\\/turadio.com.co\\\/wp-content\\\/uploads\\\/2026\\\/03\\\/WhatsApp-Image-2026-03-02-at-8.49.03-AM.jpeg\",\"width\":1199,\"height\":530},{\"@type\":\"BreadcrumbList\",\"@id\":\"https:\\\/\\\/turadio.com.co\\\/?p=5247#breadcrumb\",\"itemListElement\":[{\"@type\":\"ListItem\",\"position\":1,\"name\":\"Portada\",\"item\":\"https:\\\/\\\/turadio.com.co\\\/\"},{\"@type\":\"ListItem\",\"position\":2,\"name\":\"Amenazan a Federico Guti\u00e9rrez y al gobernador de Antioquia.\"}]},{\"@type\":\"WebSite\",\"@id\":\"https:\\\/\\\/turadio.com.co\\\/#website\",\"url\":\"https:\\\/\\\/turadio.com.co\\\/\",\"name\":\"Tu Radio\",\"description\":\"\",\"publisher\":{\"@id\":\"https:\\\/\\\/turadio.com.co\\\/#organization\"},\"potentialAction\":[{\"@type\":\"SearchAction\",\"target\":{\"@type\":\"EntryPoint\",\"urlTemplate\":\"https:\\\/\\\/turadio.com.co\\\/?s={search_term_string}\"},\"query-input\":{\"@type\":\"PropertyValueSpecification\",\"valueRequired\":true,\"valueName\":\"search_term_string\"}}],\"inLanguage\":\"es\"},{\"@type\":\"Organization\",\"@id\":\"https:\\\/\\\/turadio.com.co\\\/#organization\",\"name\":\"Tu Radio\",\"url\":\"https:\\\/\\\/turadio.com.co\\\/\",\"logo\":{\"@type\":\"ImageObject\",\"inLanguage\":\"es\",\"@id\":\"https:\\\/\\\/turadio.com.co\\\/#\\\/schema\\\/logo\\\/image\\\/\",\"url\":\"https:\\\/\\\/turadio.com.co\\\/wp-content\\\/uploads\\\/2025\\\/07\\\/logo.png\",\"contentUrl\":\"https:\\\/\\\/turadio.com.co\\\/wp-content\\\/uploads\\\/2025\\\/07\\\/logo.png\",\"width\":366,\"height\":91,\"caption\":\"Tu Radio\"},\"image\":{\"@id\":\"https:\\\/\\\/turadio.com.co\\\/#\\\/schema\\\/logo\\\/image\\\/\"}},{\"@type\":\"Person\",\"@id\":\"https:\\\/\\\/turadio.com.co\\\/#\\\/schema\\\/person\\\/a336ad8dcc0120ef37278ad35b4f64fe\",\"name\":\"turadio\",\"image\":{\"@type\":\"ImageObject\",\"inLanguage\":\"es\",\"@id\":\"https:\\\/\\\/secure.gravatar.com\\\/avatar\\\/e905fb228be0ae401b494278f04ccb4a7d2e839822ca560083e0b3a15f6c8669?s=96&d=mm&r=g\",\"url\":\"https:\\\/\\\/secure.gravatar.com\\\/avatar\\\/e905fb228be0ae401b494278f04ccb4a7d2e839822ca560083e0b3a15f6c8669?s=96&d=mm&r=g\",\"contentUrl\":\"https:\\\/\\\/secure.gravatar.com\\\/avatar\\\/e905fb228be0ae401b494278f04ccb4a7d2e839822ca560083e0b3a15f6c8669?s=96&d=mm&r=g\",\"caption\":\"turadio\"},\"sameAs\":[\"https:\\\/\\\/turadio.com.co\",\"https:\\\/\\\/www.facebook.com\\\/profile.php?id=100086306444643\",\"https:\\\/\\\/www.instagram.com\\\/turadio23\\\/\",\"https:\\\/\\\/www.youtube.com\\\/@TuRadiomonteria\"],\"url\":\"https:\\\/\\\/turadio.com.co\\\/?author=1\"}]}<\/script>\n<!-- \/ Yoast SEO plugin. -->","yoast_head_json":{"title":"Amenazan a Federico Guti\u00e9rrez y al gobernador de Antioquia. - Tu Radio","robots":{"index":"index","follow":"follow","max-snippet":"max-snippet:-1","max-image-preview":"max-image-preview:large","max-video-preview":"max-video-preview:-1"},"canonical":"https:\/\/turadio.com.co\/?p=5247","og_locale":"es_ES","og_type":"article","og_title":"Amenazan a Federico Guti\u00e9rrez y al gobernador de Antioquia. - Tu Radio","og_description":"Una advertencia de las autoridades sobre un posible atentado en el proyecto Hidroituango oblig\u00f3 a suspender la rueda de prensa que realizar\u00edan este lunes el alcalde de Medell\u00edn, Federico Guti\u00e9rrez, y el gobernador de Antioquia, Andr\u00e9s Juli\u00e1n Rend\u00f3n. Seg\u00fan confirm\u00f3 el mandatario local, la alerta fue recibida hacia las 10:00 de la noche del domingo...","og_url":"https:\/\/turadio.com.co\/?p=5247","og_site_name":"Tu Radio","article_author":"https:\/\/www.facebook.com\/profile.php?id=100086306444643","article_published_time":"2026-03-02T14:57:37+00:00","article_modified_time":"2026-03-02T14:57:40+00:00","og_image":[{"width":1199,"height":530,"url":"https:\/\/turadio.com.co\/wp-content\/uploads\/2026\/03\/WhatsApp-Image-2026-03-02-at-8.49.03-AM.jpeg","type":"image\/jpeg"}],"author":"turadio","twitter_card":"summary_large_image","twitter_misc":{"Escrito por":"turadio","Tiempo de lectura":"2 minutos"},"schema":{"@context":"https:\/\/schema.org","@graph":[{"@type":"Article","@id":"https:\/\/turadio.com.co\/?p=5247#article","isPartOf":{"@id":"https:\/\/turadio.com.co\/?p=5247"},"author":{"name":"turadio","@id":"https:\/\/turadio.com.co\/#\/schema\/person\/a336ad8dcc0120ef37278ad35b4f64fe"},"headline":"Amenazan a Federico Guti\u00e9rrez y al gobernador de Antioquia.","datePublished":"2026-03-02T14:57:37+00:00","dateModified":"2026-03-02T14:57:40+00:00","mainEntityOfPage":{"@id":"https:\/\/turadio.com.co\/?p=5247"},"wordCount":372,"commentCount":0,"publisher":{"@id":"https:\/\/turadio.com.co\/#organization"},"image":{"@id":"https:\/\/turadio.com.co\/?p=5247#primaryimage"},"thumbnailUrl":"https:\/\/turadio.com.co\/wp-content\/uploads\/2026\/03\/WhatsApp-Image-2026-03-02-at-8.49.03-AM.jpeg","articleSection":["Actualidad"],"inLanguage":"es","potentialAction":[{"@type":"CommentAction","name":"Comment","target":["https:\/\/turadio.com.co\/?p=5247#respond"]}]},{"@type":"WebPage","@id":"https:\/\/turadio.com.co\/?p=5247","url":"https:\/\/turadio.com.co\/?p=5247","name":"Amenazan a Federico Guti\u00e9rrez y al gobernador de Antioquia. - Tu Radio","isPartOf":{"@id":"https:\/\/turadio.com.co\/#website"},"primaryImageOfPage":{"@id":"https:\/\/turadio.com.co\/?p=5247#primaryimage"},"image":{"@id":"https:\/\/turadio.com.co\/?p=5247#primaryimage"},"thumbnailUrl":"https:\/\/turadio.com.co\/wp-content\/uploads\/2026\/03\/WhatsApp-Image-2026-03-02-at-8.49.03-AM.jpeg","datePublished":"2026-03-02T14:57:37+00:00","dateModified":"2026-03-02T14:57:40+00:00","breadcrumb":{"@id":"https:\/\/turadio.com.co\/?p=5247#breadcrumb"},"inLanguage":"es","potentialAction":[{"@type":"ReadAction","target":["https:\/\/turadio.com.co\/?p=5247"]}]},{"@type":"ImageObject","inLanguage":"es","@id":"https:\/\/turadio.com.co\/?p=5247#primaryimage","url":"https:\/\/turadio.com.co\/wp-content\/uploads\/2026\/03\/WhatsApp-Image-2026-03-02-at-8.49.03-AM.jpeg","contentUrl":"https:\/\/turadio.com.co\/wp-content\/uploads\/2026\/03\/WhatsApp-Image-2026-03-02-at-8.49.03-AM.jpeg","width":1199,"height":530},{"@type":"BreadcrumbList","@id":"https:\/\/turadio.com.co\/?p=5247#breadcrumb","itemListElement":[{"@type":"ListItem","position":1,"name":"Portada","item":"https:\/\/turadio.com.co\/"},{"@type":"ListItem","position":2,"name":"Amenazan a Federico Guti\u00e9rrez y al gobernador de Antioquia."}]},{"@type":"WebSite","@id":"https:\/\/turadio.com.co\/#website","url":"https:\/\/turadio.com.co\/","name":"Tu Radio","description":"","publisher":{"@id":"https:\/\/turadio.com.co\/#organization"},"potentialAction":[{"@type":"SearchAction","target":{"@type":"EntryPoint","urlTemplate":"https:\/\/turadio.com.co\/?s={search_term_string}"},"query-input":{"@type":"PropertyValueSpecification","valueRequired":true,"valueName":"search_term_string"}}],"inLanguage":"es"},{"@type":"Organization","@id":"https:\/\/turadio.com.co\/#organization","name":"Tu Radio","url":"https:\/\/turadio.com.co\/","logo":{"@type":"ImageObject","inLanguage":"es","@id":"https:\/\/turadio.com.co\/#\/schema\/logo\/image\/","url":"https:\/\/turadio.com.co\/wp-content\/uploads\/2025\/07\/logo.png","contentUrl":"https:\/\/turadio.com.co\/wp-content\/uploads\/2025\/07\/logo.png","width":366,"height":91,"caption":"Tu Radio"},"image":{"@id":"https:\/\/turadio.com.co\/#\/schema\/logo\/image\/"}},{"@type":"Person","@id":"https:\/\/turadio.com.co\/#\/schema\/person\/a336ad8dcc0120ef37278ad35b4f64fe","name":"turadio","image":{"@type":"ImageObject","inLanguage":"es","@id":"https:\/\/secure.gravatar.com\/avatar\/e905fb228be0ae401b494278f04ccb4a7d2e839822ca560083e0b3a15f6c8669?s=96&d=mm&r=g","url":"https:\/\/secure.gravatar.com\/avatar\/e905fb228be0ae401b494278f04ccb4a7d2e839822ca560083e0b3a15f6c8669?s=96&d=mm&r=g","contentUrl":"https:\/\/secure.gravatar.com\/avatar\/e905fb228be0ae401b494278f04ccb4a7d2e839822ca560083e0b3a15f6c8669?s=96&d=mm&r=g","caption":"turadio"},"sameAs":["https:\/\/turadio.com.co","https:\/\/www.facebook.com\/profile.php?id=100086306444643","https:\/\/www.instagram.com\/turadio23\/","https:\/\/www.youtube.com\/@TuRadiomonteria"],"url":"https:\/\/turadio.com.co\/?author=1"}]}},"_links":{"self":[{"href":"https:\/\/turadio.com.co\/index.php?rest_route=\/wp\/v2\/posts\/5247","targetHints":{"allow":["GET"]}}],"collection":[{"href":"https:\/\/turadio.com.co\/index.php?rest_route=\/wp\/v2\/posts"}],"about":[{"href":"https:\/\/turadio.com.co\/index.php?rest_route=\/wp\/v2\/types\/post"}],"author":[{"embeddable":true,"href":"https:\/\/turadio.com.co\/index.php?rest_route=\/wp\/v2\/users\/1"}],"replies":[{"embeddable":true,"href":"https:\/\/turadio.com.co\/index.php?rest_route=%2Fwp%2Fv2%2Fcomments&post=5247"}],"version-history":[{"count":1,"href":"https:\/\/turadio.com.co\/index.php?rest_route=\/wp\/v2\/posts\/5247\/revisions"}],"predecessor-version":[{"id":5249,"href":"https:\/\/turadio.com.co\/index.php?rest_route=\/wp\/v2\/posts\/5247\/revisions\/5249"}],"wp:featuredmedia":[{"embeddable":true,"href":"https:\/\/turadio.com.co\/index.php?rest_route=\/wp\/v2\/media\/5248"}],"wp:attachment":[{"href":"https:\/\/turadio.com.co\/index.php?rest_route=%2Fwp%2Fv2%2Fmedia&parent=5247"}],"wp:term":[{"taxonomy":"category","embeddable":true,"href":"https:\/\/turadio.com.co\/index.php?rest_route=%2Fwp%2Fv2%2Fcategories&post=5247"},{"taxonomy":"post_tag","embeddable":true,"href":"https:\/\/turadio.com.co\/index.php?rest_route=%2Fwp%2Fv2%2Ftags&post=5247"}],"curies":[{"name":"wp","href":"https:\/\/api.w.org\/{rel}","templated":true}]}}