{"id":5250,"date":"2026-03-02T15:13:10","date_gmt":"2026-03-02T15:13:10","guid":{"rendered":"https:\/\/turadio.com.co\/?p=5250"},"modified":"2026-03-02T15:13:13","modified_gmt":"2026-03-02T15:13:13","slug":"continuan-las-capturas-de-la-policia-en-monteria-a-los-comercializadores-de-estupefacientes","status":"publish","type":"post","link":"https:\/\/turadio.com.co\/?p=5250","title":{"rendered":"Contin\u00faan las capturas de la polic\u00eda en Monter\u00eda a los comercializadores de estupefacientes."},"content":{"rendered":"\n<p>&nbsp;La Polic\u00eda Nacional en Monter\u00eda, en el marco de la estrategia para contrarrestar el tr\u00e1fico local de estupefacientes, logr\u00f3 la captura en flagrancia de un ciudadano de 36 a\u00f1os de edad en el barrio Sucre por el delito de tr\u00e1fico, fabricaci\u00f3n o porte de estupefacientes.<\/p>\n\n\n\n<p>Los hechos se registraron momentos en que el personal policial realiz\u00f3 actividades de registro a personas, solicitud de antecedentes y verificaci\u00f3n de veh\u00edculos en el sector antes mencionado. Cuando fue observado un ciudadano que vest\u00eda camiseta negra y pantaloneta, a quien se le practic\u00f3 un registro a persona y en el bolsillo le fue hallada una bolsa pl\u00e1stica que conten\u00eda en su interior 13 bolsas pl\u00e1sticas herm\u00e9ticas, con sustancia pulverulenta con caracter\u00edsticas similares a clorhidrato de coca\u00edna y base de coca.<\/p>\n\n\n\n<p>Por estos hechos, se procedi\u00f3 a efectuar la captura en situaci\u00f3n de flagrancia por el delito de tr\u00e1fico, fabricaci\u00f3n o porte de estupefacientes, siendo dejado a disposici\u00f3n de la Fiscal\u00eda General de la Naci\u00f3n.<\/p>\n","protected":false},"excerpt":{"rendered":"<p>&nbsp;La Polic\u00eda Nacional en Monter\u00eda, en el marco de la estrategia para contrarrestar el tr\u00e1fico local de estupefacientes, logr\u00f3 la captura en flagrancia de un ciudadano de 36 a\u00f1os de edad en el barrio Sucre por el delito de tr\u00e1fico, fabricaci\u00f3n o porte de estupefacientes. Los hechos se registraron momentos en que el personal policial&#8230;<\/p>\n","protected":false},"author":1,"featured_media":5251,"comment_status":"open","ping_status":"open","sticky":false,"template":"","format":"standard","meta":{"footnotes":""},"categories":[12],"tags":[],"class_list":["post-5250","post","type-post","status-publish","format-standard","has-post-thumbnail","hentry","category-judiciales"],"yoast_head":"<!-- This site is optimized with the Yoast SEO plugin v27.5 - https:\/\/yoast.com\/product\/yoast-seo-wordpress\/ -->\n<title>Contin\u00faan las capturas de la polic\u00eda en Monter\u00eda a los comercializadores de estupefacientes. - Tu Radio<\/title>\n<meta name=\"robots\" content=\"index, follow, max-snippet:-1, max-image-preview:large, max-video-preview:-1\" \/>\n<link rel=\"canonical\" href=\"https:\/\/turadio.com.co\/?p=5250\" \/>\n<meta property=\"og:locale\" content=\"es_ES\" \/>\n<meta property=\"og:type\" content=\"article\" \/>\n<meta property=\"og:title\" content=\"Contin\u00faan las capturas de la polic\u00eda en Monter\u00eda a los comercializadores de estupefacientes. - Tu Radio\" \/>\n<meta property=\"og:description\" content=\"&nbsp;La Polic\u00eda Nacional en Monter\u00eda, en el marco de la estrategia para contrarrestar el tr\u00e1fico local de estupefacientes, logr\u00f3 la captura en flagrancia de un ciudadano de 36 a\u00f1os de edad en el barrio Sucre por el delito de tr\u00e1fico, fabricaci\u00f3n o porte de estupefacientes. Los hechos se registraron momentos en que el personal policial...\" \/>\n<meta property=\"og:url\" content=\"https:\/\/turadio.com.co\/?p=5250\" \/>\n<meta property=\"og:site_name\" content=\"Tu Radio\" \/>\n<meta property=\"article:author\" content=\"https:\/\/www.facebook.com\/profile.php?id=100086306444643\" \/>\n<meta property=\"article:published_time\" content=\"2026-03-02T15:13:10+00:00\" \/>\n<meta property=\"article:modified_time\" content=\"2026-03-02T15:13:13+00:00\" \/>\n<meta property=\"og:image\" content=\"https:\/\/turadio.com.co\/wp-content\/uploads\/2026\/03\/WhatsApp-Image-2026-03-01-at-12.01.01-PM.jpeg\" \/>\n\t<meta property=\"og:image:width\" content=\"738\" \/>\n\t<meta property=\"og:image:height\" content=\"750\" \/>\n\t<meta property=\"og:image:type\" content=\"image\/jpeg\" \/>\n<meta name=\"author\" content=\"turadio\" \/>\n<meta name=\"twitter:card\" content=\"summary_large_image\" \/>\n<meta name=\"twitter:label1\" content=\"Escrito por\" \/>\n\t<meta name=\"twitter:data1\" content=\"turadio\" \/>\n\t<meta name=\"twitter:label2\" content=\"Tiempo de lectura\" \/>\n\t<meta name=\"twitter:data2\" content=\"1 minuto\" \/>\n<script type=\"application\/ld+json\" class=\"yoast-schema-graph\">{\"@context\":\"https:\\\/\\\/schema.org\",\"@graph\":[{\"@type\":\"Article\",\"@id\":\"https:\\\/\\\/turadio.com.co\\\/?p=5250#article\",\"isPartOf\":{\"@id\":\"https:\\\/\\\/turadio.com.co\\\/?p=5250\"},\"author\":{\"name\":\"turadio\",\"@id\":\"https:\\\/\\\/turadio.com.co\\\/#\\\/schema\\\/person\\\/a336ad8dcc0120ef37278ad35b4f64fe\"},\"headline\":\"Contin\u00faan las capturas de la polic\u00eda en Monter\u00eda a los comercializadores de estupefacientes.\",\"datePublished\":\"2026-03-02T15:13:10+00:00\",\"dateModified\":\"2026-03-02T15:13:13+00:00\",\"mainEntityOfPage\":{\"@id\":\"https:\\\/\\\/turadio.com.co\\\/?p=5250\"},\"wordCount\":196,\"commentCount\":0,\"publisher\":{\"@id\":\"https:\\\/\\\/turadio.com.co\\\/#organization\"},\"image\":{\"@id\":\"https:\\\/\\\/turadio.com.co\\\/?p=5250#primaryimage\"},\"thumbnailUrl\":\"https:\\\/\\\/turadio.com.co\\\/wp-content\\\/uploads\\\/2026\\\/03\\\/WhatsApp-Image-2026-03-01-at-12.01.01-PM.jpeg\",\"articleSection\":[\"Judiciales\"],\"inLanguage\":\"es\",\"potentialAction\":[{\"@type\":\"CommentAction\",\"name\":\"Comment\",\"target\":[\"https:\\\/\\\/turadio.com.co\\\/?p=5250#respond\"]}]},{\"@type\":\"WebPage\",\"@id\":\"https:\\\/\\\/turadio.com.co\\\/?p=5250\",\"url\":\"https:\\\/\\\/turadio.com.co\\\/?p=5250\",\"name\":\"Contin\u00faan las capturas de la polic\u00eda en Monter\u00eda a los comercializadores de estupefacientes. - Tu Radio\",\"isPartOf\":{\"@id\":\"https:\\\/\\\/turadio.com.co\\\/#website\"},\"primaryImageOfPage\":{\"@id\":\"https:\\\/\\\/turadio.com.co\\\/?p=5250#primaryimage\"},\"image\":{\"@id\":\"https:\\\/\\\/turadio.com.co\\\/?p=5250#primaryimage\"},\"thumbnailUrl\":\"https:\\\/\\\/turadio.com.co\\\/wp-content\\\/uploads\\\/2026\\\/03\\\/WhatsApp-Image-2026-03-01-at-12.01.01-PM.jpeg\",\"datePublished\":\"2026-03-02T15:13:10+00:00\",\"dateModified\":\"2026-03-02T15:13:13+00:00\",\"breadcrumb\":{\"@id\":\"https:\\\/\\\/turadio.com.co\\\/?p=5250#breadcrumb\"},\"inLanguage\":\"es\",\"potentialAction\":[{\"@type\":\"ReadAction\",\"target\":[\"https:\\\/\\\/turadio.com.co\\\/?p=5250\"]}]},{\"@type\":\"ImageObject\",\"inLanguage\":\"es\",\"@id\":\"https:\\\/\\\/turadio.com.co\\\/?p=5250#primaryimage\",\"url\":\"https:\\\/\\\/turadio.com.co\\\/wp-content\\\/uploads\\\/2026\\\/03\\\/WhatsApp-Image-2026-03-01-at-12.01.01-PM.jpeg\",\"contentUrl\":\"https:\\\/\\\/turadio.com.co\\\/wp-content\\\/uploads\\\/2026\\\/03\\\/WhatsApp-Image-2026-03-01-at-12.01.01-PM.jpeg\",\"width\":738,\"height\":750},{\"@type\":\"BreadcrumbList\",\"@id\":\"https:\\\/\\\/turadio.com.co\\\/?p=5250#breadcrumb\",\"itemListElement\":[{\"@type\":\"ListItem\",\"position\":1,\"name\":\"Portada\",\"item\":\"https:\\\/\\\/turadio.com.co\\\/\"},{\"@type\":\"ListItem\",\"position\":2,\"name\":\"Contin\u00faan las capturas de la polic\u00eda en Monter\u00eda a los comercializadores de estupefacientes.\"}]},{\"@type\":\"WebSite\",\"@id\":\"https:\\\/\\\/turadio.com.co\\\/#website\",\"url\":\"https:\\\/\\\/turadio.com.co\\\/\",\"name\":\"Tu Radio\",\"description\":\"\",\"publisher\":{\"@id\":\"https:\\\/\\\/turadio.com.co\\\/#organization\"},\"potentialAction\":[{\"@type\":\"SearchAction\",\"target\":{\"@type\":\"EntryPoint\",\"urlTemplate\":\"https:\\\/\\\/turadio.com.co\\\/?s={search_term_string}\"},\"query-input\":{\"@type\":\"PropertyValueSpecification\",\"valueRequired\":true,\"valueName\":\"search_term_string\"}}],\"inLanguage\":\"es\"},{\"@type\":\"Organization\",\"@id\":\"https:\\\/\\\/turadio.com.co\\\/#organization\",\"name\":\"Tu Radio\",\"url\":\"https:\\\/\\\/turadio.com.co\\\/\",\"logo\":{\"@type\":\"ImageObject\",\"inLanguage\":\"es\",\"@id\":\"https:\\\/\\\/turadio.com.co\\\/#\\\/schema\\\/logo\\\/image\\\/\",\"url\":\"https:\\\/\\\/turadio.com.co\\\/wp-content\\\/uploads\\\/2025\\\/07\\\/logo.png\",\"contentUrl\":\"https:\\\/\\\/turadio.com.co\\\/wp-content\\\/uploads\\\/2025\\\/07\\\/logo.png\",\"width\":366,\"height\":91,\"caption\":\"Tu Radio\"},\"image\":{\"@id\":\"https:\\\/\\\/turadio.com.co\\\/#\\\/schema\\\/logo\\\/image\\\/\"}},{\"@type\":\"Person\",\"@id\":\"https:\\\/\\\/turadio.com.co\\\/#\\\/schema\\\/person\\\/a336ad8dcc0120ef37278ad35b4f64fe\",\"name\":\"turadio\",\"image\":{\"@type\":\"ImageObject\",\"inLanguage\":\"es\",\"@id\":\"https:\\\/\\\/secure.gravatar.com\\\/avatar\\\/e905fb228be0ae401b494278f04ccb4a7d2e839822ca560083e0b3a15f6c8669?s=96&d=mm&r=g\",\"url\":\"https:\\\/\\\/secure.gravatar.com\\\/avatar\\\/e905fb228be0ae401b494278f04ccb4a7d2e839822ca560083e0b3a15f6c8669?s=96&d=mm&r=g\",\"contentUrl\":\"https:\\\/\\\/secure.gravatar.com\\\/avatar\\\/e905fb228be0ae401b494278f04ccb4a7d2e839822ca560083e0b3a15f6c8669?s=96&d=mm&r=g\",\"caption\":\"turadio\"},\"sameAs\":[\"https:\\\/\\\/turadio.com.co\",\"https:\\\/\\\/www.facebook.com\\\/profile.php?id=100086306444643\",\"https:\\\/\\\/www.instagram.com\\\/turadio23\\\/\",\"https:\\\/\\\/www.youtube.com\\\/@TuRadiomonteria\"],\"url\":\"https:\\\/\\\/turadio.com.co\\\/?author=1\"}]}<\/script>\n<!-- \/ Yoast SEO plugin. -->","yoast_head_json":{"title":"Contin\u00faan las capturas de la polic\u00eda en Monter\u00eda a los comercializadores de estupefacientes. - Tu Radio","robots":{"index":"index","follow":"follow","max-snippet":"max-snippet:-1","max-image-preview":"max-image-preview:large","max-video-preview":"max-video-preview:-1"},"canonical":"https:\/\/turadio.com.co\/?p=5250","og_locale":"es_ES","og_type":"article","og_title":"Contin\u00faan las capturas de la polic\u00eda en Monter\u00eda a los comercializadores de estupefacientes. - Tu Radio","og_description":"&nbsp;La Polic\u00eda Nacional en Monter\u00eda, en el marco de la estrategia para contrarrestar el tr\u00e1fico local de estupefacientes, logr\u00f3 la captura en flagrancia de un ciudadano de 36 a\u00f1os de edad en el barrio Sucre por el delito de tr\u00e1fico, fabricaci\u00f3n o porte de estupefacientes. Los hechos se registraron momentos en que el personal policial...","og_url":"https:\/\/turadio.com.co\/?p=5250","og_site_name":"Tu Radio","article_author":"https:\/\/www.facebook.com\/profile.php?id=100086306444643","article_published_time":"2026-03-02T15:13:10+00:00","article_modified_time":"2026-03-02T15:13:13+00:00","og_image":[{"width":738,"height":750,"url":"https:\/\/turadio.com.co\/wp-content\/uploads\/2026\/03\/WhatsApp-Image-2026-03-01-at-12.01.01-PM.jpeg","type":"image\/jpeg"}],"author":"turadio","twitter_card":"summary_large_image","twitter_misc":{"Escrito por":"turadio","Tiempo de lectura":"1 minuto"},"schema":{"@context":"https:\/\/schema.org","@graph":[{"@type":"Article","@id":"https:\/\/turadio.com.co\/?p=5250#article","isPartOf":{"@id":"https:\/\/turadio.com.co\/?p=5250"},"author":{"name":"turadio","@id":"https:\/\/turadio.com.co\/#\/schema\/person\/a336ad8dcc0120ef37278ad35b4f64fe"},"headline":"Contin\u00faan las capturas de la polic\u00eda en Monter\u00eda a los comercializadores de estupefacientes.","datePublished":"2026-03-02T15:13:10+00:00","dateModified":"2026-03-02T15:13:13+00:00","mainEntityOfPage":{"@id":"https:\/\/turadio.com.co\/?p=5250"},"wordCount":196,"commentCount":0,"publisher":{"@id":"https:\/\/turadio.com.co\/#organization"},"image":{"@id":"https:\/\/turadio.com.co\/?p=5250#primaryimage"},"thumbnailUrl":"https:\/\/turadio.com.co\/wp-content\/uploads\/2026\/03\/WhatsApp-Image-2026-03-01-at-12.01.01-PM.jpeg","articleSection":["Judiciales"],"inLanguage":"es","potentialAction":[{"@type":"CommentAction","name":"Comment","target":["https:\/\/turadio.com.co\/?p=5250#respond"]}]},{"@type":"WebPage","@id":"https:\/\/turadio.com.co\/?p=5250","url":"https:\/\/turadio.com.co\/?p=5250","name":"Contin\u00faan las capturas de la polic\u00eda en Monter\u00eda a los comercializadores de estupefacientes. - Tu Radio","isPartOf":{"@id":"https:\/\/turadio.com.co\/#website"},"primaryImageOfPage":{"@id":"https:\/\/turadio.com.co\/?p=5250#primaryimage"},"image":{"@id":"https:\/\/turadio.com.co\/?p=5250#primaryimage"},"thumbnailUrl":"https:\/\/turadio.com.co\/wp-content\/uploads\/2026\/03\/WhatsApp-Image-2026-03-01-at-12.01.01-PM.jpeg","datePublished":"2026-03-02T15:13:10+00:00","dateModified":"2026-03-02T15:13:13+00:00","breadcrumb":{"@id":"https:\/\/turadio.com.co\/?p=5250#breadcrumb"},"inLanguage":"es","potentialAction":[{"@type":"ReadAction","target":["https:\/\/turadio.com.co\/?p=5250"]}]},{"@type":"ImageObject","inLanguage":"es","@id":"https:\/\/turadio.com.co\/?p=5250#primaryimage","url":"https:\/\/turadio.com.co\/wp-content\/uploads\/2026\/03\/WhatsApp-Image-2026-03-01-at-12.01.01-PM.jpeg","contentUrl":"https:\/\/turadio.com.co\/wp-content\/uploads\/2026\/03\/WhatsApp-Image-2026-03-01-at-12.01.01-PM.jpeg","width":738,"height":750},{"@type":"BreadcrumbList","@id":"https:\/\/turadio.com.co\/?p=5250#breadcrumb","itemListElement":[{"@type":"ListItem","position":1,"name":"Portada","item":"https:\/\/turadio.com.co\/"},{"@type":"ListItem","position":2,"name":"Contin\u00faan las capturas de la polic\u00eda en Monter\u00eda a los comercializadores de estupefacientes."}]},{"@type":"WebSite","@id":"https:\/\/turadio.com.co\/#website","url":"https:\/\/turadio.com.co\/","name":"Tu Radio","description":"","publisher":{"@id":"https:\/\/turadio.com.co\/#organization"},"potentialAction":[{"@type":"SearchAction","target":{"@type":"EntryPoint","urlTemplate":"https:\/\/turadio.com.co\/?s={search_term_string}"},"query-input":{"@type":"PropertyValueSpecification","valueRequired":true,"valueName":"search_term_string"}}],"inLanguage":"es"},{"@type":"Organization","@id":"https:\/\/turadio.com.co\/#organization","name":"Tu Radio","url":"https:\/\/turadio.com.co\/","logo":{"@type":"ImageObject","inLanguage":"es","@id":"https:\/\/turadio.com.co\/#\/schema\/logo\/image\/","url":"https:\/\/turadio.com.co\/wp-content\/uploads\/2025\/07\/logo.png","contentUrl":"https:\/\/turadio.com.co\/wp-content\/uploads\/2025\/07\/logo.png","width":366,"height":91,"caption":"Tu Radio"},"image":{"@id":"https:\/\/turadio.com.co\/#\/schema\/logo\/image\/"}},{"@type":"Person","@id":"https:\/\/turadio.com.co\/#\/schema\/person\/a336ad8dcc0120ef37278ad35b4f64fe","name":"turadio","image":{"@type":"ImageObject","inLanguage":"es","@id":"https:\/\/secure.gravatar.com\/avatar\/e905fb228be0ae401b494278f04ccb4a7d2e839822ca560083e0b3a15f6c8669?s=96&d=mm&r=g","url":"https:\/\/secure.gravatar.com\/avatar\/e905fb228be0ae401b494278f04ccb4a7d2e839822ca560083e0b3a15f6c8669?s=96&d=mm&r=g","contentUrl":"https:\/\/secure.gravatar.com\/avatar\/e905fb228be0ae401b494278f04ccb4a7d2e839822ca560083e0b3a15f6c8669?s=96&d=mm&r=g","caption":"turadio"},"sameAs":["https:\/\/turadio.com.co","https:\/\/www.facebook.com\/profile.php?id=100086306444643","https:\/\/www.instagram.com\/turadio23\/","https:\/\/www.youtube.com\/@TuRadiomonteria"],"url":"https:\/\/turadio.com.co\/?author=1"}]}},"_links":{"self":[{"href":"https:\/\/turadio.com.co\/index.php?rest_route=\/wp\/v2\/posts\/5250","targetHints":{"allow":["GET"]}}],"collection":[{"href":"https:\/\/turadio.com.co\/index.php?rest_route=\/wp\/v2\/posts"}],"about":[{"href":"https:\/\/turadio.com.co\/index.php?rest_route=\/wp\/v2\/types\/post"}],"author":[{"embeddable":true,"href":"https:\/\/turadio.com.co\/index.php?rest_route=\/wp\/v2\/users\/1"}],"replies":[{"embeddable":true,"href":"https:\/\/turadio.com.co\/index.php?rest_route=%2Fwp%2Fv2%2Fcomments&post=5250"}],"version-history":[{"count":1,"href":"https:\/\/turadio.com.co\/index.php?rest_route=\/wp\/v2\/posts\/5250\/revisions"}],"predecessor-version":[{"id":5252,"href":"https:\/\/turadio.com.co\/index.php?rest_route=\/wp\/v2\/posts\/5250\/revisions\/5252"}],"wp:featuredmedia":[{"embeddable":true,"href":"https:\/\/turadio.com.co\/index.php?rest_route=\/wp\/v2\/media\/5251"}],"wp:attachment":[{"href":"https:\/\/turadio.com.co\/index.php?rest_route=%2Fwp%2Fv2%2Fmedia&parent=5250"}],"wp:term":[{"taxonomy":"category","embeddable":true,"href":"https:\/\/turadio.com.co\/index.php?rest_route=%2Fwp%2Fv2%2Fcategories&post=5250"},{"taxonomy":"post_tag","embeddable":true,"href":"https:\/\/turadio.com.co\/index.php?rest_route=%2Fwp%2Fv2%2Ftags&post=5250"}],"curies":[{"name":"wp","href":"https:\/\/api.w.org\/{rel}","templated":true}]}}