{"id":5253,"date":"2026-03-02T15:37:45","date_gmt":"2026-03-02T15:37:45","guid":{"rendered":"https:\/\/turadio.com.co\/?p=5253"},"modified":"2026-03-02T15:37:48","modified_gmt":"2026-03-02T15:37:48","slug":"ataque-armado-en-gallera-rural-deja-un-hombre-muerto-en-cienaga-de-oro","status":"publish","type":"post","link":"https:\/\/turadio.com.co\/?p=5253","title":{"rendered":"Ataque armado en gallera rural deja un hombre muerto en Ci\u00e9naga de Oro."},"content":{"rendered":"\n<p>Un hombre fue asesinado la noche del domingo en una gallera ubicada en la vereda Egipto, zona rural del municipio de Ci\u00e9naga de Oro. El crimen ocurri\u00f3 en medio de una pelea de gallos, cuando varios hombres armados irrumpieron en el lugar y dispararon contra la v\u00edctima.<\/p>\n\n\n\n<p>De acuerdo con versiones de testigos, cuatro sujetos llegaron de manera repentina al establecimiento y abrieron fuego sin mediar palabra. El ataque gener\u00f3 momentos de tensi\u00f3n entre los asistentes, quienes buscaron refugio mientras los agresores abandonaban el sitio con rumbo desconocido.<\/p>\n\n\n\n<p>Horas despu\u00e9s se confirm\u00f3 que la persona fallecida era Rafael Galindo Zapa, oriundo de El Roble. Seg\u00fan informaci\u00f3n conocida, resid\u00eda actualmente en el sector de Venado Central, tambi\u00e9n en jurisdicci\u00f3n de Ci\u00e9naga de Oro.<\/p>\n\n\n\n<p>El levantamiento del cuerpo se realiz\u00f3 en la ma\u00f1ana de este lunes, luego de la llegada de las autoridades a la zona rural. El procedimiento se llev\u00f3 a cabo varias horas despu\u00e9s del ataque, debido a las condiciones del lugar.<\/p>\n\n\n\n<p>Las autoridades iniciaron las investigaciones para establecer los m\u00f3viles del crimen e identificar a los responsables, quienes escaparon tras cometer el homicidio. Mientras tanto, habitantes del sector expresaron su preocupaci\u00f3n por lo ocurrido en esta \u00e1rea rural del municipio.<\/p>\n","protected":false},"excerpt":{"rendered":"<p>Un hombre fue asesinado la noche del domingo en una gallera ubicada en la vereda Egipto, zona rural del municipio de Ci\u00e9naga de Oro. El crimen ocurri\u00f3 en medio de una pelea de gallos, cuando varios hombres armados irrumpieron en el lugar y dispararon contra la v\u00edctima. De acuerdo con versiones de testigos, cuatro sujetos&#8230;<\/p>\n","protected":false},"author":1,"featured_media":5254,"comment_status":"open","ping_status":"open","sticky":false,"template":"","format":"standard","meta":{"footnotes":""},"categories":[12],"tags":[],"class_list":["post-5253","post","type-post","status-publish","format-standard","has-post-thumbnail","hentry","category-judiciales"],"yoast_head":"<!-- This site is optimized with the Yoast SEO plugin v27.5 - https:\/\/yoast.com\/product\/yoast-seo-wordpress\/ -->\n<title>Ataque armado en gallera rural deja un hombre muerto en Ci\u00e9naga de Oro. - Tu Radio<\/title>\n<meta name=\"robots\" content=\"index, follow, max-snippet:-1, max-image-preview:large, max-video-preview:-1\" \/>\n<link rel=\"canonical\" href=\"https:\/\/turadio.com.co\/?p=5253\" \/>\n<meta property=\"og:locale\" content=\"es_ES\" \/>\n<meta property=\"og:type\" content=\"article\" \/>\n<meta property=\"og:title\" content=\"Ataque armado en gallera rural deja un hombre muerto en Ci\u00e9naga de Oro. - Tu Radio\" \/>\n<meta property=\"og:description\" content=\"Un hombre fue asesinado la noche del domingo en una gallera ubicada en la vereda Egipto, zona rural del municipio de Ci\u00e9naga de Oro. El crimen ocurri\u00f3 en medio de una pelea de gallos, cuando varios hombres armados irrumpieron en el lugar y dispararon contra la v\u00edctima. De acuerdo con versiones de testigos, cuatro sujetos...\" \/>\n<meta property=\"og:url\" content=\"https:\/\/turadio.com.co\/?p=5253\" \/>\n<meta property=\"og:site_name\" content=\"Tu Radio\" \/>\n<meta property=\"article:author\" content=\"https:\/\/www.facebook.com\/profile.php?id=100086306444643\" \/>\n<meta property=\"article:published_time\" content=\"2026-03-02T15:37:45+00:00\" \/>\n<meta property=\"article:modified_time\" content=\"2026-03-02T15:37:48+00:00\" \/>\n<meta property=\"og:image\" content=\"https:\/\/turadio.com.co\/wp-content\/uploads\/2026\/03\/WhatsApp-Image-2026-03-02-at-9.41.12-AM.jpeg\" \/>\n\t<meta property=\"og:image:width\" content=\"648\" \/>\n\t<meta property=\"og:image:height\" content=\"527\" \/>\n\t<meta property=\"og:image:type\" content=\"image\/jpeg\" \/>\n<meta name=\"author\" content=\"turadio\" \/>\n<meta name=\"twitter:card\" content=\"summary_large_image\" \/>\n<meta name=\"twitter:label1\" content=\"Escrito por\" \/>\n\t<meta name=\"twitter:data1\" content=\"turadio\" \/>\n\t<meta name=\"twitter:label2\" content=\"Tiempo de lectura\" \/>\n\t<meta name=\"twitter:data2\" content=\"2 minutos\" \/>\n<script type=\"application\/ld+json\" class=\"yoast-schema-graph\">{\"@context\":\"https:\\\/\\\/schema.org\",\"@graph\":[{\"@type\":\"Article\",\"@id\":\"https:\\\/\\\/turadio.com.co\\\/?p=5253#article\",\"isPartOf\":{\"@id\":\"https:\\\/\\\/turadio.com.co\\\/?p=5253\"},\"author\":{\"name\":\"turadio\",\"@id\":\"https:\\\/\\\/turadio.com.co\\\/#\\\/schema\\\/person\\\/a336ad8dcc0120ef37278ad35b4f64fe\"},\"headline\":\"Ataque armado en gallera rural deja un hombre muerto en Ci\u00e9naga de Oro.\",\"datePublished\":\"2026-03-02T15:37:45+00:00\",\"dateModified\":\"2026-03-02T15:37:48+00:00\",\"mainEntityOfPage\":{\"@id\":\"https:\\\/\\\/turadio.com.co\\\/?p=5253\"},\"wordCount\":229,\"commentCount\":0,\"publisher\":{\"@id\":\"https:\\\/\\\/turadio.com.co\\\/#organization\"},\"image\":{\"@id\":\"https:\\\/\\\/turadio.com.co\\\/?p=5253#primaryimage\"},\"thumbnailUrl\":\"https:\\\/\\\/turadio.com.co\\\/wp-content\\\/uploads\\\/2026\\\/03\\\/WhatsApp-Image-2026-03-02-at-9.41.12-AM.jpeg\",\"articleSection\":[\"Judiciales\"],\"inLanguage\":\"es\",\"potentialAction\":[{\"@type\":\"CommentAction\",\"name\":\"Comment\",\"target\":[\"https:\\\/\\\/turadio.com.co\\\/?p=5253#respond\"]}]},{\"@type\":\"WebPage\",\"@id\":\"https:\\\/\\\/turadio.com.co\\\/?p=5253\",\"url\":\"https:\\\/\\\/turadio.com.co\\\/?p=5253\",\"name\":\"Ataque armado en gallera rural deja un hombre muerto en Ci\u00e9naga de Oro. - Tu Radio\",\"isPartOf\":{\"@id\":\"https:\\\/\\\/turadio.com.co\\\/#website\"},\"primaryImageOfPage\":{\"@id\":\"https:\\\/\\\/turadio.com.co\\\/?p=5253#primaryimage\"},\"image\":{\"@id\":\"https:\\\/\\\/turadio.com.co\\\/?p=5253#primaryimage\"},\"thumbnailUrl\":\"https:\\\/\\\/turadio.com.co\\\/wp-content\\\/uploads\\\/2026\\\/03\\\/WhatsApp-Image-2026-03-02-at-9.41.12-AM.jpeg\",\"datePublished\":\"2026-03-02T15:37:45+00:00\",\"dateModified\":\"2026-03-02T15:37:48+00:00\",\"breadcrumb\":{\"@id\":\"https:\\\/\\\/turadio.com.co\\\/?p=5253#breadcrumb\"},\"inLanguage\":\"es\",\"potentialAction\":[{\"@type\":\"ReadAction\",\"target\":[\"https:\\\/\\\/turadio.com.co\\\/?p=5253\"]}]},{\"@type\":\"ImageObject\",\"inLanguage\":\"es\",\"@id\":\"https:\\\/\\\/turadio.com.co\\\/?p=5253#primaryimage\",\"url\":\"https:\\\/\\\/turadio.com.co\\\/wp-content\\\/uploads\\\/2026\\\/03\\\/WhatsApp-Image-2026-03-02-at-9.41.12-AM.jpeg\",\"contentUrl\":\"https:\\\/\\\/turadio.com.co\\\/wp-content\\\/uploads\\\/2026\\\/03\\\/WhatsApp-Image-2026-03-02-at-9.41.12-AM.jpeg\",\"width\":648,\"height\":527},{\"@type\":\"BreadcrumbList\",\"@id\":\"https:\\\/\\\/turadio.com.co\\\/?p=5253#breadcrumb\",\"itemListElement\":[{\"@type\":\"ListItem\",\"position\":1,\"name\":\"Portada\",\"item\":\"https:\\\/\\\/turadio.com.co\\\/\"},{\"@type\":\"ListItem\",\"position\":2,\"name\":\"Ataque armado en gallera rural deja un hombre muerto en Ci\u00e9naga de Oro.\"}]},{\"@type\":\"WebSite\",\"@id\":\"https:\\\/\\\/turadio.com.co\\\/#website\",\"url\":\"https:\\\/\\\/turadio.com.co\\\/\",\"name\":\"Tu Radio\",\"description\":\"\",\"publisher\":{\"@id\":\"https:\\\/\\\/turadio.com.co\\\/#organization\"},\"potentialAction\":[{\"@type\":\"SearchAction\",\"target\":{\"@type\":\"EntryPoint\",\"urlTemplate\":\"https:\\\/\\\/turadio.com.co\\\/?s={search_term_string}\"},\"query-input\":{\"@type\":\"PropertyValueSpecification\",\"valueRequired\":true,\"valueName\":\"search_term_string\"}}],\"inLanguage\":\"es\"},{\"@type\":\"Organization\",\"@id\":\"https:\\\/\\\/turadio.com.co\\\/#organization\",\"name\":\"Tu Radio\",\"url\":\"https:\\\/\\\/turadio.com.co\\\/\",\"logo\":{\"@type\":\"ImageObject\",\"inLanguage\":\"es\",\"@id\":\"https:\\\/\\\/turadio.com.co\\\/#\\\/schema\\\/logo\\\/image\\\/\",\"url\":\"https:\\\/\\\/turadio.com.co\\\/wp-content\\\/uploads\\\/2025\\\/07\\\/logo.png\",\"contentUrl\":\"https:\\\/\\\/turadio.com.co\\\/wp-content\\\/uploads\\\/2025\\\/07\\\/logo.png\",\"width\":366,\"height\":91,\"caption\":\"Tu Radio\"},\"image\":{\"@id\":\"https:\\\/\\\/turadio.com.co\\\/#\\\/schema\\\/logo\\\/image\\\/\"}},{\"@type\":\"Person\",\"@id\":\"https:\\\/\\\/turadio.com.co\\\/#\\\/schema\\\/person\\\/a336ad8dcc0120ef37278ad35b4f64fe\",\"name\":\"turadio\",\"image\":{\"@type\":\"ImageObject\",\"inLanguage\":\"es\",\"@id\":\"https:\\\/\\\/secure.gravatar.com\\\/avatar\\\/e905fb228be0ae401b494278f04ccb4a7d2e839822ca560083e0b3a15f6c8669?s=96&d=mm&r=g\",\"url\":\"https:\\\/\\\/secure.gravatar.com\\\/avatar\\\/e905fb228be0ae401b494278f04ccb4a7d2e839822ca560083e0b3a15f6c8669?s=96&d=mm&r=g\",\"contentUrl\":\"https:\\\/\\\/secure.gravatar.com\\\/avatar\\\/e905fb228be0ae401b494278f04ccb4a7d2e839822ca560083e0b3a15f6c8669?s=96&d=mm&r=g\",\"caption\":\"turadio\"},\"sameAs\":[\"https:\\\/\\\/turadio.com.co\",\"https:\\\/\\\/www.facebook.com\\\/profile.php?id=100086306444643\",\"https:\\\/\\\/www.instagram.com\\\/turadio23\\\/\",\"https:\\\/\\\/www.youtube.com\\\/@TuRadiomonteria\"],\"url\":\"https:\\\/\\\/turadio.com.co\\\/?author=1\"}]}<\/script>\n<!-- \/ Yoast SEO plugin. -->","yoast_head_json":{"title":"Ataque armado en gallera rural deja un hombre muerto en Ci\u00e9naga de Oro. - Tu Radio","robots":{"index":"index","follow":"follow","max-snippet":"max-snippet:-1","max-image-preview":"max-image-preview:large","max-video-preview":"max-video-preview:-1"},"canonical":"https:\/\/turadio.com.co\/?p=5253","og_locale":"es_ES","og_type":"article","og_title":"Ataque armado en gallera rural deja un hombre muerto en Ci\u00e9naga de Oro. - Tu Radio","og_description":"Un hombre fue asesinado la noche del domingo en una gallera ubicada en la vereda Egipto, zona rural del municipio de Ci\u00e9naga de Oro. El crimen ocurri\u00f3 en medio de una pelea de gallos, cuando varios hombres armados irrumpieron en el lugar y dispararon contra la v\u00edctima. De acuerdo con versiones de testigos, cuatro sujetos...","og_url":"https:\/\/turadio.com.co\/?p=5253","og_site_name":"Tu Radio","article_author":"https:\/\/www.facebook.com\/profile.php?id=100086306444643","article_published_time":"2026-03-02T15:37:45+00:00","article_modified_time":"2026-03-02T15:37:48+00:00","og_image":[{"width":648,"height":527,"url":"https:\/\/turadio.com.co\/wp-content\/uploads\/2026\/03\/WhatsApp-Image-2026-03-02-at-9.41.12-AM.jpeg","type":"image\/jpeg"}],"author":"turadio","twitter_card":"summary_large_image","twitter_misc":{"Escrito por":"turadio","Tiempo de lectura":"2 minutos"},"schema":{"@context":"https:\/\/schema.org","@graph":[{"@type":"Article","@id":"https:\/\/turadio.com.co\/?p=5253#article","isPartOf":{"@id":"https:\/\/turadio.com.co\/?p=5253"},"author":{"name":"turadio","@id":"https:\/\/turadio.com.co\/#\/schema\/person\/a336ad8dcc0120ef37278ad35b4f64fe"},"headline":"Ataque armado en gallera rural deja un hombre muerto en Ci\u00e9naga de Oro.","datePublished":"2026-03-02T15:37:45+00:00","dateModified":"2026-03-02T15:37:48+00:00","mainEntityOfPage":{"@id":"https:\/\/turadio.com.co\/?p=5253"},"wordCount":229,"commentCount":0,"publisher":{"@id":"https:\/\/turadio.com.co\/#organization"},"image":{"@id":"https:\/\/turadio.com.co\/?p=5253#primaryimage"},"thumbnailUrl":"https:\/\/turadio.com.co\/wp-content\/uploads\/2026\/03\/WhatsApp-Image-2026-03-02-at-9.41.12-AM.jpeg","articleSection":["Judiciales"],"inLanguage":"es","potentialAction":[{"@type":"CommentAction","name":"Comment","target":["https:\/\/turadio.com.co\/?p=5253#respond"]}]},{"@type":"WebPage","@id":"https:\/\/turadio.com.co\/?p=5253","url":"https:\/\/turadio.com.co\/?p=5253","name":"Ataque armado en gallera rural deja un hombre muerto en Ci\u00e9naga de Oro. - Tu Radio","isPartOf":{"@id":"https:\/\/turadio.com.co\/#website"},"primaryImageOfPage":{"@id":"https:\/\/turadio.com.co\/?p=5253#primaryimage"},"image":{"@id":"https:\/\/turadio.com.co\/?p=5253#primaryimage"},"thumbnailUrl":"https:\/\/turadio.com.co\/wp-content\/uploads\/2026\/03\/WhatsApp-Image-2026-03-02-at-9.41.12-AM.jpeg","datePublished":"2026-03-02T15:37:45+00:00","dateModified":"2026-03-02T15:37:48+00:00","breadcrumb":{"@id":"https:\/\/turadio.com.co\/?p=5253#breadcrumb"},"inLanguage":"es","potentialAction":[{"@type":"ReadAction","target":["https:\/\/turadio.com.co\/?p=5253"]}]},{"@type":"ImageObject","inLanguage":"es","@id":"https:\/\/turadio.com.co\/?p=5253#primaryimage","url":"https:\/\/turadio.com.co\/wp-content\/uploads\/2026\/03\/WhatsApp-Image-2026-03-02-at-9.41.12-AM.jpeg","contentUrl":"https:\/\/turadio.com.co\/wp-content\/uploads\/2026\/03\/WhatsApp-Image-2026-03-02-at-9.41.12-AM.jpeg","width":648,"height":527},{"@type":"BreadcrumbList","@id":"https:\/\/turadio.com.co\/?p=5253#breadcrumb","itemListElement":[{"@type":"ListItem","position":1,"name":"Portada","item":"https:\/\/turadio.com.co\/"},{"@type":"ListItem","position":2,"name":"Ataque armado en gallera rural deja un hombre muerto en Ci\u00e9naga de Oro."}]},{"@type":"WebSite","@id":"https:\/\/turadio.com.co\/#website","url":"https:\/\/turadio.com.co\/","name":"Tu Radio","description":"","publisher":{"@id":"https:\/\/turadio.com.co\/#organization"},"potentialAction":[{"@type":"SearchAction","target":{"@type":"EntryPoint","urlTemplate":"https:\/\/turadio.com.co\/?s={search_term_string}"},"query-input":{"@type":"PropertyValueSpecification","valueRequired":true,"valueName":"search_term_string"}}],"inLanguage":"es"},{"@type":"Organization","@id":"https:\/\/turadio.com.co\/#organization","name":"Tu Radio","url":"https:\/\/turadio.com.co\/","logo":{"@type":"ImageObject","inLanguage":"es","@id":"https:\/\/turadio.com.co\/#\/schema\/logo\/image\/","url":"https:\/\/turadio.com.co\/wp-content\/uploads\/2025\/07\/logo.png","contentUrl":"https:\/\/turadio.com.co\/wp-content\/uploads\/2025\/07\/logo.png","width":366,"height":91,"caption":"Tu Radio"},"image":{"@id":"https:\/\/turadio.com.co\/#\/schema\/logo\/image\/"}},{"@type":"Person","@id":"https:\/\/turadio.com.co\/#\/schema\/person\/a336ad8dcc0120ef37278ad35b4f64fe","name":"turadio","image":{"@type":"ImageObject","inLanguage":"es","@id":"https:\/\/secure.gravatar.com\/avatar\/e905fb228be0ae401b494278f04ccb4a7d2e839822ca560083e0b3a15f6c8669?s=96&d=mm&r=g","url":"https:\/\/secure.gravatar.com\/avatar\/e905fb228be0ae401b494278f04ccb4a7d2e839822ca560083e0b3a15f6c8669?s=96&d=mm&r=g","contentUrl":"https:\/\/secure.gravatar.com\/avatar\/e905fb228be0ae401b494278f04ccb4a7d2e839822ca560083e0b3a15f6c8669?s=96&d=mm&r=g","caption":"turadio"},"sameAs":["https:\/\/turadio.com.co","https:\/\/www.facebook.com\/profile.php?id=100086306444643","https:\/\/www.instagram.com\/turadio23\/","https:\/\/www.youtube.com\/@TuRadiomonteria"],"url":"https:\/\/turadio.com.co\/?author=1"}]}},"_links":{"self":[{"href":"https:\/\/turadio.com.co\/index.php?rest_route=\/wp\/v2\/posts\/5253","targetHints":{"allow":["GET"]}}],"collection":[{"href":"https:\/\/turadio.com.co\/index.php?rest_route=\/wp\/v2\/posts"}],"about":[{"href":"https:\/\/turadio.com.co\/index.php?rest_route=\/wp\/v2\/types\/post"}],"author":[{"embeddable":true,"href":"https:\/\/turadio.com.co\/index.php?rest_route=\/wp\/v2\/users\/1"}],"replies":[{"embeddable":true,"href":"https:\/\/turadio.com.co\/index.php?rest_route=%2Fwp%2Fv2%2Fcomments&post=5253"}],"version-history":[{"count":1,"href":"https:\/\/turadio.com.co\/index.php?rest_route=\/wp\/v2\/posts\/5253\/revisions"}],"predecessor-version":[{"id":5255,"href":"https:\/\/turadio.com.co\/index.php?rest_route=\/wp\/v2\/posts\/5253\/revisions\/5255"}],"wp:featuredmedia":[{"embeddable":true,"href":"https:\/\/turadio.com.co\/index.php?rest_route=\/wp\/v2\/media\/5254"}],"wp:attachment":[{"href":"https:\/\/turadio.com.co\/index.php?rest_route=%2Fwp%2Fv2%2Fmedia&parent=5253"}],"wp:term":[{"taxonomy":"category","embeddable":true,"href":"https:\/\/turadio.com.co\/index.php?rest_route=%2Fwp%2Fv2%2Fcategories&post=5253"},{"taxonomy":"post_tag","embeddable":true,"href":"https:\/\/turadio.com.co\/index.php?rest_route=%2Fwp%2Fv2%2Ftags&post=5253"}],"curies":[{"name":"wp","href":"https:\/\/api.w.org\/{rel}","templated":true}]}}