{"id":5256,"date":"2026-03-02T21:43:36","date_gmt":"2026-03-02T21:43:36","guid":{"rendered":"https:\/\/turadio.com.co\/?p=5256"},"modified":"2026-03-02T21:43:39","modified_gmt":"2026-03-02T21:43:39","slug":"eln-decreta-cese-al-fuego-unilateral-del-7-al-10-de-marzo-en-medio-de-esfuerzos-por-reactivar-el-dialogo","status":"publish","type":"post","link":"https:\/\/turadio.com.co\/?p=5256","title":{"rendered":"ELN decreta cese al fuego unilateral del 7 al 10 de marzo en medio de esfuerzos por reactivar el di\u00e1logo."},"content":{"rendered":"\n<p><br>El Ej\u00e9rcito de Liberaci\u00f3n Nacional (ELN) anunci\u00f3 que suspender\u00e1 de manera unilateral sus acciones armadas entre el 7 y el 10 de marzo, en lo que describe como una medida orientada a favorecer el ambiente para eventuales avances en el proceso de paz.<br><br>En un comunicado, la guerrilla explic\u00f3 que la decisi\u00f3n pretende generar condiciones que permitan reconstruir la confianza y reducir los niveles de confrontaci\u00f3n, en un contexto marcado por dificultades y desacuerdos que han frenado los acercamientos con el Gobierno nacional.<br><br>El anuncio no hace parte de un acuerdo formal con el Ejecutivo, por lo que se trata de una determinaci\u00f3n adoptada exclusivamente por el grupo insurgente. No obstante, la declaraci\u00f3n ha despertado expectativas sobre su posible impacto en la disminuci\u00f3n temporal de hechos violentos y en la din\u00e1mica del conflicto armado.<br><br>Analistas se\u00f1alan que, aunque el alcance de la medida es limitado en el tiempo, podr\u00eda convertirse en un gesto pol\u00edtico relevante si contribuye a retomar canales de comunicaci\u00f3n y a aliviar la situaci\u00f3n de seguridad en las regiones m\u00e1s afectadas.<\/p>\n","protected":false},"excerpt":{"rendered":"<p>El Ej\u00e9rcito de Liberaci\u00f3n Nacional (ELN) anunci\u00f3 que suspender\u00e1 de manera unilateral sus acciones armadas entre el 7 y el 10 de marzo, en lo que describe como una medida orientada a favorecer el ambiente para eventuales avances en el proceso de paz. En un comunicado, la guerrilla explic\u00f3 que la decisi\u00f3n pretende generar condiciones&#8230;<\/p>\n","protected":false},"author":1,"featured_media":5257,"comment_status":"open","ping_status":"open","sticky":false,"template":"","format":"standard","meta":{"footnotes":""},"categories":[17],"tags":[],"class_list":["post-5256","post","type-post","status-publish","format-standard","has-post-thumbnail","hentry","category-orden-publico"],"yoast_head":"<!-- This site is optimized with the Yoast SEO plugin v27.5 - https:\/\/yoast.com\/product\/yoast-seo-wordpress\/ -->\n<title>ELN decreta cese al fuego unilateral del 7 al 10 de marzo en medio de esfuerzos por reactivar el di\u00e1logo. - Tu Radio<\/title>\n<meta name=\"robots\" content=\"index, follow, max-snippet:-1, max-image-preview:large, max-video-preview:-1\" \/>\n<link rel=\"canonical\" href=\"https:\/\/turadio.com.co\/?p=5256\" \/>\n<meta property=\"og:locale\" content=\"es_ES\" \/>\n<meta property=\"og:type\" content=\"article\" \/>\n<meta property=\"og:title\" content=\"ELN decreta cese al fuego unilateral del 7 al 10 de marzo en medio de esfuerzos por reactivar el di\u00e1logo. - Tu Radio\" \/>\n<meta property=\"og:description\" content=\"El Ej\u00e9rcito de Liberaci\u00f3n Nacional (ELN) anunci\u00f3 que suspender\u00e1 de manera unilateral sus acciones armadas entre el 7 y el 10 de marzo, en lo que describe como una medida orientada a favorecer el ambiente para eventuales avances en el proceso de paz. En un comunicado, la guerrilla explic\u00f3 que la decisi\u00f3n pretende generar condiciones...\" \/>\n<meta property=\"og:url\" content=\"https:\/\/turadio.com.co\/?p=5256\" \/>\n<meta property=\"og:site_name\" content=\"Tu Radio\" \/>\n<meta property=\"article:author\" content=\"https:\/\/www.facebook.com\/profile.php?id=100086306444643\" \/>\n<meta property=\"article:published_time\" content=\"2026-03-02T21:43:36+00:00\" \/>\n<meta property=\"article:modified_time\" content=\"2026-03-02T21:43:39+00:00\" \/>\n<meta property=\"og:image\" content=\"https:\/\/turadio.com.co\/wp-content\/uploads\/2026\/03\/FB_IMG_1771586987581.jpg.jpeg\" \/>\n\t<meta property=\"og:image:width\" content=\"900\" \/>\n\t<meta property=\"og:image:height\" content=\"592\" \/>\n\t<meta property=\"og:image:type\" content=\"image\/jpeg\" \/>\n<meta name=\"author\" content=\"turadio\" \/>\n<meta name=\"twitter:card\" content=\"summary_large_image\" \/>\n<meta name=\"twitter:label1\" content=\"Escrito por\" \/>\n\t<meta name=\"twitter:data1\" content=\"turadio\" \/>\n\t<meta name=\"twitter:label2\" content=\"Tiempo de lectura\" \/>\n\t<meta name=\"twitter:data2\" content=\"1 minuto\" \/>\n<script type=\"application\/ld+json\" class=\"yoast-schema-graph\">{\"@context\":\"https:\\\/\\\/schema.org\",\"@graph\":[{\"@type\":\"Article\",\"@id\":\"https:\\\/\\\/turadio.com.co\\\/?p=5256#article\",\"isPartOf\":{\"@id\":\"https:\\\/\\\/turadio.com.co\\\/?p=5256\"},\"author\":{\"name\":\"turadio\",\"@id\":\"https:\\\/\\\/turadio.com.co\\\/#\\\/schema\\\/person\\\/a336ad8dcc0120ef37278ad35b4f64fe\"},\"headline\":\"ELN decreta cese al fuego unilateral del 7 al 10 de marzo en medio de esfuerzos por reactivar el di\u00e1logo.\",\"datePublished\":\"2026-03-02T21:43:36+00:00\",\"dateModified\":\"2026-03-02T21:43:39+00:00\",\"mainEntityOfPage\":{\"@id\":\"https:\\\/\\\/turadio.com.co\\\/?p=5256\"},\"wordCount\":205,\"commentCount\":0,\"publisher\":{\"@id\":\"https:\\\/\\\/turadio.com.co\\\/#organization\"},\"image\":{\"@id\":\"https:\\\/\\\/turadio.com.co\\\/?p=5256#primaryimage\"},\"thumbnailUrl\":\"https:\\\/\\\/turadio.com.co\\\/wp-content\\\/uploads\\\/2026\\\/03\\\/FB_IMG_1771586987581.jpg.jpeg\",\"articleSection\":[\"Orden Publico\"],\"inLanguage\":\"es\",\"potentialAction\":[{\"@type\":\"CommentAction\",\"name\":\"Comment\",\"target\":[\"https:\\\/\\\/turadio.com.co\\\/?p=5256#respond\"]}]},{\"@type\":\"WebPage\",\"@id\":\"https:\\\/\\\/turadio.com.co\\\/?p=5256\",\"url\":\"https:\\\/\\\/turadio.com.co\\\/?p=5256\",\"name\":\"ELN decreta cese al fuego unilateral del 7 al 10 de marzo en medio de esfuerzos por reactivar el di\u00e1logo. - Tu Radio\",\"isPartOf\":{\"@id\":\"https:\\\/\\\/turadio.com.co\\\/#website\"},\"primaryImageOfPage\":{\"@id\":\"https:\\\/\\\/turadio.com.co\\\/?p=5256#primaryimage\"},\"image\":{\"@id\":\"https:\\\/\\\/turadio.com.co\\\/?p=5256#primaryimage\"},\"thumbnailUrl\":\"https:\\\/\\\/turadio.com.co\\\/wp-content\\\/uploads\\\/2026\\\/03\\\/FB_IMG_1771586987581.jpg.jpeg\",\"datePublished\":\"2026-03-02T21:43:36+00:00\",\"dateModified\":\"2026-03-02T21:43:39+00:00\",\"breadcrumb\":{\"@id\":\"https:\\\/\\\/turadio.com.co\\\/?p=5256#breadcrumb\"},\"inLanguage\":\"es\",\"potentialAction\":[{\"@type\":\"ReadAction\",\"target\":[\"https:\\\/\\\/turadio.com.co\\\/?p=5256\"]}]},{\"@type\":\"ImageObject\",\"inLanguage\":\"es\",\"@id\":\"https:\\\/\\\/turadio.com.co\\\/?p=5256#primaryimage\",\"url\":\"https:\\\/\\\/turadio.com.co\\\/wp-content\\\/uploads\\\/2026\\\/03\\\/FB_IMG_1771586987581.jpg.jpeg\",\"contentUrl\":\"https:\\\/\\\/turadio.com.co\\\/wp-content\\\/uploads\\\/2026\\\/03\\\/FB_IMG_1771586987581.jpg.jpeg\",\"width\":900,\"height\":592},{\"@type\":\"BreadcrumbList\",\"@id\":\"https:\\\/\\\/turadio.com.co\\\/?p=5256#breadcrumb\",\"itemListElement\":[{\"@type\":\"ListItem\",\"position\":1,\"name\":\"Portada\",\"item\":\"https:\\\/\\\/turadio.com.co\\\/\"},{\"@type\":\"ListItem\",\"position\":2,\"name\":\"ELN decreta cese al fuego unilateral del 7 al 10 de marzo en medio de esfuerzos por reactivar el di\u00e1logo.\"}]},{\"@type\":\"WebSite\",\"@id\":\"https:\\\/\\\/turadio.com.co\\\/#website\",\"url\":\"https:\\\/\\\/turadio.com.co\\\/\",\"name\":\"Tu Radio\",\"description\":\"\",\"publisher\":{\"@id\":\"https:\\\/\\\/turadio.com.co\\\/#organization\"},\"potentialAction\":[{\"@type\":\"SearchAction\",\"target\":{\"@type\":\"EntryPoint\",\"urlTemplate\":\"https:\\\/\\\/turadio.com.co\\\/?s={search_term_string}\"},\"query-input\":{\"@type\":\"PropertyValueSpecification\",\"valueRequired\":true,\"valueName\":\"search_term_string\"}}],\"inLanguage\":\"es\"},{\"@type\":\"Organization\",\"@id\":\"https:\\\/\\\/turadio.com.co\\\/#organization\",\"name\":\"Tu Radio\",\"url\":\"https:\\\/\\\/turadio.com.co\\\/\",\"logo\":{\"@type\":\"ImageObject\",\"inLanguage\":\"es\",\"@id\":\"https:\\\/\\\/turadio.com.co\\\/#\\\/schema\\\/logo\\\/image\\\/\",\"url\":\"https:\\\/\\\/turadio.com.co\\\/wp-content\\\/uploads\\\/2025\\\/07\\\/logo.png\",\"contentUrl\":\"https:\\\/\\\/turadio.com.co\\\/wp-content\\\/uploads\\\/2025\\\/07\\\/logo.png\",\"width\":366,\"height\":91,\"caption\":\"Tu Radio\"},\"image\":{\"@id\":\"https:\\\/\\\/turadio.com.co\\\/#\\\/schema\\\/logo\\\/image\\\/\"}},{\"@type\":\"Person\",\"@id\":\"https:\\\/\\\/turadio.com.co\\\/#\\\/schema\\\/person\\\/a336ad8dcc0120ef37278ad35b4f64fe\",\"name\":\"turadio\",\"image\":{\"@type\":\"ImageObject\",\"inLanguage\":\"es\",\"@id\":\"https:\\\/\\\/secure.gravatar.com\\\/avatar\\\/e905fb228be0ae401b494278f04ccb4a7d2e839822ca560083e0b3a15f6c8669?s=96&d=mm&r=g\",\"url\":\"https:\\\/\\\/secure.gravatar.com\\\/avatar\\\/e905fb228be0ae401b494278f04ccb4a7d2e839822ca560083e0b3a15f6c8669?s=96&d=mm&r=g\",\"contentUrl\":\"https:\\\/\\\/secure.gravatar.com\\\/avatar\\\/e905fb228be0ae401b494278f04ccb4a7d2e839822ca560083e0b3a15f6c8669?s=96&d=mm&r=g\",\"caption\":\"turadio\"},\"sameAs\":[\"https:\\\/\\\/turadio.com.co\",\"https:\\\/\\\/www.facebook.com\\\/profile.php?id=100086306444643\",\"https:\\\/\\\/www.instagram.com\\\/turadio23\\\/\",\"https:\\\/\\\/www.youtube.com\\\/@TuRadiomonteria\"],\"url\":\"https:\\\/\\\/turadio.com.co\\\/?author=1\"}]}<\/script>\n<!-- \/ Yoast SEO plugin. -->","yoast_head_json":{"title":"ELN decreta cese al fuego unilateral del 7 al 10 de marzo en medio de esfuerzos por reactivar el di\u00e1logo. - Tu Radio","robots":{"index":"index","follow":"follow","max-snippet":"max-snippet:-1","max-image-preview":"max-image-preview:large","max-video-preview":"max-video-preview:-1"},"canonical":"https:\/\/turadio.com.co\/?p=5256","og_locale":"es_ES","og_type":"article","og_title":"ELN decreta cese al fuego unilateral del 7 al 10 de marzo en medio de esfuerzos por reactivar el di\u00e1logo. - Tu Radio","og_description":"El Ej\u00e9rcito de Liberaci\u00f3n Nacional (ELN) anunci\u00f3 que suspender\u00e1 de manera unilateral sus acciones armadas entre el 7 y el 10 de marzo, en lo que describe como una medida orientada a favorecer el ambiente para eventuales avances en el proceso de paz. En un comunicado, la guerrilla explic\u00f3 que la decisi\u00f3n pretende generar condiciones...","og_url":"https:\/\/turadio.com.co\/?p=5256","og_site_name":"Tu Radio","article_author":"https:\/\/www.facebook.com\/profile.php?id=100086306444643","article_published_time":"2026-03-02T21:43:36+00:00","article_modified_time":"2026-03-02T21:43:39+00:00","og_image":[{"width":900,"height":592,"url":"https:\/\/turadio.com.co\/wp-content\/uploads\/2026\/03\/FB_IMG_1771586987581.jpg.jpeg","type":"image\/jpeg"}],"author":"turadio","twitter_card":"summary_large_image","twitter_misc":{"Escrito por":"turadio","Tiempo de lectura":"1 minuto"},"schema":{"@context":"https:\/\/schema.org","@graph":[{"@type":"Article","@id":"https:\/\/turadio.com.co\/?p=5256#article","isPartOf":{"@id":"https:\/\/turadio.com.co\/?p=5256"},"author":{"name":"turadio","@id":"https:\/\/turadio.com.co\/#\/schema\/person\/a336ad8dcc0120ef37278ad35b4f64fe"},"headline":"ELN decreta cese al fuego unilateral del 7 al 10 de marzo en medio de esfuerzos por reactivar el di\u00e1logo.","datePublished":"2026-03-02T21:43:36+00:00","dateModified":"2026-03-02T21:43:39+00:00","mainEntityOfPage":{"@id":"https:\/\/turadio.com.co\/?p=5256"},"wordCount":205,"commentCount":0,"publisher":{"@id":"https:\/\/turadio.com.co\/#organization"},"image":{"@id":"https:\/\/turadio.com.co\/?p=5256#primaryimage"},"thumbnailUrl":"https:\/\/turadio.com.co\/wp-content\/uploads\/2026\/03\/FB_IMG_1771586987581.jpg.jpeg","articleSection":["Orden Publico"],"inLanguage":"es","potentialAction":[{"@type":"CommentAction","name":"Comment","target":["https:\/\/turadio.com.co\/?p=5256#respond"]}]},{"@type":"WebPage","@id":"https:\/\/turadio.com.co\/?p=5256","url":"https:\/\/turadio.com.co\/?p=5256","name":"ELN decreta cese al fuego unilateral del 7 al 10 de marzo en medio de esfuerzos por reactivar el di\u00e1logo. - Tu Radio","isPartOf":{"@id":"https:\/\/turadio.com.co\/#website"},"primaryImageOfPage":{"@id":"https:\/\/turadio.com.co\/?p=5256#primaryimage"},"image":{"@id":"https:\/\/turadio.com.co\/?p=5256#primaryimage"},"thumbnailUrl":"https:\/\/turadio.com.co\/wp-content\/uploads\/2026\/03\/FB_IMG_1771586987581.jpg.jpeg","datePublished":"2026-03-02T21:43:36+00:00","dateModified":"2026-03-02T21:43:39+00:00","breadcrumb":{"@id":"https:\/\/turadio.com.co\/?p=5256#breadcrumb"},"inLanguage":"es","potentialAction":[{"@type":"ReadAction","target":["https:\/\/turadio.com.co\/?p=5256"]}]},{"@type":"ImageObject","inLanguage":"es","@id":"https:\/\/turadio.com.co\/?p=5256#primaryimage","url":"https:\/\/turadio.com.co\/wp-content\/uploads\/2026\/03\/FB_IMG_1771586987581.jpg.jpeg","contentUrl":"https:\/\/turadio.com.co\/wp-content\/uploads\/2026\/03\/FB_IMG_1771586987581.jpg.jpeg","width":900,"height":592},{"@type":"BreadcrumbList","@id":"https:\/\/turadio.com.co\/?p=5256#breadcrumb","itemListElement":[{"@type":"ListItem","position":1,"name":"Portada","item":"https:\/\/turadio.com.co\/"},{"@type":"ListItem","position":2,"name":"ELN decreta cese al fuego unilateral del 7 al 10 de marzo en medio de esfuerzos por reactivar el di\u00e1logo."}]},{"@type":"WebSite","@id":"https:\/\/turadio.com.co\/#website","url":"https:\/\/turadio.com.co\/","name":"Tu Radio","description":"","publisher":{"@id":"https:\/\/turadio.com.co\/#organization"},"potentialAction":[{"@type":"SearchAction","target":{"@type":"EntryPoint","urlTemplate":"https:\/\/turadio.com.co\/?s={search_term_string}"},"query-input":{"@type":"PropertyValueSpecification","valueRequired":true,"valueName":"search_term_string"}}],"inLanguage":"es"},{"@type":"Organization","@id":"https:\/\/turadio.com.co\/#organization","name":"Tu Radio","url":"https:\/\/turadio.com.co\/","logo":{"@type":"ImageObject","inLanguage":"es","@id":"https:\/\/turadio.com.co\/#\/schema\/logo\/image\/","url":"https:\/\/turadio.com.co\/wp-content\/uploads\/2025\/07\/logo.png","contentUrl":"https:\/\/turadio.com.co\/wp-content\/uploads\/2025\/07\/logo.png","width":366,"height":91,"caption":"Tu Radio"},"image":{"@id":"https:\/\/turadio.com.co\/#\/schema\/logo\/image\/"}},{"@type":"Person","@id":"https:\/\/turadio.com.co\/#\/schema\/person\/a336ad8dcc0120ef37278ad35b4f64fe","name":"turadio","image":{"@type":"ImageObject","inLanguage":"es","@id":"https:\/\/secure.gravatar.com\/avatar\/e905fb228be0ae401b494278f04ccb4a7d2e839822ca560083e0b3a15f6c8669?s=96&d=mm&r=g","url":"https:\/\/secure.gravatar.com\/avatar\/e905fb228be0ae401b494278f04ccb4a7d2e839822ca560083e0b3a15f6c8669?s=96&d=mm&r=g","contentUrl":"https:\/\/secure.gravatar.com\/avatar\/e905fb228be0ae401b494278f04ccb4a7d2e839822ca560083e0b3a15f6c8669?s=96&d=mm&r=g","caption":"turadio"},"sameAs":["https:\/\/turadio.com.co","https:\/\/www.facebook.com\/profile.php?id=100086306444643","https:\/\/www.instagram.com\/turadio23\/","https:\/\/www.youtube.com\/@TuRadiomonteria"],"url":"https:\/\/turadio.com.co\/?author=1"}]}},"_links":{"self":[{"href":"https:\/\/turadio.com.co\/index.php?rest_route=\/wp\/v2\/posts\/5256","targetHints":{"allow":["GET"]}}],"collection":[{"href":"https:\/\/turadio.com.co\/index.php?rest_route=\/wp\/v2\/posts"}],"about":[{"href":"https:\/\/turadio.com.co\/index.php?rest_route=\/wp\/v2\/types\/post"}],"author":[{"embeddable":true,"href":"https:\/\/turadio.com.co\/index.php?rest_route=\/wp\/v2\/users\/1"}],"replies":[{"embeddable":true,"href":"https:\/\/turadio.com.co\/index.php?rest_route=%2Fwp%2Fv2%2Fcomments&post=5256"}],"version-history":[{"count":1,"href":"https:\/\/turadio.com.co\/index.php?rest_route=\/wp\/v2\/posts\/5256\/revisions"}],"predecessor-version":[{"id":5258,"href":"https:\/\/turadio.com.co\/index.php?rest_route=\/wp\/v2\/posts\/5256\/revisions\/5258"}],"wp:featuredmedia":[{"embeddable":true,"href":"https:\/\/turadio.com.co\/index.php?rest_route=\/wp\/v2\/media\/5257"}],"wp:attachment":[{"href":"https:\/\/turadio.com.co\/index.php?rest_route=%2Fwp%2Fv2%2Fmedia&parent=5256"}],"wp:term":[{"taxonomy":"category","embeddable":true,"href":"https:\/\/turadio.com.co\/index.php?rest_route=%2Fwp%2Fv2%2Fcategories&post=5256"},{"taxonomy":"post_tag","embeddable":true,"href":"https:\/\/turadio.com.co\/index.php?rest_route=%2Fwp%2Fv2%2Ftags&post=5256"}],"curies":[{"name":"wp","href":"https:\/\/api.w.org\/{rel}","templated":true}]}}