{"id":5408,"date":"2026-04-28T01:58:01","date_gmt":"2026-04-28T01:58:01","guid":{"rendered":"https:\/\/turadio.com.co\/?p=5408"},"modified":"2026-04-28T01:58:03","modified_gmt":"2026-04-28T01:58:03","slug":"gobernador-erasmo-zuleta-condecoro-a-organismos-de-socorro-por-su-apoyo-en-la-emergencia-en-el-aniversario-de-la-defensa-civil-y-confirmo-inversion-de-3-000-millones-para-fortalecer-sus-capacidades","status":"publish","type":"post","link":"https:\/\/turadio.com.co\/?p=5408","title":{"rendered":"Gobernador Erasmo Zuleta condecor\u00f3 a organismos de socorro por su apoyo en la emergencia, en el aniversario de la Defensa Civil, y confirm\u00f3 inversi\u00f3n de $3.000 millones para fortalecer sus capacidades."},"content":{"rendered":"\n<p>Durante la conmemoraci\u00f3n de los 59 a\u00f1os de la Defensa Civil Colombiana, la Gobernaci\u00f3n de C\u00f3rdoba rindi\u00f3 un homenaje especial a los organismos de socorro y a la Fuerza P\u00fablica que fueron fundamentales en la atenci\u00f3n de la reciente emergencia ocasionada por las inundaciones en el departamento.<\/p>\n\n\n\n<p>El gobernador Erasmo Zuleta condecor\u00f3 a la Defensa Civil, el Cuerpo de Bomberos, la Unidad Nacional para la Gesti\u00f3n del Riesgo de Desastres y la Cruz Roja, en reconocimiento a su labor, compromiso y entrega durante la atenci\u00f3n de la calamidad.<\/p>\n\n\n\n<p>El mandatario destac\u00f3 que estos organismos estuvieron en primera l\u00ednea acompa\u00f1ando a las comunidades afectadas, salvando vidas, apoyando evacuaciones, realizando labores de b\u00fasqueda y rescate, entregando asistencia humanitaria y brindando soporte log\u00edstico en los momentos m\u00e1s cr\u00edticos de la emergencia.<\/p>\n\n\n\n<figure class=\"wp-block-embed is-type-video is-provider-youtube wp-block-embed-youtube wp-embed-aspect-9-16 wp-has-aspect-ratio\"><div class=\"wp-block-embed__wrapper\">\n<iframe loading=\"lazy\" title=\"Juventudes C\u00f3rdoba...\" width=\"540\" height=\"960\" src=\"https:\/\/www.youtube.com\/embed\/UyDk7PPn2iY?feature=oembed\" frameborder=\"0\" allow=\"accelerometer; autoplay; clipboard-write; encrypted-media; gyroscope; picture-in-picture; web-share\" referrerpolicy=\"strict-origin-when-cross-origin\" allowfullscreen><\/iframe>\n<\/div><\/figure>\n\n\n\n<p>Durante la emergencia los organismos de socorro se mantuvieron activos en los Consejos Municipales y Departamental de Gesti\u00f3n del Riesgo y en el Puesto de Mando Unificado departamental; realizaron entregas de asistencia humanitaria, distribuci\u00f3n de agua potable, lavado de calles para permitir el regreso de las familias a sus hogares. Adem\u00e1s, los equipos de respuesta adelantaron acciones de b\u00fasqueda, rescate y evacuaci\u00f3n, con 9.507 personas evacuadas y apoyo a animales de compa\u00f1\u00eda, producci\u00f3n y silvestres.&nbsp;<\/p>\n\n\n\n<p>\u201cHoy tengo que darles las gracias a todos los que portan uniformes, a esos h\u00e9roes que se expusieron en la emergencia. Quiero felicitarlos por la celebraci\u00f3n de sus 59 a\u00f1os y darles las gracias por lo que hicieron por nuestro departamento. Sin ustedes, sin la Fuerza P\u00fablica, sin los organismos de socorro, no hubiese sido posible atender una situaci\u00f3n tan dura que afect\u00f3 a miles de familias en C\u00f3rdoba. Tienen la vida ganada\u201d, expres\u00f3 el mandatario.<\/p>\n\n\n\n<figure class=\"wp-block-image size-large\"><img loading=\"lazy\" decoding=\"async\" width=\"683\" height=\"1024\" src=\"https:\/\/turadio.com.co\/wp-content\/uploads\/2026\/04\/WhatsApp-Image-2026-04-27-at-12.47.48-PM-1-683x1024.jpeg\" alt=\"\" class=\"wp-image-5410\" srcset=\"https:\/\/turadio.com.co\/wp-content\/uploads\/2026\/04\/WhatsApp-Image-2026-04-27-at-12.47.48-PM-1-683x1024.jpeg 683w, https:\/\/turadio.com.co\/wp-content\/uploads\/2026\/04\/WhatsApp-Image-2026-04-27-at-12.47.48-PM-1-200x300.jpeg 200w, https:\/\/turadio.com.co\/wp-content\/uploads\/2026\/04\/WhatsApp-Image-2026-04-27-at-12.47.48-PM-1-768x1151.jpeg 768w, https:\/\/turadio.com.co\/wp-content\/uploads\/2026\/04\/WhatsApp-Image-2026-04-27-at-12.47.48-PM-1.jpeg 854w\" sizes=\"auto, (max-width: 683px) 100vw, 683px\" \/><\/figure>\n\n\n\n<p>El gobernador de C\u00f3rdoba tambi\u00e9n asegur\u00f3 que ya est\u00e1 garantizada una partida por $3.000 millones para fortalecer las capacidades de los organismos de socorro, especialmente de la Defensa Civil.<\/p>\n\n\n\n<p>Por su parte, la Defensa Civil Colombiana entreg\u00f3 una distinci\u00f3n al gobernador Erasmo Zuleta, en reconocimiento a su liderazgo, la coordinaci\u00f3n institucional y el trabajo en equipo que permiti\u00f3 atender de manera oportuna la emergencia.<\/p>\n\n\n\n<p>La Defensa Civil Colombiana conmemora 59 a\u00f1os de servicio en el pa\u00eds, consolid\u00e1ndose como una de las principales instituciones humanitarias, con miles de voluntarios que diariamente trabajan por la protecci\u00f3n de la vida y el bienestar de las comunidades.<\/p>\n","protected":false},"excerpt":{"rendered":"<p>Durante la conmemoraci\u00f3n de los 59 a\u00f1os de la Defensa Civil Colombiana, la Gobernaci\u00f3n de C\u00f3rdoba rindi\u00f3 un homenaje especial a los organismos de socorro y a la Fuerza P\u00fablica que fueron fundamentales en la atenci\u00f3n de la reciente emergencia ocasionada por las inundaciones en el departamento. El gobernador Erasmo Zuleta condecor\u00f3 a la Defensa&#8230;<\/p>\n","protected":false},"author":1,"featured_media":5409,"comment_status":"open","ping_status":"open","sticky":false,"template":"","format":"standard","meta":{"footnotes":""},"categories":[13],"tags":[],"class_list":["post-5408","post","type-post","status-publish","format-standard","has-post-thumbnail","hentry","category-cordoba"],"yoast_head":"<!-- This site is optimized with the Yoast SEO plugin v27.4 - https:\/\/yoast.com\/product\/yoast-seo-wordpress\/ -->\n<title>Gobernador Erasmo Zuleta condecor\u00f3 a organismos de socorro por su apoyo en la emergencia, en el aniversario de la Defensa Civil, y confirm\u00f3 inversi\u00f3n de $3.000 millones para fortalecer sus capacidades. - Tu Radio<\/title>\n<meta name=\"robots\" content=\"index, follow, max-snippet:-1, max-image-preview:large, max-video-preview:-1\" \/>\n<link rel=\"canonical\" href=\"https:\/\/turadio.com.co\/?p=5408\" \/>\n<meta property=\"og:locale\" content=\"es_ES\" \/>\n<meta property=\"og:type\" content=\"article\" \/>\n<meta property=\"og:title\" content=\"Gobernador Erasmo Zuleta condecor\u00f3 a organismos de socorro por su apoyo en la emergencia, en el aniversario de la Defensa Civil, y confirm\u00f3 inversi\u00f3n de $3.000 millones para fortalecer sus capacidades. - Tu Radio\" \/>\n<meta property=\"og:description\" content=\"Durante la conmemoraci\u00f3n de los 59 a\u00f1os de la Defensa Civil Colombiana, la Gobernaci\u00f3n de C\u00f3rdoba rindi\u00f3 un homenaje especial a los organismos de socorro y a la Fuerza P\u00fablica que fueron fundamentales en la atenci\u00f3n de la reciente emergencia ocasionada por las inundaciones en el departamento. El gobernador Erasmo Zuleta condecor\u00f3 a la Defensa...\" \/>\n<meta property=\"og:url\" content=\"https:\/\/turadio.com.co\/?p=5408\" \/>\n<meta property=\"og:site_name\" content=\"Tu Radio\" \/>\n<meta property=\"article:author\" content=\"https:\/\/www.facebook.com\/profile.php?id=100086306444643\" \/>\n<meta property=\"article:published_time\" content=\"2026-04-28T01:58:01+00:00\" \/>\n<meta property=\"article:modified_time\" content=\"2026-04-28T01:58:03+00:00\" \/>\n<meta property=\"og:image\" content=\"https:\/\/turadio.com.co\/wp-content\/uploads\/2026\/04\/WhatsApp-Image-2026-04-27-at-12.47.48-PM.jpeg\" \/>\n\t<meta property=\"og:image:width\" content=\"1280\" \/>\n\t<meta property=\"og:image:height\" content=\"854\" \/>\n\t<meta property=\"og:image:type\" content=\"image\/jpeg\" \/>\n<meta name=\"author\" content=\"turadio\" \/>\n<meta name=\"twitter:card\" content=\"summary_large_image\" \/>\n<meta name=\"twitter:label1\" content=\"Escrito por\" \/>\n\t<meta name=\"twitter:data1\" content=\"turadio\" \/>\n\t<meta name=\"twitter:label2\" content=\"Tiempo de lectura\" \/>\n\t<meta name=\"twitter:data2\" content=\"3 minutos\" \/>\n<script type=\"application\/ld+json\" class=\"yoast-schema-graph\">{\"@context\":\"https:\\\/\\\/schema.org\",\"@graph\":[{\"@type\":\"Article\",\"@id\":\"https:\\\/\\\/turadio.com.co\\\/?p=5408#article\",\"isPartOf\":{\"@id\":\"https:\\\/\\\/turadio.com.co\\\/?p=5408\"},\"author\":{\"name\":\"turadio\",\"@id\":\"https:\\\/\\\/turadio.com.co\\\/#\\\/schema\\\/person\\\/a336ad8dcc0120ef37278ad35b4f64fe\"},\"headline\":\"Gobernador Erasmo Zuleta condecor\u00f3 a organismos de socorro por su apoyo en la emergencia, en el aniversario de la Defensa Civil, y confirm\u00f3 inversi\u00f3n de $3.000 millones para fortalecer sus capacidades.\",\"datePublished\":\"2026-04-28T01:58:01+00:00\",\"dateModified\":\"2026-04-28T01:58:03+00:00\",\"mainEntityOfPage\":{\"@id\":\"https:\\\/\\\/turadio.com.co\\\/?p=5408\"},\"wordCount\":453,\"commentCount\":0,\"publisher\":{\"@id\":\"https:\\\/\\\/turadio.com.co\\\/#organization\"},\"image\":{\"@id\":\"https:\\\/\\\/turadio.com.co\\\/?p=5408#primaryimage\"},\"thumbnailUrl\":\"https:\\\/\\\/turadio.com.co\\\/wp-content\\\/uploads\\\/2026\\\/04\\\/WhatsApp-Image-2026-04-27-at-12.47.48-PM.jpeg\",\"articleSection\":[\"C\u00f3rdoba\"],\"inLanguage\":\"es\",\"potentialAction\":[{\"@type\":\"CommentAction\",\"name\":\"Comment\",\"target\":[\"https:\\\/\\\/turadio.com.co\\\/?p=5408#respond\"]}]},{\"@type\":\"WebPage\",\"@id\":\"https:\\\/\\\/turadio.com.co\\\/?p=5408\",\"url\":\"https:\\\/\\\/turadio.com.co\\\/?p=5408\",\"name\":\"Gobernador Erasmo Zuleta condecor\u00f3 a organismos de socorro por su apoyo en la emergencia, en el aniversario de la Defensa Civil, y confirm\u00f3 inversi\u00f3n de $3.000 millones para fortalecer sus capacidades. - Tu Radio\",\"isPartOf\":{\"@id\":\"https:\\\/\\\/turadio.com.co\\\/#website\"},\"primaryImageOfPage\":{\"@id\":\"https:\\\/\\\/turadio.com.co\\\/?p=5408#primaryimage\"},\"image\":{\"@id\":\"https:\\\/\\\/turadio.com.co\\\/?p=5408#primaryimage\"},\"thumbnailUrl\":\"https:\\\/\\\/turadio.com.co\\\/wp-content\\\/uploads\\\/2026\\\/04\\\/WhatsApp-Image-2026-04-27-at-12.47.48-PM.jpeg\",\"datePublished\":\"2026-04-28T01:58:01+00:00\",\"dateModified\":\"2026-04-28T01:58:03+00:00\",\"breadcrumb\":{\"@id\":\"https:\\\/\\\/turadio.com.co\\\/?p=5408#breadcrumb\"},\"inLanguage\":\"es\",\"potentialAction\":[{\"@type\":\"ReadAction\",\"target\":[\"https:\\\/\\\/turadio.com.co\\\/?p=5408\"]}]},{\"@type\":\"ImageObject\",\"inLanguage\":\"es\",\"@id\":\"https:\\\/\\\/turadio.com.co\\\/?p=5408#primaryimage\",\"url\":\"https:\\\/\\\/turadio.com.co\\\/wp-content\\\/uploads\\\/2026\\\/04\\\/WhatsApp-Image-2026-04-27-at-12.47.48-PM.jpeg\",\"contentUrl\":\"https:\\\/\\\/turadio.com.co\\\/wp-content\\\/uploads\\\/2026\\\/04\\\/WhatsApp-Image-2026-04-27-at-12.47.48-PM.jpeg\",\"width\":1280,\"height\":854},{\"@type\":\"BreadcrumbList\",\"@id\":\"https:\\\/\\\/turadio.com.co\\\/?p=5408#breadcrumb\",\"itemListElement\":[{\"@type\":\"ListItem\",\"position\":1,\"name\":\"Portada\",\"item\":\"https:\\\/\\\/turadio.com.co\\\/\"},{\"@type\":\"ListItem\",\"position\":2,\"name\":\"Gobernador Erasmo Zuleta condecor\u00f3 a organismos de socorro por su apoyo en la emergencia, en el aniversario de la Defensa Civil, y confirm\u00f3 inversi\u00f3n de $3.000 millones para fortalecer sus capacidades.\"}]},{\"@type\":\"WebSite\",\"@id\":\"https:\\\/\\\/turadio.com.co\\\/#website\",\"url\":\"https:\\\/\\\/turadio.com.co\\\/\",\"name\":\"Tu Radio\",\"description\":\"\",\"publisher\":{\"@id\":\"https:\\\/\\\/turadio.com.co\\\/#organization\"},\"potentialAction\":[{\"@type\":\"SearchAction\",\"target\":{\"@type\":\"EntryPoint\",\"urlTemplate\":\"https:\\\/\\\/turadio.com.co\\\/?s={search_term_string}\"},\"query-input\":{\"@type\":\"PropertyValueSpecification\",\"valueRequired\":true,\"valueName\":\"search_term_string\"}}],\"inLanguage\":\"es\"},{\"@type\":\"Organization\",\"@id\":\"https:\\\/\\\/turadio.com.co\\\/#organization\",\"name\":\"Tu Radio\",\"url\":\"https:\\\/\\\/turadio.com.co\\\/\",\"logo\":{\"@type\":\"ImageObject\",\"inLanguage\":\"es\",\"@id\":\"https:\\\/\\\/turadio.com.co\\\/#\\\/schema\\\/logo\\\/image\\\/\",\"url\":\"https:\\\/\\\/turadio.com.co\\\/wp-content\\\/uploads\\\/2025\\\/07\\\/logo.png\",\"contentUrl\":\"https:\\\/\\\/turadio.com.co\\\/wp-content\\\/uploads\\\/2025\\\/07\\\/logo.png\",\"width\":366,\"height\":91,\"caption\":\"Tu Radio\"},\"image\":{\"@id\":\"https:\\\/\\\/turadio.com.co\\\/#\\\/schema\\\/logo\\\/image\\\/\"}},{\"@type\":\"Person\",\"@id\":\"https:\\\/\\\/turadio.com.co\\\/#\\\/schema\\\/person\\\/a336ad8dcc0120ef37278ad35b4f64fe\",\"name\":\"turadio\",\"image\":{\"@type\":\"ImageObject\",\"inLanguage\":\"es\",\"@id\":\"https:\\\/\\\/secure.gravatar.com\\\/avatar\\\/e905fb228be0ae401b494278f04ccb4a7d2e839822ca560083e0b3a15f6c8669?s=96&d=mm&r=g\",\"url\":\"https:\\\/\\\/secure.gravatar.com\\\/avatar\\\/e905fb228be0ae401b494278f04ccb4a7d2e839822ca560083e0b3a15f6c8669?s=96&d=mm&r=g\",\"contentUrl\":\"https:\\\/\\\/secure.gravatar.com\\\/avatar\\\/e905fb228be0ae401b494278f04ccb4a7d2e839822ca560083e0b3a15f6c8669?s=96&d=mm&r=g\",\"caption\":\"turadio\"},\"sameAs\":[\"https:\\\/\\\/turadio.com.co\",\"https:\\\/\\\/www.facebook.com\\\/profile.php?id=100086306444643\",\"https:\\\/\\\/www.instagram.com\\\/turadio23\\\/\",\"https:\\\/\\\/www.youtube.com\\\/@TuRadiomonteria\"],\"url\":\"https:\\\/\\\/turadio.com.co\\\/?author=1\"}]}<\/script>\n<!-- \/ Yoast SEO plugin. -->","yoast_head_json":{"title":"Gobernador Erasmo Zuleta condecor\u00f3 a organismos de socorro por su apoyo en la emergencia, en el aniversario de la Defensa Civil, y confirm\u00f3 inversi\u00f3n de $3.000 millones para fortalecer sus capacidades. - Tu Radio","robots":{"index":"index","follow":"follow","max-snippet":"max-snippet:-1","max-image-preview":"max-image-preview:large","max-video-preview":"max-video-preview:-1"},"canonical":"https:\/\/turadio.com.co\/?p=5408","og_locale":"es_ES","og_type":"article","og_title":"Gobernador Erasmo Zuleta condecor\u00f3 a organismos de socorro por su apoyo en la emergencia, en el aniversario de la Defensa Civil, y confirm\u00f3 inversi\u00f3n de $3.000 millones para fortalecer sus capacidades. - Tu Radio","og_description":"Durante la conmemoraci\u00f3n de los 59 a\u00f1os de la Defensa Civil Colombiana, la Gobernaci\u00f3n de C\u00f3rdoba rindi\u00f3 un homenaje especial a los organismos de socorro y a la Fuerza P\u00fablica que fueron fundamentales en la atenci\u00f3n de la reciente emergencia ocasionada por las inundaciones en el departamento. El gobernador Erasmo Zuleta condecor\u00f3 a la Defensa...","og_url":"https:\/\/turadio.com.co\/?p=5408","og_site_name":"Tu Radio","article_author":"https:\/\/www.facebook.com\/profile.php?id=100086306444643","article_published_time":"2026-04-28T01:58:01+00:00","article_modified_time":"2026-04-28T01:58:03+00:00","og_image":[{"width":1280,"height":854,"url":"https:\/\/turadio.com.co\/wp-content\/uploads\/2026\/04\/WhatsApp-Image-2026-04-27-at-12.47.48-PM.jpeg","type":"image\/jpeg"}],"author":"turadio","twitter_card":"summary_large_image","twitter_misc":{"Escrito por":"turadio","Tiempo de lectura":"3 minutos"},"schema":{"@context":"https:\/\/schema.org","@graph":[{"@type":"Article","@id":"https:\/\/turadio.com.co\/?p=5408#article","isPartOf":{"@id":"https:\/\/turadio.com.co\/?p=5408"},"author":{"name":"turadio","@id":"https:\/\/turadio.com.co\/#\/schema\/person\/a336ad8dcc0120ef37278ad35b4f64fe"},"headline":"Gobernador Erasmo Zuleta condecor\u00f3 a organismos de socorro por su apoyo en la emergencia, en el aniversario de la Defensa Civil, y confirm\u00f3 inversi\u00f3n de $3.000 millones para fortalecer sus capacidades.","datePublished":"2026-04-28T01:58:01+00:00","dateModified":"2026-04-28T01:58:03+00:00","mainEntityOfPage":{"@id":"https:\/\/turadio.com.co\/?p=5408"},"wordCount":453,"commentCount":0,"publisher":{"@id":"https:\/\/turadio.com.co\/#organization"},"image":{"@id":"https:\/\/turadio.com.co\/?p=5408#primaryimage"},"thumbnailUrl":"https:\/\/turadio.com.co\/wp-content\/uploads\/2026\/04\/WhatsApp-Image-2026-04-27-at-12.47.48-PM.jpeg","articleSection":["C\u00f3rdoba"],"inLanguage":"es","potentialAction":[{"@type":"CommentAction","name":"Comment","target":["https:\/\/turadio.com.co\/?p=5408#respond"]}]},{"@type":"WebPage","@id":"https:\/\/turadio.com.co\/?p=5408","url":"https:\/\/turadio.com.co\/?p=5408","name":"Gobernador Erasmo Zuleta condecor\u00f3 a organismos de socorro por su apoyo en la emergencia, en el aniversario de la Defensa Civil, y confirm\u00f3 inversi\u00f3n de $3.000 millones para fortalecer sus capacidades. - Tu Radio","isPartOf":{"@id":"https:\/\/turadio.com.co\/#website"},"primaryImageOfPage":{"@id":"https:\/\/turadio.com.co\/?p=5408#primaryimage"},"image":{"@id":"https:\/\/turadio.com.co\/?p=5408#primaryimage"},"thumbnailUrl":"https:\/\/turadio.com.co\/wp-content\/uploads\/2026\/04\/WhatsApp-Image-2026-04-27-at-12.47.48-PM.jpeg","datePublished":"2026-04-28T01:58:01+00:00","dateModified":"2026-04-28T01:58:03+00:00","breadcrumb":{"@id":"https:\/\/turadio.com.co\/?p=5408#breadcrumb"},"inLanguage":"es","potentialAction":[{"@type":"ReadAction","target":["https:\/\/turadio.com.co\/?p=5408"]}]},{"@type":"ImageObject","inLanguage":"es","@id":"https:\/\/turadio.com.co\/?p=5408#primaryimage","url":"https:\/\/turadio.com.co\/wp-content\/uploads\/2026\/04\/WhatsApp-Image-2026-04-27-at-12.47.48-PM.jpeg","contentUrl":"https:\/\/turadio.com.co\/wp-content\/uploads\/2026\/04\/WhatsApp-Image-2026-04-27-at-12.47.48-PM.jpeg","width":1280,"height":854},{"@type":"BreadcrumbList","@id":"https:\/\/turadio.com.co\/?p=5408#breadcrumb","itemListElement":[{"@type":"ListItem","position":1,"name":"Portada","item":"https:\/\/turadio.com.co\/"},{"@type":"ListItem","position":2,"name":"Gobernador Erasmo Zuleta condecor\u00f3 a organismos de socorro por su apoyo en la emergencia, en el aniversario de la Defensa Civil, y confirm\u00f3 inversi\u00f3n de $3.000 millones para fortalecer sus capacidades."}]},{"@type":"WebSite","@id":"https:\/\/turadio.com.co\/#website","url":"https:\/\/turadio.com.co\/","name":"Tu Radio","description":"","publisher":{"@id":"https:\/\/turadio.com.co\/#organization"},"potentialAction":[{"@type":"SearchAction","target":{"@type":"EntryPoint","urlTemplate":"https:\/\/turadio.com.co\/?s={search_term_string}"},"query-input":{"@type":"PropertyValueSpecification","valueRequired":true,"valueName":"search_term_string"}}],"inLanguage":"es"},{"@type":"Organization","@id":"https:\/\/turadio.com.co\/#organization","name":"Tu Radio","url":"https:\/\/turadio.com.co\/","logo":{"@type":"ImageObject","inLanguage":"es","@id":"https:\/\/turadio.com.co\/#\/schema\/logo\/image\/","url":"https:\/\/turadio.com.co\/wp-content\/uploads\/2025\/07\/logo.png","contentUrl":"https:\/\/turadio.com.co\/wp-content\/uploads\/2025\/07\/logo.png","width":366,"height":91,"caption":"Tu Radio"},"image":{"@id":"https:\/\/turadio.com.co\/#\/schema\/logo\/image\/"}},{"@type":"Person","@id":"https:\/\/turadio.com.co\/#\/schema\/person\/a336ad8dcc0120ef37278ad35b4f64fe","name":"turadio","image":{"@type":"ImageObject","inLanguage":"es","@id":"https:\/\/secure.gravatar.com\/avatar\/e905fb228be0ae401b494278f04ccb4a7d2e839822ca560083e0b3a15f6c8669?s=96&d=mm&r=g","url":"https:\/\/secure.gravatar.com\/avatar\/e905fb228be0ae401b494278f04ccb4a7d2e839822ca560083e0b3a15f6c8669?s=96&d=mm&r=g","contentUrl":"https:\/\/secure.gravatar.com\/avatar\/e905fb228be0ae401b494278f04ccb4a7d2e839822ca560083e0b3a15f6c8669?s=96&d=mm&r=g","caption":"turadio"},"sameAs":["https:\/\/turadio.com.co","https:\/\/www.facebook.com\/profile.php?id=100086306444643","https:\/\/www.instagram.com\/turadio23\/","https:\/\/www.youtube.com\/@TuRadiomonteria"],"url":"https:\/\/turadio.com.co\/?author=1"}]}},"_links":{"self":[{"href":"https:\/\/turadio.com.co\/index.php?rest_route=\/wp\/v2\/posts\/5408","targetHints":{"allow":["GET"]}}],"collection":[{"href":"https:\/\/turadio.com.co\/index.php?rest_route=\/wp\/v2\/posts"}],"about":[{"href":"https:\/\/turadio.com.co\/index.php?rest_route=\/wp\/v2\/types\/post"}],"author":[{"embeddable":true,"href":"https:\/\/turadio.com.co\/index.php?rest_route=\/wp\/v2\/users\/1"}],"replies":[{"embeddable":true,"href":"https:\/\/turadio.com.co\/index.php?rest_route=%2Fwp%2Fv2%2Fcomments&post=5408"}],"version-history":[{"count":1,"href":"https:\/\/turadio.com.co\/index.php?rest_route=\/wp\/v2\/posts\/5408\/revisions"}],"predecessor-version":[{"id":5411,"href":"https:\/\/turadio.com.co\/index.php?rest_route=\/wp\/v2\/posts\/5408\/revisions\/5411"}],"wp:featuredmedia":[{"embeddable":true,"href":"https:\/\/turadio.com.co\/index.php?rest_route=\/wp\/v2\/media\/5409"}],"wp:attachment":[{"href":"https:\/\/turadio.com.co\/index.php?rest_route=%2Fwp%2Fv2%2Fmedia&parent=5408"}],"wp:term":[{"taxonomy":"category","embeddable":true,"href":"https:\/\/turadio.com.co\/index.php?rest_route=%2Fwp%2Fv2%2Fcategories&post=5408"},{"taxonomy":"post_tag","embeddable":true,"href":"https:\/\/turadio.com.co\/index.php?rest_route=%2Fwp%2Fv2%2Ftags&post=5408"}],"curies":[{"name":"wp","href":"https:\/\/api.w.org\/{rel}","templated":true}]}}