{"id":5412,"date":"2026-04-28T02:02:43","date_gmt":"2026-04-28T02:02:43","guid":{"rendered":"https:\/\/turadio.com.co\/?p=5412"},"modified":"2026-04-28T02:02:46","modified_gmt":"2026-04-28T02:02:46","slug":"legado-ambiental-alcalde-hugo-kerguelen-puso-la-primera-piedra-del-parque-botanico-las-lagunas-monteria-empieza-a-construir-un-nuevo-pulmon-verde","status":"publish","type":"post","link":"https:\/\/turadio.com.co\/?p=5412","title":{"rendered":"Legado ambiental: Alcalde Hugo Kerguel\u00e9n puso la primera piedra del Parque Bot\u00e1nico Las Lagunas; Monter\u00eda empieza a construir un nuevo pulm\u00f3n verde."},"content":{"rendered":"\n<p>El alcalde de Monter\u00eda, Hugo Kerguel\u00e9n Garc\u00eda, dio un paso hist\u00f3rico hacia la transformaci\u00f3n ambiental y urbana de Monter\u00eda con la colocaci\u00f3n de la primera piedra del Parque Bot\u00e1nico Las Lagunas, un proyecto que se convertir\u00e1 en el nuevo pulm\u00f3n verde de la ciudad y en un referente de sostenibilidad en Colombia.<\/p>\n\n\n\n<figure class=\"wp-block-image size-large\"><img loading=\"lazy\" decoding=\"async\" width=\"1024\" height=\"683\" src=\"https:\/\/turadio.com.co\/wp-content\/uploads\/2026\/04\/WhatsApp-Image-2026-04-27-at-1.30.50-PM-2-1024x683.jpeg\" alt=\"\" class=\"wp-image-5414\" srcset=\"https:\/\/turadio.com.co\/wp-content\/uploads\/2026\/04\/WhatsApp-Image-2026-04-27-at-1.30.50-PM-2-1024x683.jpeg 1024w, https:\/\/turadio.com.co\/wp-content\/uploads\/2026\/04\/WhatsApp-Image-2026-04-27-at-1.30.50-PM-2-300x200.jpeg 300w, https:\/\/turadio.com.co\/wp-content\/uploads\/2026\/04\/WhatsApp-Image-2026-04-27-at-1.30.50-PM-2-768x512.jpeg 768w, https:\/\/turadio.com.co\/wp-content\/uploads\/2026\/04\/WhatsApp-Image-2026-04-27-at-1.30.50-PM-2-600x400.jpeg 600w, https:\/\/turadio.com.co\/wp-content\/uploads\/2026\/04\/WhatsApp-Image-2026-04-27-at-1.30.50-PM-2.jpeg 1280w\" sizes=\"auto, (max-width: 1024px) 100vw, 1024px\" \/><\/figure>\n\n\n\n<p>\u201cHoy no estamos iniciando una obra. Hoy estamos tomando una decisi\u00f3n de ciudad. Una decisi\u00f3n que habla de qui\u00e9nes somos hoy y, sobre todo, de qui\u00e9nes queremos ser ma\u00f1ana\u201d, expres\u00f3 el alcalde Hugo Kerguel\u00e9n Garc\u00eda durante el acto de inicio del proyecto.<\/p>\n\n\n\n<p>La iniciativa se desarrollar\u00e1 en un \u00e1rea de 120.000 metros cuadrados y generar\u00e1 233 empleos, entre directos e indirectos, contribuyendo a la dinamizaci\u00f3n econ\u00f3mica de la ciudad.<\/p>\n\n\n\n<figure class=\"wp-block-image size-large\"><img loading=\"lazy\" decoding=\"async\" width=\"1024\" height=\"683\" src=\"https:\/\/turadio.com.co\/wp-content\/uploads\/2026\/04\/WhatsApp-Image-2026-04-27-at-1.30.50-PM-1-1024x683.jpeg\" alt=\"\" class=\"wp-image-5415\" srcset=\"https:\/\/turadio.com.co\/wp-content\/uploads\/2026\/04\/WhatsApp-Image-2026-04-27-at-1.30.50-PM-1-1024x683.jpeg 1024w, https:\/\/turadio.com.co\/wp-content\/uploads\/2026\/04\/WhatsApp-Image-2026-04-27-at-1.30.50-PM-1-300x200.jpeg 300w, https:\/\/turadio.com.co\/wp-content\/uploads\/2026\/04\/WhatsApp-Image-2026-04-27-at-1.30.50-PM-1-768x512.jpeg 768w, https:\/\/turadio.com.co\/wp-content\/uploads\/2026\/04\/WhatsApp-Image-2026-04-27-at-1.30.50-PM-1-600x400.jpeg 600w, https:\/\/turadio.com.co\/wp-content\/uploads\/2026\/04\/WhatsApp-Image-2026-04-27-at-1.30.50-PM-1.jpeg 1280w\" sizes=\"auto, (max-width: 1024px) 100vw, 1024px\" \/><\/figure>\n\n\n\n<p>Kerguel\u00e9n Garc\u00eda destac\u00f3 el enfoque de largo plazo de esta obra, se\u00f1alando que \u201cgobernar no es pensar solo en el corto plazo ni en el aplauso inmediato. Gobernar es tomar decisiones que construyan ciudad, incluso cuando no son f\u00e1ciles ni pol\u00edticamente rentables\u201d.<\/p>\n\n\n\n<p>El Parque Las Lagunas se construir\u00e1 en un espacio que durante a\u00f1os fue un pasivo ambiental para Monter\u00eda, donde funcionaban antiguas lagunas de oxidaci\u00f3n. \u201cEste proyecto es la decisi\u00f3n de transformar un problema hist\u00f3rico en una oportunidad para la vida, la sostenibilidad y el desarrollo\u201d, afirm\u00f3 el alcalde.<\/p>\n\n\n\n<figure class=\"wp-block-image size-large\"><img loading=\"lazy\" decoding=\"async\" width=\"1024\" height=\"683\" src=\"https:\/\/turadio.com.co\/wp-content\/uploads\/2026\/04\/WhatsApp-Image-2026-04-27-at-1.30.52-PM-1024x683.jpeg\" alt=\"\" class=\"wp-image-5416\" srcset=\"https:\/\/turadio.com.co\/wp-content\/uploads\/2026\/04\/WhatsApp-Image-2026-04-27-at-1.30.52-PM-1024x683.jpeg 1024w, https:\/\/turadio.com.co\/wp-content\/uploads\/2026\/04\/WhatsApp-Image-2026-04-27-at-1.30.52-PM-300x200.jpeg 300w, https:\/\/turadio.com.co\/wp-content\/uploads\/2026\/04\/WhatsApp-Image-2026-04-27-at-1.30.52-PM-768x512.jpeg 768w, https:\/\/turadio.com.co\/wp-content\/uploads\/2026\/04\/WhatsApp-Image-2026-04-27-at-1.30.52-PM-600x400.jpeg 600w, https:\/\/turadio.com.co\/wp-content\/uploads\/2026\/04\/WhatsApp-Image-2026-04-27-at-1.30.52-PM.jpeg 1280w\" sizes=\"auto, (max-width: 1024px) 100vw, 1024px\" \/><\/figure>\n\n\n\n<p>El dise\u00f1o del parque integra naturaleza, urbanismo y comunidad a trav\u00e9s de una distribuci\u00f3n en nueve c\u00e1psulas tem\u00e1ticas, que incluyen zonas de acceso, eventos, jard\u00edn bot\u00e1nico, espacios deportivos, vivero, santuario de fauna, \u00e1reas de protecci\u00f3n ecol\u00f3gica y un sistema de lagunas que ser\u00e1 el eje estructurante del paisaje.<\/p>\n\n\n\n<p>\u201cCon este proyecto no solo dise\u00f1amos un parque, sino una visi\u00f3n: un espacio m\u00e1s verde, m\u00e1s vivo y m\u00e1s humano; con agua, biodiversidad, cultura, deporte y lugares para el encuentro ciudadano\u201d, explic\u00f3 el mandatario.<\/p>\n\n\n\n<p>Adem\u00e1s, el parque contar\u00e1 con una completa infraestructura que incluye 13 tipos de edificaciones, un mariposario, un puente peatonal elevado y un mirador, concebidos para promover la educaci\u00f3n ambiental, la recreaci\u00f3n y la contemplaci\u00f3n de la biodiversidad.<\/p>\n\n\n\n<figure class=\"wp-block-image size-large\"><img loading=\"lazy\" decoding=\"async\" width=\"1024\" height=\"683\" src=\"https:\/\/turadio.com.co\/wp-content\/uploads\/2026\/04\/WhatsApp-Image-2026-04-27-at-1.30.51-PM-2-1024x683.jpeg\" alt=\"\" class=\"wp-image-5417\" srcset=\"https:\/\/turadio.com.co\/wp-content\/uploads\/2026\/04\/WhatsApp-Image-2026-04-27-at-1.30.51-PM-2-1024x683.jpeg 1024w, https:\/\/turadio.com.co\/wp-content\/uploads\/2026\/04\/WhatsApp-Image-2026-04-27-at-1.30.51-PM-2-300x200.jpeg 300w, https:\/\/turadio.com.co\/wp-content\/uploads\/2026\/04\/WhatsApp-Image-2026-04-27-at-1.30.51-PM-2-768x512.jpeg 768w, https:\/\/turadio.com.co\/wp-content\/uploads\/2026\/04\/WhatsApp-Image-2026-04-27-at-1.30.51-PM-2-600x400.jpeg 600w, https:\/\/turadio.com.co\/wp-content\/uploads\/2026\/04\/WhatsApp-Image-2026-04-27-at-1.30.51-PM-2.jpeg 1280w\" sizes=\"auto, (max-width: 1024px) 100vw, 1024px\" \/><\/figure>\n\n\n\n<p>El componente ambiental ser\u00e1 uno de los pilares del proyecto, con acciones orientadas a la recuperaci\u00f3n del suelo, la consolidaci\u00f3n de \u00e1reas verdes, la protecci\u00f3n de la fauna y la integraci\u00f3n ecol\u00f3gica del parque con su entorno urbano.<\/p>\n\n\n\n<p>En ese sentido, el alcalde hizo \u00e9nfasis en los desaf\u00edos clim\u00e1ticos que enfrentan las ciudades: \u201cSi las ciudades no ponen la naturaleza en el centro, est\u00e1n condenadas al fracaso. M\u00e1s a\u00fan ciudades como la nuestra, con altas temperaturas y retos crecientes del cambio clim\u00e1tico\u201d.<\/p>\n\n\n\n<p>Entre las obras a ejecutar se destacan la construcci\u00f3n de senderos peatonales, plazoletas, zonas de encuentro, instalaci\u00f3n de redes el\u00e9ctricas e iluminaci\u00f3n, as\u00ed como procesos de paisajismo, arborizaci\u00f3n y estabilizaci\u00f3n de terrenos, garantizando un espacio sostenible y de alto valor ambiental.<\/p>\n\n\n\n<p>El proyecto tambi\u00e9n marca el inicio de un modelo de desarrollo urbano que prioriza la sostenibilidad. \u201cHoy iniciamos un nuevo hito de urbanismo en Monter\u00eda, un modelo donde el desarrollo ocurre con la naturaleza en el centro\u201d, puntualiz\u00f3 el alcalde.<\/p>\n\n\n\n<figure class=\"wp-block-image size-large\"><img loading=\"lazy\" decoding=\"async\" width=\"1024\" height=\"683\" src=\"https:\/\/turadio.com.co\/wp-content\/uploads\/2026\/04\/WhatsApp-Image-2026-04-27-at-1.30.51-PM-1-1024x683.jpeg\" alt=\"\" class=\"wp-image-5418\" srcset=\"https:\/\/turadio.com.co\/wp-content\/uploads\/2026\/04\/WhatsApp-Image-2026-04-27-at-1.30.51-PM-1-1024x683.jpeg 1024w, https:\/\/turadio.com.co\/wp-content\/uploads\/2026\/04\/WhatsApp-Image-2026-04-27-at-1.30.51-PM-1-300x200.jpeg 300w, https:\/\/turadio.com.co\/wp-content\/uploads\/2026\/04\/WhatsApp-Image-2026-04-27-at-1.30.51-PM-1-768x512.jpeg 768w, https:\/\/turadio.com.co\/wp-content\/uploads\/2026\/04\/WhatsApp-Image-2026-04-27-at-1.30.51-PM-1-600x400.jpeg 600w, https:\/\/turadio.com.co\/wp-content\/uploads\/2026\/04\/WhatsApp-Image-2026-04-27-at-1.30.51-PM-1.jpeg 1280w\" sizes=\"auto, (max-width: 1024px) 100vw, 1024px\" \/><\/figure>\n\n\n\n<p>Asimismo, resalt\u00f3 el car\u00e1cter colectivo de esta obra: \u201cEste proyecto no es de un alcalde, es de una ciudad. Como la Ronda del Sin\u00fa, construida por distintas administraciones. Porque cuando una idea es poderosa, se pone por encima de cualquier inter\u00e9s\u201d.<\/p>\n\n\n\n<p>La construcci\u00f3n del Parque Bot\u00e1nico Las Lagunas marca el inicio de una nueva etapa para Monter\u00eda, en la que el desarrollo urbano avanza de la mano con la sostenibilidad, consolidando espacios que mejoran la calidad de vida de los ciudadanos y fortalecen la relaci\u00f3n de la ciudad con su entorno natural.<\/p>\n\n\n\n<p>\u201cHoy no solo iniciamos un parque. Hoy sembramos futuro, protegemos a Monter\u00eda y construimos una ciudad m\u00e1s humana que convive con la naturaleza\u201d, concluy\u00f3 el alcalde.<\/p>\n","protected":false},"excerpt":{"rendered":"<p>El alcalde de Monter\u00eda, Hugo Kerguel\u00e9n Garc\u00eda, dio un paso hist\u00f3rico hacia la transformaci\u00f3n ambiental y urbana de Monter\u00eda con la colocaci\u00f3n de la primera piedra del Parque Bot\u00e1nico Las Lagunas, un proyecto que se convertir\u00e1 en el nuevo pulm\u00f3n verde de la ciudad y en un referente de sostenibilidad en Colombia. \u201cHoy no estamos&#8230;<\/p>\n","protected":false},"author":1,"featured_media":5413,"comment_status":"open","ping_status":"open","sticky":false,"template":"","format":"standard","meta":{"footnotes":""},"categories":[14],"tags":[],"class_list":["post-5412","post","type-post","status-publish","format-standard","has-post-thumbnail","hentry","category-monteria"],"yoast_head":"<!-- This site is optimized with the Yoast SEO plugin v27.4 - https:\/\/yoast.com\/product\/yoast-seo-wordpress\/ -->\n<title>Legado ambiental: Alcalde Hugo Kerguel\u00e9n puso la primera piedra del Parque Bot\u00e1nico Las Lagunas; Monter\u00eda empieza a construir un nuevo pulm\u00f3n verde. - Tu Radio<\/title>\n<meta name=\"robots\" content=\"index, follow, max-snippet:-1, max-image-preview:large, max-video-preview:-1\" \/>\n<link rel=\"canonical\" href=\"https:\/\/turadio.com.co\/?p=5412\" \/>\n<meta property=\"og:locale\" content=\"es_ES\" \/>\n<meta property=\"og:type\" content=\"article\" \/>\n<meta property=\"og:title\" content=\"Legado ambiental: Alcalde Hugo Kerguel\u00e9n puso la primera piedra del Parque Bot\u00e1nico Las Lagunas; Monter\u00eda empieza a construir un nuevo pulm\u00f3n verde. - Tu Radio\" \/>\n<meta property=\"og:description\" content=\"El alcalde de Monter\u00eda, Hugo Kerguel\u00e9n Garc\u00eda, dio un paso hist\u00f3rico hacia la transformaci\u00f3n ambiental y urbana de Monter\u00eda con la colocaci\u00f3n de la primera piedra del Parque Bot\u00e1nico Las Lagunas, un proyecto que se convertir\u00e1 en el nuevo pulm\u00f3n verde de la ciudad y en un referente de sostenibilidad en Colombia. \u201cHoy no estamos...\" \/>\n<meta property=\"og:url\" content=\"https:\/\/turadio.com.co\/?p=5412\" \/>\n<meta property=\"og:site_name\" content=\"Tu Radio\" \/>\n<meta property=\"article:author\" content=\"https:\/\/www.facebook.com\/profile.php?id=100086306444643\" \/>\n<meta property=\"article:published_time\" content=\"2026-04-28T02:02:43+00:00\" \/>\n<meta property=\"article:modified_time\" content=\"2026-04-28T02:02:46+00:00\" \/>\n<meta property=\"og:image\" content=\"https:\/\/turadio.com.co\/wp-content\/uploads\/2026\/04\/WhatsApp-Image-2026-04-27-at-1.30.50-PM.jpeg\" \/>\n\t<meta property=\"og:image:width\" content=\"1280\" \/>\n\t<meta property=\"og:image:height\" content=\"854\" \/>\n\t<meta property=\"og:image:type\" content=\"image\/jpeg\" \/>\n<meta name=\"author\" content=\"turadio\" \/>\n<meta name=\"twitter:card\" content=\"summary_large_image\" \/>\n<meta name=\"twitter:label1\" content=\"Escrito por\" \/>\n\t<meta name=\"twitter:data1\" content=\"turadio\" \/>\n\t<meta name=\"twitter:label2\" content=\"Tiempo de lectura\" \/>\n\t<meta name=\"twitter:data2\" content=\"5 minutos\" \/>\n<script type=\"application\/ld+json\" class=\"yoast-schema-graph\">{\"@context\":\"https:\\\/\\\/schema.org\",\"@graph\":[{\"@type\":\"Article\",\"@id\":\"https:\\\/\\\/turadio.com.co\\\/?p=5412#article\",\"isPartOf\":{\"@id\":\"https:\\\/\\\/turadio.com.co\\\/?p=5412\"},\"author\":{\"name\":\"turadio\",\"@id\":\"https:\\\/\\\/turadio.com.co\\\/#\\\/schema\\\/person\\\/a336ad8dcc0120ef37278ad35b4f64fe\"},\"headline\":\"Legado ambiental: Alcalde Hugo Kerguel\u00e9n puso la primera piedra del Parque Bot\u00e1nico Las Lagunas; Monter\u00eda empieza a construir un nuevo pulm\u00f3n verde.\",\"datePublished\":\"2026-04-28T02:02:43+00:00\",\"dateModified\":\"2026-04-28T02:02:46+00:00\",\"mainEntityOfPage\":{\"@id\":\"https:\\\/\\\/turadio.com.co\\\/?p=5412\"},\"wordCount\":707,\"commentCount\":0,\"publisher\":{\"@id\":\"https:\\\/\\\/turadio.com.co\\\/#organization\"},\"image\":{\"@id\":\"https:\\\/\\\/turadio.com.co\\\/?p=5412#primaryimage\"},\"thumbnailUrl\":\"https:\\\/\\\/turadio.com.co\\\/wp-content\\\/uploads\\\/2026\\\/04\\\/WhatsApp-Image-2026-04-27-at-1.30.50-PM.jpeg\",\"articleSection\":[\"Monter\u00eda\"],\"inLanguage\":\"es\",\"potentialAction\":[{\"@type\":\"CommentAction\",\"name\":\"Comment\",\"target\":[\"https:\\\/\\\/turadio.com.co\\\/?p=5412#respond\"]}]},{\"@type\":\"WebPage\",\"@id\":\"https:\\\/\\\/turadio.com.co\\\/?p=5412\",\"url\":\"https:\\\/\\\/turadio.com.co\\\/?p=5412\",\"name\":\"Legado ambiental: Alcalde Hugo Kerguel\u00e9n puso la primera piedra del Parque Bot\u00e1nico Las Lagunas; Monter\u00eda empieza a construir un nuevo pulm\u00f3n verde. - Tu Radio\",\"isPartOf\":{\"@id\":\"https:\\\/\\\/turadio.com.co\\\/#website\"},\"primaryImageOfPage\":{\"@id\":\"https:\\\/\\\/turadio.com.co\\\/?p=5412#primaryimage\"},\"image\":{\"@id\":\"https:\\\/\\\/turadio.com.co\\\/?p=5412#primaryimage\"},\"thumbnailUrl\":\"https:\\\/\\\/turadio.com.co\\\/wp-content\\\/uploads\\\/2026\\\/04\\\/WhatsApp-Image-2026-04-27-at-1.30.50-PM.jpeg\",\"datePublished\":\"2026-04-28T02:02:43+00:00\",\"dateModified\":\"2026-04-28T02:02:46+00:00\",\"breadcrumb\":{\"@id\":\"https:\\\/\\\/turadio.com.co\\\/?p=5412#breadcrumb\"},\"inLanguage\":\"es\",\"potentialAction\":[{\"@type\":\"ReadAction\",\"target\":[\"https:\\\/\\\/turadio.com.co\\\/?p=5412\"]}]},{\"@type\":\"ImageObject\",\"inLanguage\":\"es\",\"@id\":\"https:\\\/\\\/turadio.com.co\\\/?p=5412#primaryimage\",\"url\":\"https:\\\/\\\/turadio.com.co\\\/wp-content\\\/uploads\\\/2026\\\/04\\\/WhatsApp-Image-2026-04-27-at-1.30.50-PM.jpeg\",\"contentUrl\":\"https:\\\/\\\/turadio.com.co\\\/wp-content\\\/uploads\\\/2026\\\/04\\\/WhatsApp-Image-2026-04-27-at-1.30.50-PM.jpeg\",\"width\":1280,\"height\":854},{\"@type\":\"BreadcrumbList\",\"@id\":\"https:\\\/\\\/turadio.com.co\\\/?p=5412#breadcrumb\",\"itemListElement\":[{\"@type\":\"ListItem\",\"position\":1,\"name\":\"Portada\",\"item\":\"https:\\\/\\\/turadio.com.co\\\/\"},{\"@type\":\"ListItem\",\"position\":2,\"name\":\"Legado ambiental: Alcalde Hugo Kerguel\u00e9n puso la primera piedra del Parque Bot\u00e1nico Las Lagunas; Monter\u00eda empieza a construir un nuevo pulm\u00f3n verde.\"}]},{\"@type\":\"WebSite\",\"@id\":\"https:\\\/\\\/turadio.com.co\\\/#website\",\"url\":\"https:\\\/\\\/turadio.com.co\\\/\",\"name\":\"Tu Radio\",\"description\":\"\",\"publisher\":{\"@id\":\"https:\\\/\\\/turadio.com.co\\\/#organization\"},\"potentialAction\":[{\"@type\":\"SearchAction\",\"target\":{\"@type\":\"EntryPoint\",\"urlTemplate\":\"https:\\\/\\\/turadio.com.co\\\/?s={search_term_string}\"},\"query-input\":{\"@type\":\"PropertyValueSpecification\",\"valueRequired\":true,\"valueName\":\"search_term_string\"}}],\"inLanguage\":\"es\"},{\"@type\":\"Organization\",\"@id\":\"https:\\\/\\\/turadio.com.co\\\/#organization\",\"name\":\"Tu Radio\",\"url\":\"https:\\\/\\\/turadio.com.co\\\/\",\"logo\":{\"@type\":\"ImageObject\",\"inLanguage\":\"es\",\"@id\":\"https:\\\/\\\/turadio.com.co\\\/#\\\/schema\\\/logo\\\/image\\\/\",\"url\":\"https:\\\/\\\/turadio.com.co\\\/wp-content\\\/uploads\\\/2025\\\/07\\\/logo.png\",\"contentUrl\":\"https:\\\/\\\/turadio.com.co\\\/wp-content\\\/uploads\\\/2025\\\/07\\\/logo.png\",\"width\":366,\"height\":91,\"caption\":\"Tu Radio\"},\"image\":{\"@id\":\"https:\\\/\\\/turadio.com.co\\\/#\\\/schema\\\/logo\\\/image\\\/\"}},{\"@type\":\"Person\",\"@id\":\"https:\\\/\\\/turadio.com.co\\\/#\\\/schema\\\/person\\\/a336ad8dcc0120ef37278ad35b4f64fe\",\"name\":\"turadio\",\"image\":{\"@type\":\"ImageObject\",\"inLanguage\":\"es\",\"@id\":\"https:\\\/\\\/secure.gravatar.com\\\/avatar\\\/e905fb228be0ae401b494278f04ccb4a7d2e839822ca560083e0b3a15f6c8669?s=96&d=mm&r=g\",\"url\":\"https:\\\/\\\/secure.gravatar.com\\\/avatar\\\/e905fb228be0ae401b494278f04ccb4a7d2e839822ca560083e0b3a15f6c8669?s=96&d=mm&r=g\",\"contentUrl\":\"https:\\\/\\\/secure.gravatar.com\\\/avatar\\\/e905fb228be0ae401b494278f04ccb4a7d2e839822ca560083e0b3a15f6c8669?s=96&d=mm&r=g\",\"caption\":\"turadio\"},\"sameAs\":[\"https:\\\/\\\/turadio.com.co\",\"https:\\\/\\\/www.facebook.com\\\/profile.php?id=100086306444643\",\"https:\\\/\\\/www.instagram.com\\\/turadio23\\\/\",\"https:\\\/\\\/www.youtube.com\\\/@TuRadiomonteria\"],\"url\":\"https:\\\/\\\/turadio.com.co\\\/?author=1\"}]}<\/script>\n<!-- \/ Yoast SEO plugin. -->","yoast_head_json":{"title":"Legado ambiental: Alcalde Hugo Kerguel\u00e9n puso la primera piedra del Parque Bot\u00e1nico Las Lagunas; Monter\u00eda empieza a construir un nuevo pulm\u00f3n verde. - Tu Radio","robots":{"index":"index","follow":"follow","max-snippet":"max-snippet:-1","max-image-preview":"max-image-preview:large","max-video-preview":"max-video-preview:-1"},"canonical":"https:\/\/turadio.com.co\/?p=5412","og_locale":"es_ES","og_type":"article","og_title":"Legado ambiental: Alcalde Hugo Kerguel\u00e9n puso la primera piedra del Parque Bot\u00e1nico Las Lagunas; Monter\u00eda empieza a construir un nuevo pulm\u00f3n verde. - Tu Radio","og_description":"El alcalde de Monter\u00eda, Hugo Kerguel\u00e9n Garc\u00eda, dio un paso hist\u00f3rico hacia la transformaci\u00f3n ambiental y urbana de Monter\u00eda con la colocaci\u00f3n de la primera piedra del Parque Bot\u00e1nico Las Lagunas, un proyecto que se convertir\u00e1 en el nuevo pulm\u00f3n verde de la ciudad y en un referente de sostenibilidad en Colombia. \u201cHoy no estamos...","og_url":"https:\/\/turadio.com.co\/?p=5412","og_site_name":"Tu Radio","article_author":"https:\/\/www.facebook.com\/profile.php?id=100086306444643","article_published_time":"2026-04-28T02:02:43+00:00","article_modified_time":"2026-04-28T02:02:46+00:00","og_image":[{"width":1280,"height":854,"url":"https:\/\/turadio.com.co\/wp-content\/uploads\/2026\/04\/WhatsApp-Image-2026-04-27-at-1.30.50-PM.jpeg","type":"image\/jpeg"}],"author":"turadio","twitter_card":"summary_large_image","twitter_misc":{"Escrito por":"turadio","Tiempo de lectura":"5 minutos"},"schema":{"@context":"https:\/\/schema.org","@graph":[{"@type":"Article","@id":"https:\/\/turadio.com.co\/?p=5412#article","isPartOf":{"@id":"https:\/\/turadio.com.co\/?p=5412"},"author":{"name":"turadio","@id":"https:\/\/turadio.com.co\/#\/schema\/person\/a336ad8dcc0120ef37278ad35b4f64fe"},"headline":"Legado ambiental: Alcalde Hugo Kerguel\u00e9n puso la primera piedra del Parque Bot\u00e1nico Las Lagunas; Monter\u00eda empieza a construir un nuevo pulm\u00f3n verde.","datePublished":"2026-04-28T02:02:43+00:00","dateModified":"2026-04-28T02:02:46+00:00","mainEntityOfPage":{"@id":"https:\/\/turadio.com.co\/?p=5412"},"wordCount":707,"commentCount":0,"publisher":{"@id":"https:\/\/turadio.com.co\/#organization"},"image":{"@id":"https:\/\/turadio.com.co\/?p=5412#primaryimage"},"thumbnailUrl":"https:\/\/turadio.com.co\/wp-content\/uploads\/2026\/04\/WhatsApp-Image-2026-04-27-at-1.30.50-PM.jpeg","articleSection":["Monter\u00eda"],"inLanguage":"es","potentialAction":[{"@type":"CommentAction","name":"Comment","target":["https:\/\/turadio.com.co\/?p=5412#respond"]}]},{"@type":"WebPage","@id":"https:\/\/turadio.com.co\/?p=5412","url":"https:\/\/turadio.com.co\/?p=5412","name":"Legado ambiental: Alcalde Hugo Kerguel\u00e9n puso la primera piedra del Parque Bot\u00e1nico Las Lagunas; Monter\u00eda empieza a construir un nuevo pulm\u00f3n verde. - Tu Radio","isPartOf":{"@id":"https:\/\/turadio.com.co\/#website"},"primaryImageOfPage":{"@id":"https:\/\/turadio.com.co\/?p=5412#primaryimage"},"image":{"@id":"https:\/\/turadio.com.co\/?p=5412#primaryimage"},"thumbnailUrl":"https:\/\/turadio.com.co\/wp-content\/uploads\/2026\/04\/WhatsApp-Image-2026-04-27-at-1.30.50-PM.jpeg","datePublished":"2026-04-28T02:02:43+00:00","dateModified":"2026-04-28T02:02:46+00:00","breadcrumb":{"@id":"https:\/\/turadio.com.co\/?p=5412#breadcrumb"},"inLanguage":"es","potentialAction":[{"@type":"ReadAction","target":["https:\/\/turadio.com.co\/?p=5412"]}]},{"@type":"ImageObject","inLanguage":"es","@id":"https:\/\/turadio.com.co\/?p=5412#primaryimage","url":"https:\/\/turadio.com.co\/wp-content\/uploads\/2026\/04\/WhatsApp-Image-2026-04-27-at-1.30.50-PM.jpeg","contentUrl":"https:\/\/turadio.com.co\/wp-content\/uploads\/2026\/04\/WhatsApp-Image-2026-04-27-at-1.30.50-PM.jpeg","width":1280,"height":854},{"@type":"BreadcrumbList","@id":"https:\/\/turadio.com.co\/?p=5412#breadcrumb","itemListElement":[{"@type":"ListItem","position":1,"name":"Portada","item":"https:\/\/turadio.com.co\/"},{"@type":"ListItem","position":2,"name":"Legado ambiental: Alcalde Hugo Kerguel\u00e9n puso la primera piedra del Parque Bot\u00e1nico Las Lagunas; Monter\u00eda empieza a construir un nuevo pulm\u00f3n verde."}]},{"@type":"WebSite","@id":"https:\/\/turadio.com.co\/#website","url":"https:\/\/turadio.com.co\/","name":"Tu Radio","description":"","publisher":{"@id":"https:\/\/turadio.com.co\/#organization"},"potentialAction":[{"@type":"SearchAction","target":{"@type":"EntryPoint","urlTemplate":"https:\/\/turadio.com.co\/?s={search_term_string}"},"query-input":{"@type":"PropertyValueSpecification","valueRequired":true,"valueName":"search_term_string"}}],"inLanguage":"es"},{"@type":"Organization","@id":"https:\/\/turadio.com.co\/#organization","name":"Tu Radio","url":"https:\/\/turadio.com.co\/","logo":{"@type":"ImageObject","inLanguage":"es","@id":"https:\/\/turadio.com.co\/#\/schema\/logo\/image\/","url":"https:\/\/turadio.com.co\/wp-content\/uploads\/2025\/07\/logo.png","contentUrl":"https:\/\/turadio.com.co\/wp-content\/uploads\/2025\/07\/logo.png","width":366,"height":91,"caption":"Tu Radio"},"image":{"@id":"https:\/\/turadio.com.co\/#\/schema\/logo\/image\/"}},{"@type":"Person","@id":"https:\/\/turadio.com.co\/#\/schema\/person\/a336ad8dcc0120ef37278ad35b4f64fe","name":"turadio","image":{"@type":"ImageObject","inLanguage":"es","@id":"https:\/\/secure.gravatar.com\/avatar\/e905fb228be0ae401b494278f04ccb4a7d2e839822ca560083e0b3a15f6c8669?s=96&d=mm&r=g","url":"https:\/\/secure.gravatar.com\/avatar\/e905fb228be0ae401b494278f04ccb4a7d2e839822ca560083e0b3a15f6c8669?s=96&d=mm&r=g","contentUrl":"https:\/\/secure.gravatar.com\/avatar\/e905fb228be0ae401b494278f04ccb4a7d2e839822ca560083e0b3a15f6c8669?s=96&d=mm&r=g","caption":"turadio"},"sameAs":["https:\/\/turadio.com.co","https:\/\/www.facebook.com\/profile.php?id=100086306444643","https:\/\/www.instagram.com\/turadio23\/","https:\/\/www.youtube.com\/@TuRadiomonteria"],"url":"https:\/\/turadio.com.co\/?author=1"}]}},"_links":{"self":[{"href":"https:\/\/turadio.com.co\/index.php?rest_route=\/wp\/v2\/posts\/5412","targetHints":{"allow":["GET"]}}],"collection":[{"href":"https:\/\/turadio.com.co\/index.php?rest_route=\/wp\/v2\/posts"}],"about":[{"href":"https:\/\/turadio.com.co\/index.php?rest_route=\/wp\/v2\/types\/post"}],"author":[{"embeddable":true,"href":"https:\/\/turadio.com.co\/index.php?rest_route=\/wp\/v2\/users\/1"}],"replies":[{"embeddable":true,"href":"https:\/\/turadio.com.co\/index.php?rest_route=%2Fwp%2Fv2%2Fcomments&post=5412"}],"version-history":[{"count":1,"href":"https:\/\/turadio.com.co\/index.php?rest_route=\/wp\/v2\/posts\/5412\/revisions"}],"predecessor-version":[{"id":5419,"href":"https:\/\/turadio.com.co\/index.php?rest_route=\/wp\/v2\/posts\/5412\/revisions\/5419"}],"wp:featuredmedia":[{"embeddable":true,"href":"https:\/\/turadio.com.co\/index.php?rest_route=\/wp\/v2\/media\/5413"}],"wp:attachment":[{"href":"https:\/\/turadio.com.co\/index.php?rest_route=%2Fwp%2Fv2%2Fmedia&parent=5412"}],"wp:term":[{"taxonomy":"category","embeddable":true,"href":"https:\/\/turadio.com.co\/index.php?rest_route=%2Fwp%2Fv2%2Fcategories&post=5412"},{"taxonomy":"post_tag","embeddable":true,"href":"https:\/\/turadio.com.co\/index.php?rest_route=%2Fwp%2Fv2%2Ftags&post=5412"}],"curies":[{"name":"wp","href":"https:\/\/api.w.org\/{rel}","templated":true}]}}