{"id":5437,"date":"2026-04-29T15:03:06","date_gmt":"2026-04-29T15:03:06","guid":{"rendered":"https:\/\/turadio.com.co\/?p=5437"},"modified":"2026-04-29T15:03:11","modified_gmt":"2026-04-29T15:03:11","slug":"presidente-petro-pidio-que-en-presupuesto-2027-se-amplien-la-cobertura-de-subsidios-a-madres-cabeza-de-familia-y-el-bono-pensional","status":"publish","type":"post","link":"https:\/\/turadio.com.co\/?p=5437","title":{"rendered":"Presidente Petro pidi\u00f3 que en presupuesto 2027 se ampl\u00eden la cobertura de subsidios a madres cabeza de familia y el bono pensional."},"content":{"rendered":"\n<p>El Gobierno del presidente Gustavo Petro busca que en el proyecto de Presupuesto General de la Naci\u00f3n, que el Ministerio de Hacienda y Cr\u00e9dito P\u00fablico radic\u00f3 ante el Congreso de la Rep\u00fablica, se garantice el avance de dos de los principales subsidios que ha impulsado esta administraci\u00f3n: el que reciben las madres cabeza de familia y el bono pensional.<\/p>\n\n\n\n<p>Durante el consejo de ministros que sesion\u00f3 este martes en la Casa de Nari\u00f1o, el mandatario explic\u00f3 que, aunque el proyecto podr\u00e1 ser modificado por el Congreso de la Rep\u00fablica y ejecutado por el nuevo gobierno nacional, tendr\u00e1 que basarse en el Plan Nacional de Desarrollo del actual Gobierno durante 2027. El anteproyecto de presupuesto est\u00e1 aforado en $597 billones.<\/p>\n\n\n\n<p>\u201cQuiero que el ministro de Hacienda me explique si en el anteproyecto de Presupuesto, ya presentado al Congreso, se tuvo en cuenta que estos valores iniciales con los que hicimos estos dos subsidios cumplen las metas que nos propusimos: 3 millones de ancianos y ancianas en la tercera edad, que reciben $230 mil mensuales, y el subsidio a las madres cabeza de familia con ni\u00f1os menores de 6 a\u00f1os, que reciben $500 mil mensuales\u00bb, dijo el presidente.<\/p>\n\n\n\n<p>Del primer subsidio, el bono pensional, el jefe de Estado dijo que \u201choy est\u00e1 en niveles altos, 3 millones de adultos mayores de edad que no reciben pensi\u00f3n hoy. Es decir, la mayor\u00eda, la mayor\u00eda de la tercera edad, despu\u00e9s de 75 a\u00f1os, nunca estuvo en el r\u00e9gimen pensional, y nosotros estar\u00edamos llegando a un 100% de esa cobertura, que es el objetivo que propusimos\u00bb.<\/p>\n\n\n\n<p>Explic\u00f3 que los $230 mil que reciben estas personas no es una cifra arbitraria, sino que est\u00e1 por encima de la l\u00ednea de pobreza.<\/p>\n\n\n\n<p>Y sobre el segundo, el subsidio a las madres cabeza de familia, el presidente asegur\u00f3 que \u201cse debe avanzar, porque la edad de 0 a 6 a\u00f1os es donde el cerebro se construye y es donde necesitamos que la desnutrici\u00f3n sea m\u00ednima. Es un tema de salud p\u00fablica\u00bb.<\/p>\n\n\n\n<p>Al respecto, sostuvo que esto forma parte de las llamadas determinantes de la salud: los derechos a la salud, a un aire sano, al agua, a la nutrici\u00f3n y a la actividad f\u00edsica, temas, que seg\u00fan advirti\u00f3, no han sido tenidos en cuenta por los gobiernos anteriores.<\/p>\n\n\n\n<p>Por su parte, el ministro de Defensa, Pedro S\u00e1nchez, agreg\u00f3 otro beneficio creado en este Gobierno: el pago de un salario m\u00ednimo vital a m\u00e1s de 100 mil soldados del Ej\u00e9rcito Nacional que hoy reciben un salario m\u00ednimo, es decir, $1.795.950.<\/p>\n\n\n\n<p>Todos estos indicadores, se\u00f1al\u00f3 el presidente Petro, han contribuido a sacar a cerca de 800 mil personas de la pobreza multidimensional.<\/p>\n\n\n\n<p>\u201cLa mayor causa de disminuci\u00f3n de la pobreza multidimensional resulta ser la educaci\u00f3n, un logro de este Gobierno, porque aument\u00f3 el presupuesto de manera real, sustancial. Es un salto de la descentralizaci\u00f3n a trav\u00e9s del Sistema General de Participaciones que aument\u00f3 el porcentaje de distribuci\u00f3n a los municipios de 22% a 42% en 2030. Lo otro es el acceso a la salud, porque en ese estado de pobreza le llega un mejor nivel de acceso a la salud\u00bb, anot\u00f3.<\/p>\n\n\n\n<p>Otro indicador que destac\u00f3 el mandatario es la Medicina Preventiva y los Equipos B\u00e1sicos de Salud en los territorios m\u00e1s excluidos de Colombia \u201cque ya llega a la mitad del pa\u00eds. Es el avance\u00bb.<\/p>\n\n\n\n<p>\u201cEntonces, (ministro de Hacienda), el tema es ver si el presupuesto del a\u00f1o entrante avanza en la pol\u00edtica social del Gobierno, porque dadas las restricciones que tambi\u00e9n conocemos, de tipo d\u00e9ficit, etc., podemos mejorar el equilibrio que tenemos hoy\u00bb, a\u00f1adi\u00f3.<\/p>\n\n\n\n<p>El presidente Petro formul\u00f3 una recomendaci\u00f3n a las entidades encargadas del censo de beneficiarios de estos subsidios: la comunicaci\u00f3n.<\/p>\n\n\n\n<p>\u201cHay gente sin inscribirse, el Gobierno comunica por redes, no por la televisi\u00f3n tradicional, y entonces las personas pobres de Colombia no saben qu\u00e9 est\u00e1 haciendo el Gobierno por ellos mismos, por una falta de comunicaci\u00f3n de sus logros en los estratos bajos de la sociedad\u00bb, asegur\u00f3.<\/p>\n","protected":false},"excerpt":{"rendered":"<p>El Gobierno del presidente Gustavo Petro busca que en el proyecto de Presupuesto General de la Naci\u00f3n, que el Ministerio de Hacienda y Cr\u00e9dito P\u00fablico radic\u00f3 ante el Congreso de la Rep\u00fablica, se garantice el avance de dos de los principales subsidios que ha impulsado esta administraci\u00f3n: el que reciben las madres cabeza de familia&#8230;<\/p>\n","protected":false},"author":1,"featured_media":5438,"comment_status":"open","ping_status":"open","sticky":false,"template":"","format":"standard","meta":{"footnotes":""},"categories":[16],"tags":[],"class_list":["post-5437","post","type-post","status-publish","format-standard","has-post-thumbnail","hentry","category-gobierno"],"yoast_head":"<!-- This site is optimized with the Yoast SEO plugin v27.5 - https:\/\/yoast.com\/product\/yoast-seo-wordpress\/ -->\n<title>Presidente Petro pidi\u00f3 que en presupuesto 2027 se ampl\u00eden la cobertura de subsidios a madres cabeza de familia y el bono pensional. - Tu Radio<\/title>\n<meta name=\"robots\" content=\"index, follow, max-snippet:-1, max-image-preview:large, max-video-preview:-1\" \/>\n<link rel=\"canonical\" href=\"https:\/\/turadio.com.co\/?p=5437\" \/>\n<meta property=\"og:locale\" content=\"es_ES\" \/>\n<meta property=\"og:type\" content=\"article\" \/>\n<meta property=\"og:title\" content=\"Presidente Petro pidi\u00f3 que en presupuesto 2027 se ampl\u00eden la cobertura de subsidios a madres cabeza de familia y el bono pensional. - Tu Radio\" \/>\n<meta property=\"og:description\" content=\"El Gobierno del presidente Gustavo Petro busca que en el proyecto de Presupuesto General de la Naci\u00f3n, que el Ministerio de Hacienda y Cr\u00e9dito P\u00fablico radic\u00f3 ante el Congreso de la Rep\u00fablica, se garantice el avance de dos de los principales subsidios que ha impulsado esta administraci\u00f3n: el que reciben las madres cabeza de familia...\" \/>\n<meta property=\"og:url\" content=\"https:\/\/turadio.com.co\/?p=5437\" \/>\n<meta property=\"og:site_name\" content=\"Tu Radio\" \/>\n<meta property=\"article:author\" content=\"https:\/\/www.facebook.com\/profile.php?id=100086306444643\" \/>\n<meta property=\"article:published_time\" content=\"2026-04-29T15:03:06+00:00\" \/>\n<meta property=\"article:modified_time\" content=\"2026-04-29T15:03:11+00:00\" \/>\n<meta property=\"og:image\" content=\"https:\/\/turadio.com.co\/wp-content\/uploads\/2026\/04\/WhatsApp-Image-2026-04-29-at-9.35.45-AM.jpeg\" \/>\n\t<meta property=\"og:image:width\" content=\"1022\" \/>\n\t<meta property=\"og:image:height\" content=\"629\" \/>\n\t<meta property=\"og:image:type\" content=\"image\/jpeg\" \/>\n<meta name=\"author\" content=\"turadio\" \/>\n<meta name=\"twitter:card\" content=\"summary_large_image\" \/>\n<meta name=\"twitter:label1\" content=\"Escrito por\" \/>\n\t<meta name=\"twitter:data1\" content=\"turadio\" \/>\n\t<meta name=\"twitter:label2\" content=\"Tiempo de lectura\" \/>\n\t<meta name=\"twitter:data2\" content=\"4 minutos\" \/>\n<script type=\"application\/ld+json\" class=\"yoast-schema-graph\">{\"@context\":\"https:\\\/\\\/schema.org\",\"@graph\":[{\"@type\":\"Article\",\"@id\":\"https:\\\/\\\/turadio.com.co\\\/?p=5437#article\",\"isPartOf\":{\"@id\":\"https:\\\/\\\/turadio.com.co\\\/?p=5437\"},\"author\":{\"name\":\"turadio\",\"@id\":\"https:\\\/\\\/turadio.com.co\\\/#\\\/schema\\\/person\\\/a336ad8dcc0120ef37278ad35b4f64fe\"},\"headline\":\"Presidente Petro pidi\u00f3 que en presupuesto 2027 se ampl\u00eden la cobertura de subsidios a madres cabeza de familia y el bono pensional.\",\"datePublished\":\"2026-04-29T15:03:06+00:00\",\"dateModified\":\"2026-04-29T15:03:11+00:00\",\"mainEntityOfPage\":{\"@id\":\"https:\\\/\\\/turadio.com.co\\\/?p=5437\"},\"wordCount\":712,\"commentCount\":0,\"publisher\":{\"@id\":\"https:\\\/\\\/turadio.com.co\\\/#organization\"},\"image\":{\"@id\":\"https:\\\/\\\/turadio.com.co\\\/?p=5437#primaryimage\"},\"thumbnailUrl\":\"https:\\\/\\\/turadio.com.co\\\/wp-content\\\/uploads\\\/2026\\\/04\\\/WhatsApp-Image-2026-04-29-at-9.35.45-AM.jpeg\",\"articleSection\":[\"Gobierno\"],\"inLanguage\":\"es\",\"potentialAction\":[{\"@type\":\"CommentAction\",\"name\":\"Comment\",\"target\":[\"https:\\\/\\\/turadio.com.co\\\/?p=5437#respond\"]}]},{\"@type\":\"WebPage\",\"@id\":\"https:\\\/\\\/turadio.com.co\\\/?p=5437\",\"url\":\"https:\\\/\\\/turadio.com.co\\\/?p=5437\",\"name\":\"Presidente Petro pidi\u00f3 que en presupuesto 2027 se ampl\u00eden la cobertura de subsidios a madres cabeza de familia y el bono pensional. - Tu Radio\",\"isPartOf\":{\"@id\":\"https:\\\/\\\/turadio.com.co\\\/#website\"},\"primaryImageOfPage\":{\"@id\":\"https:\\\/\\\/turadio.com.co\\\/?p=5437#primaryimage\"},\"image\":{\"@id\":\"https:\\\/\\\/turadio.com.co\\\/?p=5437#primaryimage\"},\"thumbnailUrl\":\"https:\\\/\\\/turadio.com.co\\\/wp-content\\\/uploads\\\/2026\\\/04\\\/WhatsApp-Image-2026-04-29-at-9.35.45-AM.jpeg\",\"datePublished\":\"2026-04-29T15:03:06+00:00\",\"dateModified\":\"2026-04-29T15:03:11+00:00\",\"breadcrumb\":{\"@id\":\"https:\\\/\\\/turadio.com.co\\\/?p=5437#breadcrumb\"},\"inLanguage\":\"es\",\"potentialAction\":[{\"@type\":\"ReadAction\",\"target\":[\"https:\\\/\\\/turadio.com.co\\\/?p=5437\"]}]},{\"@type\":\"ImageObject\",\"inLanguage\":\"es\",\"@id\":\"https:\\\/\\\/turadio.com.co\\\/?p=5437#primaryimage\",\"url\":\"https:\\\/\\\/turadio.com.co\\\/wp-content\\\/uploads\\\/2026\\\/04\\\/WhatsApp-Image-2026-04-29-at-9.35.45-AM.jpeg\",\"contentUrl\":\"https:\\\/\\\/turadio.com.co\\\/wp-content\\\/uploads\\\/2026\\\/04\\\/WhatsApp-Image-2026-04-29-at-9.35.45-AM.jpeg\",\"width\":1022,\"height\":629},{\"@type\":\"BreadcrumbList\",\"@id\":\"https:\\\/\\\/turadio.com.co\\\/?p=5437#breadcrumb\",\"itemListElement\":[{\"@type\":\"ListItem\",\"position\":1,\"name\":\"Portada\",\"item\":\"https:\\\/\\\/turadio.com.co\\\/\"},{\"@type\":\"ListItem\",\"position\":2,\"name\":\"Presidente Petro pidi\u00f3 que en presupuesto 2027 se ampl\u00eden la cobertura de subsidios a madres cabeza de familia y el bono pensional.\"}]},{\"@type\":\"WebSite\",\"@id\":\"https:\\\/\\\/turadio.com.co\\\/#website\",\"url\":\"https:\\\/\\\/turadio.com.co\\\/\",\"name\":\"Tu Radio\",\"description\":\"\",\"publisher\":{\"@id\":\"https:\\\/\\\/turadio.com.co\\\/#organization\"},\"potentialAction\":[{\"@type\":\"SearchAction\",\"target\":{\"@type\":\"EntryPoint\",\"urlTemplate\":\"https:\\\/\\\/turadio.com.co\\\/?s={search_term_string}\"},\"query-input\":{\"@type\":\"PropertyValueSpecification\",\"valueRequired\":true,\"valueName\":\"search_term_string\"}}],\"inLanguage\":\"es\"},{\"@type\":\"Organization\",\"@id\":\"https:\\\/\\\/turadio.com.co\\\/#organization\",\"name\":\"Tu Radio\",\"url\":\"https:\\\/\\\/turadio.com.co\\\/\",\"logo\":{\"@type\":\"ImageObject\",\"inLanguage\":\"es\",\"@id\":\"https:\\\/\\\/turadio.com.co\\\/#\\\/schema\\\/logo\\\/image\\\/\",\"url\":\"https:\\\/\\\/turadio.com.co\\\/wp-content\\\/uploads\\\/2025\\\/07\\\/logo.png\",\"contentUrl\":\"https:\\\/\\\/turadio.com.co\\\/wp-content\\\/uploads\\\/2025\\\/07\\\/logo.png\",\"width\":366,\"height\":91,\"caption\":\"Tu Radio\"},\"image\":{\"@id\":\"https:\\\/\\\/turadio.com.co\\\/#\\\/schema\\\/logo\\\/image\\\/\"}},{\"@type\":\"Person\",\"@id\":\"https:\\\/\\\/turadio.com.co\\\/#\\\/schema\\\/person\\\/a336ad8dcc0120ef37278ad35b4f64fe\",\"name\":\"turadio\",\"image\":{\"@type\":\"ImageObject\",\"inLanguage\":\"es\",\"@id\":\"https:\\\/\\\/secure.gravatar.com\\\/avatar\\\/e905fb228be0ae401b494278f04ccb4a7d2e839822ca560083e0b3a15f6c8669?s=96&d=mm&r=g\",\"url\":\"https:\\\/\\\/secure.gravatar.com\\\/avatar\\\/e905fb228be0ae401b494278f04ccb4a7d2e839822ca560083e0b3a15f6c8669?s=96&d=mm&r=g\",\"contentUrl\":\"https:\\\/\\\/secure.gravatar.com\\\/avatar\\\/e905fb228be0ae401b494278f04ccb4a7d2e839822ca560083e0b3a15f6c8669?s=96&d=mm&r=g\",\"caption\":\"turadio\"},\"sameAs\":[\"https:\\\/\\\/turadio.com.co\",\"https:\\\/\\\/www.facebook.com\\\/profile.php?id=100086306444643\",\"https:\\\/\\\/www.instagram.com\\\/turadio23\\\/\",\"https:\\\/\\\/www.youtube.com\\\/@TuRadiomonteria\"],\"url\":\"https:\\\/\\\/turadio.com.co\\\/?author=1\"}]}<\/script>\n<!-- \/ Yoast SEO plugin. -->","yoast_head_json":{"title":"Presidente Petro pidi\u00f3 que en presupuesto 2027 se ampl\u00eden la cobertura de subsidios a madres cabeza de familia y el bono pensional. - Tu Radio","robots":{"index":"index","follow":"follow","max-snippet":"max-snippet:-1","max-image-preview":"max-image-preview:large","max-video-preview":"max-video-preview:-1"},"canonical":"https:\/\/turadio.com.co\/?p=5437","og_locale":"es_ES","og_type":"article","og_title":"Presidente Petro pidi\u00f3 que en presupuesto 2027 se ampl\u00eden la cobertura de subsidios a madres cabeza de familia y el bono pensional. - Tu Radio","og_description":"El Gobierno del presidente Gustavo Petro busca que en el proyecto de Presupuesto General de la Naci\u00f3n, que el Ministerio de Hacienda y Cr\u00e9dito P\u00fablico radic\u00f3 ante el Congreso de la Rep\u00fablica, se garantice el avance de dos de los principales subsidios que ha impulsado esta administraci\u00f3n: el que reciben las madres cabeza de familia...","og_url":"https:\/\/turadio.com.co\/?p=5437","og_site_name":"Tu Radio","article_author":"https:\/\/www.facebook.com\/profile.php?id=100086306444643","article_published_time":"2026-04-29T15:03:06+00:00","article_modified_time":"2026-04-29T15:03:11+00:00","og_image":[{"width":1022,"height":629,"url":"https:\/\/turadio.com.co\/wp-content\/uploads\/2026\/04\/WhatsApp-Image-2026-04-29-at-9.35.45-AM.jpeg","type":"image\/jpeg"}],"author":"turadio","twitter_card":"summary_large_image","twitter_misc":{"Escrito por":"turadio","Tiempo de lectura":"4 minutos"},"schema":{"@context":"https:\/\/schema.org","@graph":[{"@type":"Article","@id":"https:\/\/turadio.com.co\/?p=5437#article","isPartOf":{"@id":"https:\/\/turadio.com.co\/?p=5437"},"author":{"name":"turadio","@id":"https:\/\/turadio.com.co\/#\/schema\/person\/a336ad8dcc0120ef37278ad35b4f64fe"},"headline":"Presidente Petro pidi\u00f3 que en presupuesto 2027 se ampl\u00eden la cobertura de subsidios a madres cabeza de familia y el bono pensional.","datePublished":"2026-04-29T15:03:06+00:00","dateModified":"2026-04-29T15:03:11+00:00","mainEntityOfPage":{"@id":"https:\/\/turadio.com.co\/?p=5437"},"wordCount":712,"commentCount":0,"publisher":{"@id":"https:\/\/turadio.com.co\/#organization"},"image":{"@id":"https:\/\/turadio.com.co\/?p=5437#primaryimage"},"thumbnailUrl":"https:\/\/turadio.com.co\/wp-content\/uploads\/2026\/04\/WhatsApp-Image-2026-04-29-at-9.35.45-AM.jpeg","articleSection":["Gobierno"],"inLanguage":"es","potentialAction":[{"@type":"CommentAction","name":"Comment","target":["https:\/\/turadio.com.co\/?p=5437#respond"]}]},{"@type":"WebPage","@id":"https:\/\/turadio.com.co\/?p=5437","url":"https:\/\/turadio.com.co\/?p=5437","name":"Presidente Petro pidi\u00f3 que en presupuesto 2027 se ampl\u00eden la cobertura de subsidios a madres cabeza de familia y el bono pensional. - Tu Radio","isPartOf":{"@id":"https:\/\/turadio.com.co\/#website"},"primaryImageOfPage":{"@id":"https:\/\/turadio.com.co\/?p=5437#primaryimage"},"image":{"@id":"https:\/\/turadio.com.co\/?p=5437#primaryimage"},"thumbnailUrl":"https:\/\/turadio.com.co\/wp-content\/uploads\/2026\/04\/WhatsApp-Image-2026-04-29-at-9.35.45-AM.jpeg","datePublished":"2026-04-29T15:03:06+00:00","dateModified":"2026-04-29T15:03:11+00:00","breadcrumb":{"@id":"https:\/\/turadio.com.co\/?p=5437#breadcrumb"},"inLanguage":"es","potentialAction":[{"@type":"ReadAction","target":["https:\/\/turadio.com.co\/?p=5437"]}]},{"@type":"ImageObject","inLanguage":"es","@id":"https:\/\/turadio.com.co\/?p=5437#primaryimage","url":"https:\/\/turadio.com.co\/wp-content\/uploads\/2026\/04\/WhatsApp-Image-2026-04-29-at-9.35.45-AM.jpeg","contentUrl":"https:\/\/turadio.com.co\/wp-content\/uploads\/2026\/04\/WhatsApp-Image-2026-04-29-at-9.35.45-AM.jpeg","width":1022,"height":629},{"@type":"BreadcrumbList","@id":"https:\/\/turadio.com.co\/?p=5437#breadcrumb","itemListElement":[{"@type":"ListItem","position":1,"name":"Portada","item":"https:\/\/turadio.com.co\/"},{"@type":"ListItem","position":2,"name":"Presidente Petro pidi\u00f3 que en presupuesto 2027 se ampl\u00eden la cobertura de subsidios a madres cabeza de familia y el bono pensional."}]},{"@type":"WebSite","@id":"https:\/\/turadio.com.co\/#website","url":"https:\/\/turadio.com.co\/","name":"Tu Radio","description":"","publisher":{"@id":"https:\/\/turadio.com.co\/#organization"},"potentialAction":[{"@type":"SearchAction","target":{"@type":"EntryPoint","urlTemplate":"https:\/\/turadio.com.co\/?s={search_term_string}"},"query-input":{"@type":"PropertyValueSpecification","valueRequired":true,"valueName":"search_term_string"}}],"inLanguage":"es"},{"@type":"Organization","@id":"https:\/\/turadio.com.co\/#organization","name":"Tu Radio","url":"https:\/\/turadio.com.co\/","logo":{"@type":"ImageObject","inLanguage":"es","@id":"https:\/\/turadio.com.co\/#\/schema\/logo\/image\/","url":"https:\/\/turadio.com.co\/wp-content\/uploads\/2025\/07\/logo.png","contentUrl":"https:\/\/turadio.com.co\/wp-content\/uploads\/2025\/07\/logo.png","width":366,"height":91,"caption":"Tu Radio"},"image":{"@id":"https:\/\/turadio.com.co\/#\/schema\/logo\/image\/"}},{"@type":"Person","@id":"https:\/\/turadio.com.co\/#\/schema\/person\/a336ad8dcc0120ef37278ad35b4f64fe","name":"turadio","image":{"@type":"ImageObject","inLanguage":"es","@id":"https:\/\/secure.gravatar.com\/avatar\/e905fb228be0ae401b494278f04ccb4a7d2e839822ca560083e0b3a15f6c8669?s=96&d=mm&r=g","url":"https:\/\/secure.gravatar.com\/avatar\/e905fb228be0ae401b494278f04ccb4a7d2e839822ca560083e0b3a15f6c8669?s=96&d=mm&r=g","contentUrl":"https:\/\/secure.gravatar.com\/avatar\/e905fb228be0ae401b494278f04ccb4a7d2e839822ca560083e0b3a15f6c8669?s=96&d=mm&r=g","caption":"turadio"},"sameAs":["https:\/\/turadio.com.co","https:\/\/www.facebook.com\/profile.php?id=100086306444643","https:\/\/www.instagram.com\/turadio23\/","https:\/\/www.youtube.com\/@TuRadiomonteria"],"url":"https:\/\/turadio.com.co\/?author=1"}]}},"_links":{"self":[{"href":"https:\/\/turadio.com.co\/index.php?rest_route=\/wp\/v2\/posts\/5437","targetHints":{"allow":["GET"]}}],"collection":[{"href":"https:\/\/turadio.com.co\/index.php?rest_route=\/wp\/v2\/posts"}],"about":[{"href":"https:\/\/turadio.com.co\/index.php?rest_route=\/wp\/v2\/types\/post"}],"author":[{"embeddable":true,"href":"https:\/\/turadio.com.co\/index.php?rest_route=\/wp\/v2\/users\/1"}],"replies":[{"embeddable":true,"href":"https:\/\/turadio.com.co\/index.php?rest_route=%2Fwp%2Fv2%2Fcomments&post=5437"}],"version-history":[{"count":1,"href":"https:\/\/turadio.com.co\/index.php?rest_route=\/wp\/v2\/posts\/5437\/revisions"}],"predecessor-version":[{"id":5439,"href":"https:\/\/turadio.com.co\/index.php?rest_route=\/wp\/v2\/posts\/5437\/revisions\/5439"}],"wp:featuredmedia":[{"embeddable":true,"href":"https:\/\/turadio.com.co\/index.php?rest_route=\/wp\/v2\/media\/5438"}],"wp:attachment":[{"href":"https:\/\/turadio.com.co\/index.php?rest_route=%2Fwp%2Fv2%2Fmedia&parent=5437"}],"wp:term":[{"taxonomy":"category","embeddable":true,"href":"https:\/\/turadio.com.co\/index.php?rest_route=%2Fwp%2Fv2%2Fcategories&post=5437"},{"taxonomy":"post_tag","embeddable":true,"href":"https:\/\/turadio.com.co\/index.php?rest_route=%2Fwp%2Fv2%2Ftags&post=5437"}],"curies":[{"name":"wp","href":"https:\/\/api.w.org\/{rel}","templated":true}]}}