{"id":5443,"date":"2026-04-29T15:15:40","date_gmt":"2026-04-29T15:15:40","guid":{"rendered":"https:\/\/turadio.com.co\/?p=5443"},"modified":"2026-04-29T15:15:44","modified_gmt":"2026-04-29T15:15:44","slug":"cordoba-impulsa-la-internacionalizacion-aerea-monteria-registra-crecimiento-record-en-pasajeros-internacionales","status":"publish","type":"post","link":"https:\/\/turadio.com.co\/?p=5443","title":{"rendered":"C\u00f3rdoba impulsa la internacionalizaci\u00f3n a\u00e9rea: Monter\u00eda registra crecimiento r\u00e9cord en pasajeros internacionales."},"content":{"rendered":"\n<p>La Gobernaci\u00f3n de C\u00f3rdoba, en coordinaci\u00f3n con las alcald\u00edas de los municipios de Monter\u00eda y Ceret\u00e9, y el operador del Aeropuerto Los Garzones, avanza en acciones estrat\u00e9gicas para ampliar la conectividad a\u00e9rea, con especial \u00e9nfasis en nuevas rutas internacionales.<\/p>\n\n\n\n<p>Durante una reuni\u00f3n realizada este martes con entidades nacionales, en la que particip\u00f3 el gobernador Erasmo Zuleta, se destac\u00f3 el crecimiento exponencial en la salida de pasajeros internacionales: de 35 mil en 2024 a 48 mil en 2025, lo que representa un aumento del 50%. En el primer trimestre de 2026, la tendencia se mantiene con otro incremento del 50%, consolidando a C\u00f3rdoba como un destino tur\u00edstico en expansi\u00f3n.<\/p>\n\n\n\n<figure class=\"wp-block-image size-large\"><img loading=\"lazy\" decoding=\"async\" width=\"1024\" height=\"683\" src=\"https:\/\/turadio.com.co\/wp-content\/uploads\/2026\/04\/WhatsApp-Image-2026-04-28-at-4.14.07-PM-2-1024x683.jpeg\" alt=\"\" class=\"wp-image-5445\" srcset=\"https:\/\/turadio.com.co\/wp-content\/uploads\/2026\/04\/WhatsApp-Image-2026-04-28-at-4.14.07-PM-2-1024x683.jpeg 1024w, https:\/\/turadio.com.co\/wp-content\/uploads\/2026\/04\/WhatsApp-Image-2026-04-28-at-4.14.07-PM-2-300x200.jpeg 300w, https:\/\/turadio.com.co\/wp-content\/uploads\/2026\/04\/WhatsApp-Image-2026-04-28-at-4.14.07-PM-2-768x512.jpeg 768w, https:\/\/turadio.com.co\/wp-content\/uploads\/2026\/04\/WhatsApp-Image-2026-04-28-at-4.14.07-PM-2-600x400.jpeg 600w, https:\/\/turadio.com.co\/wp-content\/uploads\/2026\/04\/WhatsApp-Image-2026-04-28-at-4.14.07-PM-2.jpeg 1280w\" sizes=\"auto, (max-width: 1024px) 100vw, 1024px\" \/><\/figure>\n\n\n\n<p>Estas cifras evidencian la necesidad de hacer m\u00e1s inversiones sobre la terminal a\u00e9rea que cuenta con habilitaci\u00f3n internacional gracias las inversiones y esfuerzos que tanto la Gobernaci\u00f3n de C\u00f3rdoba como las alcald\u00edas, han realizado.<\/p>\n\n\n\n<p>Producto de la reuni\u00f3n se establecieron tres compromisos. El primero, la solicitud de inversiones al Gobierno Nacional. \u201cHaremos una solicitud formal a la se\u00f1ora ministra y al presidente de la ANI para que se hagan las inversiones en la adecuaci\u00f3n de los canales perimetrales, para mejorar el drenaje y evitar inundaciones en el aeropuerto de Los Garzones\u201d, expres\u00f3 el gobernador Erasmo Zuleta.<\/p>\n\n\n\n<p>Adem\u00e1s, que se hagan inversiones en urbanismo para que todas las personas que vienen desde la circunvalar hasta el aeropuerto puedan caminar o moverse en bicicletas y las personas que tienen movilidad reducida puedan llegar seguras y tranquilas hasta las instalaciones del aeropuerto.<\/p>\n\n\n\n<figure class=\"wp-block-image size-large\"><img loading=\"lazy\" decoding=\"async\" width=\"1024\" height=\"683\" src=\"https:\/\/turadio.com.co\/wp-content\/uploads\/2026\/04\/WhatsApp-Image-2026-04-28-at-4.14.07-PM-1-1024x683.jpeg\" alt=\"\" class=\"wp-image-5446\" srcset=\"https:\/\/turadio.com.co\/wp-content\/uploads\/2026\/04\/WhatsApp-Image-2026-04-28-at-4.14.07-PM-1-1024x683.jpeg 1024w, https:\/\/turadio.com.co\/wp-content\/uploads\/2026\/04\/WhatsApp-Image-2026-04-28-at-4.14.07-PM-1-300x200.jpeg 300w, https:\/\/turadio.com.co\/wp-content\/uploads\/2026\/04\/WhatsApp-Image-2026-04-28-at-4.14.07-PM-1-768x512.jpeg 768w, https:\/\/turadio.com.co\/wp-content\/uploads\/2026\/04\/WhatsApp-Image-2026-04-28-at-4.14.07-PM-1-600x400.jpeg 600w, https:\/\/turadio.com.co\/wp-content\/uploads\/2026\/04\/WhatsApp-Image-2026-04-28-at-4.14.07-PM-1.jpeg 1280w\" sizes=\"auto, (max-width: 1024px) 100vw, 1024px\" \/><\/figure>\n\n\n\n<p>Lo segundo, es la ruta Monter\u00eda\u2013Panam\u00e1: la Gobernaci\u00f3n, junto a la Alcald\u00eda de Monter\u00eda y la de Ceret\u00e9, enviar\u00e1 una nueva carta a Copa Airlines solicitando acelerar apertura de esta ruta internacional, que actualmente se encuentra en estudio.<\/p>\n\n\n\n<p>El gobernador Zuleta tambi\u00e9n se\u00f1al\u00f3 que se definir\u00e1 una estrategia conjunta para impulsar la ruta Quito\u2013Monter\u00eda\u2013Panam\u00e1, que iniciar\u00e1 operaciones en mayo, posicionando a C\u00f3rdoba como un destino de conexi\u00f3n regional.<\/p>\n\n\n\n<p>Con este panorama, el turismo cordob\u00e9s se proyecta \u201ca otro nivel\u201d, consolidando al departamento como protagonista en la internacionalizaci\u00f3n y dinamizaci\u00f3n econ\u00f3mica del Caribe colombiano<\/p>\n","protected":false},"excerpt":{"rendered":"<p>La Gobernaci\u00f3n de C\u00f3rdoba, en coordinaci\u00f3n con las alcald\u00edas de los municipios de Monter\u00eda y Ceret\u00e9, y el operador del Aeropuerto Los Garzones, avanza en acciones estrat\u00e9gicas para ampliar la conectividad a\u00e9rea, con especial \u00e9nfasis en nuevas rutas internacionales. Durante una reuni\u00f3n realizada este martes con entidades nacionales, en la que particip\u00f3 el gobernador Erasmo&#8230;<\/p>\n","protected":false},"author":1,"featured_media":5444,"comment_status":"open","ping_status":"open","sticky":false,"template":"","format":"standard","meta":{"footnotes":""},"categories":[13],"tags":[],"class_list":["post-5443","post","type-post","status-publish","format-standard","has-post-thumbnail","hentry","category-cordoba"],"yoast_head":"<!-- This site is optimized with the Yoast SEO plugin v27.5 - https:\/\/yoast.com\/product\/yoast-seo-wordpress\/ -->\n<title>C\u00f3rdoba impulsa la internacionalizaci\u00f3n a\u00e9rea: Monter\u00eda registra crecimiento r\u00e9cord en pasajeros internacionales. - Tu Radio<\/title>\n<meta name=\"robots\" content=\"index, follow, max-snippet:-1, max-image-preview:large, max-video-preview:-1\" \/>\n<link rel=\"canonical\" href=\"https:\/\/turadio.com.co\/?p=5443\" \/>\n<meta property=\"og:locale\" content=\"es_ES\" \/>\n<meta property=\"og:type\" content=\"article\" \/>\n<meta property=\"og:title\" content=\"C\u00f3rdoba impulsa la internacionalizaci\u00f3n a\u00e9rea: Monter\u00eda registra crecimiento r\u00e9cord en pasajeros internacionales. - Tu Radio\" \/>\n<meta property=\"og:description\" content=\"La Gobernaci\u00f3n de C\u00f3rdoba, en coordinaci\u00f3n con las alcald\u00edas de los municipios de Monter\u00eda y Ceret\u00e9, y el operador del Aeropuerto Los Garzones, avanza en acciones estrat\u00e9gicas para ampliar la conectividad a\u00e9rea, con especial \u00e9nfasis en nuevas rutas internacionales. Durante una reuni\u00f3n realizada este martes con entidades nacionales, en la que particip\u00f3 el gobernador Erasmo...\" \/>\n<meta property=\"og:url\" content=\"https:\/\/turadio.com.co\/?p=5443\" \/>\n<meta property=\"og:site_name\" content=\"Tu Radio\" \/>\n<meta property=\"article:author\" content=\"https:\/\/www.facebook.com\/profile.php?id=100086306444643\" \/>\n<meta property=\"article:published_time\" content=\"2026-04-29T15:15:40+00:00\" \/>\n<meta property=\"article:modified_time\" content=\"2026-04-29T15:15:44+00:00\" \/>\n<meta property=\"og:image\" content=\"https:\/\/turadio.com.co\/wp-content\/uploads\/2026\/04\/WhatsApp-Image-2026-04-28-at-4.14.07-PM.jpeg\" \/>\n\t<meta property=\"og:image:width\" content=\"1280\" \/>\n\t<meta property=\"og:image:height\" content=\"854\" \/>\n\t<meta property=\"og:image:type\" content=\"image\/jpeg\" \/>\n<meta name=\"author\" content=\"turadio\" \/>\n<meta name=\"twitter:card\" content=\"summary_large_image\" \/>\n<meta name=\"twitter:label1\" content=\"Escrito por\" \/>\n\t<meta name=\"twitter:data1\" content=\"turadio\" \/>\n\t<meta name=\"twitter:label2\" content=\"Tiempo de lectura\" \/>\n\t<meta name=\"twitter:data2\" content=\"3 minutos\" \/>\n<script type=\"application\/ld+json\" class=\"yoast-schema-graph\">{\"@context\":\"https:\\\/\\\/schema.org\",\"@graph\":[{\"@type\":\"Article\",\"@id\":\"https:\\\/\\\/turadio.com.co\\\/?p=5443#article\",\"isPartOf\":{\"@id\":\"https:\\\/\\\/turadio.com.co\\\/?p=5443\"},\"author\":{\"name\":\"turadio\",\"@id\":\"https:\\\/\\\/turadio.com.co\\\/#\\\/schema\\\/person\\\/a336ad8dcc0120ef37278ad35b4f64fe\"},\"headline\":\"C\u00f3rdoba impulsa la internacionalizaci\u00f3n a\u00e9rea: Monter\u00eda registra crecimiento r\u00e9cord en pasajeros internacionales.\",\"datePublished\":\"2026-04-29T15:15:40+00:00\",\"dateModified\":\"2026-04-29T15:15:44+00:00\",\"mainEntityOfPage\":{\"@id\":\"https:\\\/\\\/turadio.com.co\\\/?p=5443\"},\"wordCount\":387,\"commentCount\":0,\"publisher\":{\"@id\":\"https:\\\/\\\/turadio.com.co\\\/#organization\"},\"image\":{\"@id\":\"https:\\\/\\\/turadio.com.co\\\/?p=5443#primaryimage\"},\"thumbnailUrl\":\"https:\\\/\\\/turadio.com.co\\\/wp-content\\\/uploads\\\/2026\\\/04\\\/WhatsApp-Image-2026-04-28-at-4.14.07-PM.jpeg\",\"articleSection\":[\"C\u00f3rdoba\"],\"inLanguage\":\"es\",\"potentialAction\":[{\"@type\":\"CommentAction\",\"name\":\"Comment\",\"target\":[\"https:\\\/\\\/turadio.com.co\\\/?p=5443#respond\"]}]},{\"@type\":\"WebPage\",\"@id\":\"https:\\\/\\\/turadio.com.co\\\/?p=5443\",\"url\":\"https:\\\/\\\/turadio.com.co\\\/?p=5443\",\"name\":\"C\u00f3rdoba impulsa la internacionalizaci\u00f3n a\u00e9rea: Monter\u00eda registra crecimiento r\u00e9cord en pasajeros internacionales. - Tu Radio\",\"isPartOf\":{\"@id\":\"https:\\\/\\\/turadio.com.co\\\/#website\"},\"primaryImageOfPage\":{\"@id\":\"https:\\\/\\\/turadio.com.co\\\/?p=5443#primaryimage\"},\"image\":{\"@id\":\"https:\\\/\\\/turadio.com.co\\\/?p=5443#primaryimage\"},\"thumbnailUrl\":\"https:\\\/\\\/turadio.com.co\\\/wp-content\\\/uploads\\\/2026\\\/04\\\/WhatsApp-Image-2026-04-28-at-4.14.07-PM.jpeg\",\"datePublished\":\"2026-04-29T15:15:40+00:00\",\"dateModified\":\"2026-04-29T15:15:44+00:00\",\"breadcrumb\":{\"@id\":\"https:\\\/\\\/turadio.com.co\\\/?p=5443#breadcrumb\"},\"inLanguage\":\"es\",\"potentialAction\":[{\"@type\":\"ReadAction\",\"target\":[\"https:\\\/\\\/turadio.com.co\\\/?p=5443\"]}]},{\"@type\":\"ImageObject\",\"inLanguage\":\"es\",\"@id\":\"https:\\\/\\\/turadio.com.co\\\/?p=5443#primaryimage\",\"url\":\"https:\\\/\\\/turadio.com.co\\\/wp-content\\\/uploads\\\/2026\\\/04\\\/WhatsApp-Image-2026-04-28-at-4.14.07-PM.jpeg\",\"contentUrl\":\"https:\\\/\\\/turadio.com.co\\\/wp-content\\\/uploads\\\/2026\\\/04\\\/WhatsApp-Image-2026-04-28-at-4.14.07-PM.jpeg\",\"width\":1280,\"height\":854},{\"@type\":\"BreadcrumbList\",\"@id\":\"https:\\\/\\\/turadio.com.co\\\/?p=5443#breadcrumb\",\"itemListElement\":[{\"@type\":\"ListItem\",\"position\":1,\"name\":\"Portada\",\"item\":\"https:\\\/\\\/turadio.com.co\\\/\"},{\"@type\":\"ListItem\",\"position\":2,\"name\":\"C\u00f3rdoba impulsa la internacionalizaci\u00f3n a\u00e9rea: Monter\u00eda registra crecimiento r\u00e9cord en pasajeros internacionales.\"}]},{\"@type\":\"WebSite\",\"@id\":\"https:\\\/\\\/turadio.com.co\\\/#website\",\"url\":\"https:\\\/\\\/turadio.com.co\\\/\",\"name\":\"Tu Radio\",\"description\":\"\",\"publisher\":{\"@id\":\"https:\\\/\\\/turadio.com.co\\\/#organization\"},\"potentialAction\":[{\"@type\":\"SearchAction\",\"target\":{\"@type\":\"EntryPoint\",\"urlTemplate\":\"https:\\\/\\\/turadio.com.co\\\/?s={search_term_string}\"},\"query-input\":{\"@type\":\"PropertyValueSpecification\",\"valueRequired\":true,\"valueName\":\"search_term_string\"}}],\"inLanguage\":\"es\"},{\"@type\":\"Organization\",\"@id\":\"https:\\\/\\\/turadio.com.co\\\/#organization\",\"name\":\"Tu Radio\",\"url\":\"https:\\\/\\\/turadio.com.co\\\/\",\"logo\":{\"@type\":\"ImageObject\",\"inLanguage\":\"es\",\"@id\":\"https:\\\/\\\/turadio.com.co\\\/#\\\/schema\\\/logo\\\/image\\\/\",\"url\":\"https:\\\/\\\/turadio.com.co\\\/wp-content\\\/uploads\\\/2025\\\/07\\\/logo.png\",\"contentUrl\":\"https:\\\/\\\/turadio.com.co\\\/wp-content\\\/uploads\\\/2025\\\/07\\\/logo.png\",\"width\":366,\"height\":91,\"caption\":\"Tu Radio\"},\"image\":{\"@id\":\"https:\\\/\\\/turadio.com.co\\\/#\\\/schema\\\/logo\\\/image\\\/\"}},{\"@type\":\"Person\",\"@id\":\"https:\\\/\\\/turadio.com.co\\\/#\\\/schema\\\/person\\\/a336ad8dcc0120ef37278ad35b4f64fe\",\"name\":\"turadio\",\"image\":{\"@type\":\"ImageObject\",\"inLanguage\":\"es\",\"@id\":\"https:\\\/\\\/secure.gravatar.com\\\/avatar\\\/e905fb228be0ae401b494278f04ccb4a7d2e839822ca560083e0b3a15f6c8669?s=96&d=mm&r=g\",\"url\":\"https:\\\/\\\/secure.gravatar.com\\\/avatar\\\/e905fb228be0ae401b494278f04ccb4a7d2e839822ca560083e0b3a15f6c8669?s=96&d=mm&r=g\",\"contentUrl\":\"https:\\\/\\\/secure.gravatar.com\\\/avatar\\\/e905fb228be0ae401b494278f04ccb4a7d2e839822ca560083e0b3a15f6c8669?s=96&d=mm&r=g\",\"caption\":\"turadio\"},\"sameAs\":[\"https:\\\/\\\/turadio.com.co\",\"https:\\\/\\\/www.facebook.com\\\/profile.php?id=100086306444643\",\"https:\\\/\\\/www.instagram.com\\\/turadio23\\\/\",\"https:\\\/\\\/www.youtube.com\\\/@TuRadiomonteria\"],\"url\":\"https:\\\/\\\/turadio.com.co\\\/?author=1\"}]}<\/script>\n<!-- \/ Yoast SEO plugin. -->","yoast_head_json":{"title":"C\u00f3rdoba impulsa la internacionalizaci\u00f3n a\u00e9rea: Monter\u00eda registra crecimiento r\u00e9cord en pasajeros internacionales. - Tu Radio","robots":{"index":"index","follow":"follow","max-snippet":"max-snippet:-1","max-image-preview":"max-image-preview:large","max-video-preview":"max-video-preview:-1"},"canonical":"https:\/\/turadio.com.co\/?p=5443","og_locale":"es_ES","og_type":"article","og_title":"C\u00f3rdoba impulsa la internacionalizaci\u00f3n a\u00e9rea: Monter\u00eda registra crecimiento r\u00e9cord en pasajeros internacionales. - Tu Radio","og_description":"La Gobernaci\u00f3n de C\u00f3rdoba, en coordinaci\u00f3n con las alcald\u00edas de los municipios de Monter\u00eda y Ceret\u00e9, y el operador del Aeropuerto Los Garzones, avanza en acciones estrat\u00e9gicas para ampliar la conectividad a\u00e9rea, con especial \u00e9nfasis en nuevas rutas internacionales. Durante una reuni\u00f3n realizada este martes con entidades nacionales, en la que particip\u00f3 el gobernador Erasmo...","og_url":"https:\/\/turadio.com.co\/?p=5443","og_site_name":"Tu Radio","article_author":"https:\/\/www.facebook.com\/profile.php?id=100086306444643","article_published_time":"2026-04-29T15:15:40+00:00","article_modified_time":"2026-04-29T15:15:44+00:00","og_image":[{"width":1280,"height":854,"url":"https:\/\/turadio.com.co\/wp-content\/uploads\/2026\/04\/WhatsApp-Image-2026-04-28-at-4.14.07-PM.jpeg","type":"image\/jpeg"}],"author":"turadio","twitter_card":"summary_large_image","twitter_misc":{"Escrito por":"turadio","Tiempo de lectura":"3 minutos"},"schema":{"@context":"https:\/\/schema.org","@graph":[{"@type":"Article","@id":"https:\/\/turadio.com.co\/?p=5443#article","isPartOf":{"@id":"https:\/\/turadio.com.co\/?p=5443"},"author":{"name":"turadio","@id":"https:\/\/turadio.com.co\/#\/schema\/person\/a336ad8dcc0120ef37278ad35b4f64fe"},"headline":"C\u00f3rdoba impulsa la internacionalizaci\u00f3n a\u00e9rea: Monter\u00eda registra crecimiento r\u00e9cord en pasajeros internacionales.","datePublished":"2026-04-29T15:15:40+00:00","dateModified":"2026-04-29T15:15:44+00:00","mainEntityOfPage":{"@id":"https:\/\/turadio.com.co\/?p=5443"},"wordCount":387,"commentCount":0,"publisher":{"@id":"https:\/\/turadio.com.co\/#organization"},"image":{"@id":"https:\/\/turadio.com.co\/?p=5443#primaryimage"},"thumbnailUrl":"https:\/\/turadio.com.co\/wp-content\/uploads\/2026\/04\/WhatsApp-Image-2026-04-28-at-4.14.07-PM.jpeg","articleSection":["C\u00f3rdoba"],"inLanguage":"es","potentialAction":[{"@type":"CommentAction","name":"Comment","target":["https:\/\/turadio.com.co\/?p=5443#respond"]}]},{"@type":"WebPage","@id":"https:\/\/turadio.com.co\/?p=5443","url":"https:\/\/turadio.com.co\/?p=5443","name":"C\u00f3rdoba impulsa la internacionalizaci\u00f3n a\u00e9rea: Monter\u00eda registra crecimiento r\u00e9cord en pasajeros internacionales. - Tu Radio","isPartOf":{"@id":"https:\/\/turadio.com.co\/#website"},"primaryImageOfPage":{"@id":"https:\/\/turadio.com.co\/?p=5443#primaryimage"},"image":{"@id":"https:\/\/turadio.com.co\/?p=5443#primaryimage"},"thumbnailUrl":"https:\/\/turadio.com.co\/wp-content\/uploads\/2026\/04\/WhatsApp-Image-2026-04-28-at-4.14.07-PM.jpeg","datePublished":"2026-04-29T15:15:40+00:00","dateModified":"2026-04-29T15:15:44+00:00","breadcrumb":{"@id":"https:\/\/turadio.com.co\/?p=5443#breadcrumb"},"inLanguage":"es","potentialAction":[{"@type":"ReadAction","target":["https:\/\/turadio.com.co\/?p=5443"]}]},{"@type":"ImageObject","inLanguage":"es","@id":"https:\/\/turadio.com.co\/?p=5443#primaryimage","url":"https:\/\/turadio.com.co\/wp-content\/uploads\/2026\/04\/WhatsApp-Image-2026-04-28-at-4.14.07-PM.jpeg","contentUrl":"https:\/\/turadio.com.co\/wp-content\/uploads\/2026\/04\/WhatsApp-Image-2026-04-28-at-4.14.07-PM.jpeg","width":1280,"height":854},{"@type":"BreadcrumbList","@id":"https:\/\/turadio.com.co\/?p=5443#breadcrumb","itemListElement":[{"@type":"ListItem","position":1,"name":"Portada","item":"https:\/\/turadio.com.co\/"},{"@type":"ListItem","position":2,"name":"C\u00f3rdoba impulsa la internacionalizaci\u00f3n a\u00e9rea: Monter\u00eda registra crecimiento r\u00e9cord en pasajeros internacionales."}]},{"@type":"WebSite","@id":"https:\/\/turadio.com.co\/#website","url":"https:\/\/turadio.com.co\/","name":"Tu Radio","description":"","publisher":{"@id":"https:\/\/turadio.com.co\/#organization"},"potentialAction":[{"@type":"SearchAction","target":{"@type":"EntryPoint","urlTemplate":"https:\/\/turadio.com.co\/?s={search_term_string}"},"query-input":{"@type":"PropertyValueSpecification","valueRequired":true,"valueName":"search_term_string"}}],"inLanguage":"es"},{"@type":"Organization","@id":"https:\/\/turadio.com.co\/#organization","name":"Tu Radio","url":"https:\/\/turadio.com.co\/","logo":{"@type":"ImageObject","inLanguage":"es","@id":"https:\/\/turadio.com.co\/#\/schema\/logo\/image\/","url":"https:\/\/turadio.com.co\/wp-content\/uploads\/2025\/07\/logo.png","contentUrl":"https:\/\/turadio.com.co\/wp-content\/uploads\/2025\/07\/logo.png","width":366,"height":91,"caption":"Tu Radio"},"image":{"@id":"https:\/\/turadio.com.co\/#\/schema\/logo\/image\/"}},{"@type":"Person","@id":"https:\/\/turadio.com.co\/#\/schema\/person\/a336ad8dcc0120ef37278ad35b4f64fe","name":"turadio","image":{"@type":"ImageObject","inLanguage":"es","@id":"https:\/\/secure.gravatar.com\/avatar\/e905fb228be0ae401b494278f04ccb4a7d2e839822ca560083e0b3a15f6c8669?s=96&d=mm&r=g","url":"https:\/\/secure.gravatar.com\/avatar\/e905fb228be0ae401b494278f04ccb4a7d2e839822ca560083e0b3a15f6c8669?s=96&d=mm&r=g","contentUrl":"https:\/\/secure.gravatar.com\/avatar\/e905fb228be0ae401b494278f04ccb4a7d2e839822ca560083e0b3a15f6c8669?s=96&d=mm&r=g","caption":"turadio"},"sameAs":["https:\/\/turadio.com.co","https:\/\/www.facebook.com\/profile.php?id=100086306444643","https:\/\/www.instagram.com\/turadio23\/","https:\/\/www.youtube.com\/@TuRadiomonteria"],"url":"https:\/\/turadio.com.co\/?author=1"}]}},"_links":{"self":[{"href":"https:\/\/turadio.com.co\/index.php?rest_route=\/wp\/v2\/posts\/5443","targetHints":{"allow":["GET"]}}],"collection":[{"href":"https:\/\/turadio.com.co\/index.php?rest_route=\/wp\/v2\/posts"}],"about":[{"href":"https:\/\/turadio.com.co\/index.php?rest_route=\/wp\/v2\/types\/post"}],"author":[{"embeddable":true,"href":"https:\/\/turadio.com.co\/index.php?rest_route=\/wp\/v2\/users\/1"}],"replies":[{"embeddable":true,"href":"https:\/\/turadio.com.co\/index.php?rest_route=%2Fwp%2Fv2%2Fcomments&post=5443"}],"version-history":[{"count":1,"href":"https:\/\/turadio.com.co\/index.php?rest_route=\/wp\/v2\/posts\/5443\/revisions"}],"predecessor-version":[{"id":5447,"href":"https:\/\/turadio.com.co\/index.php?rest_route=\/wp\/v2\/posts\/5443\/revisions\/5447"}],"wp:featuredmedia":[{"embeddable":true,"href":"https:\/\/turadio.com.co\/index.php?rest_route=\/wp\/v2\/media\/5444"}],"wp:attachment":[{"href":"https:\/\/turadio.com.co\/index.php?rest_route=%2Fwp%2Fv2%2Fmedia&parent=5443"}],"wp:term":[{"taxonomy":"category","embeddable":true,"href":"https:\/\/turadio.com.co\/index.php?rest_route=%2Fwp%2Fv2%2Fcategories&post=5443"},{"taxonomy":"post_tag","embeddable":true,"href":"https:\/\/turadio.com.co\/index.php?rest_route=%2Fwp%2Fv2%2Ftags&post=5443"}],"curies":[{"name":"wp","href":"https:\/\/api.w.org\/{rel}","templated":true}]}}