{"id":5452,"date":"2026-04-29T21:26:01","date_gmt":"2026-04-29T21:26:01","guid":{"rendered":"https:\/\/turadio.com.co\/?p=5452"},"modified":"2026-04-29T21:26:05","modified_gmt":"2026-04-29T21:26:05","slug":"prosperidad-social-hace-llamado-a-165-457-beneficiarios-de-colombia-mayor-en-cordoba","status":"publish","type":"post","link":"https:\/\/turadio.com.co\/?p=5452","title":{"rendered":"Prosperidad Social hace llamado a 165.457 beneficiarios de Colombia Mayor en C\u00f3rdoba."},"content":{"rendered":"\n<p>\u2022Los beneficiarios pendientes de cobro del ciclo 3, tienen plazo hasta el 4 de mayo para reclamar este recurso.<\/p>\n\n\n\n<p>\u2022La entrega se realiza a trav\u00e9s de SuperGIROS y SuRed en todo el territorio nacional.<\/p>\n\n\n\n<p>El director de Prosperidad Social, Mauricio Rodr\u00edguez Amaya (@mao_rodriguez1), hizo un llamado a los 165.457 beneficiarios en C\u00f3rdoba, pendientes del retiro del tercer ciclo de transferencias del programa Colombia Mayor.<\/p>\n\n\n\n<p>El departamento registra el 76 % de avance en las entregas programadas.<\/p>\n\n\n\n<p>\u00abCon este ciclo reafirmamos el compromiso con la dignidad de las personas mayores. Garantizamos la entrega oportuna de los recursos, y seguimos fortaleciendo mecanismos m\u00e1s seguros, directos y \u00e1giles para facilitar su acceso\u201d, dijo Rodr\u00edguez Amaya.<\/p>\n\n\n\n<figure class=\"wp-block-image size-large\"><img loading=\"lazy\" decoding=\"async\" width=\"1024\" height=\"768\" src=\"https:\/\/turadio.com.co\/wp-content\/uploads\/2026\/04\/WhatsApp-Image-2026-04-29-at-3.51.33-PM-1024x768.jpeg\" alt=\"\" class=\"wp-image-5454\" srcset=\"https:\/\/turadio.com.co\/wp-content\/uploads\/2026\/04\/WhatsApp-Image-2026-04-29-at-3.51.33-PM-1024x768.jpeg 1024w, https:\/\/turadio.com.co\/wp-content\/uploads\/2026\/04\/WhatsApp-Image-2026-04-29-at-3.51.33-PM-300x225.jpeg 300w, https:\/\/turadio.com.co\/wp-content\/uploads\/2026\/04\/WhatsApp-Image-2026-04-29-at-3.51.33-PM-768x576.jpeg 768w, https:\/\/turadio.com.co\/wp-content\/uploads\/2026\/04\/WhatsApp-Image-2026-04-29-at-3.51.33-PM.jpeg 1280w\" sizes=\"auto, (max-width: 1024px) 100vw, 1024px\" \/><\/figure>\n\n\n\n<p>A nivel regional, se cuenta con una inversi\u00f3n de m\u00e1s de 36.000 millones de pesos, destinados a garantizar el bienestar y la protecci\u00f3n de 165.457 personas mayores.<\/p>\n\n\n\n<p>Puntos de entregas y recomendaciones<\/p>\n\n\n\n<p>La entrega de este beneficio de 230.000 pesos se realiza a trav\u00e9s de los operadores SuperGIROS y SuRed, que cuentan con una red de m\u00e1s de 31.000 puntos en zonas urbanas y rurales. Esta cobertura facilita el acceso a los beneficiarios cerca de sus hogares y evita desplazamientos innecesarios.<\/p>\n\n\n\n<p>Prosperidad Social hace un llamado a los beneficiarios a nivel nacional para que acudan a los puntos autorizados dentro del tiempo establecido.<\/p>\n\n\n\n<p>Este programa fortalece el sistema de protecci\u00f3n social bajo las directrices del Gobierno nacional, contribuye a una vejez digna, y mejora significativamente la calidad de vida de la poblaci\u00f3n mayor.<\/p>\n","protected":false},"excerpt":{"rendered":"<p>\u2022Los beneficiarios pendientes de cobro del ciclo 3, tienen plazo hasta el 4 de mayo para reclamar este recurso. \u2022La entrega se realiza a trav\u00e9s de SuperGIROS y SuRed en todo el territorio nacional. El director de Prosperidad Social, Mauricio Rodr\u00edguez Amaya (@mao_rodriguez1), hizo un llamado a los 165.457 beneficiarios en C\u00f3rdoba, pendientes del retiro&#8230;<\/p>\n","protected":false},"author":1,"featured_media":5453,"comment_status":"open","ping_status":"open","sticky":false,"template":"","format":"standard","meta":{"footnotes":""},"categories":[13],"tags":[],"class_list":["post-5452","post","type-post","status-publish","format-standard","has-post-thumbnail","hentry","category-cordoba"],"yoast_head":"<!-- This site is optimized with the Yoast SEO plugin v27.5 - https:\/\/yoast.com\/product\/yoast-seo-wordpress\/ -->\n<title>Prosperidad Social hace llamado a 165.457 beneficiarios de Colombia Mayor en C\u00f3rdoba. - Tu Radio<\/title>\n<meta name=\"robots\" content=\"index, follow, max-snippet:-1, max-image-preview:large, max-video-preview:-1\" \/>\n<link rel=\"canonical\" href=\"https:\/\/turadio.com.co\/?p=5452\" \/>\n<meta property=\"og:locale\" content=\"es_ES\" \/>\n<meta property=\"og:type\" content=\"article\" \/>\n<meta property=\"og:title\" content=\"Prosperidad Social hace llamado a 165.457 beneficiarios de Colombia Mayor en C\u00f3rdoba. - Tu Radio\" \/>\n<meta property=\"og:description\" content=\"\u2022Los beneficiarios pendientes de cobro del ciclo 3, tienen plazo hasta el 4 de mayo para reclamar este recurso. \u2022La entrega se realiza a trav\u00e9s de SuperGIROS y SuRed en todo el territorio nacional. El director de Prosperidad Social, Mauricio Rodr\u00edguez Amaya (@mao_rodriguez1), hizo un llamado a los 165.457 beneficiarios en C\u00f3rdoba, pendientes del retiro...\" \/>\n<meta property=\"og:url\" content=\"https:\/\/turadio.com.co\/?p=5452\" \/>\n<meta property=\"og:site_name\" content=\"Tu Radio\" \/>\n<meta property=\"article:author\" content=\"https:\/\/www.facebook.com\/profile.php?id=100086306444643\" \/>\n<meta property=\"article:published_time\" content=\"2026-04-29T21:26:01+00:00\" \/>\n<meta property=\"article:modified_time\" content=\"2026-04-29T21:26:05+00:00\" \/>\n<meta property=\"og:image\" content=\"https:\/\/turadio.com.co\/wp-content\/uploads\/2026\/04\/WhatsApp-Image-2026-04-29-at-3.51.32-PM.jpeg\" \/>\n\t<meta property=\"og:image:width\" content=\"1280\" \/>\n\t<meta property=\"og:image:height\" content=\"960\" \/>\n\t<meta property=\"og:image:type\" content=\"image\/jpeg\" \/>\n<meta name=\"author\" content=\"turadio\" \/>\n<meta name=\"twitter:card\" content=\"summary_large_image\" \/>\n<meta name=\"twitter:label1\" content=\"Escrito por\" \/>\n\t<meta name=\"twitter:data1\" content=\"turadio\" \/>\n\t<meta name=\"twitter:label2\" content=\"Tiempo de lectura\" \/>\n\t<meta name=\"twitter:data2\" content=\"2 minutos\" \/>\n<script type=\"application\/ld+json\" class=\"yoast-schema-graph\">{\"@context\":\"https:\\\/\\\/schema.org\",\"@graph\":[{\"@type\":\"Article\",\"@id\":\"https:\\\/\\\/turadio.com.co\\\/?p=5452#article\",\"isPartOf\":{\"@id\":\"https:\\\/\\\/turadio.com.co\\\/?p=5452\"},\"author\":{\"name\":\"turadio\",\"@id\":\"https:\\\/\\\/turadio.com.co\\\/#\\\/schema\\\/person\\\/a336ad8dcc0120ef37278ad35b4f64fe\"},\"headline\":\"Prosperidad Social hace llamado a 165.457 beneficiarios de Colombia Mayor en C\u00f3rdoba.\",\"datePublished\":\"2026-04-29T21:26:01+00:00\",\"dateModified\":\"2026-04-29T21:26:05+00:00\",\"mainEntityOfPage\":{\"@id\":\"https:\\\/\\\/turadio.com.co\\\/?p=5452\"},\"wordCount\":261,\"commentCount\":0,\"publisher\":{\"@id\":\"https:\\\/\\\/turadio.com.co\\\/#organization\"},\"image\":{\"@id\":\"https:\\\/\\\/turadio.com.co\\\/?p=5452#primaryimage\"},\"thumbnailUrl\":\"https:\\\/\\\/turadio.com.co\\\/wp-content\\\/uploads\\\/2026\\\/04\\\/WhatsApp-Image-2026-04-29-at-3.51.32-PM.jpeg\",\"articleSection\":[\"C\u00f3rdoba\"],\"inLanguage\":\"es\",\"potentialAction\":[{\"@type\":\"CommentAction\",\"name\":\"Comment\",\"target\":[\"https:\\\/\\\/turadio.com.co\\\/?p=5452#respond\"]}]},{\"@type\":\"WebPage\",\"@id\":\"https:\\\/\\\/turadio.com.co\\\/?p=5452\",\"url\":\"https:\\\/\\\/turadio.com.co\\\/?p=5452\",\"name\":\"Prosperidad Social hace llamado a 165.457 beneficiarios de Colombia Mayor en C\u00f3rdoba. - Tu Radio\",\"isPartOf\":{\"@id\":\"https:\\\/\\\/turadio.com.co\\\/#website\"},\"primaryImageOfPage\":{\"@id\":\"https:\\\/\\\/turadio.com.co\\\/?p=5452#primaryimage\"},\"image\":{\"@id\":\"https:\\\/\\\/turadio.com.co\\\/?p=5452#primaryimage\"},\"thumbnailUrl\":\"https:\\\/\\\/turadio.com.co\\\/wp-content\\\/uploads\\\/2026\\\/04\\\/WhatsApp-Image-2026-04-29-at-3.51.32-PM.jpeg\",\"datePublished\":\"2026-04-29T21:26:01+00:00\",\"dateModified\":\"2026-04-29T21:26:05+00:00\",\"breadcrumb\":{\"@id\":\"https:\\\/\\\/turadio.com.co\\\/?p=5452#breadcrumb\"},\"inLanguage\":\"es\",\"potentialAction\":[{\"@type\":\"ReadAction\",\"target\":[\"https:\\\/\\\/turadio.com.co\\\/?p=5452\"]}]},{\"@type\":\"ImageObject\",\"inLanguage\":\"es\",\"@id\":\"https:\\\/\\\/turadio.com.co\\\/?p=5452#primaryimage\",\"url\":\"https:\\\/\\\/turadio.com.co\\\/wp-content\\\/uploads\\\/2026\\\/04\\\/WhatsApp-Image-2026-04-29-at-3.51.32-PM.jpeg\",\"contentUrl\":\"https:\\\/\\\/turadio.com.co\\\/wp-content\\\/uploads\\\/2026\\\/04\\\/WhatsApp-Image-2026-04-29-at-3.51.32-PM.jpeg\",\"width\":1280,\"height\":960},{\"@type\":\"BreadcrumbList\",\"@id\":\"https:\\\/\\\/turadio.com.co\\\/?p=5452#breadcrumb\",\"itemListElement\":[{\"@type\":\"ListItem\",\"position\":1,\"name\":\"Portada\",\"item\":\"https:\\\/\\\/turadio.com.co\\\/\"},{\"@type\":\"ListItem\",\"position\":2,\"name\":\"Prosperidad Social hace llamado a 165.457 beneficiarios de Colombia Mayor en C\u00f3rdoba.\"}]},{\"@type\":\"WebSite\",\"@id\":\"https:\\\/\\\/turadio.com.co\\\/#website\",\"url\":\"https:\\\/\\\/turadio.com.co\\\/\",\"name\":\"Tu Radio\",\"description\":\"\",\"publisher\":{\"@id\":\"https:\\\/\\\/turadio.com.co\\\/#organization\"},\"potentialAction\":[{\"@type\":\"SearchAction\",\"target\":{\"@type\":\"EntryPoint\",\"urlTemplate\":\"https:\\\/\\\/turadio.com.co\\\/?s={search_term_string}\"},\"query-input\":{\"@type\":\"PropertyValueSpecification\",\"valueRequired\":true,\"valueName\":\"search_term_string\"}}],\"inLanguage\":\"es\"},{\"@type\":\"Organization\",\"@id\":\"https:\\\/\\\/turadio.com.co\\\/#organization\",\"name\":\"Tu Radio\",\"url\":\"https:\\\/\\\/turadio.com.co\\\/\",\"logo\":{\"@type\":\"ImageObject\",\"inLanguage\":\"es\",\"@id\":\"https:\\\/\\\/turadio.com.co\\\/#\\\/schema\\\/logo\\\/image\\\/\",\"url\":\"https:\\\/\\\/turadio.com.co\\\/wp-content\\\/uploads\\\/2025\\\/07\\\/logo.png\",\"contentUrl\":\"https:\\\/\\\/turadio.com.co\\\/wp-content\\\/uploads\\\/2025\\\/07\\\/logo.png\",\"width\":366,\"height\":91,\"caption\":\"Tu Radio\"},\"image\":{\"@id\":\"https:\\\/\\\/turadio.com.co\\\/#\\\/schema\\\/logo\\\/image\\\/\"}},{\"@type\":\"Person\",\"@id\":\"https:\\\/\\\/turadio.com.co\\\/#\\\/schema\\\/person\\\/a336ad8dcc0120ef37278ad35b4f64fe\",\"name\":\"turadio\",\"image\":{\"@type\":\"ImageObject\",\"inLanguage\":\"es\",\"@id\":\"https:\\\/\\\/secure.gravatar.com\\\/avatar\\\/e905fb228be0ae401b494278f04ccb4a7d2e839822ca560083e0b3a15f6c8669?s=96&d=mm&r=g\",\"url\":\"https:\\\/\\\/secure.gravatar.com\\\/avatar\\\/e905fb228be0ae401b494278f04ccb4a7d2e839822ca560083e0b3a15f6c8669?s=96&d=mm&r=g\",\"contentUrl\":\"https:\\\/\\\/secure.gravatar.com\\\/avatar\\\/e905fb228be0ae401b494278f04ccb4a7d2e839822ca560083e0b3a15f6c8669?s=96&d=mm&r=g\",\"caption\":\"turadio\"},\"sameAs\":[\"https:\\\/\\\/turadio.com.co\",\"https:\\\/\\\/www.facebook.com\\\/profile.php?id=100086306444643\",\"https:\\\/\\\/www.instagram.com\\\/turadio23\\\/\",\"https:\\\/\\\/www.youtube.com\\\/@TuRadiomonteria\"],\"url\":\"https:\\\/\\\/turadio.com.co\\\/?author=1\"}]}<\/script>\n<!-- \/ Yoast SEO plugin. -->","yoast_head_json":{"title":"Prosperidad Social hace llamado a 165.457 beneficiarios de Colombia Mayor en C\u00f3rdoba. - Tu Radio","robots":{"index":"index","follow":"follow","max-snippet":"max-snippet:-1","max-image-preview":"max-image-preview:large","max-video-preview":"max-video-preview:-1"},"canonical":"https:\/\/turadio.com.co\/?p=5452","og_locale":"es_ES","og_type":"article","og_title":"Prosperidad Social hace llamado a 165.457 beneficiarios de Colombia Mayor en C\u00f3rdoba. - Tu Radio","og_description":"\u2022Los beneficiarios pendientes de cobro del ciclo 3, tienen plazo hasta el 4 de mayo para reclamar este recurso. \u2022La entrega se realiza a trav\u00e9s de SuperGIROS y SuRed en todo el territorio nacional. El director de Prosperidad Social, Mauricio Rodr\u00edguez Amaya (@mao_rodriguez1), hizo un llamado a los 165.457 beneficiarios en C\u00f3rdoba, pendientes del retiro...","og_url":"https:\/\/turadio.com.co\/?p=5452","og_site_name":"Tu Radio","article_author":"https:\/\/www.facebook.com\/profile.php?id=100086306444643","article_published_time":"2026-04-29T21:26:01+00:00","article_modified_time":"2026-04-29T21:26:05+00:00","og_image":[{"width":1280,"height":960,"url":"https:\/\/turadio.com.co\/wp-content\/uploads\/2026\/04\/WhatsApp-Image-2026-04-29-at-3.51.32-PM.jpeg","type":"image\/jpeg"}],"author":"turadio","twitter_card":"summary_large_image","twitter_misc":{"Escrito por":"turadio","Tiempo de lectura":"2 minutos"},"schema":{"@context":"https:\/\/schema.org","@graph":[{"@type":"Article","@id":"https:\/\/turadio.com.co\/?p=5452#article","isPartOf":{"@id":"https:\/\/turadio.com.co\/?p=5452"},"author":{"name":"turadio","@id":"https:\/\/turadio.com.co\/#\/schema\/person\/a336ad8dcc0120ef37278ad35b4f64fe"},"headline":"Prosperidad Social hace llamado a 165.457 beneficiarios de Colombia Mayor en C\u00f3rdoba.","datePublished":"2026-04-29T21:26:01+00:00","dateModified":"2026-04-29T21:26:05+00:00","mainEntityOfPage":{"@id":"https:\/\/turadio.com.co\/?p=5452"},"wordCount":261,"commentCount":0,"publisher":{"@id":"https:\/\/turadio.com.co\/#organization"},"image":{"@id":"https:\/\/turadio.com.co\/?p=5452#primaryimage"},"thumbnailUrl":"https:\/\/turadio.com.co\/wp-content\/uploads\/2026\/04\/WhatsApp-Image-2026-04-29-at-3.51.32-PM.jpeg","articleSection":["C\u00f3rdoba"],"inLanguage":"es","potentialAction":[{"@type":"CommentAction","name":"Comment","target":["https:\/\/turadio.com.co\/?p=5452#respond"]}]},{"@type":"WebPage","@id":"https:\/\/turadio.com.co\/?p=5452","url":"https:\/\/turadio.com.co\/?p=5452","name":"Prosperidad Social hace llamado a 165.457 beneficiarios de Colombia Mayor en C\u00f3rdoba. - Tu Radio","isPartOf":{"@id":"https:\/\/turadio.com.co\/#website"},"primaryImageOfPage":{"@id":"https:\/\/turadio.com.co\/?p=5452#primaryimage"},"image":{"@id":"https:\/\/turadio.com.co\/?p=5452#primaryimage"},"thumbnailUrl":"https:\/\/turadio.com.co\/wp-content\/uploads\/2026\/04\/WhatsApp-Image-2026-04-29-at-3.51.32-PM.jpeg","datePublished":"2026-04-29T21:26:01+00:00","dateModified":"2026-04-29T21:26:05+00:00","breadcrumb":{"@id":"https:\/\/turadio.com.co\/?p=5452#breadcrumb"},"inLanguage":"es","potentialAction":[{"@type":"ReadAction","target":["https:\/\/turadio.com.co\/?p=5452"]}]},{"@type":"ImageObject","inLanguage":"es","@id":"https:\/\/turadio.com.co\/?p=5452#primaryimage","url":"https:\/\/turadio.com.co\/wp-content\/uploads\/2026\/04\/WhatsApp-Image-2026-04-29-at-3.51.32-PM.jpeg","contentUrl":"https:\/\/turadio.com.co\/wp-content\/uploads\/2026\/04\/WhatsApp-Image-2026-04-29-at-3.51.32-PM.jpeg","width":1280,"height":960},{"@type":"BreadcrumbList","@id":"https:\/\/turadio.com.co\/?p=5452#breadcrumb","itemListElement":[{"@type":"ListItem","position":1,"name":"Portada","item":"https:\/\/turadio.com.co\/"},{"@type":"ListItem","position":2,"name":"Prosperidad Social hace llamado a 165.457 beneficiarios de Colombia Mayor en C\u00f3rdoba."}]},{"@type":"WebSite","@id":"https:\/\/turadio.com.co\/#website","url":"https:\/\/turadio.com.co\/","name":"Tu Radio","description":"","publisher":{"@id":"https:\/\/turadio.com.co\/#organization"},"potentialAction":[{"@type":"SearchAction","target":{"@type":"EntryPoint","urlTemplate":"https:\/\/turadio.com.co\/?s={search_term_string}"},"query-input":{"@type":"PropertyValueSpecification","valueRequired":true,"valueName":"search_term_string"}}],"inLanguage":"es"},{"@type":"Organization","@id":"https:\/\/turadio.com.co\/#organization","name":"Tu Radio","url":"https:\/\/turadio.com.co\/","logo":{"@type":"ImageObject","inLanguage":"es","@id":"https:\/\/turadio.com.co\/#\/schema\/logo\/image\/","url":"https:\/\/turadio.com.co\/wp-content\/uploads\/2025\/07\/logo.png","contentUrl":"https:\/\/turadio.com.co\/wp-content\/uploads\/2025\/07\/logo.png","width":366,"height":91,"caption":"Tu Radio"},"image":{"@id":"https:\/\/turadio.com.co\/#\/schema\/logo\/image\/"}},{"@type":"Person","@id":"https:\/\/turadio.com.co\/#\/schema\/person\/a336ad8dcc0120ef37278ad35b4f64fe","name":"turadio","image":{"@type":"ImageObject","inLanguage":"es","@id":"https:\/\/secure.gravatar.com\/avatar\/e905fb228be0ae401b494278f04ccb4a7d2e839822ca560083e0b3a15f6c8669?s=96&d=mm&r=g","url":"https:\/\/secure.gravatar.com\/avatar\/e905fb228be0ae401b494278f04ccb4a7d2e839822ca560083e0b3a15f6c8669?s=96&d=mm&r=g","contentUrl":"https:\/\/secure.gravatar.com\/avatar\/e905fb228be0ae401b494278f04ccb4a7d2e839822ca560083e0b3a15f6c8669?s=96&d=mm&r=g","caption":"turadio"},"sameAs":["https:\/\/turadio.com.co","https:\/\/www.facebook.com\/profile.php?id=100086306444643","https:\/\/www.instagram.com\/turadio23\/","https:\/\/www.youtube.com\/@TuRadiomonteria"],"url":"https:\/\/turadio.com.co\/?author=1"}]}},"_links":{"self":[{"href":"https:\/\/turadio.com.co\/index.php?rest_route=\/wp\/v2\/posts\/5452","targetHints":{"allow":["GET"]}}],"collection":[{"href":"https:\/\/turadio.com.co\/index.php?rest_route=\/wp\/v2\/posts"}],"about":[{"href":"https:\/\/turadio.com.co\/index.php?rest_route=\/wp\/v2\/types\/post"}],"author":[{"embeddable":true,"href":"https:\/\/turadio.com.co\/index.php?rest_route=\/wp\/v2\/users\/1"}],"replies":[{"embeddable":true,"href":"https:\/\/turadio.com.co\/index.php?rest_route=%2Fwp%2Fv2%2Fcomments&post=5452"}],"version-history":[{"count":1,"href":"https:\/\/turadio.com.co\/index.php?rest_route=\/wp\/v2\/posts\/5452\/revisions"}],"predecessor-version":[{"id":5455,"href":"https:\/\/turadio.com.co\/index.php?rest_route=\/wp\/v2\/posts\/5452\/revisions\/5455"}],"wp:featuredmedia":[{"embeddable":true,"href":"https:\/\/turadio.com.co\/index.php?rest_route=\/wp\/v2\/media\/5453"}],"wp:attachment":[{"href":"https:\/\/turadio.com.co\/index.php?rest_route=%2Fwp%2Fv2%2Fmedia&parent=5452"}],"wp:term":[{"taxonomy":"category","embeddable":true,"href":"https:\/\/turadio.com.co\/index.php?rest_route=%2Fwp%2Fv2%2Fcategories&post=5452"},{"taxonomy":"post_tag","embeddable":true,"href":"https:\/\/turadio.com.co\/index.php?rest_route=%2Fwp%2Fv2%2Ftags&post=5452"}],"curies":[{"name":"wp","href":"https:\/\/api.w.org\/{rel}","templated":true}]}}