{"id":5460,"date":"2026-04-30T22:06:13","date_gmt":"2026-04-30T22:06:13","guid":{"rendered":"https:\/\/turadio.com.co\/?p=5460"},"modified":"2026-04-30T22:06:16","modified_gmt":"2026-04-30T22:06:16","slug":"fiscalia-solicita-imputar-cargos-al-general-en-retiro-eduardo-zapateiro-por-presunto-acoso-sexual","status":"publish","type":"post","link":"https:\/\/turadio.com.co\/?p=5460","title":{"rendered":"Fiscal\u00eda solicita imputar cargos al general en retiro Eduardo Zapateiro por presunto acoso sexual."},"content":{"rendered":"\n<p>La Fiscal\u00eda General de la Naci\u00f3n radic\u00f3 una solicitud de audiencia de imputaci\u00f3n de cargos contra el general en retiro Eduardo Enrique Zapateiro Altamiranda por la presunta comisi\u00f3n del delito de acoso sexual.<\/p>\n\n\n\n<p>La decisi\u00f3n fue adoptada por un fiscal delegado ante la Corte Suprema de Justicia, luego de avanzar en una investigaci\u00f3n relacionada con denuncias de presuntos actos de intimidaci\u00f3n y acoso sexual contra una funcionaria de las Fuerzas Militares mientras Zapateiro se desempe\u00f1aba como comandante del Ej\u00e9rcito Nacional.<\/p>\n\n\n\n<p>Seg\u00fan inform\u00f3 el ente investigador, la audiencia de imputaci\u00f3n se realizar\u00e1 ante la Sala Penal del Tribunal Superior de Bogot\u00e1 debido al fuero constitucional que conserva el oficial retirado.<\/p>\n\n\n\n<p>La Fiscal\u00eda se\u00f1al\u00f3 que la solicitud se sustent\u00f3, entre otros elementos, en la declaraci\u00f3n entregada por la presunta v\u00edctima, quien relat\u00f3 situaciones de presunto asedio e intimidaci\u00f3n sexual que habr\u00eda sufrido durante el tiempo en que el hoy general retirado ocupaba el cargo de comandante del Ej\u00e9rcito.<\/p>\n\n\n\n<p>Por ahora, Zapateiro no se ha pronunciado frente a la solicitud de imputaci\u00f3n conocida este 30 de abril. Sin embargo, cuando la denuncia se hizo p\u00fablica en marzo de 2025, el excomandante neg\u00f3 las acusaciones y afirm\u00f3 que siempre actu\u00f3 bajo principios de lealtad, honradez y respeto hacia las personas que trabajaron con \u00e9l.<\/p>\n","protected":false},"excerpt":{"rendered":"<p>La Fiscal\u00eda General de la Naci\u00f3n radic\u00f3 una solicitud de audiencia de imputaci\u00f3n de cargos contra el general en retiro Eduardo Enrique Zapateiro Altamiranda por la presunta comisi\u00f3n del delito de acoso sexual. La decisi\u00f3n fue adoptada por un fiscal delegado ante la Corte Suprema de Justicia, luego de avanzar en una investigaci\u00f3n relacionada con&#8230;<\/p>\n","protected":false},"author":1,"featured_media":5461,"comment_status":"open","ping_status":"open","sticky":false,"template":"","format":"standard","meta":{"footnotes":""},"categories":[12],"tags":[],"class_list":["post-5460","post","type-post","status-publish","format-standard","has-post-thumbnail","hentry","category-judiciales"],"yoast_head":"<!-- This site is optimized with the Yoast SEO plugin v27.5 - https:\/\/yoast.com\/product\/yoast-seo-wordpress\/ -->\n<title>Fiscal\u00eda solicita imputar cargos al general en retiro Eduardo Zapateiro por presunto acoso sexual. - Tu Radio<\/title>\n<meta name=\"robots\" content=\"index, follow, max-snippet:-1, max-image-preview:large, max-video-preview:-1\" \/>\n<link rel=\"canonical\" href=\"https:\/\/turadio.com.co\/?p=5460\" \/>\n<meta property=\"og:locale\" content=\"es_ES\" \/>\n<meta property=\"og:type\" content=\"article\" \/>\n<meta property=\"og:title\" content=\"Fiscal\u00eda solicita imputar cargos al general en retiro Eduardo Zapateiro por presunto acoso sexual. - Tu Radio\" \/>\n<meta property=\"og:description\" content=\"La Fiscal\u00eda General de la Naci\u00f3n radic\u00f3 una solicitud de audiencia de imputaci\u00f3n de cargos contra el general en retiro Eduardo Enrique Zapateiro Altamiranda por la presunta comisi\u00f3n del delito de acoso sexual. La decisi\u00f3n fue adoptada por un fiscal delegado ante la Corte Suprema de Justicia, luego de avanzar en una investigaci\u00f3n relacionada con...\" \/>\n<meta property=\"og:url\" content=\"https:\/\/turadio.com.co\/?p=5460\" \/>\n<meta property=\"og:site_name\" content=\"Tu Radio\" \/>\n<meta property=\"article:author\" content=\"https:\/\/www.facebook.com\/profile.php?id=100086306444643\" \/>\n<meta property=\"article:published_time\" content=\"2026-04-30T22:06:13+00:00\" \/>\n<meta property=\"article:modified_time\" content=\"2026-04-30T22:06:16+00:00\" \/>\n<meta property=\"og:image\" content=\"https:\/\/turadio.com.co\/wp-content\/uploads\/2026\/04\/WhatsApp-Image-2026-04-30-at-11.53.00-AM.jpeg\" \/>\n\t<meta property=\"og:image:width\" content=\"1317\" \/>\n\t<meta property=\"og:image:height\" content=\"1034\" \/>\n\t<meta property=\"og:image:type\" content=\"image\/jpeg\" \/>\n<meta name=\"author\" content=\"turadio\" \/>\n<meta name=\"twitter:card\" content=\"summary_large_image\" \/>\n<meta name=\"twitter:label1\" content=\"Escrito por\" \/>\n\t<meta name=\"twitter:data1\" content=\"turadio\" \/>\n\t<meta name=\"twitter:label2\" content=\"Tiempo de lectura\" \/>\n\t<meta name=\"twitter:data2\" content=\"2 minutos\" \/>\n<script type=\"application\/ld+json\" class=\"yoast-schema-graph\">{\"@context\":\"https:\\\/\\\/schema.org\",\"@graph\":[{\"@type\":\"Article\",\"@id\":\"https:\\\/\\\/turadio.com.co\\\/?p=5460#article\",\"isPartOf\":{\"@id\":\"https:\\\/\\\/turadio.com.co\\\/?p=5460\"},\"author\":{\"name\":\"turadio\",\"@id\":\"https:\\\/\\\/turadio.com.co\\\/#\\\/schema\\\/person\\\/a336ad8dcc0120ef37278ad35b4f64fe\"},\"headline\":\"Fiscal\u00eda solicita imputar cargos al general en retiro Eduardo Zapateiro por presunto acoso sexual.\",\"datePublished\":\"2026-04-30T22:06:13+00:00\",\"dateModified\":\"2026-04-30T22:06:16+00:00\",\"mainEntityOfPage\":{\"@id\":\"https:\\\/\\\/turadio.com.co\\\/?p=5460\"},\"wordCount\":243,\"commentCount\":0,\"publisher\":{\"@id\":\"https:\\\/\\\/turadio.com.co\\\/#organization\"},\"image\":{\"@id\":\"https:\\\/\\\/turadio.com.co\\\/?p=5460#primaryimage\"},\"thumbnailUrl\":\"https:\\\/\\\/turadio.com.co\\\/wp-content\\\/uploads\\\/2026\\\/04\\\/WhatsApp-Image-2026-04-30-at-11.53.00-AM.jpeg\",\"articleSection\":[\"Judiciales\"],\"inLanguage\":\"es\",\"potentialAction\":[{\"@type\":\"CommentAction\",\"name\":\"Comment\",\"target\":[\"https:\\\/\\\/turadio.com.co\\\/?p=5460#respond\"]}]},{\"@type\":\"WebPage\",\"@id\":\"https:\\\/\\\/turadio.com.co\\\/?p=5460\",\"url\":\"https:\\\/\\\/turadio.com.co\\\/?p=5460\",\"name\":\"Fiscal\u00eda solicita imputar cargos al general en retiro Eduardo Zapateiro por presunto acoso sexual. - Tu Radio\",\"isPartOf\":{\"@id\":\"https:\\\/\\\/turadio.com.co\\\/#website\"},\"primaryImageOfPage\":{\"@id\":\"https:\\\/\\\/turadio.com.co\\\/?p=5460#primaryimage\"},\"image\":{\"@id\":\"https:\\\/\\\/turadio.com.co\\\/?p=5460#primaryimage\"},\"thumbnailUrl\":\"https:\\\/\\\/turadio.com.co\\\/wp-content\\\/uploads\\\/2026\\\/04\\\/WhatsApp-Image-2026-04-30-at-11.53.00-AM.jpeg\",\"datePublished\":\"2026-04-30T22:06:13+00:00\",\"dateModified\":\"2026-04-30T22:06:16+00:00\",\"breadcrumb\":{\"@id\":\"https:\\\/\\\/turadio.com.co\\\/?p=5460#breadcrumb\"},\"inLanguage\":\"es\",\"potentialAction\":[{\"@type\":\"ReadAction\",\"target\":[\"https:\\\/\\\/turadio.com.co\\\/?p=5460\"]}]},{\"@type\":\"ImageObject\",\"inLanguage\":\"es\",\"@id\":\"https:\\\/\\\/turadio.com.co\\\/?p=5460#primaryimage\",\"url\":\"https:\\\/\\\/turadio.com.co\\\/wp-content\\\/uploads\\\/2026\\\/04\\\/WhatsApp-Image-2026-04-30-at-11.53.00-AM.jpeg\",\"contentUrl\":\"https:\\\/\\\/turadio.com.co\\\/wp-content\\\/uploads\\\/2026\\\/04\\\/WhatsApp-Image-2026-04-30-at-11.53.00-AM.jpeg\",\"width\":1317,\"height\":1034},{\"@type\":\"BreadcrumbList\",\"@id\":\"https:\\\/\\\/turadio.com.co\\\/?p=5460#breadcrumb\",\"itemListElement\":[{\"@type\":\"ListItem\",\"position\":1,\"name\":\"Portada\",\"item\":\"https:\\\/\\\/turadio.com.co\\\/\"},{\"@type\":\"ListItem\",\"position\":2,\"name\":\"Fiscal\u00eda solicita imputar cargos al general en retiro Eduardo Zapateiro por presunto acoso sexual.\"}]},{\"@type\":\"WebSite\",\"@id\":\"https:\\\/\\\/turadio.com.co\\\/#website\",\"url\":\"https:\\\/\\\/turadio.com.co\\\/\",\"name\":\"Tu Radio\",\"description\":\"\",\"publisher\":{\"@id\":\"https:\\\/\\\/turadio.com.co\\\/#organization\"},\"potentialAction\":[{\"@type\":\"SearchAction\",\"target\":{\"@type\":\"EntryPoint\",\"urlTemplate\":\"https:\\\/\\\/turadio.com.co\\\/?s={search_term_string}\"},\"query-input\":{\"@type\":\"PropertyValueSpecification\",\"valueRequired\":true,\"valueName\":\"search_term_string\"}}],\"inLanguage\":\"es\"},{\"@type\":\"Organization\",\"@id\":\"https:\\\/\\\/turadio.com.co\\\/#organization\",\"name\":\"Tu Radio\",\"url\":\"https:\\\/\\\/turadio.com.co\\\/\",\"logo\":{\"@type\":\"ImageObject\",\"inLanguage\":\"es\",\"@id\":\"https:\\\/\\\/turadio.com.co\\\/#\\\/schema\\\/logo\\\/image\\\/\",\"url\":\"https:\\\/\\\/turadio.com.co\\\/wp-content\\\/uploads\\\/2025\\\/07\\\/logo.png\",\"contentUrl\":\"https:\\\/\\\/turadio.com.co\\\/wp-content\\\/uploads\\\/2025\\\/07\\\/logo.png\",\"width\":366,\"height\":91,\"caption\":\"Tu Radio\"},\"image\":{\"@id\":\"https:\\\/\\\/turadio.com.co\\\/#\\\/schema\\\/logo\\\/image\\\/\"}},{\"@type\":\"Person\",\"@id\":\"https:\\\/\\\/turadio.com.co\\\/#\\\/schema\\\/person\\\/a336ad8dcc0120ef37278ad35b4f64fe\",\"name\":\"turadio\",\"image\":{\"@type\":\"ImageObject\",\"inLanguage\":\"es\",\"@id\":\"https:\\\/\\\/secure.gravatar.com\\\/avatar\\\/e905fb228be0ae401b494278f04ccb4a7d2e839822ca560083e0b3a15f6c8669?s=96&d=mm&r=g\",\"url\":\"https:\\\/\\\/secure.gravatar.com\\\/avatar\\\/e905fb228be0ae401b494278f04ccb4a7d2e839822ca560083e0b3a15f6c8669?s=96&d=mm&r=g\",\"contentUrl\":\"https:\\\/\\\/secure.gravatar.com\\\/avatar\\\/e905fb228be0ae401b494278f04ccb4a7d2e839822ca560083e0b3a15f6c8669?s=96&d=mm&r=g\",\"caption\":\"turadio\"},\"sameAs\":[\"https:\\\/\\\/turadio.com.co\",\"https:\\\/\\\/www.facebook.com\\\/profile.php?id=100086306444643\",\"https:\\\/\\\/www.instagram.com\\\/turadio23\\\/\",\"https:\\\/\\\/www.youtube.com\\\/@TuRadiomonteria\"],\"url\":\"https:\\\/\\\/turadio.com.co\\\/?author=1\"}]}<\/script>\n<!-- \/ Yoast SEO plugin. -->","yoast_head_json":{"title":"Fiscal\u00eda solicita imputar cargos al general en retiro Eduardo Zapateiro por presunto acoso sexual. - Tu Radio","robots":{"index":"index","follow":"follow","max-snippet":"max-snippet:-1","max-image-preview":"max-image-preview:large","max-video-preview":"max-video-preview:-1"},"canonical":"https:\/\/turadio.com.co\/?p=5460","og_locale":"es_ES","og_type":"article","og_title":"Fiscal\u00eda solicita imputar cargos al general en retiro Eduardo Zapateiro por presunto acoso sexual. - Tu Radio","og_description":"La Fiscal\u00eda General de la Naci\u00f3n radic\u00f3 una solicitud de audiencia de imputaci\u00f3n de cargos contra el general en retiro Eduardo Enrique Zapateiro Altamiranda por la presunta comisi\u00f3n del delito de acoso sexual. La decisi\u00f3n fue adoptada por un fiscal delegado ante la Corte Suprema de Justicia, luego de avanzar en una investigaci\u00f3n relacionada con...","og_url":"https:\/\/turadio.com.co\/?p=5460","og_site_name":"Tu Radio","article_author":"https:\/\/www.facebook.com\/profile.php?id=100086306444643","article_published_time":"2026-04-30T22:06:13+00:00","article_modified_time":"2026-04-30T22:06:16+00:00","og_image":[{"width":1317,"height":1034,"url":"https:\/\/turadio.com.co\/wp-content\/uploads\/2026\/04\/WhatsApp-Image-2026-04-30-at-11.53.00-AM.jpeg","type":"image\/jpeg"}],"author":"turadio","twitter_card":"summary_large_image","twitter_misc":{"Escrito por":"turadio","Tiempo de lectura":"2 minutos"},"schema":{"@context":"https:\/\/schema.org","@graph":[{"@type":"Article","@id":"https:\/\/turadio.com.co\/?p=5460#article","isPartOf":{"@id":"https:\/\/turadio.com.co\/?p=5460"},"author":{"name":"turadio","@id":"https:\/\/turadio.com.co\/#\/schema\/person\/a336ad8dcc0120ef37278ad35b4f64fe"},"headline":"Fiscal\u00eda solicita imputar cargos al general en retiro Eduardo Zapateiro por presunto acoso sexual.","datePublished":"2026-04-30T22:06:13+00:00","dateModified":"2026-04-30T22:06:16+00:00","mainEntityOfPage":{"@id":"https:\/\/turadio.com.co\/?p=5460"},"wordCount":243,"commentCount":0,"publisher":{"@id":"https:\/\/turadio.com.co\/#organization"},"image":{"@id":"https:\/\/turadio.com.co\/?p=5460#primaryimage"},"thumbnailUrl":"https:\/\/turadio.com.co\/wp-content\/uploads\/2026\/04\/WhatsApp-Image-2026-04-30-at-11.53.00-AM.jpeg","articleSection":["Judiciales"],"inLanguage":"es","potentialAction":[{"@type":"CommentAction","name":"Comment","target":["https:\/\/turadio.com.co\/?p=5460#respond"]}]},{"@type":"WebPage","@id":"https:\/\/turadio.com.co\/?p=5460","url":"https:\/\/turadio.com.co\/?p=5460","name":"Fiscal\u00eda solicita imputar cargos al general en retiro Eduardo Zapateiro por presunto acoso sexual. - Tu Radio","isPartOf":{"@id":"https:\/\/turadio.com.co\/#website"},"primaryImageOfPage":{"@id":"https:\/\/turadio.com.co\/?p=5460#primaryimage"},"image":{"@id":"https:\/\/turadio.com.co\/?p=5460#primaryimage"},"thumbnailUrl":"https:\/\/turadio.com.co\/wp-content\/uploads\/2026\/04\/WhatsApp-Image-2026-04-30-at-11.53.00-AM.jpeg","datePublished":"2026-04-30T22:06:13+00:00","dateModified":"2026-04-30T22:06:16+00:00","breadcrumb":{"@id":"https:\/\/turadio.com.co\/?p=5460#breadcrumb"},"inLanguage":"es","potentialAction":[{"@type":"ReadAction","target":["https:\/\/turadio.com.co\/?p=5460"]}]},{"@type":"ImageObject","inLanguage":"es","@id":"https:\/\/turadio.com.co\/?p=5460#primaryimage","url":"https:\/\/turadio.com.co\/wp-content\/uploads\/2026\/04\/WhatsApp-Image-2026-04-30-at-11.53.00-AM.jpeg","contentUrl":"https:\/\/turadio.com.co\/wp-content\/uploads\/2026\/04\/WhatsApp-Image-2026-04-30-at-11.53.00-AM.jpeg","width":1317,"height":1034},{"@type":"BreadcrumbList","@id":"https:\/\/turadio.com.co\/?p=5460#breadcrumb","itemListElement":[{"@type":"ListItem","position":1,"name":"Portada","item":"https:\/\/turadio.com.co\/"},{"@type":"ListItem","position":2,"name":"Fiscal\u00eda solicita imputar cargos al general en retiro Eduardo Zapateiro por presunto acoso sexual."}]},{"@type":"WebSite","@id":"https:\/\/turadio.com.co\/#website","url":"https:\/\/turadio.com.co\/","name":"Tu Radio","description":"","publisher":{"@id":"https:\/\/turadio.com.co\/#organization"},"potentialAction":[{"@type":"SearchAction","target":{"@type":"EntryPoint","urlTemplate":"https:\/\/turadio.com.co\/?s={search_term_string}"},"query-input":{"@type":"PropertyValueSpecification","valueRequired":true,"valueName":"search_term_string"}}],"inLanguage":"es"},{"@type":"Organization","@id":"https:\/\/turadio.com.co\/#organization","name":"Tu Radio","url":"https:\/\/turadio.com.co\/","logo":{"@type":"ImageObject","inLanguage":"es","@id":"https:\/\/turadio.com.co\/#\/schema\/logo\/image\/","url":"https:\/\/turadio.com.co\/wp-content\/uploads\/2025\/07\/logo.png","contentUrl":"https:\/\/turadio.com.co\/wp-content\/uploads\/2025\/07\/logo.png","width":366,"height":91,"caption":"Tu Radio"},"image":{"@id":"https:\/\/turadio.com.co\/#\/schema\/logo\/image\/"}},{"@type":"Person","@id":"https:\/\/turadio.com.co\/#\/schema\/person\/a336ad8dcc0120ef37278ad35b4f64fe","name":"turadio","image":{"@type":"ImageObject","inLanguage":"es","@id":"https:\/\/secure.gravatar.com\/avatar\/e905fb228be0ae401b494278f04ccb4a7d2e839822ca560083e0b3a15f6c8669?s=96&d=mm&r=g","url":"https:\/\/secure.gravatar.com\/avatar\/e905fb228be0ae401b494278f04ccb4a7d2e839822ca560083e0b3a15f6c8669?s=96&d=mm&r=g","contentUrl":"https:\/\/secure.gravatar.com\/avatar\/e905fb228be0ae401b494278f04ccb4a7d2e839822ca560083e0b3a15f6c8669?s=96&d=mm&r=g","caption":"turadio"},"sameAs":["https:\/\/turadio.com.co","https:\/\/www.facebook.com\/profile.php?id=100086306444643","https:\/\/www.instagram.com\/turadio23\/","https:\/\/www.youtube.com\/@TuRadiomonteria"],"url":"https:\/\/turadio.com.co\/?author=1"}]}},"_links":{"self":[{"href":"https:\/\/turadio.com.co\/index.php?rest_route=\/wp\/v2\/posts\/5460","targetHints":{"allow":["GET"]}}],"collection":[{"href":"https:\/\/turadio.com.co\/index.php?rest_route=\/wp\/v2\/posts"}],"about":[{"href":"https:\/\/turadio.com.co\/index.php?rest_route=\/wp\/v2\/types\/post"}],"author":[{"embeddable":true,"href":"https:\/\/turadio.com.co\/index.php?rest_route=\/wp\/v2\/users\/1"}],"replies":[{"embeddable":true,"href":"https:\/\/turadio.com.co\/index.php?rest_route=%2Fwp%2Fv2%2Fcomments&post=5460"}],"version-history":[{"count":1,"href":"https:\/\/turadio.com.co\/index.php?rest_route=\/wp\/v2\/posts\/5460\/revisions"}],"predecessor-version":[{"id":5462,"href":"https:\/\/turadio.com.co\/index.php?rest_route=\/wp\/v2\/posts\/5460\/revisions\/5462"}],"wp:featuredmedia":[{"embeddable":true,"href":"https:\/\/turadio.com.co\/index.php?rest_route=\/wp\/v2\/media\/5461"}],"wp:attachment":[{"href":"https:\/\/turadio.com.co\/index.php?rest_route=%2Fwp%2Fv2%2Fmedia&parent=5460"}],"wp:term":[{"taxonomy":"category","embeddable":true,"href":"https:\/\/turadio.com.co\/index.php?rest_route=%2Fwp%2Fv2%2Fcategories&post=5460"},{"taxonomy":"post_tag","embeddable":true,"href":"https:\/\/turadio.com.co\/index.php?rest_route=%2Fwp%2Fv2%2Ftags&post=5460"}],"curies":[{"name":"wp","href":"https:\/\/api.w.org\/{rel}","templated":true}]}}