{"id":5463,"date":"2026-04-30T22:13:26","date_gmt":"2026-04-30T22:13:26","guid":{"rendered":"https:\/\/turadio.com.co\/?p=5463"},"modified":"2026-04-30T22:13:31","modified_gmt":"2026-04-30T22:13:31","slug":"alcaldes-del-caribe-piden-mantener-decretos-de-emergencia-por-afectaciones-del-frente-frio","status":"publish","type":"post","link":"https:\/\/turadio.com.co\/?p=5463","title":{"rendered":"Alcaldes del Caribe piden mantener decretos de emergencia por afectaciones del frente fr\u00edo."},"content":{"rendered":"\n<p>M\u00e1s de 20 alcaldes de los departamentos de C\u00f3rdoba, Sucre, Bol\u00edvar, Cesar y Magdalena solicitaron a la Corte Constitucional mantener vigentes los decretos de emergencia social, econ\u00f3mica y ambiental expedidos tras las afectaciones ocasionadas por el frente fr\u00edo registrado en febrero de 2026.<\/p>\n\n\n\n<p>Los mandatarios locales se\u00f1alaron que estas medidas representan una herramienta fundamental para avanzar en los procesos de recuperaci\u00f3n y reconstrucci\u00f3n de los municipios afectados, donde miles de familias a\u00fan enfrentan dificultades derivadas de la emergencia clim\u00e1tica.<\/p>\n\n\n\n<p>Durante la jornada de construcci\u00f3n del Plan de Recuperaci\u00f3n Temprana liderado por la Unidad Nacional para la Gesti\u00f3n del Riesgo de Desastres (UNGRD), el alcalde de Ayapel, Hugo Pinedo, pidi\u00f3 a la Corte Constitucional mantener en firme el decreto, argumentando que es clave para la reconstrucci\u00f3n econ\u00f3mica y social de los territorios afectados.<\/p>\n\n\n\n<p>En la misma l\u00ednea, el alcalde de Tierralta, Jes\u00fas David Contreras, afirm\u00f3 que los municipios y departamentos no cuentan con la capacidad financiera suficiente para responder por s\u00ed solos a las necesidades generadas por la emergencia.<\/p>\n\n\n\n<p>El director de la UNGRD, Carlos Carrillo, respald\u00f3 la petici\u00f3n y advirti\u00f3 que una eventual ca\u00edda de los decretos impactar\u00eda a m\u00e1s de 120 mil familias en ocho departamentos del pa\u00eds. El Plan de Recuperaci\u00f3n Temprana contempla inversiones cercanas a los $8,7 billones para atender las afectaciones registradas.<\/p>\n","protected":false},"excerpt":{"rendered":"<p>M\u00e1s de 20 alcaldes de los departamentos de C\u00f3rdoba, Sucre, Bol\u00edvar, Cesar y Magdalena solicitaron a la Corte Constitucional mantener vigentes los decretos de emergencia social, econ\u00f3mica y ambiental expedidos tras las afectaciones ocasionadas por el frente fr\u00edo registrado en febrero de 2026. Los mandatarios locales se\u00f1alaron que estas medidas representan una herramienta fundamental para&#8230;<\/p>\n","protected":false},"author":1,"featured_media":5464,"comment_status":"open","ping_status":"open","sticky":false,"template":"","format":"standard","meta":{"footnotes":""},"categories":[10],"tags":[],"class_list":["post-5463","post","type-post","status-publish","format-standard","has-post-thumbnail","hentry","category-region"],"yoast_head":"<!-- This site is optimized with the Yoast SEO plugin v27.5 - https:\/\/yoast.com\/product\/yoast-seo-wordpress\/ -->\n<title>Alcaldes del Caribe piden mantener decretos de emergencia por afectaciones del frente fr\u00edo. - Tu Radio<\/title>\n<meta name=\"robots\" content=\"index, follow, max-snippet:-1, max-image-preview:large, max-video-preview:-1\" \/>\n<link rel=\"canonical\" href=\"https:\/\/turadio.com.co\/?p=5463\" \/>\n<meta property=\"og:locale\" content=\"es_ES\" \/>\n<meta property=\"og:type\" content=\"article\" \/>\n<meta property=\"og:title\" content=\"Alcaldes del Caribe piden mantener decretos de emergencia por afectaciones del frente fr\u00edo. - Tu Radio\" \/>\n<meta property=\"og:description\" content=\"M\u00e1s de 20 alcaldes de los departamentos de C\u00f3rdoba, Sucre, Bol\u00edvar, Cesar y Magdalena solicitaron a la Corte Constitucional mantener vigentes los decretos de emergencia social, econ\u00f3mica y ambiental expedidos tras las afectaciones ocasionadas por el frente fr\u00edo registrado en febrero de 2026. Los mandatarios locales se\u00f1alaron que estas medidas representan una herramienta fundamental para...\" \/>\n<meta property=\"og:url\" content=\"https:\/\/turadio.com.co\/?p=5463\" \/>\n<meta property=\"og:site_name\" content=\"Tu Radio\" \/>\n<meta property=\"article:author\" content=\"https:\/\/www.facebook.com\/profile.php?id=100086306444643\" \/>\n<meta property=\"article:published_time\" content=\"2026-04-30T22:13:26+00:00\" \/>\n<meta property=\"article:modified_time\" content=\"2026-04-30T22:13:31+00:00\" \/>\n<meta property=\"og:image\" content=\"https:\/\/turadio.com.co\/wp-content\/uploads\/2026\/04\/WhatsApp-Image-2026-04-30-at-12.19.50-PM.jpeg\" \/>\n\t<meta property=\"og:image:width\" content=\"1488\" \/>\n\t<meta property=\"og:image:height\" content=\"714\" \/>\n\t<meta property=\"og:image:type\" content=\"image\/jpeg\" \/>\n<meta name=\"author\" content=\"turadio\" \/>\n<meta name=\"twitter:card\" content=\"summary_large_image\" \/>\n<meta name=\"twitter:label1\" content=\"Escrito por\" \/>\n\t<meta name=\"twitter:data1\" content=\"turadio\" \/>\n\t<meta name=\"twitter:label2\" content=\"Tiempo de lectura\" \/>\n\t<meta name=\"twitter:data2\" content=\"2 minutos\" \/>\n<script type=\"application\/ld+json\" class=\"yoast-schema-graph\">{\"@context\":\"https:\\\/\\\/schema.org\",\"@graph\":[{\"@type\":\"Article\",\"@id\":\"https:\\\/\\\/turadio.com.co\\\/?p=5463#article\",\"isPartOf\":{\"@id\":\"https:\\\/\\\/turadio.com.co\\\/?p=5463\"},\"author\":{\"name\":\"turadio\",\"@id\":\"https:\\\/\\\/turadio.com.co\\\/#\\\/schema\\\/person\\\/a336ad8dcc0120ef37278ad35b4f64fe\"},\"headline\":\"Alcaldes del Caribe piden mantener decretos de emergencia por afectaciones del frente fr\u00edo.\",\"datePublished\":\"2026-04-30T22:13:26+00:00\",\"dateModified\":\"2026-04-30T22:13:31+00:00\",\"mainEntityOfPage\":{\"@id\":\"https:\\\/\\\/turadio.com.co\\\/?p=5463\"},\"wordCount\":249,\"commentCount\":0,\"publisher\":{\"@id\":\"https:\\\/\\\/turadio.com.co\\\/#organization\"},\"image\":{\"@id\":\"https:\\\/\\\/turadio.com.co\\\/?p=5463#primaryimage\"},\"thumbnailUrl\":\"https:\\\/\\\/turadio.com.co\\\/wp-content\\\/uploads\\\/2026\\\/04\\\/WhatsApp-Image-2026-04-30-at-12.19.50-PM.jpeg\",\"articleSection\":[\"Regi\u00f3n\"],\"inLanguage\":\"es\",\"potentialAction\":[{\"@type\":\"CommentAction\",\"name\":\"Comment\",\"target\":[\"https:\\\/\\\/turadio.com.co\\\/?p=5463#respond\"]}]},{\"@type\":\"WebPage\",\"@id\":\"https:\\\/\\\/turadio.com.co\\\/?p=5463\",\"url\":\"https:\\\/\\\/turadio.com.co\\\/?p=5463\",\"name\":\"Alcaldes del Caribe piden mantener decretos de emergencia por afectaciones del frente fr\u00edo. - Tu Radio\",\"isPartOf\":{\"@id\":\"https:\\\/\\\/turadio.com.co\\\/#website\"},\"primaryImageOfPage\":{\"@id\":\"https:\\\/\\\/turadio.com.co\\\/?p=5463#primaryimage\"},\"image\":{\"@id\":\"https:\\\/\\\/turadio.com.co\\\/?p=5463#primaryimage\"},\"thumbnailUrl\":\"https:\\\/\\\/turadio.com.co\\\/wp-content\\\/uploads\\\/2026\\\/04\\\/WhatsApp-Image-2026-04-30-at-12.19.50-PM.jpeg\",\"datePublished\":\"2026-04-30T22:13:26+00:00\",\"dateModified\":\"2026-04-30T22:13:31+00:00\",\"breadcrumb\":{\"@id\":\"https:\\\/\\\/turadio.com.co\\\/?p=5463#breadcrumb\"},\"inLanguage\":\"es\",\"potentialAction\":[{\"@type\":\"ReadAction\",\"target\":[\"https:\\\/\\\/turadio.com.co\\\/?p=5463\"]}]},{\"@type\":\"ImageObject\",\"inLanguage\":\"es\",\"@id\":\"https:\\\/\\\/turadio.com.co\\\/?p=5463#primaryimage\",\"url\":\"https:\\\/\\\/turadio.com.co\\\/wp-content\\\/uploads\\\/2026\\\/04\\\/WhatsApp-Image-2026-04-30-at-12.19.50-PM.jpeg\",\"contentUrl\":\"https:\\\/\\\/turadio.com.co\\\/wp-content\\\/uploads\\\/2026\\\/04\\\/WhatsApp-Image-2026-04-30-at-12.19.50-PM.jpeg\",\"width\":1488,\"height\":714},{\"@type\":\"BreadcrumbList\",\"@id\":\"https:\\\/\\\/turadio.com.co\\\/?p=5463#breadcrumb\",\"itemListElement\":[{\"@type\":\"ListItem\",\"position\":1,\"name\":\"Portada\",\"item\":\"https:\\\/\\\/turadio.com.co\\\/\"},{\"@type\":\"ListItem\",\"position\":2,\"name\":\"Alcaldes del Caribe piden mantener decretos de emergencia por afectaciones del frente fr\u00edo.\"}]},{\"@type\":\"WebSite\",\"@id\":\"https:\\\/\\\/turadio.com.co\\\/#website\",\"url\":\"https:\\\/\\\/turadio.com.co\\\/\",\"name\":\"Tu Radio\",\"description\":\"\",\"publisher\":{\"@id\":\"https:\\\/\\\/turadio.com.co\\\/#organization\"},\"potentialAction\":[{\"@type\":\"SearchAction\",\"target\":{\"@type\":\"EntryPoint\",\"urlTemplate\":\"https:\\\/\\\/turadio.com.co\\\/?s={search_term_string}\"},\"query-input\":{\"@type\":\"PropertyValueSpecification\",\"valueRequired\":true,\"valueName\":\"search_term_string\"}}],\"inLanguage\":\"es\"},{\"@type\":\"Organization\",\"@id\":\"https:\\\/\\\/turadio.com.co\\\/#organization\",\"name\":\"Tu Radio\",\"url\":\"https:\\\/\\\/turadio.com.co\\\/\",\"logo\":{\"@type\":\"ImageObject\",\"inLanguage\":\"es\",\"@id\":\"https:\\\/\\\/turadio.com.co\\\/#\\\/schema\\\/logo\\\/image\\\/\",\"url\":\"https:\\\/\\\/turadio.com.co\\\/wp-content\\\/uploads\\\/2025\\\/07\\\/logo.png\",\"contentUrl\":\"https:\\\/\\\/turadio.com.co\\\/wp-content\\\/uploads\\\/2025\\\/07\\\/logo.png\",\"width\":366,\"height\":91,\"caption\":\"Tu Radio\"},\"image\":{\"@id\":\"https:\\\/\\\/turadio.com.co\\\/#\\\/schema\\\/logo\\\/image\\\/\"}},{\"@type\":\"Person\",\"@id\":\"https:\\\/\\\/turadio.com.co\\\/#\\\/schema\\\/person\\\/a336ad8dcc0120ef37278ad35b4f64fe\",\"name\":\"turadio\",\"image\":{\"@type\":\"ImageObject\",\"inLanguage\":\"es\",\"@id\":\"https:\\\/\\\/secure.gravatar.com\\\/avatar\\\/e905fb228be0ae401b494278f04ccb4a7d2e839822ca560083e0b3a15f6c8669?s=96&d=mm&r=g\",\"url\":\"https:\\\/\\\/secure.gravatar.com\\\/avatar\\\/e905fb228be0ae401b494278f04ccb4a7d2e839822ca560083e0b3a15f6c8669?s=96&d=mm&r=g\",\"contentUrl\":\"https:\\\/\\\/secure.gravatar.com\\\/avatar\\\/e905fb228be0ae401b494278f04ccb4a7d2e839822ca560083e0b3a15f6c8669?s=96&d=mm&r=g\",\"caption\":\"turadio\"},\"sameAs\":[\"https:\\\/\\\/turadio.com.co\",\"https:\\\/\\\/www.facebook.com\\\/profile.php?id=100086306444643\",\"https:\\\/\\\/www.instagram.com\\\/turadio23\\\/\",\"https:\\\/\\\/www.youtube.com\\\/@TuRadiomonteria\"],\"url\":\"https:\\\/\\\/turadio.com.co\\\/?author=1\"}]}<\/script>\n<!-- \/ Yoast SEO plugin. -->","yoast_head_json":{"title":"Alcaldes del Caribe piden mantener decretos de emergencia por afectaciones del frente fr\u00edo. - Tu Radio","robots":{"index":"index","follow":"follow","max-snippet":"max-snippet:-1","max-image-preview":"max-image-preview:large","max-video-preview":"max-video-preview:-1"},"canonical":"https:\/\/turadio.com.co\/?p=5463","og_locale":"es_ES","og_type":"article","og_title":"Alcaldes del Caribe piden mantener decretos de emergencia por afectaciones del frente fr\u00edo. - Tu Radio","og_description":"M\u00e1s de 20 alcaldes de los departamentos de C\u00f3rdoba, Sucre, Bol\u00edvar, Cesar y Magdalena solicitaron a la Corte Constitucional mantener vigentes los decretos de emergencia social, econ\u00f3mica y ambiental expedidos tras las afectaciones ocasionadas por el frente fr\u00edo registrado en febrero de 2026. Los mandatarios locales se\u00f1alaron que estas medidas representan una herramienta fundamental para...","og_url":"https:\/\/turadio.com.co\/?p=5463","og_site_name":"Tu Radio","article_author":"https:\/\/www.facebook.com\/profile.php?id=100086306444643","article_published_time":"2026-04-30T22:13:26+00:00","article_modified_time":"2026-04-30T22:13:31+00:00","og_image":[{"width":1488,"height":714,"url":"https:\/\/turadio.com.co\/wp-content\/uploads\/2026\/04\/WhatsApp-Image-2026-04-30-at-12.19.50-PM.jpeg","type":"image\/jpeg"}],"author":"turadio","twitter_card":"summary_large_image","twitter_misc":{"Escrito por":"turadio","Tiempo de lectura":"2 minutos"},"schema":{"@context":"https:\/\/schema.org","@graph":[{"@type":"Article","@id":"https:\/\/turadio.com.co\/?p=5463#article","isPartOf":{"@id":"https:\/\/turadio.com.co\/?p=5463"},"author":{"name":"turadio","@id":"https:\/\/turadio.com.co\/#\/schema\/person\/a336ad8dcc0120ef37278ad35b4f64fe"},"headline":"Alcaldes del Caribe piden mantener decretos de emergencia por afectaciones del frente fr\u00edo.","datePublished":"2026-04-30T22:13:26+00:00","dateModified":"2026-04-30T22:13:31+00:00","mainEntityOfPage":{"@id":"https:\/\/turadio.com.co\/?p=5463"},"wordCount":249,"commentCount":0,"publisher":{"@id":"https:\/\/turadio.com.co\/#organization"},"image":{"@id":"https:\/\/turadio.com.co\/?p=5463#primaryimage"},"thumbnailUrl":"https:\/\/turadio.com.co\/wp-content\/uploads\/2026\/04\/WhatsApp-Image-2026-04-30-at-12.19.50-PM.jpeg","articleSection":["Regi\u00f3n"],"inLanguage":"es","potentialAction":[{"@type":"CommentAction","name":"Comment","target":["https:\/\/turadio.com.co\/?p=5463#respond"]}]},{"@type":"WebPage","@id":"https:\/\/turadio.com.co\/?p=5463","url":"https:\/\/turadio.com.co\/?p=5463","name":"Alcaldes del Caribe piden mantener decretos de emergencia por afectaciones del frente fr\u00edo. - Tu Radio","isPartOf":{"@id":"https:\/\/turadio.com.co\/#website"},"primaryImageOfPage":{"@id":"https:\/\/turadio.com.co\/?p=5463#primaryimage"},"image":{"@id":"https:\/\/turadio.com.co\/?p=5463#primaryimage"},"thumbnailUrl":"https:\/\/turadio.com.co\/wp-content\/uploads\/2026\/04\/WhatsApp-Image-2026-04-30-at-12.19.50-PM.jpeg","datePublished":"2026-04-30T22:13:26+00:00","dateModified":"2026-04-30T22:13:31+00:00","breadcrumb":{"@id":"https:\/\/turadio.com.co\/?p=5463#breadcrumb"},"inLanguage":"es","potentialAction":[{"@type":"ReadAction","target":["https:\/\/turadio.com.co\/?p=5463"]}]},{"@type":"ImageObject","inLanguage":"es","@id":"https:\/\/turadio.com.co\/?p=5463#primaryimage","url":"https:\/\/turadio.com.co\/wp-content\/uploads\/2026\/04\/WhatsApp-Image-2026-04-30-at-12.19.50-PM.jpeg","contentUrl":"https:\/\/turadio.com.co\/wp-content\/uploads\/2026\/04\/WhatsApp-Image-2026-04-30-at-12.19.50-PM.jpeg","width":1488,"height":714},{"@type":"BreadcrumbList","@id":"https:\/\/turadio.com.co\/?p=5463#breadcrumb","itemListElement":[{"@type":"ListItem","position":1,"name":"Portada","item":"https:\/\/turadio.com.co\/"},{"@type":"ListItem","position":2,"name":"Alcaldes del Caribe piden mantener decretos de emergencia por afectaciones del frente fr\u00edo."}]},{"@type":"WebSite","@id":"https:\/\/turadio.com.co\/#website","url":"https:\/\/turadio.com.co\/","name":"Tu Radio","description":"","publisher":{"@id":"https:\/\/turadio.com.co\/#organization"},"potentialAction":[{"@type":"SearchAction","target":{"@type":"EntryPoint","urlTemplate":"https:\/\/turadio.com.co\/?s={search_term_string}"},"query-input":{"@type":"PropertyValueSpecification","valueRequired":true,"valueName":"search_term_string"}}],"inLanguage":"es"},{"@type":"Organization","@id":"https:\/\/turadio.com.co\/#organization","name":"Tu Radio","url":"https:\/\/turadio.com.co\/","logo":{"@type":"ImageObject","inLanguage":"es","@id":"https:\/\/turadio.com.co\/#\/schema\/logo\/image\/","url":"https:\/\/turadio.com.co\/wp-content\/uploads\/2025\/07\/logo.png","contentUrl":"https:\/\/turadio.com.co\/wp-content\/uploads\/2025\/07\/logo.png","width":366,"height":91,"caption":"Tu Radio"},"image":{"@id":"https:\/\/turadio.com.co\/#\/schema\/logo\/image\/"}},{"@type":"Person","@id":"https:\/\/turadio.com.co\/#\/schema\/person\/a336ad8dcc0120ef37278ad35b4f64fe","name":"turadio","image":{"@type":"ImageObject","inLanguage":"es","@id":"https:\/\/secure.gravatar.com\/avatar\/e905fb228be0ae401b494278f04ccb4a7d2e839822ca560083e0b3a15f6c8669?s=96&d=mm&r=g","url":"https:\/\/secure.gravatar.com\/avatar\/e905fb228be0ae401b494278f04ccb4a7d2e839822ca560083e0b3a15f6c8669?s=96&d=mm&r=g","contentUrl":"https:\/\/secure.gravatar.com\/avatar\/e905fb228be0ae401b494278f04ccb4a7d2e839822ca560083e0b3a15f6c8669?s=96&d=mm&r=g","caption":"turadio"},"sameAs":["https:\/\/turadio.com.co","https:\/\/www.facebook.com\/profile.php?id=100086306444643","https:\/\/www.instagram.com\/turadio23\/","https:\/\/www.youtube.com\/@TuRadiomonteria"],"url":"https:\/\/turadio.com.co\/?author=1"}]}},"_links":{"self":[{"href":"https:\/\/turadio.com.co\/index.php?rest_route=\/wp\/v2\/posts\/5463","targetHints":{"allow":["GET"]}}],"collection":[{"href":"https:\/\/turadio.com.co\/index.php?rest_route=\/wp\/v2\/posts"}],"about":[{"href":"https:\/\/turadio.com.co\/index.php?rest_route=\/wp\/v2\/types\/post"}],"author":[{"embeddable":true,"href":"https:\/\/turadio.com.co\/index.php?rest_route=\/wp\/v2\/users\/1"}],"replies":[{"embeddable":true,"href":"https:\/\/turadio.com.co\/index.php?rest_route=%2Fwp%2Fv2%2Fcomments&post=5463"}],"version-history":[{"count":1,"href":"https:\/\/turadio.com.co\/index.php?rest_route=\/wp\/v2\/posts\/5463\/revisions"}],"predecessor-version":[{"id":5465,"href":"https:\/\/turadio.com.co\/index.php?rest_route=\/wp\/v2\/posts\/5463\/revisions\/5465"}],"wp:featuredmedia":[{"embeddable":true,"href":"https:\/\/turadio.com.co\/index.php?rest_route=\/wp\/v2\/media\/5464"}],"wp:attachment":[{"href":"https:\/\/turadio.com.co\/index.php?rest_route=%2Fwp%2Fv2%2Fmedia&parent=5463"}],"wp:term":[{"taxonomy":"category","embeddable":true,"href":"https:\/\/turadio.com.co\/index.php?rest_route=%2Fwp%2Fv2%2Fcategories&post=5463"},{"taxonomy":"post_tag","embeddable":true,"href":"https:\/\/turadio.com.co\/index.php?rest_route=%2Fwp%2Fv2%2Ftags&post=5463"}],"curies":[{"name":"wp","href":"https:\/\/api.w.org\/{rel}","templated":true}]}}