{"id":5472,"date":"2026-04-30T23:14:36","date_gmt":"2026-04-30T23:14:36","guid":{"rendered":"https:\/\/turadio.com.co\/?p=5472"},"modified":"2026-04-30T23:14:39","modified_gmt":"2026-04-30T23:14:39","slug":"yalenis-mazon-invita-a-los-cordobeses-a-respaldar-a-ivan-cepeda-en-primera-vuelta","status":"publish","type":"post","link":"https:\/\/turadio.com.co\/?p=5472","title":{"rendered":"Yalenis Maz\u00f3n invita a los cordobeses a respaldar a Iv\u00e1n Cepeda en primera vuelta."},"content":{"rendered":"\n<p>En medio de un encuentro con l\u00edderes sociales y comunitarios del departamento, la lideresa Yalenis Maz\u00f3n hizo un llamado contundente a los cordobeses para respaldar en las urnas al senador Iv\u00e1n Cepeda, apost\u00e1ndole a una victoria en primera vuelta.<\/p>\n\n\n\n<p>Durante su intervenci\u00f3n, Maz\u00f3n destac\u00f3 la importancia de la unidad y la participaci\u00f3n ciudadana en este proceso electoral, asegurando que \u201cC\u00f3rdoba tiene la oportunidad de ser protagonista del cambio que necesita el pa\u00eds\u201d. Asimismo, enfatiz\u00f3 que el respaldo masivo de la regi\u00f3n podr\u00eda ser determinante para evitar una segunda vuelta y consolidar un triunfo directo.<\/p>\n\n\n\n<p>La lideresa resalt\u00f3 la trayectoria de Cepeda, se\u00f1alando su trabajo en defensa de los derechos humanos y su cercan\u00eda con las comunidades. \u201cHoy m\u00e1s que nunca necesitamos un liderazgo que escuche, que dialogue y que construya pa\u00eds desde los territorios\u201d, afirm\u00f3.<\/p>\n\n\n\n<p>El evento cont\u00f3 con la participaci\u00f3n de todos los viviendistas de C\u00f3rdoba y Colombia que manifestaron su apoyo a la iniciativa y coincidieron en la necesidad de fortalecer la democracia a trav\u00e9s del voto.<\/p>\n\n\n\n<p>Finalmente, Maz\u00f3n reiter\u00f3 su invitaci\u00f3n a todos los cordobeses a acudir a las urnas con convicci\u00f3n: \u201cLa decisi\u00f3n est\u00e1 en nuestras manos. Vamos a hacer historia llevando a Iv\u00e1n Cepeda a la presidencia en primera vuelta\u201d. <a href=\"https:\/\/www.facebook.com\/yalenis.mazon.2025?__cft__%5b0%5d=AZacwI_AV83OZg5_fHjflVJBVLaQu1mN3jJP5MGQGJGKG2vuIGVMmh5KqwkD2qxpvUUzH1-qa4-N34872X1Sz31R7ULZNjOmD2kN7DOUndUZOwu2qsh2zeAw6v2cQUGSF5KomdDhBbOkJDd8WYm3lQNA5C2DBdLiK7BXm-oiS-UWNbZChXlPh465ggu8-e3gqYU&amp;__tn__=-%5dK-R\"><strong>Yalenis Mazon<\/strong><\/a> <a href=\"https:\/\/www.facebook.com\/IvanCepedaCastro?__cft__%5b0%5d=AZacwI_AV83OZg5_fHjflVJBVLaQu1mN3jJP5MGQGJGKG2vuIGVMmh5KqwkD2qxpvUUzH1-qa4-N34872X1Sz31R7ULZNjOmD2kN7DOUndUZOwu2qsh2zeAw6v2cQUGSF5KomdDhBbOkJDd8WYm3lQNA5C2DBdLiK7BXm-oiS-UWNbZChXlPh465ggu8-e3gqYU&amp;__tn__=-%5dK-R\"><strong>Iv\u00e1n Cepeda Castro<\/strong><\/a><\/p>\n","protected":false},"excerpt":{"rendered":"<p>En medio de un encuentro con l\u00edderes sociales y comunitarios del departamento, la lideresa Yalenis Maz\u00f3n hizo un llamado contundente a los cordobeses para respaldar en las urnas al senador Iv\u00e1n Cepeda, apost\u00e1ndole a una victoria en primera vuelta. Durante su intervenci\u00f3n, Maz\u00f3n destac\u00f3 la importancia de la unidad y la participaci\u00f3n ciudadana en este&#8230;<\/p>\n","protected":false},"author":1,"featured_media":5473,"comment_status":"open","ping_status":"open","sticky":false,"template":"","format":"standard","meta":{"footnotes":""},"categories":[11],"tags":[],"class_list":["post-5472","post","type-post","status-publish","format-standard","has-post-thumbnail","hentry","category-politica"],"yoast_head":"<!-- This site is optimized with the Yoast SEO plugin v27.5 - https:\/\/yoast.com\/product\/yoast-seo-wordpress\/ -->\n<title>Yalenis Maz\u00f3n invita a los cordobeses a respaldar a Iv\u00e1n Cepeda en primera vuelta. - Tu Radio<\/title>\n<meta name=\"robots\" content=\"index, follow, max-snippet:-1, max-image-preview:large, max-video-preview:-1\" \/>\n<link rel=\"canonical\" href=\"https:\/\/turadio.com.co\/?p=5472\" \/>\n<meta property=\"og:locale\" content=\"es_ES\" \/>\n<meta property=\"og:type\" content=\"article\" \/>\n<meta property=\"og:title\" content=\"Yalenis Maz\u00f3n invita a los cordobeses a respaldar a Iv\u00e1n Cepeda en primera vuelta. - Tu Radio\" \/>\n<meta property=\"og:description\" content=\"En medio de un encuentro con l\u00edderes sociales y comunitarios del departamento, la lideresa Yalenis Maz\u00f3n hizo un llamado contundente a los cordobeses para respaldar en las urnas al senador Iv\u00e1n Cepeda, apost\u00e1ndole a una victoria en primera vuelta. Durante su intervenci\u00f3n, Maz\u00f3n destac\u00f3 la importancia de la unidad y la participaci\u00f3n ciudadana en este...\" \/>\n<meta property=\"og:url\" content=\"https:\/\/turadio.com.co\/?p=5472\" \/>\n<meta property=\"og:site_name\" content=\"Tu Radio\" \/>\n<meta property=\"article:author\" content=\"https:\/\/www.facebook.com\/profile.php?id=100086306444643\" \/>\n<meta property=\"article:published_time\" content=\"2026-04-30T23:14:36+00:00\" \/>\n<meta property=\"article:modified_time\" content=\"2026-04-30T23:14:39+00:00\" \/>\n<meta property=\"og:image\" content=\"https:\/\/turadio.com.co\/wp-content\/uploads\/2026\/04\/684942981_1598517155609764_40298717453846623_n.jpg\" \/>\n\t<meta property=\"og:image:width\" content=\"1086\" \/>\n\t<meta property=\"og:image:height\" content=\"1448\" \/>\n\t<meta property=\"og:image:type\" content=\"image\/jpeg\" \/>\n<meta name=\"author\" content=\"turadio\" \/>\n<meta name=\"twitter:card\" content=\"summary_large_image\" \/>\n<meta name=\"twitter:label1\" content=\"Escrito por\" \/>\n\t<meta name=\"twitter:data1\" content=\"turadio\" \/>\n\t<meta name=\"twitter:label2\" content=\"Tiempo de lectura\" \/>\n\t<meta name=\"twitter:data2\" content=\"2 minutos\" \/>\n<script type=\"application\/ld+json\" class=\"yoast-schema-graph\">{\"@context\":\"https:\\\/\\\/schema.org\",\"@graph\":[{\"@type\":\"Article\",\"@id\":\"https:\\\/\\\/turadio.com.co\\\/?p=5472#article\",\"isPartOf\":{\"@id\":\"https:\\\/\\\/turadio.com.co\\\/?p=5472\"},\"author\":{\"name\":\"turadio\",\"@id\":\"https:\\\/\\\/turadio.com.co\\\/#\\\/schema\\\/person\\\/a336ad8dcc0120ef37278ad35b4f64fe\"},\"headline\":\"Yalenis Maz\u00f3n invita a los cordobeses a respaldar a Iv\u00e1n Cepeda en primera vuelta.\",\"datePublished\":\"2026-04-30T23:14:36+00:00\",\"dateModified\":\"2026-04-30T23:14:39+00:00\",\"mainEntityOfPage\":{\"@id\":\"https:\\\/\\\/turadio.com.co\\\/?p=5472\"},\"wordCount\":250,\"commentCount\":0,\"publisher\":{\"@id\":\"https:\\\/\\\/turadio.com.co\\\/#organization\"},\"image\":{\"@id\":\"https:\\\/\\\/turadio.com.co\\\/?p=5472#primaryimage\"},\"thumbnailUrl\":\"https:\\\/\\\/turadio.com.co\\\/wp-content\\\/uploads\\\/2026\\\/04\\\/684942981_1598517155609764_40298717453846623_n.jpg\",\"articleSection\":[\"Pol\u00edtica\"],\"inLanguage\":\"es\",\"potentialAction\":[{\"@type\":\"CommentAction\",\"name\":\"Comment\",\"target\":[\"https:\\\/\\\/turadio.com.co\\\/?p=5472#respond\"]}]},{\"@type\":\"WebPage\",\"@id\":\"https:\\\/\\\/turadio.com.co\\\/?p=5472\",\"url\":\"https:\\\/\\\/turadio.com.co\\\/?p=5472\",\"name\":\"Yalenis Maz\u00f3n invita a los cordobeses a respaldar a Iv\u00e1n Cepeda en primera vuelta. - Tu Radio\",\"isPartOf\":{\"@id\":\"https:\\\/\\\/turadio.com.co\\\/#website\"},\"primaryImageOfPage\":{\"@id\":\"https:\\\/\\\/turadio.com.co\\\/?p=5472#primaryimage\"},\"image\":{\"@id\":\"https:\\\/\\\/turadio.com.co\\\/?p=5472#primaryimage\"},\"thumbnailUrl\":\"https:\\\/\\\/turadio.com.co\\\/wp-content\\\/uploads\\\/2026\\\/04\\\/684942981_1598517155609764_40298717453846623_n.jpg\",\"datePublished\":\"2026-04-30T23:14:36+00:00\",\"dateModified\":\"2026-04-30T23:14:39+00:00\",\"breadcrumb\":{\"@id\":\"https:\\\/\\\/turadio.com.co\\\/?p=5472#breadcrumb\"},\"inLanguage\":\"es\",\"potentialAction\":[{\"@type\":\"ReadAction\",\"target\":[\"https:\\\/\\\/turadio.com.co\\\/?p=5472\"]}]},{\"@type\":\"ImageObject\",\"inLanguage\":\"es\",\"@id\":\"https:\\\/\\\/turadio.com.co\\\/?p=5472#primaryimage\",\"url\":\"https:\\\/\\\/turadio.com.co\\\/wp-content\\\/uploads\\\/2026\\\/04\\\/684942981_1598517155609764_40298717453846623_n.jpg\",\"contentUrl\":\"https:\\\/\\\/turadio.com.co\\\/wp-content\\\/uploads\\\/2026\\\/04\\\/684942981_1598517155609764_40298717453846623_n.jpg\",\"width\":1086,\"height\":1448},{\"@type\":\"BreadcrumbList\",\"@id\":\"https:\\\/\\\/turadio.com.co\\\/?p=5472#breadcrumb\",\"itemListElement\":[{\"@type\":\"ListItem\",\"position\":1,\"name\":\"Portada\",\"item\":\"https:\\\/\\\/turadio.com.co\\\/\"},{\"@type\":\"ListItem\",\"position\":2,\"name\":\"Yalenis Maz\u00f3n invita a los cordobeses a respaldar a Iv\u00e1n Cepeda en primera vuelta.\"}]},{\"@type\":\"WebSite\",\"@id\":\"https:\\\/\\\/turadio.com.co\\\/#website\",\"url\":\"https:\\\/\\\/turadio.com.co\\\/\",\"name\":\"Tu Radio\",\"description\":\"\",\"publisher\":{\"@id\":\"https:\\\/\\\/turadio.com.co\\\/#organization\"},\"potentialAction\":[{\"@type\":\"SearchAction\",\"target\":{\"@type\":\"EntryPoint\",\"urlTemplate\":\"https:\\\/\\\/turadio.com.co\\\/?s={search_term_string}\"},\"query-input\":{\"@type\":\"PropertyValueSpecification\",\"valueRequired\":true,\"valueName\":\"search_term_string\"}}],\"inLanguage\":\"es\"},{\"@type\":\"Organization\",\"@id\":\"https:\\\/\\\/turadio.com.co\\\/#organization\",\"name\":\"Tu Radio\",\"url\":\"https:\\\/\\\/turadio.com.co\\\/\",\"logo\":{\"@type\":\"ImageObject\",\"inLanguage\":\"es\",\"@id\":\"https:\\\/\\\/turadio.com.co\\\/#\\\/schema\\\/logo\\\/image\\\/\",\"url\":\"https:\\\/\\\/turadio.com.co\\\/wp-content\\\/uploads\\\/2025\\\/07\\\/logo.png\",\"contentUrl\":\"https:\\\/\\\/turadio.com.co\\\/wp-content\\\/uploads\\\/2025\\\/07\\\/logo.png\",\"width\":366,\"height\":91,\"caption\":\"Tu Radio\"},\"image\":{\"@id\":\"https:\\\/\\\/turadio.com.co\\\/#\\\/schema\\\/logo\\\/image\\\/\"}},{\"@type\":\"Person\",\"@id\":\"https:\\\/\\\/turadio.com.co\\\/#\\\/schema\\\/person\\\/a336ad8dcc0120ef37278ad35b4f64fe\",\"name\":\"turadio\",\"image\":{\"@type\":\"ImageObject\",\"inLanguage\":\"es\",\"@id\":\"https:\\\/\\\/secure.gravatar.com\\\/avatar\\\/e905fb228be0ae401b494278f04ccb4a7d2e839822ca560083e0b3a15f6c8669?s=96&d=mm&r=g\",\"url\":\"https:\\\/\\\/secure.gravatar.com\\\/avatar\\\/e905fb228be0ae401b494278f04ccb4a7d2e839822ca560083e0b3a15f6c8669?s=96&d=mm&r=g\",\"contentUrl\":\"https:\\\/\\\/secure.gravatar.com\\\/avatar\\\/e905fb228be0ae401b494278f04ccb4a7d2e839822ca560083e0b3a15f6c8669?s=96&d=mm&r=g\",\"caption\":\"turadio\"},\"sameAs\":[\"https:\\\/\\\/turadio.com.co\",\"https:\\\/\\\/www.facebook.com\\\/profile.php?id=100086306444643\",\"https:\\\/\\\/www.instagram.com\\\/turadio23\\\/\",\"https:\\\/\\\/www.youtube.com\\\/@TuRadiomonteria\"],\"url\":\"https:\\\/\\\/turadio.com.co\\\/?author=1\"}]}<\/script>\n<!-- \/ Yoast SEO plugin. -->","yoast_head_json":{"title":"Yalenis Maz\u00f3n invita a los cordobeses a respaldar a Iv\u00e1n Cepeda en primera vuelta. - Tu Radio","robots":{"index":"index","follow":"follow","max-snippet":"max-snippet:-1","max-image-preview":"max-image-preview:large","max-video-preview":"max-video-preview:-1"},"canonical":"https:\/\/turadio.com.co\/?p=5472","og_locale":"es_ES","og_type":"article","og_title":"Yalenis Maz\u00f3n invita a los cordobeses a respaldar a Iv\u00e1n Cepeda en primera vuelta. - Tu Radio","og_description":"En medio de un encuentro con l\u00edderes sociales y comunitarios del departamento, la lideresa Yalenis Maz\u00f3n hizo un llamado contundente a los cordobeses para respaldar en las urnas al senador Iv\u00e1n Cepeda, apost\u00e1ndole a una victoria en primera vuelta. Durante su intervenci\u00f3n, Maz\u00f3n destac\u00f3 la importancia de la unidad y la participaci\u00f3n ciudadana en este...","og_url":"https:\/\/turadio.com.co\/?p=5472","og_site_name":"Tu Radio","article_author":"https:\/\/www.facebook.com\/profile.php?id=100086306444643","article_published_time":"2026-04-30T23:14:36+00:00","article_modified_time":"2026-04-30T23:14:39+00:00","og_image":[{"width":1086,"height":1448,"url":"https:\/\/turadio.com.co\/wp-content\/uploads\/2026\/04\/684942981_1598517155609764_40298717453846623_n.jpg","type":"image\/jpeg"}],"author":"turadio","twitter_card":"summary_large_image","twitter_misc":{"Escrito por":"turadio","Tiempo de lectura":"2 minutos"},"schema":{"@context":"https:\/\/schema.org","@graph":[{"@type":"Article","@id":"https:\/\/turadio.com.co\/?p=5472#article","isPartOf":{"@id":"https:\/\/turadio.com.co\/?p=5472"},"author":{"name":"turadio","@id":"https:\/\/turadio.com.co\/#\/schema\/person\/a336ad8dcc0120ef37278ad35b4f64fe"},"headline":"Yalenis Maz\u00f3n invita a los cordobeses a respaldar a Iv\u00e1n Cepeda en primera vuelta.","datePublished":"2026-04-30T23:14:36+00:00","dateModified":"2026-04-30T23:14:39+00:00","mainEntityOfPage":{"@id":"https:\/\/turadio.com.co\/?p=5472"},"wordCount":250,"commentCount":0,"publisher":{"@id":"https:\/\/turadio.com.co\/#organization"},"image":{"@id":"https:\/\/turadio.com.co\/?p=5472#primaryimage"},"thumbnailUrl":"https:\/\/turadio.com.co\/wp-content\/uploads\/2026\/04\/684942981_1598517155609764_40298717453846623_n.jpg","articleSection":["Pol\u00edtica"],"inLanguage":"es","potentialAction":[{"@type":"CommentAction","name":"Comment","target":["https:\/\/turadio.com.co\/?p=5472#respond"]}]},{"@type":"WebPage","@id":"https:\/\/turadio.com.co\/?p=5472","url":"https:\/\/turadio.com.co\/?p=5472","name":"Yalenis Maz\u00f3n invita a los cordobeses a respaldar a Iv\u00e1n Cepeda en primera vuelta. - Tu Radio","isPartOf":{"@id":"https:\/\/turadio.com.co\/#website"},"primaryImageOfPage":{"@id":"https:\/\/turadio.com.co\/?p=5472#primaryimage"},"image":{"@id":"https:\/\/turadio.com.co\/?p=5472#primaryimage"},"thumbnailUrl":"https:\/\/turadio.com.co\/wp-content\/uploads\/2026\/04\/684942981_1598517155609764_40298717453846623_n.jpg","datePublished":"2026-04-30T23:14:36+00:00","dateModified":"2026-04-30T23:14:39+00:00","breadcrumb":{"@id":"https:\/\/turadio.com.co\/?p=5472#breadcrumb"},"inLanguage":"es","potentialAction":[{"@type":"ReadAction","target":["https:\/\/turadio.com.co\/?p=5472"]}]},{"@type":"ImageObject","inLanguage":"es","@id":"https:\/\/turadio.com.co\/?p=5472#primaryimage","url":"https:\/\/turadio.com.co\/wp-content\/uploads\/2026\/04\/684942981_1598517155609764_40298717453846623_n.jpg","contentUrl":"https:\/\/turadio.com.co\/wp-content\/uploads\/2026\/04\/684942981_1598517155609764_40298717453846623_n.jpg","width":1086,"height":1448},{"@type":"BreadcrumbList","@id":"https:\/\/turadio.com.co\/?p=5472#breadcrumb","itemListElement":[{"@type":"ListItem","position":1,"name":"Portada","item":"https:\/\/turadio.com.co\/"},{"@type":"ListItem","position":2,"name":"Yalenis Maz\u00f3n invita a los cordobeses a respaldar a Iv\u00e1n Cepeda en primera vuelta."}]},{"@type":"WebSite","@id":"https:\/\/turadio.com.co\/#website","url":"https:\/\/turadio.com.co\/","name":"Tu Radio","description":"","publisher":{"@id":"https:\/\/turadio.com.co\/#organization"},"potentialAction":[{"@type":"SearchAction","target":{"@type":"EntryPoint","urlTemplate":"https:\/\/turadio.com.co\/?s={search_term_string}"},"query-input":{"@type":"PropertyValueSpecification","valueRequired":true,"valueName":"search_term_string"}}],"inLanguage":"es"},{"@type":"Organization","@id":"https:\/\/turadio.com.co\/#organization","name":"Tu Radio","url":"https:\/\/turadio.com.co\/","logo":{"@type":"ImageObject","inLanguage":"es","@id":"https:\/\/turadio.com.co\/#\/schema\/logo\/image\/","url":"https:\/\/turadio.com.co\/wp-content\/uploads\/2025\/07\/logo.png","contentUrl":"https:\/\/turadio.com.co\/wp-content\/uploads\/2025\/07\/logo.png","width":366,"height":91,"caption":"Tu Radio"},"image":{"@id":"https:\/\/turadio.com.co\/#\/schema\/logo\/image\/"}},{"@type":"Person","@id":"https:\/\/turadio.com.co\/#\/schema\/person\/a336ad8dcc0120ef37278ad35b4f64fe","name":"turadio","image":{"@type":"ImageObject","inLanguage":"es","@id":"https:\/\/secure.gravatar.com\/avatar\/e905fb228be0ae401b494278f04ccb4a7d2e839822ca560083e0b3a15f6c8669?s=96&d=mm&r=g","url":"https:\/\/secure.gravatar.com\/avatar\/e905fb228be0ae401b494278f04ccb4a7d2e839822ca560083e0b3a15f6c8669?s=96&d=mm&r=g","contentUrl":"https:\/\/secure.gravatar.com\/avatar\/e905fb228be0ae401b494278f04ccb4a7d2e839822ca560083e0b3a15f6c8669?s=96&d=mm&r=g","caption":"turadio"},"sameAs":["https:\/\/turadio.com.co","https:\/\/www.facebook.com\/profile.php?id=100086306444643","https:\/\/www.instagram.com\/turadio23\/","https:\/\/www.youtube.com\/@TuRadiomonteria"],"url":"https:\/\/turadio.com.co\/?author=1"}]}},"_links":{"self":[{"href":"https:\/\/turadio.com.co\/index.php?rest_route=\/wp\/v2\/posts\/5472","targetHints":{"allow":["GET"]}}],"collection":[{"href":"https:\/\/turadio.com.co\/index.php?rest_route=\/wp\/v2\/posts"}],"about":[{"href":"https:\/\/turadio.com.co\/index.php?rest_route=\/wp\/v2\/types\/post"}],"author":[{"embeddable":true,"href":"https:\/\/turadio.com.co\/index.php?rest_route=\/wp\/v2\/users\/1"}],"replies":[{"embeddable":true,"href":"https:\/\/turadio.com.co\/index.php?rest_route=%2Fwp%2Fv2%2Fcomments&post=5472"}],"version-history":[{"count":1,"href":"https:\/\/turadio.com.co\/index.php?rest_route=\/wp\/v2\/posts\/5472\/revisions"}],"predecessor-version":[{"id":5474,"href":"https:\/\/turadio.com.co\/index.php?rest_route=\/wp\/v2\/posts\/5472\/revisions\/5474"}],"wp:featuredmedia":[{"embeddable":true,"href":"https:\/\/turadio.com.co\/index.php?rest_route=\/wp\/v2\/media\/5473"}],"wp:attachment":[{"href":"https:\/\/turadio.com.co\/index.php?rest_route=%2Fwp%2Fv2%2Fmedia&parent=5472"}],"wp:term":[{"taxonomy":"category","embeddable":true,"href":"https:\/\/turadio.com.co\/index.php?rest_route=%2Fwp%2Fv2%2Fcategories&post=5472"},{"taxonomy":"post_tag","embeddable":true,"href":"https:\/\/turadio.com.co\/index.php?rest_route=%2Fwp%2Fv2%2Ftags&post=5472"}],"curies":[{"name":"wp","href":"https:\/\/api.w.org\/{rel}","templated":true}]}}