{"id":5476,"date":"2026-05-01T17:41:55","date_gmt":"2026-05-01T17:41:55","guid":{"rendered":"https:\/\/turadio.com.co\/?p=5476"},"modified":"2026-05-01T17:41:58","modified_gmt":"2026-05-01T17:41:58","slug":"mas-de-6-mil-ninos-y-sus-familias-celebraron-el-mes-de-la-ninez-con-el-programa-de-la-gobernacion-cordoba-sonrie","status":"publish","type":"post","link":"https:\/\/turadio.com.co\/?p=5476","title":{"rendered":"M\u00e1s de 6 mil ni\u00f1os y sus familias celebraron el mes de la ni\u00f1ez con el programa de la Gobernaci\u00f3n \u201cC\u00f3rdoba Sonr\u00ede\u201d."},"content":{"rendered":"\n<p>Entre estaciones de juegos, uni\u00f3n familiar, espacios seguros y kits escolares, celebraron los cordobeses el mes de la ni\u00f1ez. El programa \u201cC\u00f3rdoba Sonr\u00ede\u201d que se desarroll\u00f3 en 7 municipios del departamento afectados por el pasado frente fr\u00edo en el mes de febrero, permiti\u00f3 el sano y seguro esparcimiento de miles de familias, pues incluy\u00f3 juegos tradicionales y actuales que fomentaron la creatividad, la activaci\u00f3n f\u00edsica, el cuidado de la salud y la integraci\u00f3n de todos los miembros de la familia.<\/p>\n\n\n\n<figure class=\"wp-block-image size-large\"><img loading=\"lazy\" decoding=\"async\" width=\"1024\" height=\"768\" src=\"https:\/\/turadio.com.co\/wp-content\/uploads\/2026\/05\/WhatsApp-Image-2026-04-30-at-1.48.08-PM-2-1024x768.jpeg\" alt=\"\" class=\"wp-image-5478\" srcset=\"https:\/\/turadio.com.co\/wp-content\/uploads\/2026\/05\/WhatsApp-Image-2026-04-30-at-1.48.08-PM-2-1024x768.jpeg 1024w, https:\/\/turadio.com.co\/wp-content\/uploads\/2026\/05\/WhatsApp-Image-2026-04-30-at-1.48.08-PM-2-300x225.jpeg 300w, https:\/\/turadio.com.co\/wp-content\/uploads\/2026\/05\/WhatsApp-Image-2026-04-30-at-1.48.08-PM-2-768x576.jpeg 768w, https:\/\/turadio.com.co\/wp-content\/uploads\/2026\/05\/WhatsApp-Image-2026-04-30-at-1.48.08-PM-2.jpeg 1280w\" sizes=\"auto, (max-width: 1024px) 100vw, 1024px\" \/><\/figure>\n\n\n\n<p>La gestora social Valeria Vega, quien lidera esta iniciativa, recorri\u00f3 los municipios de Los C\u00f3rdobas, Tierralta, Puerto Escondido, San Pelayo, Puerto Libertador, Canalete y Monter\u00eda.<\/p>\n\n\n\n<p>\u201cDesde Las Palomas, corregimiento de Monter\u00eda, cerramos \u201cC\u00f3rdoba Sonr\u00ede\u201d. Entregamos m\u00e1s de dos mil kits escolares, compartirnos con miles de ni\u00f1os cordobeses y nos hace muy feliz haberlos hecho sonre\u00edr\u201d, manifest\u00f3 la gestora social departamental, Valeria Vega.<\/p>\n\n\n\n<p>Las familias agradecieron estas intervenciones que garantizan el derecho al juego, a la recreaci\u00f3n y a la educaci\u00f3n. \u201cEstamos muy agradecidos por toda esta actividad en familia. Gracias a la Gobernaci\u00f3n por todo lo que est\u00e1n haciendo en la comunidad de Las Palomas. Es muy lindo venir y compartir todos es familia. \u00a1Muchas gracias!\u201d, sostuvo una madre de familia beneficiaria del programa.<\/p>\n\n\n\n<figure class=\"wp-block-image size-large\"><img loading=\"lazy\" decoding=\"async\" width=\"1024\" height=\"768\" src=\"https:\/\/turadio.com.co\/wp-content\/uploads\/2026\/05\/WhatsApp-Image-2026-04-30-at-1.48.08-PM-1024x768.jpeg\" alt=\"\" class=\"wp-image-5479\" srcset=\"https:\/\/turadio.com.co\/wp-content\/uploads\/2026\/05\/WhatsApp-Image-2026-04-30-at-1.48.08-PM-1024x768.jpeg 1024w, https:\/\/turadio.com.co\/wp-content\/uploads\/2026\/05\/WhatsApp-Image-2026-04-30-at-1.48.08-PM-300x225.jpeg 300w, https:\/\/turadio.com.co\/wp-content\/uploads\/2026\/05\/WhatsApp-Image-2026-04-30-at-1.48.08-PM-768x576.jpeg 768w, https:\/\/turadio.com.co\/wp-content\/uploads\/2026\/05\/WhatsApp-Image-2026-04-30-at-1.48.08-PM.jpeg 1280w\" sizes=\"auto, (max-width: 1024px) 100vw, 1024px\" \/><\/figure>\n\n\n\n<p>De manera simult\u00e1nea, la Gobernaci\u00f3n de C\u00f3rdoba, contin\u00faa implementando programas desde la Secretar\u00eda de cultura y la Secretar\u00eda de Tr\u00e1nsito y Transporte para proteger y educarlos sobre las tradiciones y las normas de tr\u00e1nsito para que aprendan a reconocerlas y as\u00ed darles herramientas para su protecci\u00f3n.<\/p>\n\n\n\n<figure class=\"wp-block-image size-large\"><img loading=\"lazy\" decoding=\"async\" width=\"1024\" height=\"768\" src=\"https:\/\/turadio.com.co\/wp-content\/uploads\/2026\/05\/WhatsApp-Image-2026-04-30-at-1.48.06-PM-1024x768.jpeg\" alt=\"\" class=\"wp-image-5480\" srcset=\"https:\/\/turadio.com.co\/wp-content\/uploads\/2026\/05\/WhatsApp-Image-2026-04-30-at-1.48.06-PM-1024x768.jpeg 1024w, https:\/\/turadio.com.co\/wp-content\/uploads\/2026\/05\/WhatsApp-Image-2026-04-30-at-1.48.06-PM-300x225.jpeg 300w, https:\/\/turadio.com.co\/wp-content\/uploads\/2026\/05\/WhatsApp-Image-2026-04-30-at-1.48.06-PM-768x576.jpeg 768w, https:\/\/turadio.com.co\/wp-content\/uploads\/2026\/05\/WhatsApp-Image-2026-04-30-at-1.48.06-PM.jpeg 1280w\" sizes=\"auto, (max-width: 1024px) 100vw, 1024px\" \/><\/figure>\n\n\n\n<p>En lo que va corrido del a\u00f1o 2026 mediante la estrategia \u201cContra Corriente\u201d ya se han impactado a 898 ni\u00f1os, ni\u00f1as, j\u00f3venes y adultos con m\u00e1s de 40 actividades recreativas y culturales.<\/p>\n\n\n\n<p>Y a trav\u00e9s de la estrategia \u201cMoviKids\u201d, la Secretar\u00eda de Tr\u00e1nsito y Transporte ha lleg\u00f3 durante el mes de abril a 1.200 estudiantes de primera infancia, primaria y bachillerato, sensibilizando a los ciudadanos y estudiantes sobre la importancia de respetar las normas de tr\u00e1nsito en los entornos escolares para proteger la vida de los alumnos.<\/p>\n\n\n\n<figure class=\"wp-block-image size-large\"><img loading=\"lazy\" decoding=\"async\" width=\"1024\" height=\"768\" src=\"https:\/\/turadio.com.co\/wp-content\/uploads\/2026\/05\/WhatsApp-Image-2026-04-30-at-1.48.06-PM-3-1024x768.jpeg\" alt=\"\" class=\"wp-image-5481\" srcset=\"https:\/\/turadio.com.co\/wp-content\/uploads\/2026\/05\/WhatsApp-Image-2026-04-30-at-1.48.06-PM-3-1024x768.jpeg 1024w, https:\/\/turadio.com.co\/wp-content\/uploads\/2026\/05\/WhatsApp-Image-2026-04-30-at-1.48.06-PM-3-300x225.jpeg 300w, https:\/\/turadio.com.co\/wp-content\/uploads\/2026\/05\/WhatsApp-Image-2026-04-30-at-1.48.06-PM-3-768x576.jpeg 768w, https:\/\/turadio.com.co\/wp-content\/uploads\/2026\/05\/WhatsApp-Image-2026-04-30-at-1.48.06-PM-3.jpeg 1280w\" sizes=\"auto, (max-width: 1024px) 100vw, 1024px\" \/><\/figure>\n\n\n\n<p>Las estrategias para la protecci\u00f3n de la ni\u00f1ez, se mantienen activas durante todo el a\u00f1o y as\u00ed garantizar los derechos de todos los ni\u00f1os, ni\u00f1as y adolescentes cordobeses.<\/p>\n","protected":false},"excerpt":{"rendered":"<p>Entre estaciones de juegos, uni\u00f3n familiar, espacios seguros y kits escolares, celebraron los cordobeses el mes de la ni\u00f1ez. El programa \u201cC\u00f3rdoba Sonr\u00ede\u201d que se desarroll\u00f3 en 7 municipios del departamento afectados por el pasado frente fr\u00edo en el mes de febrero, permiti\u00f3 el sano y seguro esparcimiento de miles de familias, pues incluy\u00f3 juegos&#8230;<\/p>\n","protected":false},"author":1,"featured_media":5477,"comment_status":"open","ping_status":"open","sticky":false,"template":"","format":"standard","meta":{"footnotes":""},"categories":[13],"tags":[],"class_list":["post-5476","post","type-post","status-publish","format-standard","has-post-thumbnail","hentry","category-cordoba"],"yoast_head":"<!-- This site is optimized with the Yoast SEO plugin v27.5 - https:\/\/yoast.com\/product\/yoast-seo-wordpress\/ -->\n<title>M\u00e1s de 6 mil ni\u00f1os y sus familias celebraron el mes de la ni\u00f1ez con el programa de la Gobernaci\u00f3n \u201cC\u00f3rdoba Sonr\u00ede\u201d. - Tu Radio<\/title>\n<meta name=\"robots\" content=\"index, follow, max-snippet:-1, max-image-preview:large, max-video-preview:-1\" \/>\n<link rel=\"canonical\" href=\"https:\/\/turadio.com.co\/?p=5476\" \/>\n<meta property=\"og:locale\" content=\"es_ES\" \/>\n<meta property=\"og:type\" content=\"article\" \/>\n<meta property=\"og:title\" content=\"M\u00e1s de 6 mil ni\u00f1os y sus familias celebraron el mes de la ni\u00f1ez con el programa de la Gobernaci\u00f3n \u201cC\u00f3rdoba Sonr\u00ede\u201d. - Tu Radio\" \/>\n<meta property=\"og:description\" content=\"Entre estaciones de juegos, uni\u00f3n familiar, espacios seguros y kits escolares, celebraron los cordobeses el mes de la ni\u00f1ez. El programa \u201cC\u00f3rdoba Sonr\u00ede\u201d que se desarroll\u00f3 en 7 municipios del departamento afectados por el pasado frente fr\u00edo en el mes de febrero, permiti\u00f3 el sano y seguro esparcimiento de miles de familias, pues incluy\u00f3 juegos...\" \/>\n<meta property=\"og:url\" content=\"https:\/\/turadio.com.co\/?p=5476\" \/>\n<meta property=\"og:site_name\" content=\"Tu Radio\" \/>\n<meta property=\"article:author\" content=\"https:\/\/www.facebook.com\/profile.php?id=100086306444643\" \/>\n<meta property=\"article:published_time\" content=\"2026-05-01T17:41:55+00:00\" \/>\n<meta property=\"article:modified_time\" content=\"2026-05-01T17:41:58+00:00\" \/>\n<meta property=\"og:image\" content=\"https:\/\/turadio.com.co\/wp-content\/uploads\/2026\/05\/WhatsApp-Image-2026-04-30-at-1.48.06-PM-1.jpeg\" \/>\n\t<meta property=\"og:image:width\" content=\"1280\" \/>\n\t<meta property=\"og:image:height\" content=\"960\" \/>\n\t<meta property=\"og:image:type\" content=\"image\/jpeg\" \/>\n<meta name=\"author\" content=\"turadio\" \/>\n<meta name=\"twitter:card\" content=\"summary_large_image\" \/>\n<meta name=\"twitter:label1\" content=\"Escrito por\" \/>\n\t<meta name=\"twitter:data1\" content=\"turadio\" \/>\n\t<meta name=\"twitter:label2\" content=\"Tiempo de lectura\" \/>\n\t<meta name=\"twitter:data2\" content=\"3 minutos\" \/>\n<script type=\"application\/ld+json\" class=\"yoast-schema-graph\">{\"@context\":\"https:\\\/\\\/schema.org\",\"@graph\":[{\"@type\":\"Article\",\"@id\":\"https:\\\/\\\/turadio.com.co\\\/?p=5476#article\",\"isPartOf\":{\"@id\":\"https:\\\/\\\/turadio.com.co\\\/?p=5476\"},\"author\":{\"name\":\"turadio\",\"@id\":\"https:\\\/\\\/turadio.com.co\\\/#\\\/schema\\\/person\\\/a336ad8dcc0120ef37278ad35b4f64fe\"},\"headline\":\"M\u00e1s de 6 mil ni\u00f1os y sus familias celebraron el mes de la ni\u00f1ez con el programa de la Gobernaci\u00f3n \u201cC\u00f3rdoba Sonr\u00ede\u201d.\",\"datePublished\":\"2026-05-01T17:41:55+00:00\",\"dateModified\":\"2026-05-01T17:41:58+00:00\",\"mainEntityOfPage\":{\"@id\":\"https:\\\/\\\/turadio.com.co\\\/?p=5476\"},\"wordCount\":430,\"commentCount\":0,\"publisher\":{\"@id\":\"https:\\\/\\\/turadio.com.co\\\/#organization\"},\"image\":{\"@id\":\"https:\\\/\\\/turadio.com.co\\\/?p=5476#primaryimage\"},\"thumbnailUrl\":\"https:\\\/\\\/turadio.com.co\\\/wp-content\\\/uploads\\\/2026\\\/05\\\/WhatsApp-Image-2026-04-30-at-1.48.06-PM-1.jpeg\",\"articleSection\":[\"C\u00f3rdoba\"],\"inLanguage\":\"es\",\"potentialAction\":[{\"@type\":\"CommentAction\",\"name\":\"Comment\",\"target\":[\"https:\\\/\\\/turadio.com.co\\\/?p=5476#respond\"]}]},{\"@type\":\"WebPage\",\"@id\":\"https:\\\/\\\/turadio.com.co\\\/?p=5476\",\"url\":\"https:\\\/\\\/turadio.com.co\\\/?p=5476\",\"name\":\"M\u00e1s de 6 mil ni\u00f1os y sus familias celebraron el mes de la ni\u00f1ez con el programa de la Gobernaci\u00f3n \u201cC\u00f3rdoba Sonr\u00ede\u201d. - Tu Radio\",\"isPartOf\":{\"@id\":\"https:\\\/\\\/turadio.com.co\\\/#website\"},\"primaryImageOfPage\":{\"@id\":\"https:\\\/\\\/turadio.com.co\\\/?p=5476#primaryimage\"},\"image\":{\"@id\":\"https:\\\/\\\/turadio.com.co\\\/?p=5476#primaryimage\"},\"thumbnailUrl\":\"https:\\\/\\\/turadio.com.co\\\/wp-content\\\/uploads\\\/2026\\\/05\\\/WhatsApp-Image-2026-04-30-at-1.48.06-PM-1.jpeg\",\"datePublished\":\"2026-05-01T17:41:55+00:00\",\"dateModified\":\"2026-05-01T17:41:58+00:00\",\"breadcrumb\":{\"@id\":\"https:\\\/\\\/turadio.com.co\\\/?p=5476#breadcrumb\"},\"inLanguage\":\"es\",\"potentialAction\":[{\"@type\":\"ReadAction\",\"target\":[\"https:\\\/\\\/turadio.com.co\\\/?p=5476\"]}]},{\"@type\":\"ImageObject\",\"inLanguage\":\"es\",\"@id\":\"https:\\\/\\\/turadio.com.co\\\/?p=5476#primaryimage\",\"url\":\"https:\\\/\\\/turadio.com.co\\\/wp-content\\\/uploads\\\/2026\\\/05\\\/WhatsApp-Image-2026-04-30-at-1.48.06-PM-1.jpeg\",\"contentUrl\":\"https:\\\/\\\/turadio.com.co\\\/wp-content\\\/uploads\\\/2026\\\/05\\\/WhatsApp-Image-2026-04-30-at-1.48.06-PM-1.jpeg\",\"width\":1280,\"height\":960},{\"@type\":\"BreadcrumbList\",\"@id\":\"https:\\\/\\\/turadio.com.co\\\/?p=5476#breadcrumb\",\"itemListElement\":[{\"@type\":\"ListItem\",\"position\":1,\"name\":\"Portada\",\"item\":\"https:\\\/\\\/turadio.com.co\\\/\"},{\"@type\":\"ListItem\",\"position\":2,\"name\":\"M\u00e1s de 6 mil ni\u00f1os y sus familias celebraron el mes de la ni\u00f1ez con el programa de la Gobernaci\u00f3n \u201cC\u00f3rdoba Sonr\u00ede\u201d.\"}]},{\"@type\":\"WebSite\",\"@id\":\"https:\\\/\\\/turadio.com.co\\\/#website\",\"url\":\"https:\\\/\\\/turadio.com.co\\\/\",\"name\":\"Tu Radio\",\"description\":\"\",\"publisher\":{\"@id\":\"https:\\\/\\\/turadio.com.co\\\/#organization\"},\"potentialAction\":[{\"@type\":\"SearchAction\",\"target\":{\"@type\":\"EntryPoint\",\"urlTemplate\":\"https:\\\/\\\/turadio.com.co\\\/?s={search_term_string}\"},\"query-input\":{\"@type\":\"PropertyValueSpecification\",\"valueRequired\":true,\"valueName\":\"search_term_string\"}}],\"inLanguage\":\"es\"},{\"@type\":\"Organization\",\"@id\":\"https:\\\/\\\/turadio.com.co\\\/#organization\",\"name\":\"Tu Radio\",\"url\":\"https:\\\/\\\/turadio.com.co\\\/\",\"logo\":{\"@type\":\"ImageObject\",\"inLanguage\":\"es\",\"@id\":\"https:\\\/\\\/turadio.com.co\\\/#\\\/schema\\\/logo\\\/image\\\/\",\"url\":\"https:\\\/\\\/turadio.com.co\\\/wp-content\\\/uploads\\\/2025\\\/07\\\/logo.png\",\"contentUrl\":\"https:\\\/\\\/turadio.com.co\\\/wp-content\\\/uploads\\\/2025\\\/07\\\/logo.png\",\"width\":366,\"height\":91,\"caption\":\"Tu Radio\"},\"image\":{\"@id\":\"https:\\\/\\\/turadio.com.co\\\/#\\\/schema\\\/logo\\\/image\\\/\"}},{\"@type\":\"Person\",\"@id\":\"https:\\\/\\\/turadio.com.co\\\/#\\\/schema\\\/person\\\/a336ad8dcc0120ef37278ad35b4f64fe\",\"name\":\"turadio\",\"image\":{\"@type\":\"ImageObject\",\"inLanguage\":\"es\",\"@id\":\"https:\\\/\\\/secure.gravatar.com\\\/avatar\\\/e905fb228be0ae401b494278f04ccb4a7d2e839822ca560083e0b3a15f6c8669?s=96&d=mm&r=g\",\"url\":\"https:\\\/\\\/secure.gravatar.com\\\/avatar\\\/e905fb228be0ae401b494278f04ccb4a7d2e839822ca560083e0b3a15f6c8669?s=96&d=mm&r=g\",\"contentUrl\":\"https:\\\/\\\/secure.gravatar.com\\\/avatar\\\/e905fb228be0ae401b494278f04ccb4a7d2e839822ca560083e0b3a15f6c8669?s=96&d=mm&r=g\",\"caption\":\"turadio\"},\"sameAs\":[\"https:\\\/\\\/turadio.com.co\",\"https:\\\/\\\/www.facebook.com\\\/profile.php?id=100086306444643\",\"https:\\\/\\\/www.instagram.com\\\/turadio23\\\/\",\"https:\\\/\\\/www.youtube.com\\\/@TuRadiomonteria\"],\"url\":\"https:\\\/\\\/turadio.com.co\\\/?author=1\"}]}<\/script>\n<!-- \/ Yoast SEO plugin. -->","yoast_head_json":{"title":"M\u00e1s de 6 mil ni\u00f1os y sus familias celebraron el mes de la ni\u00f1ez con el programa de la Gobernaci\u00f3n \u201cC\u00f3rdoba Sonr\u00ede\u201d. - Tu Radio","robots":{"index":"index","follow":"follow","max-snippet":"max-snippet:-1","max-image-preview":"max-image-preview:large","max-video-preview":"max-video-preview:-1"},"canonical":"https:\/\/turadio.com.co\/?p=5476","og_locale":"es_ES","og_type":"article","og_title":"M\u00e1s de 6 mil ni\u00f1os y sus familias celebraron el mes de la ni\u00f1ez con el programa de la Gobernaci\u00f3n \u201cC\u00f3rdoba Sonr\u00ede\u201d. - Tu Radio","og_description":"Entre estaciones de juegos, uni\u00f3n familiar, espacios seguros y kits escolares, celebraron los cordobeses el mes de la ni\u00f1ez. El programa \u201cC\u00f3rdoba Sonr\u00ede\u201d que se desarroll\u00f3 en 7 municipios del departamento afectados por el pasado frente fr\u00edo en el mes de febrero, permiti\u00f3 el sano y seguro esparcimiento de miles de familias, pues incluy\u00f3 juegos...","og_url":"https:\/\/turadio.com.co\/?p=5476","og_site_name":"Tu Radio","article_author":"https:\/\/www.facebook.com\/profile.php?id=100086306444643","article_published_time":"2026-05-01T17:41:55+00:00","article_modified_time":"2026-05-01T17:41:58+00:00","og_image":[{"width":1280,"height":960,"url":"https:\/\/turadio.com.co\/wp-content\/uploads\/2026\/05\/WhatsApp-Image-2026-04-30-at-1.48.06-PM-1.jpeg","type":"image\/jpeg"}],"author":"turadio","twitter_card":"summary_large_image","twitter_misc":{"Escrito por":"turadio","Tiempo de lectura":"3 minutos"},"schema":{"@context":"https:\/\/schema.org","@graph":[{"@type":"Article","@id":"https:\/\/turadio.com.co\/?p=5476#article","isPartOf":{"@id":"https:\/\/turadio.com.co\/?p=5476"},"author":{"name":"turadio","@id":"https:\/\/turadio.com.co\/#\/schema\/person\/a336ad8dcc0120ef37278ad35b4f64fe"},"headline":"M\u00e1s de 6 mil ni\u00f1os y sus familias celebraron el mes de la ni\u00f1ez con el programa de la Gobernaci\u00f3n \u201cC\u00f3rdoba Sonr\u00ede\u201d.","datePublished":"2026-05-01T17:41:55+00:00","dateModified":"2026-05-01T17:41:58+00:00","mainEntityOfPage":{"@id":"https:\/\/turadio.com.co\/?p=5476"},"wordCount":430,"commentCount":0,"publisher":{"@id":"https:\/\/turadio.com.co\/#organization"},"image":{"@id":"https:\/\/turadio.com.co\/?p=5476#primaryimage"},"thumbnailUrl":"https:\/\/turadio.com.co\/wp-content\/uploads\/2026\/05\/WhatsApp-Image-2026-04-30-at-1.48.06-PM-1.jpeg","articleSection":["C\u00f3rdoba"],"inLanguage":"es","potentialAction":[{"@type":"CommentAction","name":"Comment","target":["https:\/\/turadio.com.co\/?p=5476#respond"]}]},{"@type":"WebPage","@id":"https:\/\/turadio.com.co\/?p=5476","url":"https:\/\/turadio.com.co\/?p=5476","name":"M\u00e1s de 6 mil ni\u00f1os y sus familias celebraron el mes de la ni\u00f1ez con el programa de la Gobernaci\u00f3n \u201cC\u00f3rdoba Sonr\u00ede\u201d. - Tu Radio","isPartOf":{"@id":"https:\/\/turadio.com.co\/#website"},"primaryImageOfPage":{"@id":"https:\/\/turadio.com.co\/?p=5476#primaryimage"},"image":{"@id":"https:\/\/turadio.com.co\/?p=5476#primaryimage"},"thumbnailUrl":"https:\/\/turadio.com.co\/wp-content\/uploads\/2026\/05\/WhatsApp-Image-2026-04-30-at-1.48.06-PM-1.jpeg","datePublished":"2026-05-01T17:41:55+00:00","dateModified":"2026-05-01T17:41:58+00:00","breadcrumb":{"@id":"https:\/\/turadio.com.co\/?p=5476#breadcrumb"},"inLanguage":"es","potentialAction":[{"@type":"ReadAction","target":["https:\/\/turadio.com.co\/?p=5476"]}]},{"@type":"ImageObject","inLanguage":"es","@id":"https:\/\/turadio.com.co\/?p=5476#primaryimage","url":"https:\/\/turadio.com.co\/wp-content\/uploads\/2026\/05\/WhatsApp-Image-2026-04-30-at-1.48.06-PM-1.jpeg","contentUrl":"https:\/\/turadio.com.co\/wp-content\/uploads\/2026\/05\/WhatsApp-Image-2026-04-30-at-1.48.06-PM-1.jpeg","width":1280,"height":960},{"@type":"BreadcrumbList","@id":"https:\/\/turadio.com.co\/?p=5476#breadcrumb","itemListElement":[{"@type":"ListItem","position":1,"name":"Portada","item":"https:\/\/turadio.com.co\/"},{"@type":"ListItem","position":2,"name":"M\u00e1s de 6 mil ni\u00f1os y sus familias celebraron el mes de la ni\u00f1ez con el programa de la Gobernaci\u00f3n \u201cC\u00f3rdoba Sonr\u00ede\u201d."}]},{"@type":"WebSite","@id":"https:\/\/turadio.com.co\/#website","url":"https:\/\/turadio.com.co\/","name":"Tu Radio","description":"","publisher":{"@id":"https:\/\/turadio.com.co\/#organization"},"potentialAction":[{"@type":"SearchAction","target":{"@type":"EntryPoint","urlTemplate":"https:\/\/turadio.com.co\/?s={search_term_string}"},"query-input":{"@type":"PropertyValueSpecification","valueRequired":true,"valueName":"search_term_string"}}],"inLanguage":"es"},{"@type":"Organization","@id":"https:\/\/turadio.com.co\/#organization","name":"Tu Radio","url":"https:\/\/turadio.com.co\/","logo":{"@type":"ImageObject","inLanguage":"es","@id":"https:\/\/turadio.com.co\/#\/schema\/logo\/image\/","url":"https:\/\/turadio.com.co\/wp-content\/uploads\/2025\/07\/logo.png","contentUrl":"https:\/\/turadio.com.co\/wp-content\/uploads\/2025\/07\/logo.png","width":366,"height":91,"caption":"Tu Radio"},"image":{"@id":"https:\/\/turadio.com.co\/#\/schema\/logo\/image\/"}},{"@type":"Person","@id":"https:\/\/turadio.com.co\/#\/schema\/person\/a336ad8dcc0120ef37278ad35b4f64fe","name":"turadio","image":{"@type":"ImageObject","inLanguage":"es","@id":"https:\/\/secure.gravatar.com\/avatar\/e905fb228be0ae401b494278f04ccb4a7d2e839822ca560083e0b3a15f6c8669?s=96&d=mm&r=g","url":"https:\/\/secure.gravatar.com\/avatar\/e905fb228be0ae401b494278f04ccb4a7d2e839822ca560083e0b3a15f6c8669?s=96&d=mm&r=g","contentUrl":"https:\/\/secure.gravatar.com\/avatar\/e905fb228be0ae401b494278f04ccb4a7d2e839822ca560083e0b3a15f6c8669?s=96&d=mm&r=g","caption":"turadio"},"sameAs":["https:\/\/turadio.com.co","https:\/\/www.facebook.com\/profile.php?id=100086306444643","https:\/\/www.instagram.com\/turadio23\/","https:\/\/www.youtube.com\/@TuRadiomonteria"],"url":"https:\/\/turadio.com.co\/?author=1"}]}},"_links":{"self":[{"href":"https:\/\/turadio.com.co\/index.php?rest_route=\/wp\/v2\/posts\/5476","targetHints":{"allow":["GET"]}}],"collection":[{"href":"https:\/\/turadio.com.co\/index.php?rest_route=\/wp\/v2\/posts"}],"about":[{"href":"https:\/\/turadio.com.co\/index.php?rest_route=\/wp\/v2\/types\/post"}],"author":[{"embeddable":true,"href":"https:\/\/turadio.com.co\/index.php?rest_route=\/wp\/v2\/users\/1"}],"replies":[{"embeddable":true,"href":"https:\/\/turadio.com.co\/index.php?rest_route=%2Fwp%2Fv2%2Fcomments&post=5476"}],"version-history":[{"count":1,"href":"https:\/\/turadio.com.co\/index.php?rest_route=\/wp\/v2\/posts\/5476\/revisions"}],"predecessor-version":[{"id":5482,"href":"https:\/\/turadio.com.co\/index.php?rest_route=\/wp\/v2\/posts\/5476\/revisions\/5482"}],"wp:featuredmedia":[{"embeddable":true,"href":"https:\/\/turadio.com.co\/index.php?rest_route=\/wp\/v2\/media\/5477"}],"wp:attachment":[{"href":"https:\/\/turadio.com.co\/index.php?rest_route=%2Fwp%2Fv2%2Fmedia&parent=5476"}],"wp:term":[{"taxonomy":"category","embeddable":true,"href":"https:\/\/turadio.com.co\/index.php?rest_route=%2Fwp%2Fv2%2Fcategories&post=5476"},{"taxonomy":"post_tag","embeddable":true,"href":"https:\/\/turadio.com.co\/index.php?rest_route=%2Fwp%2Fv2%2Ftags&post=5476"}],"curies":[{"name":"wp","href":"https:\/\/api.w.org\/{rel}","templated":true}]}}