{"id":5483,"date":"2026-05-01T18:03:51","date_gmt":"2026-05-01T18:03:51","guid":{"rendered":"https:\/\/turadio.com.co\/?p=5483"},"modified":"2026-05-01T18:15:21","modified_gmt":"2026-05-01T18:15:21","slug":"boletin-de-prensa","status":"publish","type":"post","link":"https:\/\/turadio.com.co\/?p=5483","title":{"rendered":"Juan Manuel Gal\u00e1n present\u00f3 en monter\u00eda propuestas para fortalecer la justicia, la econom\u00eda y el desarrollo del pa\u00eds."},"content":{"rendered":"\n<p><\/p>\n\n\n\n<p><strong><em>En el marco de su visita a la ciudad de Monter\u00eda, el l\u00edder pol\u00edtico y director del Nuevo Liberalismo, Juan Manuel Gal\u00e1n, present\u00f3 una serie de propuestas orientadas al futuro del pa\u00eds, alineadas con el proyecto pol\u00edtico de Paloma Valencia<\/em><\/strong><\/p>\n\n\n\n<p>Durante su intervenci\u00f3n, Gal\u00e1n advirti\u00f3 que uno de los principales desaf\u00edos de Colombia es la impunidad, se\u00f1alando la limitada capacidad del sistema judicial para enfrentar las redes criminales organizadas.<\/p>\n\n\n\n<figure class=\"wp-block-image size-large\"><img loading=\"lazy\" decoding=\"async\" width=\"1024\" height=\"768\" src=\"https:\/\/turadio.com.co\/wp-content\/uploads\/2026\/05\/WhatsApp-Image-2026-05-01-at-8.11.54-AM-1-1024x768.jpeg\" alt=\"\" class=\"wp-image-5485\" srcset=\"https:\/\/turadio.com.co\/wp-content\/uploads\/2026\/05\/WhatsApp-Image-2026-05-01-at-8.11.54-AM-1-1024x768.jpeg 1024w, https:\/\/turadio.com.co\/wp-content\/uploads\/2026\/05\/WhatsApp-Image-2026-05-01-at-8.11.54-AM-1-300x225.jpeg 300w, https:\/\/turadio.com.co\/wp-content\/uploads\/2026\/05\/WhatsApp-Image-2026-05-01-at-8.11.54-AM-1-768x576.jpeg 768w, https:\/\/turadio.com.co\/wp-content\/uploads\/2026\/05\/WhatsApp-Image-2026-05-01-at-8.11.54-AM-1-1536x1152.jpeg 1536w, https:\/\/turadio.com.co\/wp-content\/uploads\/2026\/05\/WhatsApp-Image-2026-05-01-at-8.11.54-AM-1.jpeg 1600w\" sizes=\"auto, (max-width: 1024px) 100vw, 1024px\" \/><\/figure>\n\n\n\n<p>En este sentido, subray\u00f3 la urgencia de implementar un plan estructural que fortalezca la justicia y permita desmantelar estas estructuras de manera efectiva.<\/p>\n\n\n\n<p>En materia econ\u00f3mica, destac\u00f3 la necesidad de generar impactos inmediatos en las finanzas p\u00fablicas. Afirm\u00f3 que, en un eventual gobierno de Paloma Valencia, se impulsar\u00eda la activaci\u00f3n de contratos de producci\u00f3n de hidrocarburos como medida para dinamizar la econom\u00eda.<\/p>\n\n\n\n<p>Asimismo, propuso reducir el tama\u00f1o del Estado central, argumentando que existe un exceso de burocracia y gasto innecesario.<\/p>\n\n\n\n<p>El dirigente tambi\u00e9n hizo \u00e9nfasis en la importancia de fortalecer la infraestructura vial y aeroportuaria, reactivar el programa de vivienda Mi Casa Ya y potenciar el turismo como ejes estrat\u00e9gicos para el desarrollo del pa\u00eds.<\/p>\n\n\n\n<p>En el plano social y pol\u00edtico, Gal\u00e1n resalt\u00f3 el liderazgo de Paloma Valencia, asegurando que cuenta con la capacidad para enfrentar los problemas de seguridad. Adem\u00e1s, destac\u00f3 la importancia de promover una mayor participaci\u00f3n de las mujeres en el poder y consolidar un gobierno basado en el trabajo en equipo.<\/p>\n\n\n\n<p>Respecto a la juventud, se\u00f1al\u00f3 que una de las principales prioridades debe ser la salud mental y emocional, especialmente ante los cambios generados por la inteligencia artificial en los \u00e1mbitos laboral, educativo y social.<\/p>\n\n\n\n<figure class=\"wp-block-image size-large\"><img loading=\"lazy\" decoding=\"async\" width=\"1024\" height=\"768\" src=\"https:\/\/turadio.com.co\/wp-content\/uploads\/2026\/05\/WhatsApp-Image-2026-05-01-at-8.11.54-AM-1024x768.jpeg\" alt=\"\" class=\"wp-image-5486\" srcset=\"https:\/\/turadio.com.co\/wp-content\/uploads\/2026\/05\/WhatsApp-Image-2026-05-01-at-8.11.54-AM-1024x768.jpeg 1024w, https:\/\/turadio.com.co\/wp-content\/uploads\/2026\/05\/WhatsApp-Image-2026-05-01-at-8.11.54-AM-300x225.jpeg 300w, https:\/\/turadio.com.co\/wp-content\/uploads\/2026\/05\/WhatsApp-Image-2026-05-01-at-8.11.54-AM-768x576.jpeg 768w, https:\/\/turadio.com.co\/wp-content\/uploads\/2026\/05\/WhatsApp-Image-2026-05-01-at-8.11.54-AM-1536x1152.jpeg 1536w, https:\/\/turadio.com.co\/wp-content\/uploads\/2026\/05\/WhatsApp-Image-2026-05-01-at-8.11.54-AM.jpeg 1600w\" sizes=\"auto, (max-width: 1024px) 100vw, 1024px\" \/><\/figure>\n\n\n\n<p>&nbsp;En este contexto, propuso una transformaci\u00f3n profunda del sistema educativo que permita a los j\u00f3venes adaptarse a estas nuevas din\u00e1micas y desarrollar sus proyectos de vida.<\/p>\n\n\n\n<p>Finalmente, asegur\u00f3 que un eventual gobierno de Paloma Valencia garantizar\u00eda la participaci\u00f3n de sectores de izquierda y el ejercicio democr\u00e1tico de la oposici\u00f3n. Tambi\u00e9n expres\u00f3 su inconformismo con el gobierno actual, se\u00f1alando problemas de corrupci\u00f3n, improvisaci\u00f3n y deficiencias en la gesti\u00f3n p\u00fablica.<\/p>\n\n\n\n<p>El encuentro concluy\u00f3 con un llamado a fortalecer el trabajo pol\u00edtico del Nuevo Liberalismo, destacando el inicio de una nueva etapa enfocada en la construcci\u00f3n de soluciones concretas para una Colombia M\u00e1s Grande.<\/p>\n","protected":false},"excerpt":{"rendered":"<p>En el marco de su visita a la ciudad de Monter\u00eda, el l\u00edder pol\u00edtico y director del Nuevo Liberalismo, Juan Manuel Gal\u00e1n, present\u00f3 una serie de propuestas orientadas al futuro del pa\u00eds, alineadas con el proyecto pol\u00edtico de Paloma Valencia Durante su intervenci\u00f3n, Gal\u00e1n advirti\u00f3 que uno de los principales desaf\u00edos de Colombia es la&#8230;<\/p>\n","protected":false},"author":1,"featured_media":5484,"comment_status":"open","ping_status":"open","sticky":false,"template":"","format":"standard","meta":{"footnotes":""},"categories":[11],"tags":[],"class_list":["post-5483","post","type-post","status-publish","format-standard","has-post-thumbnail","hentry","category-politica"],"yoast_head":"<!-- This site is optimized with the Yoast SEO plugin v27.5 - https:\/\/yoast.com\/product\/yoast-seo-wordpress\/ -->\n<title>Juan Manuel Gal\u00e1n present\u00f3 en monter\u00eda propuestas para fortalecer la justicia, la econom\u00eda y el desarrollo del pa\u00eds. - Tu Radio<\/title>\n<meta name=\"robots\" content=\"index, follow, max-snippet:-1, max-image-preview:large, max-video-preview:-1\" \/>\n<link rel=\"canonical\" href=\"https:\/\/turadio.com.co\/?p=5483\" \/>\n<meta property=\"og:locale\" content=\"es_ES\" \/>\n<meta property=\"og:type\" content=\"article\" \/>\n<meta property=\"og:title\" content=\"Juan Manuel Gal\u00e1n present\u00f3 en monter\u00eda propuestas para fortalecer la justicia, la econom\u00eda y el desarrollo del pa\u00eds. - Tu Radio\" \/>\n<meta property=\"og:description\" content=\"En el marco de su visita a la ciudad de Monter\u00eda, el l\u00edder pol\u00edtico y director del Nuevo Liberalismo, Juan Manuel Gal\u00e1n, present\u00f3 una serie de propuestas orientadas al futuro del pa\u00eds, alineadas con el proyecto pol\u00edtico de Paloma Valencia Durante su intervenci\u00f3n, Gal\u00e1n advirti\u00f3 que uno de los principales desaf\u00edos de Colombia es la...\" \/>\n<meta property=\"og:url\" content=\"https:\/\/turadio.com.co\/?p=5483\" \/>\n<meta property=\"og:site_name\" content=\"Tu Radio\" \/>\n<meta property=\"article:author\" content=\"https:\/\/www.facebook.com\/profile.php?id=100086306444643\" \/>\n<meta property=\"article:published_time\" content=\"2026-05-01T18:03:51+00:00\" \/>\n<meta property=\"article:modified_time\" content=\"2026-05-01T18:15:21+00:00\" \/>\n<meta property=\"og:image\" content=\"https:\/\/turadio.com.co\/wp-content\/uploads\/2026\/05\/WhatsApp-Image-2026-05-01-at-8.11.53-AM.jpeg\" \/>\n\t<meta property=\"og:image:width\" content=\"1600\" \/>\n\t<meta property=\"og:image:height\" content=\"1200\" \/>\n\t<meta property=\"og:image:type\" content=\"image\/jpeg\" \/>\n<meta name=\"author\" content=\"turadio\" \/>\n<meta name=\"twitter:card\" content=\"summary_large_image\" \/>\n<meta name=\"twitter:label1\" content=\"Escrito por\" \/>\n\t<meta name=\"twitter:data1\" content=\"turadio\" \/>\n\t<meta name=\"twitter:label2\" content=\"Tiempo de lectura\" \/>\n\t<meta name=\"twitter:data2\" content=\"3 minutos\" \/>\n<script type=\"application\/ld+json\" class=\"yoast-schema-graph\">{\"@context\":\"https:\\\/\\\/schema.org\",\"@graph\":[{\"@type\":\"Article\",\"@id\":\"https:\\\/\\\/turadio.com.co\\\/?p=5483#article\",\"isPartOf\":{\"@id\":\"https:\\\/\\\/turadio.com.co\\\/?p=5483\"},\"author\":{\"name\":\"turadio\",\"@id\":\"https:\\\/\\\/turadio.com.co\\\/#\\\/schema\\\/person\\\/a336ad8dcc0120ef37278ad35b4f64fe\"},\"headline\":\"Juan Manuel Gal\u00e1n present\u00f3 en monter\u00eda propuestas para fortalecer la justicia, la econom\u00eda y el desarrollo del pa\u00eds.\",\"datePublished\":\"2026-05-01T18:03:51+00:00\",\"dateModified\":\"2026-05-01T18:15:21+00:00\",\"mainEntityOfPage\":{\"@id\":\"https:\\\/\\\/turadio.com.co\\\/?p=5483\"},\"wordCount\":433,\"commentCount\":0,\"publisher\":{\"@id\":\"https:\\\/\\\/turadio.com.co\\\/#organization\"},\"image\":{\"@id\":\"https:\\\/\\\/turadio.com.co\\\/?p=5483#primaryimage\"},\"thumbnailUrl\":\"https:\\\/\\\/turadio.com.co\\\/wp-content\\\/uploads\\\/2026\\\/05\\\/WhatsApp-Image-2026-05-01-at-8.11.53-AM.jpeg\",\"articleSection\":[\"Pol\u00edtica\"],\"inLanguage\":\"es\",\"potentialAction\":[{\"@type\":\"CommentAction\",\"name\":\"Comment\",\"target\":[\"https:\\\/\\\/turadio.com.co\\\/?p=5483#respond\"]}]},{\"@type\":\"WebPage\",\"@id\":\"https:\\\/\\\/turadio.com.co\\\/?p=5483\",\"url\":\"https:\\\/\\\/turadio.com.co\\\/?p=5483\",\"name\":\"Juan Manuel Gal\u00e1n present\u00f3 en monter\u00eda propuestas para fortalecer la justicia, la econom\u00eda y el desarrollo del pa\u00eds. - Tu Radio\",\"isPartOf\":{\"@id\":\"https:\\\/\\\/turadio.com.co\\\/#website\"},\"primaryImageOfPage\":{\"@id\":\"https:\\\/\\\/turadio.com.co\\\/?p=5483#primaryimage\"},\"image\":{\"@id\":\"https:\\\/\\\/turadio.com.co\\\/?p=5483#primaryimage\"},\"thumbnailUrl\":\"https:\\\/\\\/turadio.com.co\\\/wp-content\\\/uploads\\\/2026\\\/05\\\/WhatsApp-Image-2026-05-01-at-8.11.53-AM.jpeg\",\"datePublished\":\"2026-05-01T18:03:51+00:00\",\"dateModified\":\"2026-05-01T18:15:21+00:00\",\"breadcrumb\":{\"@id\":\"https:\\\/\\\/turadio.com.co\\\/?p=5483#breadcrumb\"},\"inLanguage\":\"es\",\"potentialAction\":[{\"@type\":\"ReadAction\",\"target\":[\"https:\\\/\\\/turadio.com.co\\\/?p=5483\"]}]},{\"@type\":\"ImageObject\",\"inLanguage\":\"es\",\"@id\":\"https:\\\/\\\/turadio.com.co\\\/?p=5483#primaryimage\",\"url\":\"https:\\\/\\\/turadio.com.co\\\/wp-content\\\/uploads\\\/2026\\\/05\\\/WhatsApp-Image-2026-05-01-at-8.11.53-AM.jpeg\",\"contentUrl\":\"https:\\\/\\\/turadio.com.co\\\/wp-content\\\/uploads\\\/2026\\\/05\\\/WhatsApp-Image-2026-05-01-at-8.11.53-AM.jpeg\",\"width\":1600,\"height\":1200},{\"@type\":\"BreadcrumbList\",\"@id\":\"https:\\\/\\\/turadio.com.co\\\/?p=5483#breadcrumb\",\"itemListElement\":[{\"@type\":\"ListItem\",\"position\":1,\"name\":\"Portada\",\"item\":\"https:\\\/\\\/turadio.com.co\\\/\"},{\"@type\":\"ListItem\",\"position\":2,\"name\":\"Juan Manuel Gal\u00e1n present\u00f3 en monter\u00eda propuestas para fortalecer la justicia, la econom\u00eda y el desarrollo del pa\u00eds.\"}]},{\"@type\":\"WebSite\",\"@id\":\"https:\\\/\\\/turadio.com.co\\\/#website\",\"url\":\"https:\\\/\\\/turadio.com.co\\\/\",\"name\":\"Tu Radio\",\"description\":\"\",\"publisher\":{\"@id\":\"https:\\\/\\\/turadio.com.co\\\/#organization\"},\"potentialAction\":[{\"@type\":\"SearchAction\",\"target\":{\"@type\":\"EntryPoint\",\"urlTemplate\":\"https:\\\/\\\/turadio.com.co\\\/?s={search_term_string}\"},\"query-input\":{\"@type\":\"PropertyValueSpecification\",\"valueRequired\":true,\"valueName\":\"search_term_string\"}}],\"inLanguage\":\"es\"},{\"@type\":\"Organization\",\"@id\":\"https:\\\/\\\/turadio.com.co\\\/#organization\",\"name\":\"Tu Radio\",\"url\":\"https:\\\/\\\/turadio.com.co\\\/\",\"logo\":{\"@type\":\"ImageObject\",\"inLanguage\":\"es\",\"@id\":\"https:\\\/\\\/turadio.com.co\\\/#\\\/schema\\\/logo\\\/image\\\/\",\"url\":\"https:\\\/\\\/turadio.com.co\\\/wp-content\\\/uploads\\\/2025\\\/07\\\/logo.png\",\"contentUrl\":\"https:\\\/\\\/turadio.com.co\\\/wp-content\\\/uploads\\\/2025\\\/07\\\/logo.png\",\"width\":366,\"height\":91,\"caption\":\"Tu Radio\"},\"image\":{\"@id\":\"https:\\\/\\\/turadio.com.co\\\/#\\\/schema\\\/logo\\\/image\\\/\"}},{\"@type\":\"Person\",\"@id\":\"https:\\\/\\\/turadio.com.co\\\/#\\\/schema\\\/person\\\/a336ad8dcc0120ef37278ad35b4f64fe\",\"name\":\"turadio\",\"image\":{\"@type\":\"ImageObject\",\"inLanguage\":\"es\",\"@id\":\"https:\\\/\\\/secure.gravatar.com\\\/avatar\\\/e905fb228be0ae401b494278f04ccb4a7d2e839822ca560083e0b3a15f6c8669?s=96&d=mm&r=g\",\"url\":\"https:\\\/\\\/secure.gravatar.com\\\/avatar\\\/e905fb228be0ae401b494278f04ccb4a7d2e839822ca560083e0b3a15f6c8669?s=96&d=mm&r=g\",\"contentUrl\":\"https:\\\/\\\/secure.gravatar.com\\\/avatar\\\/e905fb228be0ae401b494278f04ccb4a7d2e839822ca560083e0b3a15f6c8669?s=96&d=mm&r=g\",\"caption\":\"turadio\"},\"sameAs\":[\"https:\\\/\\\/turadio.com.co\",\"https:\\\/\\\/www.facebook.com\\\/profile.php?id=100086306444643\",\"https:\\\/\\\/www.instagram.com\\\/turadio23\\\/\",\"https:\\\/\\\/www.youtube.com\\\/@TuRadiomonteria\"],\"url\":\"https:\\\/\\\/turadio.com.co\\\/?author=1\"}]}<\/script>\n<!-- \/ Yoast SEO plugin. -->","yoast_head_json":{"title":"Juan Manuel Gal\u00e1n present\u00f3 en monter\u00eda propuestas para fortalecer la justicia, la econom\u00eda y el desarrollo del pa\u00eds. - Tu Radio","robots":{"index":"index","follow":"follow","max-snippet":"max-snippet:-1","max-image-preview":"max-image-preview:large","max-video-preview":"max-video-preview:-1"},"canonical":"https:\/\/turadio.com.co\/?p=5483","og_locale":"es_ES","og_type":"article","og_title":"Juan Manuel Gal\u00e1n present\u00f3 en monter\u00eda propuestas para fortalecer la justicia, la econom\u00eda y el desarrollo del pa\u00eds. - Tu Radio","og_description":"En el marco de su visita a la ciudad de Monter\u00eda, el l\u00edder pol\u00edtico y director del Nuevo Liberalismo, Juan Manuel Gal\u00e1n, present\u00f3 una serie de propuestas orientadas al futuro del pa\u00eds, alineadas con el proyecto pol\u00edtico de Paloma Valencia Durante su intervenci\u00f3n, Gal\u00e1n advirti\u00f3 que uno de los principales desaf\u00edos de Colombia es la...","og_url":"https:\/\/turadio.com.co\/?p=5483","og_site_name":"Tu Radio","article_author":"https:\/\/www.facebook.com\/profile.php?id=100086306444643","article_published_time":"2026-05-01T18:03:51+00:00","article_modified_time":"2026-05-01T18:15:21+00:00","og_image":[{"width":1600,"height":1200,"url":"https:\/\/turadio.com.co\/wp-content\/uploads\/2026\/05\/WhatsApp-Image-2026-05-01-at-8.11.53-AM.jpeg","type":"image\/jpeg"}],"author":"turadio","twitter_card":"summary_large_image","twitter_misc":{"Escrito por":"turadio","Tiempo de lectura":"3 minutos"},"schema":{"@context":"https:\/\/schema.org","@graph":[{"@type":"Article","@id":"https:\/\/turadio.com.co\/?p=5483#article","isPartOf":{"@id":"https:\/\/turadio.com.co\/?p=5483"},"author":{"name":"turadio","@id":"https:\/\/turadio.com.co\/#\/schema\/person\/a336ad8dcc0120ef37278ad35b4f64fe"},"headline":"Juan Manuel Gal\u00e1n present\u00f3 en monter\u00eda propuestas para fortalecer la justicia, la econom\u00eda y el desarrollo del pa\u00eds.","datePublished":"2026-05-01T18:03:51+00:00","dateModified":"2026-05-01T18:15:21+00:00","mainEntityOfPage":{"@id":"https:\/\/turadio.com.co\/?p=5483"},"wordCount":433,"commentCount":0,"publisher":{"@id":"https:\/\/turadio.com.co\/#organization"},"image":{"@id":"https:\/\/turadio.com.co\/?p=5483#primaryimage"},"thumbnailUrl":"https:\/\/turadio.com.co\/wp-content\/uploads\/2026\/05\/WhatsApp-Image-2026-05-01-at-8.11.53-AM.jpeg","articleSection":["Pol\u00edtica"],"inLanguage":"es","potentialAction":[{"@type":"CommentAction","name":"Comment","target":["https:\/\/turadio.com.co\/?p=5483#respond"]}]},{"@type":"WebPage","@id":"https:\/\/turadio.com.co\/?p=5483","url":"https:\/\/turadio.com.co\/?p=5483","name":"Juan Manuel Gal\u00e1n present\u00f3 en monter\u00eda propuestas para fortalecer la justicia, la econom\u00eda y el desarrollo del pa\u00eds. - Tu Radio","isPartOf":{"@id":"https:\/\/turadio.com.co\/#website"},"primaryImageOfPage":{"@id":"https:\/\/turadio.com.co\/?p=5483#primaryimage"},"image":{"@id":"https:\/\/turadio.com.co\/?p=5483#primaryimage"},"thumbnailUrl":"https:\/\/turadio.com.co\/wp-content\/uploads\/2026\/05\/WhatsApp-Image-2026-05-01-at-8.11.53-AM.jpeg","datePublished":"2026-05-01T18:03:51+00:00","dateModified":"2026-05-01T18:15:21+00:00","breadcrumb":{"@id":"https:\/\/turadio.com.co\/?p=5483#breadcrumb"},"inLanguage":"es","potentialAction":[{"@type":"ReadAction","target":["https:\/\/turadio.com.co\/?p=5483"]}]},{"@type":"ImageObject","inLanguage":"es","@id":"https:\/\/turadio.com.co\/?p=5483#primaryimage","url":"https:\/\/turadio.com.co\/wp-content\/uploads\/2026\/05\/WhatsApp-Image-2026-05-01-at-8.11.53-AM.jpeg","contentUrl":"https:\/\/turadio.com.co\/wp-content\/uploads\/2026\/05\/WhatsApp-Image-2026-05-01-at-8.11.53-AM.jpeg","width":1600,"height":1200},{"@type":"BreadcrumbList","@id":"https:\/\/turadio.com.co\/?p=5483#breadcrumb","itemListElement":[{"@type":"ListItem","position":1,"name":"Portada","item":"https:\/\/turadio.com.co\/"},{"@type":"ListItem","position":2,"name":"Juan Manuel Gal\u00e1n present\u00f3 en monter\u00eda propuestas para fortalecer la justicia, la econom\u00eda y el desarrollo del pa\u00eds."}]},{"@type":"WebSite","@id":"https:\/\/turadio.com.co\/#website","url":"https:\/\/turadio.com.co\/","name":"Tu Radio","description":"","publisher":{"@id":"https:\/\/turadio.com.co\/#organization"},"potentialAction":[{"@type":"SearchAction","target":{"@type":"EntryPoint","urlTemplate":"https:\/\/turadio.com.co\/?s={search_term_string}"},"query-input":{"@type":"PropertyValueSpecification","valueRequired":true,"valueName":"search_term_string"}}],"inLanguage":"es"},{"@type":"Organization","@id":"https:\/\/turadio.com.co\/#organization","name":"Tu Radio","url":"https:\/\/turadio.com.co\/","logo":{"@type":"ImageObject","inLanguage":"es","@id":"https:\/\/turadio.com.co\/#\/schema\/logo\/image\/","url":"https:\/\/turadio.com.co\/wp-content\/uploads\/2025\/07\/logo.png","contentUrl":"https:\/\/turadio.com.co\/wp-content\/uploads\/2025\/07\/logo.png","width":366,"height":91,"caption":"Tu Radio"},"image":{"@id":"https:\/\/turadio.com.co\/#\/schema\/logo\/image\/"}},{"@type":"Person","@id":"https:\/\/turadio.com.co\/#\/schema\/person\/a336ad8dcc0120ef37278ad35b4f64fe","name":"turadio","image":{"@type":"ImageObject","inLanguage":"es","@id":"https:\/\/secure.gravatar.com\/avatar\/e905fb228be0ae401b494278f04ccb4a7d2e839822ca560083e0b3a15f6c8669?s=96&d=mm&r=g","url":"https:\/\/secure.gravatar.com\/avatar\/e905fb228be0ae401b494278f04ccb4a7d2e839822ca560083e0b3a15f6c8669?s=96&d=mm&r=g","contentUrl":"https:\/\/secure.gravatar.com\/avatar\/e905fb228be0ae401b494278f04ccb4a7d2e839822ca560083e0b3a15f6c8669?s=96&d=mm&r=g","caption":"turadio"},"sameAs":["https:\/\/turadio.com.co","https:\/\/www.facebook.com\/profile.php?id=100086306444643","https:\/\/www.instagram.com\/turadio23\/","https:\/\/www.youtube.com\/@TuRadiomonteria"],"url":"https:\/\/turadio.com.co\/?author=1"}]}},"_links":{"self":[{"href":"https:\/\/turadio.com.co\/index.php?rest_route=\/wp\/v2\/posts\/5483","targetHints":{"allow":["GET"]}}],"collection":[{"href":"https:\/\/turadio.com.co\/index.php?rest_route=\/wp\/v2\/posts"}],"about":[{"href":"https:\/\/turadio.com.co\/index.php?rest_route=\/wp\/v2\/types\/post"}],"author":[{"embeddable":true,"href":"https:\/\/turadio.com.co\/index.php?rest_route=\/wp\/v2\/users\/1"}],"replies":[{"embeddable":true,"href":"https:\/\/turadio.com.co\/index.php?rest_route=%2Fwp%2Fv2%2Fcomments&post=5483"}],"version-history":[{"count":2,"href":"https:\/\/turadio.com.co\/index.php?rest_route=\/wp\/v2\/posts\/5483\/revisions"}],"predecessor-version":[{"id":5489,"href":"https:\/\/turadio.com.co\/index.php?rest_route=\/wp\/v2\/posts\/5483\/revisions\/5489"}],"wp:featuredmedia":[{"embeddable":true,"href":"https:\/\/turadio.com.co\/index.php?rest_route=\/wp\/v2\/media\/5484"}],"wp:attachment":[{"href":"https:\/\/turadio.com.co\/index.php?rest_route=%2Fwp%2Fv2%2Fmedia&parent=5483"}],"wp:term":[{"taxonomy":"category","embeddable":true,"href":"https:\/\/turadio.com.co\/index.php?rest_route=%2Fwp%2Fv2%2Fcategories&post=5483"},{"taxonomy":"post_tag","embeddable":true,"href":"https:\/\/turadio.com.co\/index.php?rest_route=%2Fwp%2Fv2%2Ftags&post=5483"}],"curies":[{"name":"wp","href":"https:\/\/api.w.org\/{rel}","templated":true}]}}