{"id":5490,"date":"2026-05-01T18:26:23","date_gmt":"2026-05-01T18:26:23","guid":{"rendered":"https:\/\/turadio.com.co\/?p=5490"},"modified":"2026-05-01T18:26:27","modified_gmt":"2026-05-01T18:26:27","slug":"cordoba-sigue-enfrentando-graves-danos-tras-las-inundaciones-de-febrero","status":"publish","type":"post","link":"https:\/\/turadio.com.co\/?p=5490","title":{"rendered":"C\u00f3rdoba sigue enfrentando graves da\u00f1os tras las inundaciones de febrero."},"content":{"rendered":"\n<p>Las consecuencias de la temporada invernal que afect\u00f3 a C\u00f3rdoba desde el primero de febrero contin\u00faan impactando a decenas de comunidades en el departamento. V\u00edas rurales destruidas, puentes colapsados y fallas en servicios p\u00fablicos b\u00e1sicos siguen siendo parte del panorama en varios municipios meses despu\u00e9s de las inundaciones.<\/p>\n\n\n\n<p>De acuerdo con las autoridades locales, las afectaciones tambi\u00e9n alcanzan sectores esenciales como salud, educaci\u00f3n y producci\u00f3n agropecuaria. En municipios como Tierralta persisten da\u00f1os en carreteras, acueductos y sistemas de alcantarillado, lo que ha dificultado la recuperaci\u00f3n de numerosas comunidades rurales.<\/p>\n\n\n\n<p>Desde San Carlos, las administraciones municipales se\u00f1alaron que la reconstrucci\u00f3n de viviendas, la recuperaci\u00f3n econ\u00f3mica y la rehabilitaci\u00f3n de la infraestructura superan ampliamente la capacidad presupuestal de los municipios. Aunque se han ejecutado algunas acciones inmediatas, aseguran que la recuperaci\u00f3n estructural requiere apoyo financiero del Gobierno Nacional.<\/p>\n\n\n\n<p>En Monter\u00eda, el alcalde Hugo Kerguel\u00e9n Garc\u00eda afirm\u00f3 que incluso la capital cordobesa necesita concurrencia de inversiones nacionales para atender las afectaciones pendientes y avanzar en las obras necesarias.<\/p>\n\n\n\n<p>Los mandatarios consideran que los recursos contemplados en los decretos de emergencia, estimados en 6,3 billones de pesos, representan la principal alternativa para reconstruir la infraestructura da\u00f1ada en los 24 municipios afectados por la emergencia invernal.<\/p>\n","protected":false},"excerpt":{"rendered":"<p>Las consecuencias de la temporada invernal que afect\u00f3 a C\u00f3rdoba desde el primero de febrero contin\u00faan impactando a decenas de comunidades en el departamento. V\u00edas rurales destruidas, puentes colapsados y fallas en servicios p\u00fablicos b\u00e1sicos siguen siendo parte del panorama en varios municipios meses despu\u00e9s de las inundaciones. De acuerdo con las autoridades locales, las&#8230;<\/p>\n","protected":false},"author":1,"featured_media":5491,"comment_status":"open","ping_status":"open","sticky":false,"template":"","format":"standard","meta":{"footnotes":""},"categories":[13],"tags":[],"class_list":["post-5490","post","type-post","status-publish","format-standard","has-post-thumbnail","hentry","category-cordoba"],"yoast_head":"<!-- This site is optimized with the Yoast SEO plugin v27.5 - https:\/\/yoast.com\/product\/yoast-seo-wordpress\/ -->\n<title>C\u00f3rdoba sigue enfrentando graves da\u00f1os tras las inundaciones de febrero. - Tu Radio<\/title>\n<meta name=\"robots\" content=\"index, follow, max-snippet:-1, max-image-preview:large, max-video-preview:-1\" \/>\n<link rel=\"canonical\" href=\"https:\/\/turadio.com.co\/?p=5490\" \/>\n<meta property=\"og:locale\" content=\"es_ES\" \/>\n<meta property=\"og:type\" content=\"article\" \/>\n<meta property=\"og:title\" content=\"C\u00f3rdoba sigue enfrentando graves da\u00f1os tras las inundaciones de febrero. - Tu Radio\" \/>\n<meta property=\"og:description\" content=\"Las consecuencias de la temporada invernal que afect\u00f3 a C\u00f3rdoba desde el primero de febrero contin\u00faan impactando a decenas de comunidades en el departamento. V\u00edas rurales destruidas, puentes colapsados y fallas en servicios p\u00fablicos b\u00e1sicos siguen siendo parte del panorama en varios municipios meses despu\u00e9s de las inundaciones. De acuerdo con las autoridades locales, las...\" \/>\n<meta property=\"og:url\" content=\"https:\/\/turadio.com.co\/?p=5490\" \/>\n<meta property=\"og:site_name\" content=\"Tu Radio\" \/>\n<meta property=\"article:author\" content=\"https:\/\/www.facebook.com\/profile.php?id=100086306444643\" \/>\n<meta property=\"article:published_time\" content=\"2026-05-01T18:26:23+00:00\" \/>\n<meta property=\"article:modified_time\" content=\"2026-05-01T18:26:27+00:00\" \/>\n<meta property=\"og:image\" content=\"https:\/\/turadio.com.co\/wp-content\/uploads\/2026\/05\/WhatsApp-Image-2026-05-01-at-10.12.48-AM.jpeg\" \/>\n\t<meta property=\"og:image:width\" content=\"942\" \/>\n\t<meta property=\"og:image:height\" content=\"691\" \/>\n\t<meta property=\"og:image:type\" content=\"image\/jpeg\" \/>\n<meta name=\"author\" content=\"turadio\" \/>\n<meta name=\"twitter:card\" content=\"summary_large_image\" \/>\n<meta name=\"twitter:label1\" content=\"Escrito por\" \/>\n\t<meta name=\"twitter:data1\" content=\"turadio\" \/>\n\t<meta name=\"twitter:label2\" content=\"Tiempo de lectura\" \/>\n\t<meta name=\"twitter:data2\" content=\"2 minutos\" \/>\n<script type=\"application\/ld+json\" class=\"yoast-schema-graph\">{\"@context\":\"https:\\\/\\\/schema.org\",\"@graph\":[{\"@type\":\"Article\",\"@id\":\"https:\\\/\\\/turadio.com.co\\\/?p=5490#article\",\"isPartOf\":{\"@id\":\"https:\\\/\\\/turadio.com.co\\\/?p=5490\"},\"author\":{\"name\":\"turadio\",\"@id\":\"https:\\\/\\\/turadio.com.co\\\/#\\\/schema\\\/person\\\/a336ad8dcc0120ef37278ad35b4f64fe\"},\"headline\":\"C\u00f3rdoba sigue enfrentando graves da\u00f1os tras las inundaciones de febrero.\",\"datePublished\":\"2026-05-01T18:26:23+00:00\",\"dateModified\":\"2026-05-01T18:26:27+00:00\",\"mainEntityOfPage\":{\"@id\":\"https:\\\/\\\/turadio.com.co\\\/?p=5490\"},\"wordCount\":232,\"commentCount\":0,\"publisher\":{\"@id\":\"https:\\\/\\\/turadio.com.co\\\/#organization\"},\"image\":{\"@id\":\"https:\\\/\\\/turadio.com.co\\\/?p=5490#primaryimage\"},\"thumbnailUrl\":\"https:\\\/\\\/turadio.com.co\\\/wp-content\\\/uploads\\\/2026\\\/05\\\/WhatsApp-Image-2026-05-01-at-10.12.48-AM.jpeg\",\"articleSection\":[\"C\u00f3rdoba\"],\"inLanguage\":\"es\",\"potentialAction\":[{\"@type\":\"CommentAction\",\"name\":\"Comment\",\"target\":[\"https:\\\/\\\/turadio.com.co\\\/?p=5490#respond\"]}]},{\"@type\":\"WebPage\",\"@id\":\"https:\\\/\\\/turadio.com.co\\\/?p=5490\",\"url\":\"https:\\\/\\\/turadio.com.co\\\/?p=5490\",\"name\":\"C\u00f3rdoba sigue enfrentando graves da\u00f1os tras las inundaciones de febrero. - Tu Radio\",\"isPartOf\":{\"@id\":\"https:\\\/\\\/turadio.com.co\\\/#website\"},\"primaryImageOfPage\":{\"@id\":\"https:\\\/\\\/turadio.com.co\\\/?p=5490#primaryimage\"},\"image\":{\"@id\":\"https:\\\/\\\/turadio.com.co\\\/?p=5490#primaryimage\"},\"thumbnailUrl\":\"https:\\\/\\\/turadio.com.co\\\/wp-content\\\/uploads\\\/2026\\\/05\\\/WhatsApp-Image-2026-05-01-at-10.12.48-AM.jpeg\",\"datePublished\":\"2026-05-01T18:26:23+00:00\",\"dateModified\":\"2026-05-01T18:26:27+00:00\",\"breadcrumb\":{\"@id\":\"https:\\\/\\\/turadio.com.co\\\/?p=5490#breadcrumb\"},\"inLanguage\":\"es\",\"potentialAction\":[{\"@type\":\"ReadAction\",\"target\":[\"https:\\\/\\\/turadio.com.co\\\/?p=5490\"]}]},{\"@type\":\"ImageObject\",\"inLanguage\":\"es\",\"@id\":\"https:\\\/\\\/turadio.com.co\\\/?p=5490#primaryimage\",\"url\":\"https:\\\/\\\/turadio.com.co\\\/wp-content\\\/uploads\\\/2026\\\/05\\\/WhatsApp-Image-2026-05-01-at-10.12.48-AM.jpeg\",\"contentUrl\":\"https:\\\/\\\/turadio.com.co\\\/wp-content\\\/uploads\\\/2026\\\/05\\\/WhatsApp-Image-2026-05-01-at-10.12.48-AM.jpeg\",\"width\":942,\"height\":691},{\"@type\":\"BreadcrumbList\",\"@id\":\"https:\\\/\\\/turadio.com.co\\\/?p=5490#breadcrumb\",\"itemListElement\":[{\"@type\":\"ListItem\",\"position\":1,\"name\":\"Portada\",\"item\":\"https:\\\/\\\/turadio.com.co\\\/\"},{\"@type\":\"ListItem\",\"position\":2,\"name\":\"C\u00f3rdoba sigue enfrentando graves da\u00f1os tras las inundaciones de febrero.\"}]},{\"@type\":\"WebSite\",\"@id\":\"https:\\\/\\\/turadio.com.co\\\/#website\",\"url\":\"https:\\\/\\\/turadio.com.co\\\/\",\"name\":\"Tu Radio\",\"description\":\"\",\"publisher\":{\"@id\":\"https:\\\/\\\/turadio.com.co\\\/#organization\"},\"potentialAction\":[{\"@type\":\"SearchAction\",\"target\":{\"@type\":\"EntryPoint\",\"urlTemplate\":\"https:\\\/\\\/turadio.com.co\\\/?s={search_term_string}\"},\"query-input\":{\"@type\":\"PropertyValueSpecification\",\"valueRequired\":true,\"valueName\":\"search_term_string\"}}],\"inLanguage\":\"es\"},{\"@type\":\"Organization\",\"@id\":\"https:\\\/\\\/turadio.com.co\\\/#organization\",\"name\":\"Tu Radio\",\"url\":\"https:\\\/\\\/turadio.com.co\\\/\",\"logo\":{\"@type\":\"ImageObject\",\"inLanguage\":\"es\",\"@id\":\"https:\\\/\\\/turadio.com.co\\\/#\\\/schema\\\/logo\\\/image\\\/\",\"url\":\"https:\\\/\\\/turadio.com.co\\\/wp-content\\\/uploads\\\/2025\\\/07\\\/logo.png\",\"contentUrl\":\"https:\\\/\\\/turadio.com.co\\\/wp-content\\\/uploads\\\/2025\\\/07\\\/logo.png\",\"width\":366,\"height\":91,\"caption\":\"Tu Radio\"},\"image\":{\"@id\":\"https:\\\/\\\/turadio.com.co\\\/#\\\/schema\\\/logo\\\/image\\\/\"}},{\"@type\":\"Person\",\"@id\":\"https:\\\/\\\/turadio.com.co\\\/#\\\/schema\\\/person\\\/a336ad8dcc0120ef37278ad35b4f64fe\",\"name\":\"turadio\",\"image\":{\"@type\":\"ImageObject\",\"inLanguage\":\"es\",\"@id\":\"https:\\\/\\\/secure.gravatar.com\\\/avatar\\\/e905fb228be0ae401b494278f04ccb4a7d2e839822ca560083e0b3a15f6c8669?s=96&d=mm&r=g\",\"url\":\"https:\\\/\\\/secure.gravatar.com\\\/avatar\\\/e905fb228be0ae401b494278f04ccb4a7d2e839822ca560083e0b3a15f6c8669?s=96&d=mm&r=g\",\"contentUrl\":\"https:\\\/\\\/secure.gravatar.com\\\/avatar\\\/e905fb228be0ae401b494278f04ccb4a7d2e839822ca560083e0b3a15f6c8669?s=96&d=mm&r=g\",\"caption\":\"turadio\"},\"sameAs\":[\"https:\\\/\\\/turadio.com.co\",\"https:\\\/\\\/www.facebook.com\\\/profile.php?id=100086306444643\",\"https:\\\/\\\/www.instagram.com\\\/turadio23\\\/\",\"https:\\\/\\\/www.youtube.com\\\/@TuRadiomonteria\"],\"url\":\"https:\\\/\\\/turadio.com.co\\\/?author=1\"}]}<\/script>\n<!-- \/ Yoast SEO plugin. -->","yoast_head_json":{"title":"C\u00f3rdoba sigue enfrentando graves da\u00f1os tras las inundaciones de febrero. - Tu Radio","robots":{"index":"index","follow":"follow","max-snippet":"max-snippet:-1","max-image-preview":"max-image-preview:large","max-video-preview":"max-video-preview:-1"},"canonical":"https:\/\/turadio.com.co\/?p=5490","og_locale":"es_ES","og_type":"article","og_title":"C\u00f3rdoba sigue enfrentando graves da\u00f1os tras las inundaciones de febrero. - Tu Radio","og_description":"Las consecuencias de la temporada invernal que afect\u00f3 a C\u00f3rdoba desde el primero de febrero contin\u00faan impactando a decenas de comunidades en el departamento. V\u00edas rurales destruidas, puentes colapsados y fallas en servicios p\u00fablicos b\u00e1sicos siguen siendo parte del panorama en varios municipios meses despu\u00e9s de las inundaciones. De acuerdo con las autoridades locales, las...","og_url":"https:\/\/turadio.com.co\/?p=5490","og_site_name":"Tu Radio","article_author":"https:\/\/www.facebook.com\/profile.php?id=100086306444643","article_published_time":"2026-05-01T18:26:23+00:00","article_modified_time":"2026-05-01T18:26:27+00:00","og_image":[{"width":942,"height":691,"url":"https:\/\/turadio.com.co\/wp-content\/uploads\/2026\/05\/WhatsApp-Image-2026-05-01-at-10.12.48-AM.jpeg","type":"image\/jpeg"}],"author":"turadio","twitter_card":"summary_large_image","twitter_misc":{"Escrito por":"turadio","Tiempo de lectura":"2 minutos"},"schema":{"@context":"https:\/\/schema.org","@graph":[{"@type":"Article","@id":"https:\/\/turadio.com.co\/?p=5490#article","isPartOf":{"@id":"https:\/\/turadio.com.co\/?p=5490"},"author":{"name":"turadio","@id":"https:\/\/turadio.com.co\/#\/schema\/person\/a336ad8dcc0120ef37278ad35b4f64fe"},"headline":"C\u00f3rdoba sigue enfrentando graves da\u00f1os tras las inundaciones de febrero.","datePublished":"2026-05-01T18:26:23+00:00","dateModified":"2026-05-01T18:26:27+00:00","mainEntityOfPage":{"@id":"https:\/\/turadio.com.co\/?p=5490"},"wordCount":232,"commentCount":0,"publisher":{"@id":"https:\/\/turadio.com.co\/#organization"},"image":{"@id":"https:\/\/turadio.com.co\/?p=5490#primaryimage"},"thumbnailUrl":"https:\/\/turadio.com.co\/wp-content\/uploads\/2026\/05\/WhatsApp-Image-2026-05-01-at-10.12.48-AM.jpeg","articleSection":["C\u00f3rdoba"],"inLanguage":"es","potentialAction":[{"@type":"CommentAction","name":"Comment","target":["https:\/\/turadio.com.co\/?p=5490#respond"]}]},{"@type":"WebPage","@id":"https:\/\/turadio.com.co\/?p=5490","url":"https:\/\/turadio.com.co\/?p=5490","name":"C\u00f3rdoba sigue enfrentando graves da\u00f1os tras las inundaciones de febrero. - Tu Radio","isPartOf":{"@id":"https:\/\/turadio.com.co\/#website"},"primaryImageOfPage":{"@id":"https:\/\/turadio.com.co\/?p=5490#primaryimage"},"image":{"@id":"https:\/\/turadio.com.co\/?p=5490#primaryimage"},"thumbnailUrl":"https:\/\/turadio.com.co\/wp-content\/uploads\/2026\/05\/WhatsApp-Image-2026-05-01-at-10.12.48-AM.jpeg","datePublished":"2026-05-01T18:26:23+00:00","dateModified":"2026-05-01T18:26:27+00:00","breadcrumb":{"@id":"https:\/\/turadio.com.co\/?p=5490#breadcrumb"},"inLanguage":"es","potentialAction":[{"@type":"ReadAction","target":["https:\/\/turadio.com.co\/?p=5490"]}]},{"@type":"ImageObject","inLanguage":"es","@id":"https:\/\/turadio.com.co\/?p=5490#primaryimage","url":"https:\/\/turadio.com.co\/wp-content\/uploads\/2026\/05\/WhatsApp-Image-2026-05-01-at-10.12.48-AM.jpeg","contentUrl":"https:\/\/turadio.com.co\/wp-content\/uploads\/2026\/05\/WhatsApp-Image-2026-05-01-at-10.12.48-AM.jpeg","width":942,"height":691},{"@type":"BreadcrumbList","@id":"https:\/\/turadio.com.co\/?p=5490#breadcrumb","itemListElement":[{"@type":"ListItem","position":1,"name":"Portada","item":"https:\/\/turadio.com.co\/"},{"@type":"ListItem","position":2,"name":"C\u00f3rdoba sigue enfrentando graves da\u00f1os tras las inundaciones de febrero."}]},{"@type":"WebSite","@id":"https:\/\/turadio.com.co\/#website","url":"https:\/\/turadio.com.co\/","name":"Tu Radio","description":"","publisher":{"@id":"https:\/\/turadio.com.co\/#organization"},"potentialAction":[{"@type":"SearchAction","target":{"@type":"EntryPoint","urlTemplate":"https:\/\/turadio.com.co\/?s={search_term_string}"},"query-input":{"@type":"PropertyValueSpecification","valueRequired":true,"valueName":"search_term_string"}}],"inLanguage":"es"},{"@type":"Organization","@id":"https:\/\/turadio.com.co\/#organization","name":"Tu Radio","url":"https:\/\/turadio.com.co\/","logo":{"@type":"ImageObject","inLanguage":"es","@id":"https:\/\/turadio.com.co\/#\/schema\/logo\/image\/","url":"https:\/\/turadio.com.co\/wp-content\/uploads\/2025\/07\/logo.png","contentUrl":"https:\/\/turadio.com.co\/wp-content\/uploads\/2025\/07\/logo.png","width":366,"height":91,"caption":"Tu Radio"},"image":{"@id":"https:\/\/turadio.com.co\/#\/schema\/logo\/image\/"}},{"@type":"Person","@id":"https:\/\/turadio.com.co\/#\/schema\/person\/a336ad8dcc0120ef37278ad35b4f64fe","name":"turadio","image":{"@type":"ImageObject","inLanguage":"es","@id":"https:\/\/secure.gravatar.com\/avatar\/e905fb228be0ae401b494278f04ccb4a7d2e839822ca560083e0b3a15f6c8669?s=96&d=mm&r=g","url":"https:\/\/secure.gravatar.com\/avatar\/e905fb228be0ae401b494278f04ccb4a7d2e839822ca560083e0b3a15f6c8669?s=96&d=mm&r=g","contentUrl":"https:\/\/secure.gravatar.com\/avatar\/e905fb228be0ae401b494278f04ccb4a7d2e839822ca560083e0b3a15f6c8669?s=96&d=mm&r=g","caption":"turadio"},"sameAs":["https:\/\/turadio.com.co","https:\/\/www.facebook.com\/profile.php?id=100086306444643","https:\/\/www.instagram.com\/turadio23\/","https:\/\/www.youtube.com\/@TuRadiomonteria"],"url":"https:\/\/turadio.com.co\/?author=1"}]}},"_links":{"self":[{"href":"https:\/\/turadio.com.co\/index.php?rest_route=\/wp\/v2\/posts\/5490","targetHints":{"allow":["GET"]}}],"collection":[{"href":"https:\/\/turadio.com.co\/index.php?rest_route=\/wp\/v2\/posts"}],"about":[{"href":"https:\/\/turadio.com.co\/index.php?rest_route=\/wp\/v2\/types\/post"}],"author":[{"embeddable":true,"href":"https:\/\/turadio.com.co\/index.php?rest_route=\/wp\/v2\/users\/1"}],"replies":[{"embeddable":true,"href":"https:\/\/turadio.com.co\/index.php?rest_route=%2Fwp%2Fv2%2Fcomments&post=5490"}],"version-history":[{"count":1,"href":"https:\/\/turadio.com.co\/index.php?rest_route=\/wp\/v2\/posts\/5490\/revisions"}],"predecessor-version":[{"id":5492,"href":"https:\/\/turadio.com.co\/index.php?rest_route=\/wp\/v2\/posts\/5490\/revisions\/5492"}],"wp:featuredmedia":[{"embeddable":true,"href":"https:\/\/turadio.com.co\/index.php?rest_route=\/wp\/v2\/media\/5491"}],"wp:attachment":[{"href":"https:\/\/turadio.com.co\/index.php?rest_route=%2Fwp%2Fv2%2Fmedia&parent=5490"}],"wp:term":[{"taxonomy":"category","embeddable":true,"href":"https:\/\/turadio.com.co\/index.php?rest_route=%2Fwp%2Fv2%2Fcategories&post=5490"},{"taxonomy":"post_tag","embeddable":true,"href":"https:\/\/turadio.com.co\/index.php?rest_route=%2Fwp%2Fv2%2Ftags&post=5490"}],"curies":[{"name":"wp","href":"https:\/\/api.w.org\/{rel}","templated":true}]}}