{"id":5494,"date":"2026-05-01T23:29:57","date_gmt":"2026-05-01T23:29:57","guid":{"rendered":"https:\/\/turadio.com.co\/?p=5494"},"modified":"2026-05-01T23:30:00","modified_gmt":"2026-05-01T23:30:00","slug":"12-anos-de-valor-a-orillas-del-sinu","status":"publish","type":"post","link":"https:\/\/turadio.com.co\/?p=5494","title":{"rendered":"12 A\u00f1os de valor a orillas del Sin\u00fa."},"content":{"rendered":"\n<p>La Polic\u00eda Metropolitana celebra m\u00e1s que un aniversario, celebra la confianza de su gente<\/p>\n\n\n\n<p>Cuando el sol despunta sobre el r\u00edo Sin\u00fa, mucho antes de que la ciudad despierte por completo, 2.526 corazones ya laten al ritmo de la seguridad y el servicio. Hoy, la Polic\u00eda Metropolitana de Monter\u00eda cumple 12 a\u00f1os de ser el escudo, el aliado y la mano amiga de los habitantes de Monter\u00eda, Ceret\u00e9, Ci\u00e9naga de Oro, San Pelayo y San Carlos.<\/p>\n\n\n\n<p>Desde aquel 2014, cuando el desaf\u00edo inici\u00f3 con 350 uniformados, la instituci\u00f3n ha evolucionado hasta convertirse en una estructura humana y t\u00e9cnica de referencia nacional. Hoy, bajo el liderazgo del Se\u00f1or Coronel H\u00e9ctor Ruiz Arias, la Metropolitana no solo patrulla calles; protege vidas y construye tejido social.<\/p>\n\n\n\n<figure class=\"wp-block-image size-large\"><img loading=\"lazy\" decoding=\"async\" width=\"768\" height=\"1024\" src=\"https:\/\/turadio.com.co\/wp-content\/uploads\/2026\/05\/WhatsApp-Image-2026-05-01-at-5.04.13-PM-768x1024.jpeg\" alt=\"\" class=\"wp-image-5496\" srcset=\"https:\/\/turadio.com.co\/wp-content\/uploads\/2026\/05\/WhatsApp-Image-2026-05-01-at-5.04.13-PM-768x1024.jpeg 768w, https:\/\/turadio.com.co\/wp-content\/uploads\/2026\/05\/WhatsApp-Image-2026-05-01-at-5.04.13-PM-225x300.jpeg 225w, https:\/\/turadio.com.co\/wp-content\/uploads\/2026\/05\/WhatsApp-Image-2026-05-01-at-5.04.13-PM.jpeg 960w\" sizes=\"auto, (max-width: 768px) 100vw, 768px\" \/><\/figure>\n\n\n\n<p>La solidez de la instituci\u00f3n se refleja en su despliegue estrat\u00e9gico: 9 estaciones, 2 distritos operativos, 16 CAI y 72 zonas de atenci\u00f3n. Pero m\u00e1s all\u00e1 de la log\u00edstica, la esencia radica en la presencia permanente en corregimientos clave como Pueblo Bujo, Las Palomas, El Sabanal y Ber\u00e1stegui, donde el uniforme es sin\u00f3nimo de tranquilidad y esperanza.<\/p>\n\n\n\n<p>\u00abNuestra mayor fortaleza no est\u00e1 en el uniforme, sino en el coraz\u00f3n de quienes lo portan. No celebramos una cifra, celebramos la confianza que la ciudadan\u00eda deposita en nosotros cada d\u00eda. Nuestra meta es clara: Seguridad, Dignidad y Democracia\u00bb, expres\u00f3 con orgullo el Coronel H\u00e9ctor Ruiz Arias, Comandante de la unidad.<\/p>\n\n\n\n<figure class=\"wp-block-image size-large\"><img loading=\"lazy\" decoding=\"async\" width=\"585\" height=\"1024\" src=\"https:\/\/turadio.com.co\/wp-content\/uploads\/2026\/05\/WhatsApp-Image-2026-05-01-at-5.04.14-PM-585x1024.jpeg\" alt=\"\" class=\"wp-image-5497\" srcset=\"https:\/\/turadio.com.co\/wp-content\/uploads\/2026\/05\/WhatsApp-Image-2026-05-01-at-5.04.14-PM-585x1024.jpeg 585w, https:\/\/turadio.com.co\/wp-content\/uploads\/2026\/05\/WhatsApp-Image-2026-05-01-at-5.04.14-PM-171x300.jpeg 171w, https:\/\/turadio.com.co\/wp-content\/uploads\/2026\/05\/WhatsApp-Image-2026-05-01-at-5.04.14-PM-768x1344.jpeg 768w, https:\/\/turadio.com.co\/wp-content\/uploads\/2026\/05\/WhatsApp-Image-2026-05-01-at-5.04.14-PM-877x1536.jpeg 877w, https:\/\/turadio.com.co\/wp-content\/uploads\/2026\/05\/WhatsApp-Image-2026-05-01-at-5.04.14-PM.jpeg 914w\" sizes=\"auto, (max-width: 585px) 100vw, 585px\" \/><\/figure>\n\n\n\n<p>Este aniversario es, ante todo, un acto de memoria. La Polic\u00eda Metropolitana rinde un tributo solemne a aquellos h\u00e9roes que entregaron su vida en cumplimiento del deber. Sus nombres son luces eternas que hoy gu\u00edan a los nuevos agentes, quienes se forman no solo bajo el rigor de la ley, sino con la sensibilidad de ser mejores seres humanos.<\/p>\n\n\n\n<p>Doce a\u00f1os despu\u00e9s, la instituci\u00f3n no mira hacia atr\u00e1s con nostalgia, sino hacia adelante con determinaci\u00f3n. Con la mirada puesta en la consolidaci\u00f3n de entornos protectores, la Polic\u00eda Nacional en el \u00e1rea metropolitana de Monter\u00eda reafirma su juramento: seguir trabajando incansablemente, sin bajar la guardia, por la paz y el progreso de la capital cordobesa.<\/p>\n\n\n\n<p>La historia de la seguridad en la regi\u00f3n se escribe cada d\u00eda, mano a mano, entre el polic\u00eda y el ciudadano.<\/p>\n","protected":false},"excerpt":{"rendered":"<p>La Polic\u00eda Metropolitana celebra m\u00e1s que un aniversario, celebra la confianza de su gente Cuando el sol despunta sobre el r\u00edo Sin\u00fa, mucho antes de que la ciudad despierte por completo, 2.526 corazones ya laten al ritmo de la seguridad y el servicio. Hoy, la Polic\u00eda Metropolitana de Monter\u00eda cumple 12 a\u00f1os de ser el&#8230;<\/p>\n","protected":false},"author":1,"featured_media":5495,"comment_status":"open","ping_status":"open","sticky":false,"template":"","format":"standard","meta":{"footnotes":""},"categories":[8,14],"tags":[],"class_list":["post-5494","post","type-post","status-publish","format-standard","has-post-thumbnail","hentry","category-actualidad","category-monteria"],"yoast_head":"<!-- This site is optimized with the Yoast SEO plugin v27.5 - https:\/\/yoast.com\/product\/yoast-seo-wordpress\/ -->\n<title>12 A\u00f1os de valor a orillas del Sin\u00fa. - Tu Radio<\/title>\n<meta name=\"robots\" content=\"index, follow, max-snippet:-1, max-image-preview:large, max-video-preview:-1\" \/>\n<link rel=\"canonical\" href=\"https:\/\/turadio.com.co\/?p=5494\" \/>\n<meta property=\"og:locale\" content=\"es_ES\" \/>\n<meta property=\"og:type\" content=\"article\" \/>\n<meta property=\"og:title\" content=\"12 A\u00f1os de valor a orillas del Sin\u00fa. - Tu Radio\" \/>\n<meta property=\"og:description\" content=\"La Polic\u00eda Metropolitana celebra m\u00e1s que un aniversario, celebra la confianza de su gente Cuando el sol despunta sobre el r\u00edo Sin\u00fa, mucho antes de que la ciudad despierte por completo, 2.526 corazones ya laten al ritmo de la seguridad y el servicio. Hoy, la Polic\u00eda Metropolitana de Monter\u00eda cumple 12 a\u00f1os de ser el...\" \/>\n<meta property=\"og:url\" content=\"https:\/\/turadio.com.co\/?p=5494\" \/>\n<meta property=\"og:site_name\" content=\"Tu Radio\" \/>\n<meta property=\"article:author\" content=\"https:\/\/www.facebook.com\/profile.php?id=100086306444643\" \/>\n<meta property=\"article:published_time\" content=\"2026-05-01T23:29:57+00:00\" \/>\n<meta property=\"article:modified_time\" content=\"2026-05-01T23:30:00+00:00\" \/>\n<meta property=\"og:image\" content=\"https:\/\/turadio.com.co\/wp-content\/uploads\/2026\/05\/WhatsApp-Image-2026-05-01-at-5.03.46-PM.jpeg\" \/>\n\t<meta property=\"og:image:width\" content=\"945\" \/>\n\t<meta property=\"og:image:height\" content=\"1280\" \/>\n\t<meta property=\"og:image:type\" content=\"image\/jpeg\" \/>\n<meta name=\"author\" content=\"turadio\" \/>\n<meta name=\"twitter:card\" content=\"summary_large_image\" \/>\n<meta name=\"twitter:label1\" content=\"Escrito por\" \/>\n\t<meta name=\"twitter:data1\" content=\"turadio\" \/>\n\t<meta name=\"twitter:label2\" content=\"Tiempo de lectura\" \/>\n\t<meta name=\"twitter:data2\" content=\"3 minutos\" \/>\n<script type=\"application\/ld+json\" class=\"yoast-schema-graph\">{\"@context\":\"https:\\\/\\\/schema.org\",\"@graph\":[{\"@type\":\"Article\",\"@id\":\"https:\\\/\\\/turadio.com.co\\\/?p=5494#article\",\"isPartOf\":{\"@id\":\"https:\\\/\\\/turadio.com.co\\\/?p=5494\"},\"author\":{\"name\":\"turadio\",\"@id\":\"https:\\\/\\\/turadio.com.co\\\/#\\\/schema\\\/person\\\/a336ad8dcc0120ef37278ad35b4f64fe\"},\"headline\":\"12 A\u00f1os de valor a orillas del Sin\u00fa.\",\"datePublished\":\"2026-05-01T23:29:57+00:00\",\"dateModified\":\"2026-05-01T23:30:00+00:00\",\"mainEntityOfPage\":{\"@id\":\"https:\\\/\\\/turadio.com.co\\\/?p=5494\"},\"wordCount\":404,\"commentCount\":0,\"publisher\":{\"@id\":\"https:\\\/\\\/turadio.com.co\\\/#organization\"},\"image\":{\"@id\":\"https:\\\/\\\/turadio.com.co\\\/?p=5494#primaryimage\"},\"thumbnailUrl\":\"https:\\\/\\\/turadio.com.co\\\/wp-content\\\/uploads\\\/2026\\\/05\\\/WhatsApp-Image-2026-05-01-at-5.03.46-PM.jpeg\",\"articleSection\":[\"Actualidad\",\"Monter\u00eda\"],\"inLanguage\":\"es\",\"potentialAction\":[{\"@type\":\"CommentAction\",\"name\":\"Comment\",\"target\":[\"https:\\\/\\\/turadio.com.co\\\/?p=5494#respond\"]}]},{\"@type\":\"WebPage\",\"@id\":\"https:\\\/\\\/turadio.com.co\\\/?p=5494\",\"url\":\"https:\\\/\\\/turadio.com.co\\\/?p=5494\",\"name\":\"12 A\u00f1os de valor a orillas del Sin\u00fa. - Tu Radio\",\"isPartOf\":{\"@id\":\"https:\\\/\\\/turadio.com.co\\\/#website\"},\"primaryImageOfPage\":{\"@id\":\"https:\\\/\\\/turadio.com.co\\\/?p=5494#primaryimage\"},\"image\":{\"@id\":\"https:\\\/\\\/turadio.com.co\\\/?p=5494#primaryimage\"},\"thumbnailUrl\":\"https:\\\/\\\/turadio.com.co\\\/wp-content\\\/uploads\\\/2026\\\/05\\\/WhatsApp-Image-2026-05-01-at-5.03.46-PM.jpeg\",\"datePublished\":\"2026-05-01T23:29:57+00:00\",\"dateModified\":\"2026-05-01T23:30:00+00:00\",\"breadcrumb\":{\"@id\":\"https:\\\/\\\/turadio.com.co\\\/?p=5494#breadcrumb\"},\"inLanguage\":\"es\",\"potentialAction\":[{\"@type\":\"ReadAction\",\"target\":[\"https:\\\/\\\/turadio.com.co\\\/?p=5494\"]}]},{\"@type\":\"ImageObject\",\"inLanguage\":\"es\",\"@id\":\"https:\\\/\\\/turadio.com.co\\\/?p=5494#primaryimage\",\"url\":\"https:\\\/\\\/turadio.com.co\\\/wp-content\\\/uploads\\\/2026\\\/05\\\/WhatsApp-Image-2026-05-01-at-5.03.46-PM.jpeg\",\"contentUrl\":\"https:\\\/\\\/turadio.com.co\\\/wp-content\\\/uploads\\\/2026\\\/05\\\/WhatsApp-Image-2026-05-01-at-5.03.46-PM.jpeg\",\"width\":945,\"height\":1280},{\"@type\":\"BreadcrumbList\",\"@id\":\"https:\\\/\\\/turadio.com.co\\\/?p=5494#breadcrumb\",\"itemListElement\":[{\"@type\":\"ListItem\",\"position\":1,\"name\":\"Portada\",\"item\":\"https:\\\/\\\/turadio.com.co\\\/\"},{\"@type\":\"ListItem\",\"position\":2,\"name\":\"12 A\u00f1os de valor a orillas del Sin\u00fa.\"}]},{\"@type\":\"WebSite\",\"@id\":\"https:\\\/\\\/turadio.com.co\\\/#website\",\"url\":\"https:\\\/\\\/turadio.com.co\\\/\",\"name\":\"Tu Radio\",\"description\":\"\",\"publisher\":{\"@id\":\"https:\\\/\\\/turadio.com.co\\\/#organization\"},\"potentialAction\":[{\"@type\":\"SearchAction\",\"target\":{\"@type\":\"EntryPoint\",\"urlTemplate\":\"https:\\\/\\\/turadio.com.co\\\/?s={search_term_string}\"},\"query-input\":{\"@type\":\"PropertyValueSpecification\",\"valueRequired\":true,\"valueName\":\"search_term_string\"}}],\"inLanguage\":\"es\"},{\"@type\":\"Organization\",\"@id\":\"https:\\\/\\\/turadio.com.co\\\/#organization\",\"name\":\"Tu Radio\",\"url\":\"https:\\\/\\\/turadio.com.co\\\/\",\"logo\":{\"@type\":\"ImageObject\",\"inLanguage\":\"es\",\"@id\":\"https:\\\/\\\/turadio.com.co\\\/#\\\/schema\\\/logo\\\/image\\\/\",\"url\":\"https:\\\/\\\/turadio.com.co\\\/wp-content\\\/uploads\\\/2025\\\/07\\\/logo.png\",\"contentUrl\":\"https:\\\/\\\/turadio.com.co\\\/wp-content\\\/uploads\\\/2025\\\/07\\\/logo.png\",\"width\":366,\"height\":91,\"caption\":\"Tu Radio\"},\"image\":{\"@id\":\"https:\\\/\\\/turadio.com.co\\\/#\\\/schema\\\/logo\\\/image\\\/\"}},{\"@type\":\"Person\",\"@id\":\"https:\\\/\\\/turadio.com.co\\\/#\\\/schema\\\/person\\\/a336ad8dcc0120ef37278ad35b4f64fe\",\"name\":\"turadio\",\"image\":{\"@type\":\"ImageObject\",\"inLanguage\":\"es\",\"@id\":\"https:\\\/\\\/secure.gravatar.com\\\/avatar\\\/e905fb228be0ae401b494278f04ccb4a7d2e839822ca560083e0b3a15f6c8669?s=96&d=mm&r=g\",\"url\":\"https:\\\/\\\/secure.gravatar.com\\\/avatar\\\/e905fb228be0ae401b494278f04ccb4a7d2e839822ca560083e0b3a15f6c8669?s=96&d=mm&r=g\",\"contentUrl\":\"https:\\\/\\\/secure.gravatar.com\\\/avatar\\\/e905fb228be0ae401b494278f04ccb4a7d2e839822ca560083e0b3a15f6c8669?s=96&d=mm&r=g\",\"caption\":\"turadio\"},\"sameAs\":[\"https:\\\/\\\/turadio.com.co\",\"https:\\\/\\\/www.facebook.com\\\/profile.php?id=100086306444643\",\"https:\\\/\\\/www.instagram.com\\\/turadio23\\\/\",\"https:\\\/\\\/www.youtube.com\\\/@TuRadiomonteria\"],\"url\":\"https:\\\/\\\/turadio.com.co\\\/?author=1\"}]}<\/script>\n<!-- \/ Yoast SEO plugin. -->","yoast_head_json":{"title":"12 A\u00f1os de valor a orillas del Sin\u00fa. - Tu Radio","robots":{"index":"index","follow":"follow","max-snippet":"max-snippet:-1","max-image-preview":"max-image-preview:large","max-video-preview":"max-video-preview:-1"},"canonical":"https:\/\/turadio.com.co\/?p=5494","og_locale":"es_ES","og_type":"article","og_title":"12 A\u00f1os de valor a orillas del Sin\u00fa. - Tu Radio","og_description":"La Polic\u00eda Metropolitana celebra m\u00e1s que un aniversario, celebra la confianza de su gente Cuando el sol despunta sobre el r\u00edo Sin\u00fa, mucho antes de que la ciudad despierte por completo, 2.526 corazones ya laten al ritmo de la seguridad y el servicio. Hoy, la Polic\u00eda Metropolitana de Monter\u00eda cumple 12 a\u00f1os de ser el...","og_url":"https:\/\/turadio.com.co\/?p=5494","og_site_name":"Tu Radio","article_author":"https:\/\/www.facebook.com\/profile.php?id=100086306444643","article_published_time":"2026-05-01T23:29:57+00:00","article_modified_time":"2026-05-01T23:30:00+00:00","og_image":[{"width":945,"height":1280,"url":"https:\/\/turadio.com.co\/wp-content\/uploads\/2026\/05\/WhatsApp-Image-2026-05-01-at-5.03.46-PM.jpeg","type":"image\/jpeg"}],"author":"turadio","twitter_card":"summary_large_image","twitter_misc":{"Escrito por":"turadio","Tiempo de lectura":"3 minutos"},"schema":{"@context":"https:\/\/schema.org","@graph":[{"@type":"Article","@id":"https:\/\/turadio.com.co\/?p=5494#article","isPartOf":{"@id":"https:\/\/turadio.com.co\/?p=5494"},"author":{"name":"turadio","@id":"https:\/\/turadio.com.co\/#\/schema\/person\/a336ad8dcc0120ef37278ad35b4f64fe"},"headline":"12 A\u00f1os de valor a orillas del Sin\u00fa.","datePublished":"2026-05-01T23:29:57+00:00","dateModified":"2026-05-01T23:30:00+00:00","mainEntityOfPage":{"@id":"https:\/\/turadio.com.co\/?p=5494"},"wordCount":404,"commentCount":0,"publisher":{"@id":"https:\/\/turadio.com.co\/#organization"},"image":{"@id":"https:\/\/turadio.com.co\/?p=5494#primaryimage"},"thumbnailUrl":"https:\/\/turadio.com.co\/wp-content\/uploads\/2026\/05\/WhatsApp-Image-2026-05-01-at-5.03.46-PM.jpeg","articleSection":["Actualidad","Monter\u00eda"],"inLanguage":"es","potentialAction":[{"@type":"CommentAction","name":"Comment","target":["https:\/\/turadio.com.co\/?p=5494#respond"]}]},{"@type":"WebPage","@id":"https:\/\/turadio.com.co\/?p=5494","url":"https:\/\/turadio.com.co\/?p=5494","name":"12 A\u00f1os de valor a orillas del Sin\u00fa. - Tu Radio","isPartOf":{"@id":"https:\/\/turadio.com.co\/#website"},"primaryImageOfPage":{"@id":"https:\/\/turadio.com.co\/?p=5494#primaryimage"},"image":{"@id":"https:\/\/turadio.com.co\/?p=5494#primaryimage"},"thumbnailUrl":"https:\/\/turadio.com.co\/wp-content\/uploads\/2026\/05\/WhatsApp-Image-2026-05-01-at-5.03.46-PM.jpeg","datePublished":"2026-05-01T23:29:57+00:00","dateModified":"2026-05-01T23:30:00+00:00","breadcrumb":{"@id":"https:\/\/turadio.com.co\/?p=5494#breadcrumb"},"inLanguage":"es","potentialAction":[{"@type":"ReadAction","target":["https:\/\/turadio.com.co\/?p=5494"]}]},{"@type":"ImageObject","inLanguage":"es","@id":"https:\/\/turadio.com.co\/?p=5494#primaryimage","url":"https:\/\/turadio.com.co\/wp-content\/uploads\/2026\/05\/WhatsApp-Image-2026-05-01-at-5.03.46-PM.jpeg","contentUrl":"https:\/\/turadio.com.co\/wp-content\/uploads\/2026\/05\/WhatsApp-Image-2026-05-01-at-5.03.46-PM.jpeg","width":945,"height":1280},{"@type":"BreadcrumbList","@id":"https:\/\/turadio.com.co\/?p=5494#breadcrumb","itemListElement":[{"@type":"ListItem","position":1,"name":"Portada","item":"https:\/\/turadio.com.co\/"},{"@type":"ListItem","position":2,"name":"12 A\u00f1os de valor a orillas del Sin\u00fa."}]},{"@type":"WebSite","@id":"https:\/\/turadio.com.co\/#website","url":"https:\/\/turadio.com.co\/","name":"Tu Radio","description":"","publisher":{"@id":"https:\/\/turadio.com.co\/#organization"},"potentialAction":[{"@type":"SearchAction","target":{"@type":"EntryPoint","urlTemplate":"https:\/\/turadio.com.co\/?s={search_term_string}"},"query-input":{"@type":"PropertyValueSpecification","valueRequired":true,"valueName":"search_term_string"}}],"inLanguage":"es"},{"@type":"Organization","@id":"https:\/\/turadio.com.co\/#organization","name":"Tu Radio","url":"https:\/\/turadio.com.co\/","logo":{"@type":"ImageObject","inLanguage":"es","@id":"https:\/\/turadio.com.co\/#\/schema\/logo\/image\/","url":"https:\/\/turadio.com.co\/wp-content\/uploads\/2025\/07\/logo.png","contentUrl":"https:\/\/turadio.com.co\/wp-content\/uploads\/2025\/07\/logo.png","width":366,"height":91,"caption":"Tu Radio"},"image":{"@id":"https:\/\/turadio.com.co\/#\/schema\/logo\/image\/"}},{"@type":"Person","@id":"https:\/\/turadio.com.co\/#\/schema\/person\/a336ad8dcc0120ef37278ad35b4f64fe","name":"turadio","image":{"@type":"ImageObject","inLanguage":"es","@id":"https:\/\/secure.gravatar.com\/avatar\/e905fb228be0ae401b494278f04ccb4a7d2e839822ca560083e0b3a15f6c8669?s=96&d=mm&r=g","url":"https:\/\/secure.gravatar.com\/avatar\/e905fb228be0ae401b494278f04ccb4a7d2e839822ca560083e0b3a15f6c8669?s=96&d=mm&r=g","contentUrl":"https:\/\/secure.gravatar.com\/avatar\/e905fb228be0ae401b494278f04ccb4a7d2e839822ca560083e0b3a15f6c8669?s=96&d=mm&r=g","caption":"turadio"},"sameAs":["https:\/\/turadio.com.co","https:\/\/www.facebook.com\/profile.php?id=100086306444643","https:\/\/www.instagram.com\/turadio23\/","https:\/\/www.youtube.com\/@TuRadiomonteria"],"url":"https:\/\/turadio.com.co\/?author=1"}]}},"_links":{"self":[{"href":"https:\/\/turadio.com.co\/index.php?rest_route=\/wp\/v2\/posts\/5494","targetHints":{"allow":["GET"]}}],"collection":[{"href":"https:\/\/turadio.com.co\/index.php?rest_route=\/wp\/v2\/posts"}],"about":[{"href":"https:\/\/turadio.com.co\/index.php?rest_route=\/wp\/v2\/types\/post"}],"author":[{"embeddable":true,"href":"https:\/\/turadio.com.co\/index.php?rest_route=\/wp\/v2\/users\/1"}],"replies":[{"embeddable":true,"href":"https:\/\/turadio.com.co\/index.php?rest_route=%2Fwp%2Fv2%2Fcomments&post=5494"}],"version-history":[{"count":1,"href":"https:\/\/turadio.com.co\/index.php?rest_route=\/wp\/v2\/posts\/5494\/revisions"}],"predecessor-version":[{"id":5498,"href":"https:\/\/turadio.com.co\/index.php?rest_route=\/wp\/v2\/posts\/5494\/revisions\/5498"}],"wp:featuredmedia":[{"embeddable":true,"href":"https:\/\/turadio.com.co\/index.php?rest_route=\/wp\/v2\/media\/5495"}],"wp:attachment":[{"href":"https:\/\/turadio.com.co\/index.php?rest_route=%2Fwp%2Fv2%2Fmedia&parent=5494"}],"wp:term":[{"taxonomy":"category","embeddable":true,"href":"https:\/\/turadio.com.co\/index.php?rest_route=%2Fwp%2Fv2%2Fcategories&post=5494"},{"taxonomy":"post_tag","embeddable":true,"href":"https:\/\/turadio.com.co\/index.php?rest_route=%2Fwp%2Fv2%2Ftags&post=5494"}],"curies":[{"name":"wp","href":"https:\/\/api.w.org\/{rel}","templated":true}]}}