{"id":5499,"date":"2026-05-01T23:55:57","date_gmt":"2026-05-01T23:55:57","guid":{"rendered":"https:\/\/turadio.com.co\/?p=5499"},"modified":"2026-05-01T23:56:00","modified_gmt":"2026-05-01T23:56:00","slug":"en-monteria-centrales-obreras-lideres-organizaciones-sociales-campesinos-juventudes-y-la-ciudadania-se-volcaron-a-las-calles-este-1-de-mayo","status":"publish","type":"post","link":"https:\/\/turadio.com.co\/?p=5499","title":{"rendered":"En Monter\u00eda centrales obreras, lideres, organizaciones sociales, campesinos, juventudes y la ciudadan\u00eda se volcaron a las calles este 1 de mayo."},"content":{"rendered":"\n<p>En el marco de la conmemoraci\u00f3n del D\u00eda Internacional del Trabajo, el departamento de C\u00f3rdoba fue escenario de una masiva y contundente movilizaci\u00f3n popular que recorri\u00f3 las principales v\u00edas de Monter\u00eda, desde el sector del P5 hasta Tacasu\u00e1n. Trabajadores, organizaciones sociales, campesinado, juventudes y ciudadan\u00eda en general se volcaron a las calles no solo para reivindicar sus derechos, sino para expresar una clara voluntad pol\u00edtica de continuidad del proyecto de cambio en Colombia.<\/p>\n\n\n\n<figure class=\"wp-block-image size-large\"><img loading=\"lazy\" decoding=\"async\" width=\"1024\" height=\"576\" src=\"https:\/\/turadio.com.co\/wp-content\/uploads\/2026\/05\/WhatsApp-Image-2026-05-01-at-5.14.04-PM-2-1024x576.jpeg\" alt=\"\" class=\"wp-image-5501\" srcset=\"https:\/\/turadio.com.co\/wp-content\/uploads\/2026\/05\/WhatsApp-Image-2026-05-01-at-5.14.04-PM-2-1024x576.jpeg 1024w, https:\/\/turadio.com.co\/wp-content\/uploads\/2026\/05\/WhatsApp-Image-2026-05-01-at-5.14.04-PM-2-300x169.jpeg 300w, https:\/\/turadio.com.co\/wp-content\/uploads\/2026\/05\/WhatsApp-Image-2026-05-01-at-5.14.04-PM-2-768x432.jpeg 768w, https:\/\/turadio.com.co\/wp-content\/uploads\/2026\/05\/WhatsApp-Image-2026-05-01-at-5.14.04-PM-2.jpeg 1280w\" sizes=\"auto, (max-width: 1024px) 100vw, 1024px\" \/><\/figure>\n\n\n\n<p>La jornada, desarrollada de manera pac\u00edfica y organizada, se constituy\u00f3 en una demostraci\u00f3n de fuerza social y pol\u00edtica, donde el pueblo cordob\u00e9s dej\u00f3 en evidencia su decisi\u00f3n de seguir avanzando en la consolidaci\u00f3n de un modelo de justicia social, equidad y dignidad para las mayor\u00edas. M\u00e1s all\u00e1 de la conmemoraci\u00f3n, esta movilizaci\u00f3n marca un punto de partida en la articulaci\u00f3n territorial de cara a los pr\u00f3ximos retos electorales.<\/p>\n\n\n\n<figure class=\"wp-block-image size-large\"><img loading=\"lazy\" decoding=\"async\" width=\"1024\" height=\"576\" src=\"https:\/\/turadio.com.co\/wp-content\/uploads\/2026\/05\/WhatsApp-Image-2026-05-01-at-5.14.04-PM-4-1024x576.jpeg\" alt=\"\" class=\"wp-image-5502\" srcset=\"https:\/\/turadio.com.co\/wp-content\/uploads\/2026\/05\/WhatsApp-Image-2026-05-01-at-5.14.04-PM-4-1024x576.jpeg 1024w, https:\/\/turadio.com.co\/wp-content\/uploads\/2026\/05\/WhatsApp-Image-2026-05-01-at-5.14.04-PM-4-300x169.jpeg 300w, https:\/\/turadio.com.co\/wp-content\/uploads\/2026\/05\/WhatsApp-Image-2026-05-01-at-5.14.04-PM-4-768x432.jpeg 768w, https:\/\/turadio.com.co\/wp-content\/uploads\/2026\/05\/WhatsApp-Image-2026-05-01-at-5.14.04-PM-4.jpeg 1280w\" sizes=\"auto, (max-width: 1024px) 100vw, 1024px\" \/><\/figure>\n\n\n\n<p>En este contexto, se hizo expl\u00edcito el respaldo a la propuesta pol\u00edtica de Iv\u00e1n Cepeda, posicion\u00e1ndolo como una figura que encarna la continuidad y profundizaci\u00f3n de las transformaciones que demanda el pa\u00eds. La movilizaci\u00f3n env\u00eda un mensaje claro: C\u00f3rdoba se organiza y se proyecta para garantizar una victoria en primera vuelta.<\/p>\n\n\n\n<p>La jornada cont\u00f3 con la presencia del representante electo Luis Fernando Ballesteros, quien acompa\u00f1\u00f3 activamente este proceso, reafirmando su compromiso con las luchas populares y su papel en la consolidaci\u00f3n de una agenda legislativa alineada con los intereses del pueblo.<\/p>\n\n\n\n<figure class=\"wp-block-image size-large\"><img loading=\"lazy\" decoding=\"async\" width=\"1024\" height=\"576\" src=\"https:\/\/turadio.com.co\/wp-content\/uploads\/2026\/05\/WhatsApp-Image-2026-05-01-at-5.14.04-PM-3-1024x576.jpeg\" alt=\"\" class=\"wp-image-5503\" srcset=\"https:\/\/turadio.com.co\/wp-content\/uploads\/2026\/05\/WhatsApp-Image-2026-05-01-at-5.14.04-PM-3-1024x576.jpeg 1024w, https:\/\/turadio.com.co\/wp-content\/uploads\/2026\/05\/WhatsApp-Image-2026-05-01-at-5.14.04-PM-3-300x169.jpeg 300w, https:\/\/turadio.com.co\/wp-content\/uploads\/2026\/05\/WhatsApp-Image-2026-05-01-at-5.14.04-PM-3-768x432.jpeg 768w, https:\/\/turadio.com.co\/wp-content\/uploads\/2026\/05\/WhatsApp-Image-2026-05-01-at-5.14.04-PM-3.jpeg 1280w\" sizes=\"auto, (max-width: 1024px) 100vw, 1024px\" \/><\/figure>\n\n\n\n<p>El Pacto Hist\u00f3rico ratific\u00f3 su liderazgo en el departamento de C\u00f3rdoba, consolid\u00e1ndose como la principal fuerza pol\u00edtica en el territorio y la m\u00e1s influyentes a nivel nacional. Desde las calles, con el respaldo ciudadano y la fuerza organizada de las luchas sociales, los sindicatos y los sectores populares, se sigue fortaleciendo una estructura pol\u00edtica capaz de disputar y ganar el poder democr\u00e1tico.<\/p>\n\n\n\n<p>En este camino, la Alianza por la Vida se posiciona como un espacio fundamental de unidad, articulaci\u00f3n y construcci\u00f3n colectiva, donde convergen las voces del territorio para defender la vida, la justicia social y el futuro del pa\u00eds. Este escenario fortalece el proyecto del cambio y ampl\u00eda la participaci\u00f3n de quienes creen en una Colombia m\u00e1s digna e incluyente.<\/p>\n\n\n\n<figure class=\"wp-block-image size-large\"><img loading=\"lazy\" decoding=\"async\" width=\"1024\" height=\"576\" src=\"https:\/\/turadio.com.co\/wp-content\/uploads\/2026\/05\/WhatsApp-Image-2026-05-01-at-5.14.04-PM-1-1024x576.jpeg\" alt=\"\" class=\"wp-image-5504\" srcset=\"https:\/\/turadio.com.co\/wp-content\/uploads\/2026\/05\/WhatsApp-Image-2026-05-01-at-5.14.04-PM-1-1024x576.jpeg 1024w, https:\/\/turadio.com.co\/wp-content\/uploads\/2026\/05\/WhatsApp-Image-2026-05-01-at-5.14.04-PM-1-300x169.jpeg 300w, https:\/\/turadio.com.co\/wp-content\/uploads\/2026\/05\/WhatsApp-Image-2026-05-01-at-5.14.04-PM-1-768x432.jpeg 768w, https:\/\/turadio.com.co\/wp-content\/uploads\/2026\/05\/WhatsApp-Image-2026-05-01-at-5.14.04-PM-1.jpeg 1280w\" sizes=\"auto, (max-width: 1024px) 100vw, 1024px\" \/><\/figure>\n\n\n\n<p>Hoy, el Pacto Hist\u00f3rico, junto a las luchas sociales y el movimiento sindical, respalda con firmeza el proyecto del cambio con Iv\u00e1n Cepeda presidente, convencidos de que es el camino para profundizar las transformaciones que el pa\u00eds necesita.<\/p>\n\n\n\n<p>Esta movilizaci\u00f3n del Primero de Mayo no solo conmemora la lucha hist\u00f3rica de la clase trabajadora, sino que deja clara una intenci\u00f3n pol\u00edtica firme: organizar, movilizar y conquistar, desde C\u00f3rdoba, la continuidad del cambio en Colombia.<\/p>\n","protected":false},"excerpt":{"rendered":"<p>En el marco de la conmemoraci\u00f3n del D\u00eda Internacional del Trabajo, el departamento de C\u00f3rdoba fue escenario de una masiva y contundente movilizaci\u00f3n popular que recorri\u00f3 las principales v\u00edas de Monter\u00eda, desde el sector del P5 hasta Tacasu\u00e1n. Trabajadores, organizaciones sociales, campesinado, juventudes y ciudadan\u00eda en general se volcaron a las calles no solo para&#8230;<\/p>\n","protected":false},"author":1,"featured_media":5500,"comment_status":"open","ping_status":"open","sticky":false,"template":"","format":"standard","meta":{"footnotes":""},"categories":[14],"tags":[],"class_list":["post-5499","post","type-post","status-publish","format-standard","has-post-thumbnail","hentry","category-monteria"],"yoast_head":"<!-- This site is optimized with the Yoast SEO plugin v27.5 - https:\/\/yoast.com\/product\/yoast-seo-wordpress\/ -->\n<title>En Monter\u00eda centrales obreras, lideres, organizaciones sociales, campesinos, juventudes y la ciudadan\u00eda se volcaron a las calles este 1 de mayo. - Tu Radio<\/title>\n<meta name=\"robots\" content=\"index, follow, max-snippet:-1, max-image-preview:large, max-video-preview:-1\" \/>\n<link rel=\"canonical\" href=\"https:\/\/turadio.com.co\/?p=5499\" \/>\n<meta property=\"og:locale\" content=\"es_ES\" \/>\n<meta property=\"og:type\" content=\"article\" \/>\n<meta property=\"og:title\" content=\"En Monter\u00eda centrales obreras, lideres, organizaciones sociales, campesinos, juventudes y la ciudadan\u00eda se volcaron a las calles este 1 de mayo. - Tu Radio\" \/>\n<meta property=\"og:description\" content=\"En el marco de la conmemoraci\u00f3n del D\u00eda Internacional del Trabajo, el departamento de C\u00f3rdoba fue escenario de una masiva y contundente movilizaci\u00f3n popular que recorri\u00f3 las principales v\u00edas de Monter\u00eda, desde el sector del P5 hasta Tacasu\u00e1n. Trabajadores, organizaciones sociales, campesinado, juventudes y ciudadan\u00eda en general se volcaron a las calles no solo para...\" \/>\n<meta property=\"og:url\" content=\"https:\/\/turadio.com.co\/?p=5499\" \/>\n<meta property=\"og:site_name\" content=\"Tu Radio\" \/>\n<meta property=\"article:author\" content=\"https:\/\/www.facebook.com\/profile.php?id=100086306444643\" \/>\n<meta property=\"article:published_time\" content=\"2026-05-01T23:55:57+00:00\" \/>\n<meta property=\"article:modified_time\" content=\"2026-05-01T23:56:00+00:00\" \/>\n<meta property=\"og:image\" content=\"https:\/\/turadio.com.co\/wp-content\/uploads\/2026\/05\/WhatsApp-Image-2026-05-01-at-5.14.04-PM.jpeg\" \/>\n\t<meta property=\"og:image:width\" content=\"1280\" \/>\n\t<meta property=\"og:image:height\" content=\"720\" \/>\n\t<meta property=\"og:image:type\" content=\"image\/jpeg\" \/>\n<meta name=\"author\" content=\"turadio\" \/>\n<meta name=\"twitter:card\" content=\"summary_large_image\" \/>\n<meta name=\"twitter:label1\" content=\"Escrito por\" \/>\n\t<meta name=\"twitter:data1\" content=\"turadio\" \/>\n\t<meta name=\"twitter:label2\" content=\"Tiempo de lectura\" \/>\n\t<meta name=\"twitter:data2\" content=\"3 minutos\" \/>\n<script type=\"application\/ld+json\" class=\"yoast-schema-graph\">{\"@context\":\"https:\\\/\\\/schema.org\",\"@graph\":[{\"@type\":\"Article\",\"@id\":\"https:\\\/\\\/turadio.com.co\\\/?p=5499#article\",\"isPartOf\":{\"@id\":\"https:\\\/\\\/turadio.com.co\\\/?p=5499\"},\"author\":{\"name\":\"turadio\",\"@id\":\"https:\\\/\\\/turadio.com.co\\\/#\\\/schema\\\/person\\\/a336ad8dcc0120ef37278ad35b4f64fe\"},\"headline\":\"En Monter\u00eda centrales obreras, lideres, organizaciones sociales, campesinos, juventudes y la ciudadan\u00eda se volcaron a las calles este 1 de mayo.\",\"datePublished\":\"2026-05-01T23:55:57+00:00\",\"dateModified\":\"2026-05-01T23:56:00+00:00\",\"mainEntityOfPage\":{\"@id\":\"https:\\\/\\\/turadio.com.co\\\/?p=5499\"},\"wordCount\":501,\"commentCount\":0,\"publisher\":{\"@id\":\"https:\\\/\\\/turadio.com.co\\\/#organization\"},\"image\":{\"@id\":\"https:\\\/\\\/turadio.com.co\\\/?p=5499#primaryimage\"},\"thumbnailUrl\":\"https:\\\/\\\/turadio.com.co\\\/wp-content\\\/uploads\\\/2026\\\/05\\\/WhatsApp-Image-2026-05-01-at-5.14.04-PM.jpeg\",\"articleSection\":[\"Monter\u00eda\"],\"inLanguage\":\"es\",\"potentialAction\":[{\"@type\":\"CommentAction\",\"name\":\"Comment\",\"target\":[\"https:\\\/\\\/turadio.com.co\\\/?p=5499#respond\"]}]},{\"@type\":\"WebPage\",\"@id\":\"https:\\\/\\\/turadio.com.co\\\/?p=5499\",\"url\":\"https:\\\/\\\/turadio.com.co\\\/?p=5499\",\"name\":\"En Monter\u00eda centrales obreras, lideres, organizaciones sociales, campesinos, juventudes y la ciudadan\u00eda se volcaron a las calles este 1 de mayo. - Tu Radio\",\"isPartOf\":{\"@id\":\"https:\\\/\\\/turadio.com.co\\\/#website\"},\"primaryImageOfPage\":{\"@id\":\"https:\\\/\\\/turadio.com.co\\\/?p=5499#primaryimage\"},\"image\":{\"@id\":\"https:\\\/\\\/turadio.com.co\\\/?p=5499#primaryimage\"},\"thumbnailUrl\":\"https:\\\/\\\/turadio.com.co\\\/wp-content\\\/uploads\\\/2026\\\/05\\\/WhatsApp-Image-2026-05-01-at-5.14.04-PM.jpeg\",\"datePublished\":\"2026-05-01T23:55:57+00:00\",\"dateModified\":\"2026-05-01T23:56:00+00:00\",\"breadcrumb\":{\"@id\":\"https:\\\/\\\/turadio.com.co\\\/?p=5499#breadcrumb\"},\"inLanguage\":\"es\",\"potentialAction\":[{\"@type\":\"ReadAction\",\"target\":[\"https:\\\/\\\/turadio.com.co\\\/?p=5499\"]}]},{\"@type\":\"ImageObject\",\"inLanguage\":\"es\",\"@id\":\"https:\\\/\\\/turadio.com.co\\\/?p=5499#primaryimage\",\"url\":\"https:\\\/\\\/turadio.com.co\\\/wp-content\\\/uploads\\\/2026\\\/05\\\/WhatsApp-Image-2026-05-01-at-5.14.04-PM.jpeg\",\"contentUrl\":\"https:\\\/\\\/turadio.com.co\\\/wp-content\\\/uploads\\\/2026\\\/05\\\/WhatsApp-Image-2026-05-01-at-5.14.04-PM.jpeg\",\"width\":1280,\"height\":720},{\"@type\":\"BreadcrumbList\",\"@id\":\"https:\\\/\\\/turadio.com.co\\\/?p=5499#breadcrumb\",\"itemListElement\":[{\"@type\":\"ListItem\",\"position\":1,\"name\":\"Portada\",\"item\":\"https:\\\/\\\/turadio.com.co\\\/\"},{\"@type\":\"ListItem\",\"position\":2,\"name\":\"En Monter\u00eda centrales obreras, lideres, organizaciones sociales, campesinos, juventudes y la ciudadan\u00eda se volcaron a las calles este 1 de mayo.\"}]},{\"@type\":\"WebSite\",\"@id\":\"https:\\\/\\\/turadio.com.co\\\/#website\",\"url\":\"https:\\\/\\\/turadio.com.co\\\/\",\"name\":\"Tu Radio\",\"description\":\"\",\"publisher\":{\"@id\":\"https:\\\/\\\/turadio.com.co\\\/#organization\"},\"potentialAction\":[{\"@type\":\"SearchAction\",\"target\":{\"@type\":\"EntryPoint\",\"urlTemplate\":\"https:\\\/\\\/turadio.com.co\\\/?s={search_term_string}\"},\"query-input\":{\"@type\":\"PropertyValueSpecification\",\"valueRequired\":true,\"valueName\":\"search_term_string\"}}],\"inLanguage\":\"es\"},{\"@type\":\"Organization\",\"@id\":\"https:\\\/\\\/turadio.com.co\\\/#organization\",\"name\":\"Tu Radio\",\"url\":\"https:\\\/\\\/turadio.com.co\\\/\",\"logo\":{\"@type\":\"ImageObject\",\"inLanguage\":\"es\",\"@id\":\"https:\\\/\\\/turadio.com.co\\\/#\\\/schema\\\/logo\\\/image\\\/\",\"url\":\"https:\\\/\\\/turadio.com.co\\\/wp-content\\\/uploads\\\/2025\\\/07\\\/logo.png\",\"contentUrl\":\"https:\\\/\\\/turadio.com.co\\\/wp-content\\\/uploads\\\/2025\\\/07\\\/logo.png\",\"width\":366,\"height\":91,\"caption\":\"Tu Radio\"},\"image\":{\"@id\":\"https:\\\/\\\/turadio.com.co\\\/#\\\/schema\\\/logo\\\/image\\\/\"}},{\"@type\":\"Person\",\"@id\":\"https:\\\/\\\/turadio.com.co\\\/#\\\/schema\\\/person\\\/a336ad8dcc0120ef37278ad35b4f64fe\",\"name\":\"turadio\",\"image\":{\"@type\":\"ImageObject\",\"inLanguage\":\"es\",\"@id\":\"https:\\\/\\\/secure.gravatar.com\\\/avatar\\\/e905fb228be0ae401b494278f04ccb4a7d2e839822ca560083e0b3a15f6c8669?s=96&d=mm&r=g\",\"url\":\"https:\\\/\\\/secure.gravatar.com\\\/avatar\\\/e905fb228be0ae401b494278f04ccb4a7d2e839822ca560083e0b3a15f6c8669?s=96&d=mm&r=g\",\"contentUrl\":\"https:\\\/\\\/secure.gravatar.com\\\/avatar\\\/e905fb228be0ae401b494278f04ccb4a7d2e839822ca560083e0b3a15f6c8669?s=96&d=mm&r=g\",\"caption\":\"turadio\"},\"sameAs\":[\"https:\\\/\\\/turadio.com.co\",\"https:\\\/\\\/www.facebook.com\\\/profile.php?id=100086306444643\",\"https:\\\/\\\/www.instagram.com\\\/turadio23\\\/\",\"https:\\\/\\\/www.youtube.com\\\/@TuRadiomonteria\"],\"url\":\"https:\\\/\\\/turadio.com.co\\\/?author=1\"}]}<\/script>\n<!-- \/ Yoast SEO plugin. -->","yoast_head_json":{"title":"En Monter\u00eda centrales obreras, lideres, organizaciones sociales, campesinos, juventudes y la ciudadan\u00eda se volcaron a las calles este 1 de mayo. - Tu Radio","robots":{"index":"index","follow":"follow","max-snippet":"max-snippet:-1","max-image-preview":"max-image-preview:large","max-video-preview":"max-video-preview:-1"},"canonical":"https:\/\/turadio.com.co\/?p=5499","og_locale":"es_ES","og_type":"article","og_title":"En Monter\u00eda centrales obreras, lideres, organizaciones sociales, campesinos, juventudes y la ciudadan\u00eda se volcaron a las calles este 1 de mayo. - Tu Radio","og_description":"En el marco de la conmemoraci\u00f3n del D\u00eda Internacional del Trabajo, el departamento de C\u00f3rdoba fue escenario de una masiva y contundente movilizaci\u00f3n popular que recorri\u00f3 las principales v\u00edas de Monter\u00eda, desde el sector del P5 hasta Tacasu\u00e1n. Trabajadores, organizaciones sociales, campesinado, juventudes y ciudadan\u00eda en general se volcaron a las calles no solo para...","og_url":"https:\/\/turadio.com.co\/?p=5499","og_site_name":"Tu Radio","article_author":"https:\/\/www.facebook.com\/profile.php?id=100086306444643","article_published_time":"2026-05-01T23:55:57+00:00","article_modified_time":"2026-05-01T23:56:00+00:00","og_image":[{"width":1280,"height":720,"url":"https:\/\/turadio.com.co\/wp-content\/uploads\/2026\/05\/WhatsApp-Image-2026-05-01-at-5.14.04-PM.jpeg","type":"image\/jpeg"}],"author":"turadio","twitter_card":"summary_large_image","twitter_misc":{"Escrito por":"turadio","Tiempo de lectura":"3 minutos"},"schema":{"@context":"https:\/\/schema.org","@graph":[{"@type":"Article","@id":"https:\/\/turadio.com.co\/?p=5499#article","isPartOf":{"@id":"https:\/\/turadio.com.co\/?p=5499"},"author":{"name":"turadio","@id":"https:\/\/turadio.com.co\/#\/schema\/person\/a336ad8dcc0120ef37278ad35b4f64fe"},"headline":"En Monter\u00eda centrales obreras, lideres, organizaciones sociales, campesinos, juventudes y la ciudadan\u00eda se volcaron a las calles este 1 de mayo.","datePublished":"2026-05-01T23:55:57+00:00","dateModified":"2026-05-01T23:56:00+00:00","mainEntityOfPage":{"@id":"https:\/\/turadio.com.co\/?p=5499"},"wordCount":501,"commentCount":0,"publisher":{"@id":"https:\/\/turadio.com.co\/#organization"},"image":{"@id":"https:\/\/turadio.com.co\/?p=5499#primaryimage"},"thumbnailUrl":"https:\/\/turadio.com.co\/wp-content\/uploads\/2026\/05\/WhatsApp-Image-2026-05-01-at-5.14.04-PM.jpeg","articleSection":["Monter\u00eda"],"inLanguage":"es","potentialAction":[{"@type":"CommentAction","name":"Comment","target":["https:\/\/turadio.com.co\/?p=5499#respond"]}]},{"@type":"WebPage","@id":"https:\/\/turadio.com.co\/?p=5499","url":"https:\/\/turadio.com.co\/?p=5499","name":"En Monter\u00eda centrales obreras, lideres, organizaciones sociales, campesinos, juventudes y la ciudadan\u00eda se volcaron a las calles este 1 de mayo. - Tu Radio","isPartOf":{"@id":"https:\/\/turadio.com.co\/#website"},"primaryImageOfPage":{"@id":"https:\/\/turadio.com.co\/?p=5499#primaryimage"},"image":{"@id":"https:\/\/turadio.com.co\/?p=5499#primaryimage"},"thumbnailUrl":"https:\/\/turadio.com.co\/wp-content\/uploads\/2026\/05\/WhatsApp-Image-2026-05-01-at-5.14.04-PM.jpeg","datePublished":"2026-05-01T23:55:57+00:00","dateModified":"2026-05-01T23:56:00+00:00","breadcrumb":{"@id":"https:\/\/turadio.com.co\/?p=5499#breadcrumb"},"inLanguage":"es","potentialAction":[{"@type":"ReadAction","target":["https:\/\/turadio.com.co\/?p=5499"]}]},{"@type":"ImageObject","inLanguage":"es","@id":"https:\/\/turadio.com.co\/?p=5499#primaryimage","url":"https:\/\/turadio.com.co\/wp-content\/uploads\/2026\/05\/WhatsApp-Image-2026-05-01-at-5.14.04-PM.jpeg","contentUrl":"https:\/\/turadio.com.co\/wp-content\/uploads\/2026\/05\/WhatsApp-Image-2026-05-01-at-5.14.04-PM.jpeg","width":1280,"height":720},{"@type":"BreadcrumbList","@id":"https:\/\/turadio.com.co\/?p=5499#breadcrumb","itemListElement":[{"@type":"ListItem","position":1,"name":"Portada","item":"https:\/\/turadio.com.co\/"},{"@type":"ListItem","position":2,"name":"En Monter\u00eda centrales obreras, lideres, organizaciones sociales, campesinos, juventudes y la ciudadan\u00eda se volcaron a las calles este 1 de mayo."}]},{"@type":"WebSite","@id":"https:\/\/turadio.com.co\/#website","url":"https:\/\/turadio.com.co\/","name":"Tu Radio","description":"","publisher":{"@id":"https:\/\/turadio.com.co\/#organization"},"potentialAction":[{"@type":"SearchAction","target":{"@type":"EntryPoint","urlTemplate":"https:\/\/turadio.com.co\/?s={search_term_string}"},"query-input":{"@type":"PropertyValueSpecification","valueRequired":true,"valueName":"search_term_string"}}],"inLanguage":"es"},{"@type":"Organization","@id":"https:\/\/turadio.com.co\/#organization","name":"Tu Radio","url":"https:\/\/turadio.com.co\/","logo":{"@type":"ImageObject","inLanguage":"es","@id":"https:\/\/turadio.com.co\/#\/schema\/logo\/image\/","url":"https:\/\/turadio.com.co\/wp-content\/uploads\/2025\/07\/logo.png","contentUrl":"https:\/\/turadio.com.co\/wp-content\/uploads\/2025\/07\/logo.png","width":366,"height":91,"caption":"Tu Radio"},"image":{"@id":"https:\/\/turadio.com.co\/#\/schema\/logo\/image\/"}},{"@type":"Person","@id":"https:\/\/turadio.com.co\/#\/schema\/person\/a336ad8dcc0120ef37278ad35b4f64fe","name":"turadio","image":{"@type":"ImageObject","inLanguage":"es","@id":"https:\/\/secure.gravatar.com\/avatar\/e905fb228be0ae401b494278f04ccb4a7d2e839822ca560083e0b3a15f6c8669?s=96&d=mm&r=g","url":"https:\/\/secure.gravatar.com\/avatar\/e905fb228be0ae401b494278f04ccb4a7d2e839822ca560083e0b3a15f6c8669?s=96&d=mm&r=g","contentUrl":"https:\/\/secure.gravatar.com\/avatar\/e905fb228be0ae401b494278f04ccb4a7d2e839822ca560083e0b3a15f6c8669?s=96&d=mm&r=g","caption":"turadio"},"sameAs":["https:\/\/turadio.com.co","https:\/\/www.facebook.com\/profile.php?id=100086306444643","https:\/\/www.instagram.com\/turadio23\/","https:\/\/www.youtube.com\/@TuRadiomonteria"],"url":"https:\/\/turadio.com.co\/?author=1"}]}},"_links":{"self":[{"href":"https:\/\/turadio.com.co\/index.php?rest_route=\/wp\/v2\/posts\/5499","targetHints":{"allow":["GET"]}}],"collection":[{"href":"https:\/\/turadio.com.co\/index.php?rest_route=\/wp\/v2\/posts"}],"about":[{"href":"https:\/\/turadio.com.co\/index.php?rest_route=\/wp\/v2\/types\/post"}],"author":[{"embeddable":true,"href":"https:\/\/turadio.com.co\/index.php?rest_route=\/wp\/v2\/users\/1"}],"replies":[{"embeddable":true,"href":"https:\/\/turadio.com.co\/index.php?rest_route=%2Fwp%2Fv2%2Fcomments&post=5499"}],"version-history":[{"count":1,"href":"https:\/\/turadio.com.co\/index.php?rest_route=\/wp\/v2\/posts\/5499\/revisions"}],"predecessor-version":[{"id":5505,"href":"https:\/\/turadio.com.co\/index.php?rest_route=\/wp\/v2\/posts\/5499\/revisions\/5505"}],"wp:featuredmedia":[{"embeddable":true,"href":"https:\/\/turadio.com.co\/index.php?rest_route=\/wp\/v2\/media\/5500"}],"wp:attachment":[{"href":"https:\/\/turadio.com.co\/index.php?rest_route=%2Fwp%2Fv2%2Fmedia&parent=5499"}],"wp:term":[{"taxonomy":"category","embeddable":true,"href":"https:\/\/turadio.com.co\/index.php?rest_route=%2Fwp%2Fv2%2Fcategories&post=5499"},{"taxonomy":"post_tag","embeddable":true,"href":"https:\/\/turadio.com.co\/index.php?rest_route=%2Fwp%2Fv2%2Ftags&post=5499"}],"curies":[{"name":"wp","href":"https:\/\/api.w.org\/{rel}","templated":true}]}}