{"id":909,"date":"2025-08-16T01:09:36","date_gmt":"2025-08-16T01:09:36","guid":{"rendered":"https:\/\/turadio.com.co\/?p=909"},"modified":"2025-08-16T01:09:39","modified_gmt":"2025-08-16T01:09:39","slug":"diego-cadena-exabogado-de-alvaro-uribe-declarado-culpable-de-soborno-en-proceso-penal","status":"publish","type":"post","link":"https:\/\/turadio.com.co\/?p=909","title":{"rendered":"*DIEGO CADENA, EXABOGADO DE \u00c1LVARO URIBE, DECLARADO CULPABLE DE SOBORNO EN PROCESO PENAL*"},"content":{"rendered":"\n<p>El exabogado del expresidente colombiano \u00c1lvaro Uribe V\u00e9lez, Diego Cadena Ram\u00edrez, fue hallado culpable del delito de soborno en actuaci\u00f3n penal, seg\u00fan lo determin\u00f3 este viernes el Juzgado Tercero de Conocimiento de Bogot\u00e1.<\/p>\n\n\n\n<p>La sentencia acoge los argumentos de la Fiscal\u00eda General de la Naci\u00f3n, la Procuradur\u00eda y los representantes de las v\u00edctimas, el senador Iv\u00e1n Cepeda y Deyanira G\u00f3mez, quienes sostuvieron que Cadena ofreci\u00f3 beneficios econ\u00f3micos a exparamilitares para que firmaran retractaciones que favorecieran al exmandatario en un proceso judicial.<\/p>\n\n\n\n<p>El juez concluy\u00f3 que en 2018 el abogado ejerci\u00f3 presiones directas sobre el exparamilitar Juan Guillermo Monsalve, con el objetivo de que retirara sus declaraciones que vinculaban a Uribe con la presunta conformaci\u00f3n de grupos paramilitares en Antioquia.<\/p>\n\n\n\n<p>De acuerdo con el fallo, Cadena visit\u00f3 en tres ocasiones la c\u00e1rcel La Picota, en Bogot\u00e1, para reunirse con Monsalve. El 21 de febrero de ese a\u00f1o, lleg\u00f3 al penal, aunque el testigo nunca acudi\u00f3 al encuentro. Al d\u00eda siguiente, s\u00ed se produjo la reuni\u00f3n, y seg\u00fan el propio Monsalve, el abogado \u2014quien se identific\u00f3 como defensor de Uribe\u2014 le solicit\u00f3 firmar un documento retract\u00e1ndose de sus afirmaciones ante la Corte Suprema, Justicia y Paz y la Fiscal\u00eda General.<\/p>\n\n\n\n<p>La decisi\u00f3n judicial marca un nuevo cap\u00edtulo en el caso que involucra al expresidente, uno de los procesos m\u00e1s medi\u00e1ticos y controvertidos en la pol\u00edtica colombiana de los \u00faltimos a\u00f1os.<\/p>\n","protected":false},"excerpt":{"rendered":"<p>El exabogado del expresidente colombiano \u00c1lvaro Uribe V\u00e9lez, Diego Cadena Ram\u00edrez, fue hallado culpable del delito de soborno en actuaci\u00f3n penal, seg\u00fan lo determin\u00f3 este viernes el Juzgado Tercero de Conocimiento de Bogot\u00e1. La sentencia acoge los argumentos de la Fiscal\u00eda General de la Naci\u00f3n, la Procuradur\u00eda y los representantes de las v\u00edctimas, el senador&#8230;<\/p>\n","protected":false},"author":1,"featured_media":910,"comment_status":"open","ping_status":"open","sticky":false,"template":"","format":"standard","meta":{"footnotes":""},"categories":[12],"tags":[],"class_list":["post-909","post","type-post","status-publish","format-standard","has-post-thumbnail","hentry","category-judiciales"],"yoast_head":"<!-- This site is optimized with the Yoast SEO plugin v27.5 - https:\/\/yoast.com\/product\/yoast-seo-wordpress\/ -->\n<title>*DIEGO CADENA, EXABOGADO DE \u00c1LVARO URIBE, DECLARADO CULPABLE DE SOBORNO EN PROCESO PENAL* - Tu Radio<\/title>\n<meta name=\"robots\" content=\"index, follow, max-snippet:-1, max-image-preview:large, max-video-preview:-1\" \/>\n<link rel=\"canonical\" href=\"https:\/\/turadio.com.co\/?p=909\" \/>\n<meta property=\"og:locale\" content=\"es_ES\" \/>\n<meta property=\"og:type\" content=\"article\" \/>\n<meta property=\"og:title\" content=\"*DIEGO CADENA, EXABOGADO DE \u00c1LVARO URIBE, DECLARADO CULPABLE DE SOBORNO EN PROCESO PENAL* - Tu Radio\" \/>\n<meta property=\"og:description\" content=\"El exabogado del expresidente colombiano \u00c1lvaro Uribe V\u00e9lez, Diego Cadena Ram\u00edrez, fue hallado culpable del delito de soborno en actuaci\u00f3n penal, seg\u00fan lo determin\u00f3 este viernes el Juzgado Tercero de Conocimiento de Bogot\u00e1. La sentencia acoge los argumentos de la Fiscal\u00eda General de la Naci\u00f3n, la Procuradur\u00eda y los representantes de las v\u00edctimas, el senador...\" \/>\n<meta property=\"og:url\" content=\"https:\/\/turadio.com.co\/?p=909\" \/>\n<meta property=\"og:site_name\" content=\"Tu Radio\" \/>\n<meta property=\"article:author\" content=\"https:\/\/www.facebook.com\/profile.php?id=100086306444643\" \/>\n<meta property=\"article:published_time\" content=\"2025-08-16T01:09:36+00:00\" \/>\n<meta property=\"article:modified_time\" content=\"2025-08-16T01:09:39+00:00\" \/>\n<meta property=\"og:image\" content=\"https:\/\/turadio.com.co\/wp-content\/uploads\/2025\/08\/WhatsApp-Image-2025-08-15-at-8.06.23-PM.jpeg\" \/>\n\t<meta property=\"og:image:width\" content=\"720\" \/>\n\t<meta property=\"og:image:height\" content=\"364\" \/>\n\t<meta property=\"og:image:type\" content=\"image\/jpeg\" \/>\n<meta name=\"author\" content=\"turadio\" \/>\n<meta name=\"twitter:card\" content=\"summary_large_image\" \/>\n<meta name=\"twitter:label1\" content=\"Escrito por\" \/>\n\t<meta name=\"twitter:data1\" content=\"turadio\" \/>\n\t<meta name=\"twitter:label2\" content=\"Tiempo de lectura\" \/>\n\t<meta name=\"twitter:data2\" content=\"2 minutos\" \/>\n<script type=\"application\/ld+json\" class=\"yoast-schema-graph\">{\"@context\":\"https:\\\/\\\/schema.org\",\"@graph\":[{\"@type\":\"Article\",\"@id\":\"https:\\\/\\\/turadio.com.co\\\/?p=909#article\",\"isPartOf\":{\"@id\":\"https:\\\/\\\/turadio.com.co\\\/?p=909\"},\"author\":{\"name\":\"turadio\",\"@id\":\"https:\\\/\\\/turadio.com.co\\\/#\\\/schema\\\/person\\\/a336ad8dcc0120ef37278ad35b4f64fe\"},\"headline\":\"*DIEGO CADENA, EXABOGADO DE \u00c1LVARO URIBE, DECLARADO CULPABLE DE SOBORNO EN PROCESO PENAL*\",\"datePublished\":\"2025-08-16T01:09:36+00:00\",\"dateModified\":\"2025-08-16T01:09:39+00:00\",\"mainEntityOfPage\":{\"@id\":\"https:\\\/\\\/turadio.com.co\\\/?p=909\"},\"wordCount\":264,\"commentCount\":0,\"publisher\":{\"@id\":\"https:\\\/\\\/turadio.com.co\\\/#organization\"},\"image\":{\"@id\":\"https:\\\/\\\/turadio.com.co\\\/?p=909#primaryimage\"},\"thumbnailUrl\":\"https:\\\/\\\/turadio.com.co\\\/wp-content\\\/uploads\\\/2025\\\/08\\\/WhatsApp-Image-2025-08-15-at-8.06.23-PM.jpeg\",\"articleSection\":[\"Judiciales\"],\"inLanguage\":\"es\",\"potentialAction\":[{\"@type\":\"CommentAction\",\"name\":\"Comment\",\"target\":[\"https:\\\/\\\/turadio.com.co\\\/?p=909#respond\"]}]},{\"@type\":\"WebPage\",\"@id\":\"https:\\\/\\\/turadio.com.co\\\/?p=909\",\"url\":\"https:\\\/\\\/turadio.com.co\\\/?p=909\",\"name\":\"*DIEGO CADENA, EXABOGADO DE \u00c1LVARO URIBE, DECLARADO CULPABLE DE SOBORNO EN PROCESO PENAL* - Tu Radio\",\"isPartOf\":{\"@id\":\"https:\\\/\\\/turadio.com.co\\\/#website\"},\"primaryImageOfPage\":{\"@id\":\"https:\\\/\\\/turadio.com.co\\\/?p=909#primaryimage\"},\"image\":{\"@id\":\"https:\\\/\\\/turadio.com.co\\\/?p=909#primaryimage\"},\"thumbnailUrl\":\"https:\\\/\\\/turadio.com.co\\\/wp-content\\\/uploads\\\/2025\\\/08\\\/WhatsApp-Image-2025-08-15-at-8.06.23-PM.jpeg\",\"datePublished\":\"2025-08-16T01:09:36+00:00\",\"dateModified\":\"2025-08-16T01:09:39+00:00\",\"breadcrumb\":{\"@id\":\"https:\\\/\\\/turadio.com.co\\\/?p=909#breadcrumb\"},\"inLanguage\":\"es\",\"potentialAction\":[{\"@type\":\"ReadAction\",\"target\":[\"https:\\\/\\\/turadio.com.co\\\/?p=909\"]}]},{\"@type\":\"ImageObject\",\"inLanguage\":\"es\",\"@id\":\"https:\\\/\\\/turadio.com.co\\\/?p=909#primaryimage\",\"url\":\"https:\\\/\\\/turadio.com.co\\\/wp-content\\\/uploads\\\/2025\\\/08\\\/WhatsApp-Image-2025-08-15-at-8.06.23-PM.jpeg\",\"contentUrl\":\"https:\\\/\\\/turadio.com.co\\\/wp-content\\\/uploads\\\/2025\\\/08\\\/WhatsApp-Image-2025-08-15-at-8.06.23-PM.jpeg\",\"width\":720,\"height\":364},{\"@type\":\"BreadcrumbList\",\"@id\":\"https:\\\/\\\/turadio.com.co\\\/?p=909#breadcrumb\",\"itemListElement\":[{\"@type\":\"ListItem\",\"position\":1,\"name\":\"Portada\",\"item\":\"https:\\\/\\\/turadio.com.co\\\/\"},{\"@type\":\"ListItem\",\"position\":2,\"name\":\"*DIEGO CADENA, EXABOGADO DE \u00c1LVARO URIBE, DECLARADO CULPABLE DE SOBORNO EN PROCESO PENAL*\"}]},{\"@type\":\"WebSite\",\"@id\":\"https:\\\/\\\/turadio.com.co\\\/#website\",\"url\":\"https:\\\/\\\/turadio.com.co\\\/\",\"name\":\"Tu Radio\",\"description\":\"\",\"publisher\":{\"@id\":\"https:\\\/\\\/turadio.com.co\\\/#organization\"},\"potentialAction\":[{\"@type\":\"SearchAction\",\"target\":{\"@type\":\"EntryPoint\",\"urlTemplate\":\"https:\\\/\\\/turadio.com.co\\\/?s={search_term_string}\"},\"query-input\":{\"@type\":\"PropertyValueSpecification\",\"valueRequired\":true,\"valueName\":\"search_term_string\"}}],\"inLanguage\":\"es\"},{\"@type\":\"Organization\",\"@id\":\"https:\\\/\\\/turadio.com.co\\\/#organization\",\"name\":\"Tu Radio\",\"url\":\"https:\\\/\\\/turadio.com.co\\\/\",\"logo\":{\"@type\":\"ImageObject\",\"inLanguage\":\"es\",\"@id\":\"https:\\\/\\\/turadio.com.co\\\/#\\\/schema\\\/logo\\\/image\\\/\",\"url\":\"https:\\\/\\\/turadio.com.co\\\/wp-content\\\/uploads\\\/2025\\\/07\\\/logo.png\",\"contentUrl\":\"https:\\\/\\\/turadio.com.co\\\/wp-content\\\/uploads\\\/2025\\\/07\\\/logo.png\",\"width\":366,\"height\":91,\"caption\":\"Tu Radio\"},\"image\":{\"@id\":\"https:\\\/\\\/turadio.com.co\\\/#\\\/schema\\\/logo\\\/image\\\/\"}},{\"@type\":\"Person\",\"@id\":\"https:\\\/\\\/turadio.com.co\\\/#\\\/schema\\\/person\\\/a336ad8dcc0120ef37278ad35b4f64fe\",\"name\":\"turadio\",\"image\":{\"@type\":\"ImageObject\",\"inLanguage\":\"es\",\"@id\":\"https:\\\/\\\/secure.gravatar.com\\\/avatar\\\/e905fb228be0ae401b494278f04ccb4a7d2e839822ca560083e0b3a15f6c8669?s=96&d=mm&r=g\",\"url\":\"https:\\\/\\\/secure.gravatar.com\\\/avatar\\\/e905fb228be0ae401b494278f04ccb4a7d2e839822ca560083e0b3a15f6c8669?s=96&d=mm&r=g\",\"contentUrl\":\"https:\\\/\\\/secure.gravatar.com\\\/avatar\\\/e905fb228be0ae401b494278f04ccb4a7d2e839822ca560083e0b3a15f6c8669?s=96&d=mm&r=g\",\"caption\":\"turadio\"},\"sameAs\":[\"https:\\\/\\\/turadio.com.co\",\"https:\\\/\\\/www.facebook.com\\\/profile.php?id=100086306444643\",\"https:\\\/\\\/www.instagram.com\\\/turadio23\\\/\",\"https:\\\/\\\/www.youtube.com\\\/@TuRadiomonteria\"],\"url\":\"https:\\\/\\\/turadio.com.co\\\/?author=1\"}]}<\/script>\n<!-- \/ Yoast SEO plugin. -->","yoast_head_json":{"title":"*DIEGO CADENA, EXABOGADO DE \u00c1LVARO URIBE, DECLARADO CULPABLE DE SOBORNO EN PROCESO PENAL* - Tu Radio","robots":{"index":"index","follow":"follow","max-snippet":"max-snippet:-1","max-image-preview":"max-image-preview:large","max-video-preview":"max-video-preview:-1"},"canonical":"https:\/\/turadio.com.co\/?p=909","og_locale":"es_ES","og_type":"article","og_title":"*DIEGO CADENA, EXABOGADO DE \u00c1LVARO URIBE, DECLARADO CULPABLE DE SOBORNO EN PROCESO PENAL* - Tu Radio","og_description":"El exabogado del expresidente colombiano \u00c1lvaro Uribe V\u00e9lez, Diego Cadena Ram\u00edrez, fue hallado culpable del delito de soborno en actuaci\u00f3n penal, seg\u00fan lo determin\u00f3 este viernes el Juzgado Tercero de Conocimiento de Bogot\u00e1. La sentencia acoge los argumentos de la Fiscal\u00eda General de la Naci\u00f3n, la Procuradur\u00eda y los representantes de las v\u00edctimas, el senador...","og_url":"https:\/\/turadio.com.co\/?p=909","og_site_name":"Tu Radio","article_author":"https:\/\/www.facebook.com\/profile.php?id=100086306444643","article_published_time":"2025-08-16T01:09:36+00:00","article_modified_time":"2025-08-16T01:09:39+00:00","og_image":[{"width":720,"height":364,"url":"https:\/\/turadio.com.co\/wp-content\/uploads\/2025\/08\/WhatsApp-Image-2025-08-15-at-8.06.23-PM.jpeg","type":"image\/jpeg"}],"author":"turadio","twitter_card":"summary_large_image","twitter_misc":{"Escrito por":"turadio","Tiempo de lectura":"2 minutos"},"schema":{"@context":"https:\/\/schema.org","@graph":[{"@type":"Article","@id":"https:\/\/turadio.com.co\/?p=909#article","isPartOf":{"@id":"https:\/\/turadio.com.co\/?p=909"},"author":{"name":"turadio","@id":"https:\/\/turadio.com.co\/#\/schema\/person\/a336ad8dcc0120ef37278ad35b4f64fe"},"headline":"*DIEGO CADENA, EXABOGADO DE \u00c1LVARO URIBE, DECLARADO CULPABLE DE SOBORNO EN PROCESO PENAL*","datePublished":"2025-08-16T01:09:36+00:00","dateModified":"2025-08-16T01:09:39+00:00","mainEntityOfPage":{"@id":"https:\/\/turadio.com.co\/?p=909"},"wordCount":264,"commentCount":0,"publisher":{"@id":"https:\/\/turadio.com.co\/#organization"},"image":{"@id":"https:\/\/turadio.com.co\/?p=909#primaryimage"},"thumbnailUrl":"https:\/\/turadio.com.co\/wp-content\/uploads\/2025\/08\/WhatsApp-Image-2025-08-15-at-8.06.23-PM.jpeg","articleSection":["Judiciales"],"inLanguage":"es","potentialAction":[{"@type":"CommentAction","name":"Comment","target":["https:\/\/turadio.com.co\/?p=909#respond"]}]},{"@type":"WebPage","@id":"https:\/\/turadio.com.co\/?p=909","url":"https:\/\/turadio.com.co\/?p=909","name":"*DIEGO CADENA, EXABOGADO DE \u00c1LVARO URIBE, DECLARADO CULPABLE DE SOBORNO EN PROCESO PENAL* - Tu Radio","isPartOf":{"@id":"https:\/\/turadio.com.co\/#website"},"primaryImageOfPage":{"@id":"https:\/\/turadio.com.co\/?p=909#primaryimage"},"image":{"@id":"https:\/\/turadio.com.co\/?p=909#primaryimage"},"thumbnailUrl":"https:\/\/turadio.com.co\/wp-content\/uploads\/2025\/08\/WhatsApp-Image-2025-08-15-at-8.06.23-PM.jpeg","datePublished":"2025-08-16T01:09:36+00:00","dateModified":"2025-08-16T01:09:39+00:00","breadcrumb":{"@id":"https:\/\/turadio.com.co\/?p=909#breadcrumb"},"inLanguage":"es","potentialAction":[{"@type":"ReadAction","target":["https:\/\/turadio.com.co\/?p=909"]}]},{"@type":"ImageObject","inLanguage":"es","@id":"https:\/\/turadio.com.co\/?p=909#primaryimage","url":"https:\/\/turadio.com.co\/wp-content\/uploads\/2025\/08\/WhatsApp-Image-2025-08-15-at-8.06.23-PM.jpeg","contentUrl":"https:\/\/turadio.com.co\/wp-content\/uploads\/2025\/08\/WhatsApp-Image-2025-08-15-at-8.06.23-PM.jpeg","width":720,"height":364},{"@type":"BreadcrumbList","@id":"https:\/\/turadio.com.co\/?p=909#breadcrumb","itemListElement":[{"@type":"ListItem","position":1,"name":"Portada","item":"https:\/\/turadio.com.co\/"},{"@type":"ListItem","position":2,"name":"*DIEGO CADENA, EXABOGADO DE \u00c1LVARO URIBE, DECLARADO CULPABLE DE SOBORNO EN PROCESO PENAL*"}]},{"@type":"WebSite","@id":"https:\/\/turadio.com.co\/#website","url":"https:\/\/turadio.com.co\/","name":"Tu Radio","description":"","publisher":{"@id":"https:\/\/turadio.com.co\/#organization"},"potentialAction":[{"@type":"SearchAction","target":{"@type":"EntryPoint","urlTemplate":"https:\/\/turadio.com.co\/?s={search_term_string}"},"query-input":{"@type":"PropertyValueSpecification","valueRequired":true,"valueName":"search_term_string"}}],"inLanguage":"es"},{"@type":"Organization","@id":"https:\/\/turadio.com.co\/#organization","name":"Tu Radio","url":"https:\/\/turadio.com.co\/","logo":{"@type":"ImageObject","inLanguage":"es","@id":"https:\/\/turadio.com.co\/#\/schema\/logo\/image\/","url":"https:\/\/turadio.com.co\/wp-content\/uploads\/2025\/07\/logo.png","contentUrl":"https:\/\/turadio.com.co\/wp-content\/uploads\/2025\/07\/logo.png","width":366,"height":91,"caption":"Tu Radio"},"image":{"@id":"https:\/\/turadio.com.co\/#\/schema\/logo\/image\/"}},{"@type":"Person","@id":"https:\/\/turadio.com.co\/#\/schema\/person\/a336ad8dcc0120ef37278ad35b4f64fe","name":"turadio","image":{"@type":"ImageObject","inLanguage":"es","@id":"https:\/\/secure.gravatar.com\/avatar\/e905fb228be0ae401b494278f04ccb4a7d2e839822ca560083e0b3a15f6c8669?s=96&d=mm&r=g","url":"https:\/\/secure.gravatar.com\/avatar\/e905fb228be0ae401b494278f04ccb4a7d2e839822ca560083e0b3a15f6c8669?s=96&d=mm&r=g","contentUrl":"https:\/\/secure.gravatar.com\/avatar\/e905fb228be0ae401b494278f04ccb4a7d2e839822ca560083e0b3a15f6c8669?s=96&d=mm&r=g","caption":"turadio"},"sameAs":["https:\/\/turadio.com.co","https:\/\/www.facebook.com\/profile.php?id=100086306444643","https:\/\/www.instagram.com\/turadio23\/","https:\/\/www.youtube.com\/@TuRadiomonteria"],"url":"https:\/\/turadio.com.co\/?author=1"}]}},"_links":{"self":[{"href":"https:\/\/turadio.com.co\/index.php?rest_route=\/wp\/v2\/posts\/909","targetHints":{"allow":["GET"]}}],"collection":[{"href":"https:\/\/turadio.com.co\/index.php?rest_route=\/wp\/v2\/posts"}],"about":[{"href":"https:\/\/turadio.com.co\/index.php?rest_route=\/wp\/v2\/types\/post"}],"author":[{"embeddable":true,"href":"https:\/\/turadio.com.co\/index.php?rest_route=\/wp\/v2\/users\/1"}],"replies":[{"embeddable":true,"href":"https:\/\/turadio.com.co\/index.php?rest_route=%2Fwp%2Fv2%2Fcomments&post=909"}],"version-history":[{"count":1,"href":"https:\/\/turadio.com.co\/index.php?rest_route=\/wp\/v2\/posts\/909\/revisions"}],"predecessor-version":[{"id":911,"href":"https:\/\/turadio.com.co\/index.php?rest_route=\/wp\/v2\/posts\/909\/revisions\/911"}],"wp:featuredmedia":[{"embeddable":true,"href":"https:\/\/turadio.com.co\/index.php?rest_route=\/wp\/v2\/media\/910"}],"wp:attachment":[{"href":"https:\/\/turadio.com.co\/index.php?rest_route=%2Fwp%2Fv2%2Fmedia&parent=909"}],"wp:term":[{"taxonomy":"category","embeddable":true,"href":"https:\/\/turadio.com.co\/index.php?rest_route=%2Fwp%2Fv2%2Fcategories&post=909"},{"taxonomy":"post_tag","embeddable":true,"href":"https:\/\/turadio.com.co\/index.php?rest_route=%2Fwp%2Fv2%2Ftags&post=909"}],"curies":[{"name":"wp","href":"https:\/\/api.w.org\/{rel}","templated":true}]}}